{"id":197271,"date":"2022-12-23T15:21:16","date_gmt":"2022-12-23T14:21:16","guid":{"rendered":"https:\/\/www.prijedordanas.com\/?p=197271"},"modified":"2022-12-23T15:21:16","modified_gmt":"2022-12-23T14:21:16","slug":"nakon-dogana-i-kabic-podnosi-ostavku-na-mjesto-ministra","status":"publish","type":"post","link":"https:\/\/www.prijedordanas.com\/?p=197271","title":{"rendered":"Nakon Dogana i Kabi\u0107 podnosi ostavku na mjesto ministra"},"content":{"rendered":"<p><a href=\"https:\/\/www.prijedordanas.com\/wp-content\/uploads\/2022\/12\/blic-kabic-dogan.jpg\"><img loading=\"lazy\" decoding=\"async\" src=\"https:\/\/www.prijedordanas.com\/wp-content\/uploads\/2022\/12\/blic-kabic-dogan-300x225.jpg\" alt=\"\" width=\"300\" height=\"225\" class=\"alignleft size-medium wp-image-197272\" srcset=\"https:\/\/www.prijedordanas.com\/wp-content\/uploads\/2022\/12\/blic-kabic-dogan-300x225.jpg 300w, https:\/\/www.prijedordanas.com\/wp-content\/uploads\/2022\/12\/blic-kabic-dogan-640x480.jpg 640w, https:\/\/www.prijedordanas.com\/wp-content\/uploads\/2022\/12\/blic-kabic-dogan.jpg 667w\" sizes=\"(max-width: 300px) 100vw, 300px\" \/><\/a>Dragoslav Kabi\u0107, novoizabrani ministar rada i bora\u010dko-invalidske za\u0161tite u Vladi Republike Srpske, ne\u0107e biti u kabinetu Vlade i podnije\u0107e ostavku zbog krivi\u010dnog djela koji je po\u010dinio prije nekoliko godina, potvrdio je Radovan Vi\u0161kovi\u0107, predsjednik Vlade RS.<\/p>\n<p>&#8220;Imamo moralnu i politi\u010dku odgovornost prema gra\u0111anima, iako je gospodin Kabi\u0107 to krivi\u010dno djelo u\u010dinio prije 24 godine&#8221;, kazao je Vi\u0161kovi\u0107.<\/p>\n<p>Kako su neki mediji jutros objavili, Kabi\u0107 je u\u010destvovao u saobra\u0107ajnoj nesre\u0107i sa smrtnim ishodom prije oko 15 godina.<\/p>\n<p>Podsje\u0107amo, Dado Dogan, dan nakon \u0161to je imenovan na mjesto ministra porodice, omladine i sporta RS podnio je ostavku jer je skrivio saobra\u0107ajnu nesre\u0107u u kojoj je poginuo njegov najbolji prijatelj 2012. godine i za koju je odslu\u017eio godinu dana zatvora.<\/p>\n<p>On je pomilovan od strane tada\u0161nje predsjednice Srpske \u017deljke Cvijanovi\u0107, 2019. godine.<\/p>\n<p>Kabi\u0107 je kadar SNSD-a, a Dogan Socijalisti\u010dke partije(SP).<\/p>\n<p>tekst &#8211; nezavisne.com<br \/>\nfoto &#8211; srpskainfo.com<\/p>\n","protected":false},"excerpt":{"rendered":"<p>Dragoslav Kabi\u0107, novoizabrani ministar rada i bora\u010dko-invalidske za\u0161tite u Vladi Republike Srpske, ne\u0107e biti u kabinetu Vlade i podnije\u0107e ostavku zbog krivi\u010dnog djela koji je po\u010dinio prije nekoliko godina, potvrdio [&hellip;]<\/p>\n","protected":false},"author":1,"featured_media":0,"comment_status":"closed","ping_status":"open","sticky":false,"template":"","format":"standard","meta":{"_monsterinsights_skip_tracking":false,"_monsterinsights_sitenote_active":false,"_monsterinsights_sitenote_note":"","_monsterinsights_sitenote_category":0,"footnotes":""},"categories":[8],"tags":[],"yoast_head":"<!-- This site is optimized with the Yoast SEO plugin v21.6 - https:\/\/yoast.com\/wordpress\/plugins\/seo\/ -->\n<title>Nakon Dogana i Kabi\u0107 podnosi ostavku na mjesto ministra - PrijedorDanas.com - Prijedorski gradski portal<\/title>\n<meta name=\"robots\" content=\"index, follow, max-snippet:-1, max-image-preview:large, max-video-preview:-1\" \/>\n<link rel=\"canonical\" href=\"https:\/\/www.prijedordanas.com\/?p=197271\" \/>\n<meta property=\"og:locale\" content=\"en_US\" \/>\n<meta property=\"og:type\" content=\"article\" \/>\n<meta property=\"og:title\" content=\"Nakon Dogana i Kabi\u0107 podnosi ostavku na mjesto ministra - PrijedorDanas.com - Prijedorski gradski portal\" \/>\n<meta property=\"og:description\" content=\"Dragoslav Kabi\u0107, novoizabrani ministar rada i bora\u010dko-invalidske za\u0161tite u Vladi Republike Srpske, ne\u0107e biti u kabinetu Vlade i podnije\u0107e ostavku zbog krivi\u010dnog djela koji je po\u010dinio prije nekoliko godina, potvrdio [&hellip;]\" \/>\n<meta property=\"og:url\" content=\"https:\/\/www.prijedordanas.com\/?p=197271\" \/>\n<meta property=\"og:site_name\" content=\"PrijedorDanas.com - Prijedorski gradski portal\" \/>\n<meta property=\"article:publisher\" content=\"https:\/\/www.facebook.com\/PrijedorDanasCom\/\" \/>\n<meta property=\"article:published_time\" content=\"2022-12-23T14:21:16+00:00\" \/>\n<meta property=\"og:image\" content=\"https:\/\/www.prijedordanas.com\/wp-content\/uploads\/2022\/12\/blic-kabic-dogan-300x225.jpg\" \/>\n<meta name=\"author\" content=\"admin\" \/>\n<meta name=\"twitter:card\" content=\"summary_large_image\" \/>\n<meta name=\"twitter:label1\" content=\"Written by\" \/>\n\t<meta name=\"twitter:data1\" content=\"admin\" \/>\n<script type=\"application\/ld+json\" class=\"yoast-schema-graph\">{\"@context\":\"https:\/\/schema.org\",\"@graph\":[{\"@type\":\"Article\",\"@id\":\"https:\/\/www.prijedordanas.com\/?p=197271#article\",\"isPartOf\":{\"@id\":\"https:\/\/www.prijedordanas.com\/?p=197271\"},\"author\":{\"name\":\"admin\",\"@id\":\"https:\/\/www.prijedordanas.com\/#\/schema\/person\/4e08ccf29b506ca916ff86d46bb700e6\"},\"headline\":\"Nakon Dogana i Kabi\u0107 podnosi ostavku na mjesto ministra\",\"datePublished\":\"2022-12-23T14:21:16+00:00\",\"dateModified\":\"2022-12-23T14:21:16+00:00\",\"mainEntityOfPage\":{\"@id\":\"https:\/\/www.prijedordanas.com\/?p=197271\"},\"wordCount\":172,\"publisher\":{\"@id\":\"https:\/\/www.prijedordanas.com\/#organization\"},\"articleSection\":[\"Svakodnevno\"],\"inLanguage\":\"en-US\"},{\"@type\":\"WebPage\",\"@id\":\"https:\/\/www.prijedordanas.com\/?p=197271\",\"url\":\"https:\/\/www.prijedordanas.com\/?p=197271\",\"name\":\"Nakon Dogana i Kabi\u0107 podnosi ostavku na mjesto ministra - PrijedorDanas.com - Prijedorski gradski portal\",\"isPartOf\":{\"@id\":\"https:\/\/www.prijedordanas.com\/#website\"},\"datePublished\":\"2022-12-23T14:21:16+00:00\",\"dateModified\":\"2022-12-23T14:21:16+00:00\",\"breadcrumb\":{\"@id\":\"https:\/\/www.prijedordanas.com\/?p=197271#breadcrumb\"},\"inLanguage\":\"en-US\",\"potentialAction\":[{\"@type\":\"ReadAction\",\"target\":[\"https:\/\/www.prijedordanas.com\/?p=197271\"]}]},{\"@type\":\"BreadcrumbList\",\"@id\":\"https:\/\/www.prijedordanas.com\/?p=197271#breadcrumb\",\"itemListElement\":[{\"@type\":\"ListItem\",\"position\":1,\"name\":\"Home\",\"item\":\"https:\/\/www.prijedordanas.com\/\"},{\"@type\":\"ListItem\",\"position\":2,\"name\":\"Nakon Dogana i Kabi\u0107 podnosi ostavku na mjesto ministra\"}]},{\"@type\":\"WebSite\",\"@id\":\"https:\/\/www.prijedordanas.com\/#website\",\"url\":\"https:\/\/www.prijedordanas.com\/\",\"name\":\"PrijedorDanas.com - Prijedorski gradski portal\",\"description\":\"Portal o doga\u0111anjima u gradu Prijedoru\",\"publisher\":{\"@id\":\"https:\/\/www.prijedordanas.com\/#organization\"},\"potentialAction\":[{\"@type\":\"SearchAction\",\"target\":{\"@type\":\"EntryPoint\",\"urlTemplate\":\"https:\/\/www.prijedordanas.com\/?s={search_term_string}\"},\"query-input\":\"required name=search_term_string\"}],\"inLanguage\":\"en-US\"},{\"@type\":\"Organization\",\"@id\":\"https:\/\/www.prijedordanas.com\/#organization\",\"name\":\"PrijedorDanas.com\",\"url\":\"https:\/\/www.prijedordanas.com\/\",\"logo\":{\"@type\":\"ImageObject\",\"inLanguage\":\"en-US\",\"@id\":\"https:\/\/www.prijedordanas.com\/#\/schema\/logo\/image\/\",\"url\":\"http:\/\/www.prijedordanas.com\/wp-content\/uploads\/2021\/12\/logopng.png\",\"contentUrl\":\"http:\/\/www.prijedordanas.com\/wp-content\/uploads\/2021\/12\/logopng.png\",\"width\":1019,\"height\":776,\"caption\":\"PrijedorDanas.com\"},\"image\":{\"@id\":\"https:\/\/www.prijedordanas.com\/#\/schema\/logo\/image\/\"},\"sameAs\":[\"https:\/\/www.facebook.com\/PrijedorDanasCom\/\"]},{\"@type\":\"Person\",\"@id\":\"https:\/\/www.prijedordanas.com\/#\/schema\/person\/4e08ccf29b506ca916ff86d46bb700e6\",\"name\":\"admin\",\"image\":{\"@type\":\"ImageObject\",\"inLanguage\":\"en-US\",\"@id\":\"https:\/\/www.prijedordanas.com\/#\/schema\/person\/image\/\",\"url\":\"https:\/\/secure.gravatar.com\/avatar\/1d3fc949d550f0b53a5f0d51e06dfd79?s=96&d=mm&r=g\",\"contentUrl\":\"https:\/\/secure.gravatar.com\/avatar\/1d3fc949d550f0b53a5f0d51e06dfd79?s=96&d=mm&r=g\",\"caption\":\"admin\"},\"url\":\"https:\/\/www.prijedordanas.com\/?author=1\"}]}<\/script>\n<!-- \/ Yoast SEO plugin. -->","yoast_head_json":{"title":"Nakon Dogana i Kabi\u0107 podnosi ostavku na mjesto ministra - PrijedorDanas.com - Prijedorski gradski portal","robots":{"index":"index","follow":"follow","max-snippet":"max-snippet:-1","max-image-preview":"max-image-preview:large","max-video-preview":"max-video-preview:-1"},"canonical":"https:\/\/www.prijedordanas.com\/?p=197271","og_locale":"en_US","og_type":"article","og_title":"Nakon Dogana i Kabi\u0107 podnosi ostavku na mjesto ministra - PrijedorDanas.com - Prijedorski gradski portal","og_description":"Dragoslav Kabi\u0107, novoizabrani ministar rada i bora\u010dko-invalidske za\u0161tite u Vladi Republike Srpske, ne\u0107e biti u kabinetu Vlade i podnije\u0107e ostavku zbog krivi\u010dnog djela koji je po\u010dinio prije nekoliko godina, potvrdio [&hellip;]","og_url":"https:\/\/www.prijedordanas.com\/?p=197271","og_site_name":"PrijedorDanas.com - Prijedorski gradski portal","article_publisher":"https:\/\/www.facebook.com\/PrijedorDanasCom\/","article_published_time":"2022-12-23T14:21:16+00:00","og_image":[{"url":"https:\/\/www.prijedordanas.com\/wp-content\/uploads\/2022\/12\/blic-kabic-dogan-300x225.jpg"}],"author":"admin","twitter_card":"summary_large_image","twitter_misc":{"Written by":"admin"},"schema":{"@context":"https:\/\/schema.org","@graph":[{"@type":"Article","@id":"https:\/\/www.prijedordanas.com\/?p=197271#article","isPartOf":{"@id":"https:\/\/www.prijedordanas.com\/?p=197271"},"author":{"name":"admin","@id":"https:\/\/www.prijedordanas.com\/#\/schema\/person\/4e08ccf29b506ca916ff86d46bb700e6"},"headline":"Nakon Dogana i Kabi\u0107 podnosi ostavku na mjesto ministra","datePublished":"2022-12-23T14:21:16+00:00","dateModified":"2022-12-23T14:21:16+00:00","mainEntityOfPage":{"@id":"https:\/\/www.prijedordanas.com\/?p=197271"},"wordCount":172,"publisher":{"@id":"https:\/\/www.prijedordanas.com\/#organization"},"articleSection":["Svakodnevno"],"inLanguage":"en-US"},{"@type":"WebPage","@id":"https:\/\/www.prijedordanas.com\/?p=197271","url":"https:\/\/www.prijedordanas.com\/?p=197271","name":"Nakon Dogana i Kabi\u0107 podnosi ostavku na mjesto ministra - PrijedorDanas.com - Prijedorski gradski portal","isPartOf":{"@id":"https:\/\/www.prijedordanas.com\/#website"},"datePublished":"2022-12-23T14:21:16+00:00","dateModified":"2022-12-23T14:21:16+00:00","breadcrumb":{"@id":"https:\/\/www.prijedordanas.com\/?p=197271#breadcrumb"},"inLanguage":"en-US","potentialAction":[{"@type":"ReadAction","target":["https:\/\/www.prijedordanas.com\/?p=197271"]}]},{"@type":"BreadcrumbList","@id":"https:\/\/www.prijedordanas.com\/?p=197271#breadcrumb","itemListElement":[{"@type":"ListItem","position":1,"name":"Home","item":"https:\/\/www.prijedordanas.com\/"},{"@type":"ListItem","position":2,"name":"Nakon Dogana i Kabi\u0107 podnosi ostavku na mjesto ministra"}]},{"@type":"WebSite","@id":"https:\/\/www.prijedordanas.com\/#website","url":"https:\/\/www.prijedordanas.com\/","name":"PrijedorDanas.com - Prijedorski gradski portal","description":"Portal o doga\u0111anjima u gradu Prijedoru","publisher":{"@id":"https:\/\/www.prijedordanas.com\/#organization"},"potentialAction":[{"@type":"SearchAction","target":{"@type":"EntryPoint","urlTemplate":"https:\/\/www.prijedordanas.com\/?s={search_term_string}"},"query-input":"required name=search_term_string"}],"inLanguage":"en-US"},{"@type":"Organization","@id":"https:\/\/www.prijedordanas.com\/#organization","name":"PrijedorDanas.com","url":"https:\/\/www.prijedordanas.com\/","logo":{"@type":"ImageObject","inLanguage":"en-US","@id":"https:\/\/www.prijedordanas.com\/#\/schema\/logo\/image\/","url":"http:\/\/www.prijedordanas.com\/wp-content\/uploads\/2021\/12\/logopng.png","contentUrl":"http:\/\/www.prijedordanas.com\/wp-content\/uploads\/2021\/12\/logopng.png","width":1019,"height":776,"caption":"PrijedorDanas.com"},"image":{"@id":"https:\/\/www.prijedordanas.com\/#\/schema\/logo\/image\/"},"sameAs":["https:\/\/www.facebook.com\/PrijedorDanasCom\/"]},{"@type":"Person","@id":"https:\/\/www.prijedordanas.com\/#\/schema\/person\/4e08ccf29b506ca916ff86d46bb700e6","name":"admin","image":{"@type":"ImageObject","inLanguage":"en-US","@id":"https:\/\/www.prijedordanas.com\/#\/schema\/person\/image\/","url":"https:\/\/secure.gravatar.com\/avatar\/1d3fc949d550f0b53a5f0d51e06dfd79?s=96&d=mm&r=g","contentUrl":"https:\/\/secure.gravatar.com\/avatar\/1d3fc949d550f0b53a5f0d51e06dfd79?s=96&d=mm&r=g","caption":"admin"},"url":"https:\/\/www.prijedordanas.com\/?author=1"}]}},"_links":{"self":[{"href":"https:\/\/www.prijedordanas.com\/index.php?rest_route=\/wp\/v2\/posts\/197271"}],"collection":[{"href":"https:\/\/www.prijedordanas.com\/index.php?rest_route=\/wp\/v2\/posts"}],"about":[{"href":"https:\/\/www.prijedordanas.com\/index.php?rest_route=\/wp\/v2\/types\/post"}],"author":[{"embeddable":true,"href":"https:\/\/www.prijedordanas.com\/index.php?rest_route=\/wp\/v2\/users\/1"}],"replies":[{"embeddable":true,"href":"https:\/\/www.prijedordanas.com\/index.php?rest_route=%2Fwp%2Fv2%2Fcomments&post=197271"}],"version-history":[{"count":1,"href":"https:\/\/www.prijedordanas.com\/index.php?rest_route=\/wp\/v2\/posts\/197271\/revisions"}],"predecessor-version":[{"id":197273,"href":"https:\/\/www.prijedordanas.com\/index.php?rest_route=\/wp\/v2\/posts\/197271\/revisions\/197273"}],"wp:attachment":[{"href":"https:\/\/www.prijedordanas.com\/index.php?rest_route=%2Fwp%2Fv2%2Fmedia&parent=197271"}],"wp:term":[{"taxonomy":"category","embeddable":true,"href":"https:\/\/www.prijedordanas.com\/index.php?rest_route=%2Fwp%2Fv2%2Fcategories&post=197271"},{"taxonomy":"post_tag","embeddable":true,"href":"https:\/\/www.prijedordanas.com\/index.php?rest_route=%2Fwp%2Fv2%2Ftags&post=197271"}],"curies":[{"name":"wp","href":"https:\/\/api.w.org\/{rel}","templated":true}]}}