{"id":19714,"date":"2015-04-08T10:11:08","date_gmt":"2015-04-08T09:11:08","guid":{"rendered":"https:\/\/www.prijedordanas.com\/?p=19714"},"modified":"2015-04-08T10:11:08","modified_gmt":"2015-04-08T09:11:08","slug":"ofk-brdo-bolje-od-gomionice-durkic-i-ibricic-pogodili-za-novo-slavlje-foto-video","status":"publish","type":"post","link":"https:\/\/www.prijedordanas.com\/?p=19714","title":{"rendered":"OFK BRDO BOLJE OD GOMIONICE: \u0110URKI\u0106 I IBRI\u010cI\u0106 POGODILI ZA NOVO SLAVLJE \u2013 FOTO &#8211; VIDEO"},"content":{"rendered":"<p><a href=\"https:\/\/www.prijedordanas.com\/wp-content\/uploads\/2015\/04\/brdo-gomionica-1.jpg\"><img loading=\"lazy\" decoding=\"async\" class=\"alignleft size-medium wp-image-19702\" src=\"https:\/\/www.prijedordanas.com\/wp-content\/uploads\/2015\/04\/brdo-gomionica-1-300x199.jpg\" alt=\"brdo-gomionica (1)\" width=\"300\" height=\"199\" srcset=\"https:\/\/www.prijedordanas.com\/wp-content\/uploads\/2015\/04\/brdo-gomionica-1-300x199.jpg 300w, https:\/\/www.prijedordanas.com\/wp-content\/uploads\/2015\/04\/brdo-gomionica-1.jpg 600w\" sizes=\"(max-width: 300px) 100vw, 300px\" \/><\/a>U susretu 19. kola Regionalne lige-grupa Zapad, fudbaleri OFK Brdo Hambarine su sasvim zaslu\u017eeno na svom terenu savladali ekipu FK Gomionica iz Bronzanog Majdana rezultatom 2:0 (1:0).<\/p>\n<p>Ve\u0107 na startu susreta vidjelo se koliko za ovu ekipu zna\u010di Besim Ibri\u010di\u0107 koji je zbog crvenog kartona pauzirao dva prethodna kola u kojima su \u201ebr\u0111ani\u201c oba puta odigrali me\u010deve bez golova.<\/p>\n<p>Iskusni fudbaler kojeg krasi sportska drskost, odli\u010dan pregled igre i sjajan \u0161ut, \u201epovezao\u201c je redove ekipe koju sa klupe predvodi trener Alki\u0107, pa su igra\u010di u napadu bili mnogo opasniji po gol protivnika.<\/p>\n<p>Ekipa posljednjeplasirane Gomionice koja je na \u201eVedro polje\u201c do\u0161la sa ciljem da ostane nepora\u017eena, poku\u0161ala je da \u201ezatvori\u201c prilaze svom golu i ne\u0161to u\u010dini u kontranapadima, ali su \u010cau\u0161evi\u0107, Ilin\u010di\u0107 i Pekija u zadnjoj liniji bili na visini zadatka.<\/p>\n<p>Mo\u017ee se slobodno re\u0107i da su doma\u0107i prvih 20-ak minuta igrali u nekom gr\u010du, a ni vremenske prilike, prohladno vrijeme i vjetar, nisu im i\u0161le u prilog.<\/p>\n<p><a href=\"https:\/\/www.prijedordanas.com\/wp-content\/uploads\/2015\/04\/brdo-gomionica-2.jpg\"><img loading=\"lazy\" decoding=\"async\" class=\"alignleft size-medium wp-image-19703\" src=\"https:\/\/www.prijedordanas.com\/wp-content\/uploads\/2015\/04\/brdo-gomionica-2-300x199.jpg\" alt=\"brdo-gomionica (2)\" width=\"300\" height=\"199\" srcset=\"https:\/\/www.prijedordanas.com\/wp-content\/uploads\/2015\/04\/brdo-gomionica-2-300x199.jpg 300w, https:\/\/www.prijedordanas.com\/wp-content\/uploads\/2015\/04\/brdo-gomionica-2.jpg 600w\" sizes=\"(max-width: 300px) 100vw, 300px\" \/><\/a>\u0160to je vrijeme u prvom dijelu me\u010da odmicalo, protok lopte kod doma\u0107ih bio je bolji pa su zaslu\u017eeno poveli na isteku prvih pola sata igre.<\/p>\n<p>Ibri\u010di\u0107 je uputio odli\u010dan centar\u0161ut iskosa sa desne strane iz slobodnog udarca, kapiten \u0110urki\u0107 je bio najvi\u0161i u skoku na drugoj strani, a njegova \u201eparabola\u201c udarcem glavom ostala je nedosti\u017ena za golmana \u0106eji\u0107a koji je svojom paradom samo uljep\u0161ao ovaj pogodak.<\/p>\n<p>Rezultatom 1:0 oti\u0161lo se i na odmor iako se ne\u0161to kasnije Gredelj na\u0161ao u prilici poslije neuspje\u0161ne \u201eofsajd zamke\u201c ali je \u0161utirao preko gola.<\/p>\n<p>Izabranici trenera Alki\u0107a su po\u010detkom nastavka \u017eeljeli \u0161to prije sti\u0107i do pogotka i osiguranja nova tri boda.<\/p>\n<p><a href=\"https:\/\/www.prijedordanas.com\/wp-content\/uploads\/2015\/04\/brdo-gomionica-3.jpg\"><img loading=\"lazy\" decoding=\"async\" class=\"alignleft size-medium wp-image-19704\" src=\"https:\/\/www.prijedordanas.com\/wp-content\/uploads\/2015\/04\/brdo-gomionica-3-300x199.jpg\" alt=\"brdo-gomionica (3)\" width=\"300\" height=\"199\" srcset=\"https:\/\/www.prijedordanas.com\/wp-content\/uploads\/2015\/04\/brdo-gomionica-3-300x199.jpg 300w, https:\/\/www.prijedordanas.com\/wp-content\/uploads\/2015\/04\/brdo-gomionica-3.jpg 600w\" sizes=\"(max-width: 300px) 100vw, 300px\" \/><\/a>Imali su doma\u0107i nekoliko prilika, ali svoj dan nije imao Asmir Brki\u0107, koji je, iako neometan, slabo \u0161utirao iskosa sa desne strane u izglednoj situaciji pa je lopta otisla pored stative.<\/p>\n<p>Imao je isti igra\u010d jo\u0161 jednu \u0161ansu za pogodak kada je lo\u0161e \u0161utirao glavom na drugoj stativi nakon ubacivanja sa desne strane, pa je lopta umjesto u mre\u017eu oti\u0161la preko gola. Utisak je da je u ovoj situaciji omaleni napada\u010d samo zasmetao \u0110urki\u0107u koji je bio u boljoj situaciji.<\/p>\n<p>Sve dileme oko pobjednika rije\u0161io je Ibri\u010di\u0107 u 72. minuti susreta.<\/p>\n<p>On je primio loptu na lijevoj strani, \u201epovukao\u201c je prema \u0161esnaestercu gostiju i sa 25 metara uputio udarac koji je zavr\u0161io u mre\u017ei ekipe iz Bronzanog Majdana.<\/p>\n<p>Ostaje utisak da je golman \u0106eji\u0107 mogao i bolje da reaguje jer je lopta zavr\u0161la u \u201enjegovom\u201c uglu.<\/p>\n<p>Do kraja me\u010da, doma\u0107i su imali ve\u0107i posjed lopte i nekoliko poluprilika dok su gosti neuspje\u0161no poku\u0161avali do\u0107i makar do \u201epo\u010dasnog\u201c pogotka.<\/p>\n<p>Ono \u0161to je interesantno za spomenuti je \u010dinjenica da ekipa OFK Brdo u \u010detiri prolje\u0107na duela nije primila nijedan pogodak.<\/p>\n<p><a href=\"https:\/\/www.prijedordanas.com\/wp-content\/uploads\/2015\/04\/brdo-gomionica-4.jpg\"><img loading=\"lazy\" decoding=\"async\" class=\"alignleft size-medium wp-image-19705\" src=\"https:\/\/www.prijedordanas.com\/wp-content\/uploads\/2015\/04\/brdo-gomionica-4-300x199.jpg\" alt=\"brdo-gomionica (4)\" width=\"300\" height=\"199\" srcset=\"https:\/\/www.prijedordanas.com\/wp-content\/uploads\/2015\/04\/brdo-gomionica-4-300x199.jpg 300w, https:\/\/www.prijedordanas.com\/wp-content\/uploads\/2015\/04\/brdo-gomionica-4.jpg 600w\" sizes=\"(max-width: 300px) 100vw, 300px\" \/><\/a>OFK Brdo: FK Gomionica 2:0 (1:0)<\/p>\n<p>Hambarine<br \/>\nStadion \u201eVedro polje\u201c<br \/>\nGledalaca: 100<br \/>\nSudija: Radenko Topalovi\u0107<br \/>\nStrijelci: \u0110urki\u0107 u 32. i Ibri\u010di\u0107 u 72. minuti<br \/>\n\u017duri kartoni: \u010cau\u0161evi\u0107 (Brdo), Meminovi\u0107, Baji\u0107 (Gomionica)<\/p>\n<p>BRDO<br \/>\nVidovi\u0107, Me\u0161i\u0107, \u010cau\u0161evi\u0107, Ilin\u010di\u0107, Pekija, \u0110urki\u0107, Miji\u0107 (od 79. Dubica), Gredelj (od 62. Pa\u0111an), Sredi\u0107 (od 70. Jovanovi\u0107), Ibri\u010di\u0107, Brki\u0107<br \/>\nTrener-Mirza Alki\u0107<\/p>\n<p>GOMIONICA<br \/>\n\u0106eji\u0107, Gligi\u0107, Meminovi\u0107 (od 79. Batar), Savi\u0107, Bovan, Petkovi\u0107 (od 16. Te\u0161anovi\u0107), Baji\u0107, Lukendi\u0107, Prerad, Papi\u0107, \u0160tekovi\u0107<br \/>\nTrener-Nenad Gavrilovi\u0107<\/p>\n<p>Tekst\/foto\/video \u2013 Nenad \u0110eri\u0107\/Aleksandar Drakuli\u0107 \u2013 <a href=\"www.prijedordanas.com\" target=\"_blank\">www.prijedordanas.com<\/a><\/p>\n<p><a href=\"https:\/\/www.prijedordanas.com\/wp-content\/uploads\/2015\/04\/brdo-gomionica-5.jpg\"><img loading=\"lazy\" decoding=\"async\" src=\"https:\/\/www.prijedordanas.com\/wp-content\/uploads\/2015\/04\/brdo-gomionica-5-300x199.jpg\" alt=\"brdo-gomionica (5)\" width=\"300\" height=\"199\" class=\"alignleft size-medium wp-image-19706\" srcset=\"https:\/\/www.prijedordanas.com\/wp-content\/uploads\/2015\/04\/brdo-gomionica-5-300x199.jpg 300w, https:\/\/www.prijedordanas.com\/wp-content\/uploads\/2015\/04\/brdo-gomionica-5.jpg 600w\" sizes=\"(max-width: 300px) 100vw, 300px\" \/><\/a><\/p>\n<p><iframe loading=\"lazy\" width=\"500\" height=\"375\" src=\"https:\/\/www.youtube.com\/embed\/zFbaDqL1QvY?feature=oembed\" frameborder=\"0\" allowfullscreen><\/iframe><\/p>\n","protected":false},"excerpt":{"rendered":"<p>U susretu 19. kola Regionalne lige-grupa Zapad, fudbaleri OFK Brdo Hambarine su sasvim zaslu\u017eeno na svom terenu savladali ekipu FK Gomionica iz Bronzanog Majdana rezultatom 2:0 (1:0). Ve\u0107 na startu [&hellip;]<\/p>\n","protected":false},"author":1,"featured_media":0,"comment_status":"closed","ping_status":"open","sticky":false,"template":"","format":"standard","meta":{"_monsterinsights_skip_tracking":false,"_monsterinsights_sitenote_active":false,"_monsterinsights_sitenote_note":"","_monsterinsights_sitenote_category":0,"footnotes":""},"categories":[7],"tags":[],"yoast_head":"<!-- This site is optimized with the Yoast SEO plugin v21.6 - https:\/\/yoast.com\/wordpress\/plugins\/seo\/ -->\n<title>OFK BRDO BOLJE OD GOMIONICE: \u0110URKI\u0106 I IBRI\u010cI\u0106 POGODILI ZA NOVO SLAVLJE \u2013 FOTO - VIDEO - PrijedorDanas.com - Prijedorski gradski portal<\/title>\n<meta name=\"robots\" content=\"index, follow, max-snippet:-1, max-image-preview:large, max-video-preview:-1\" \/>\n<link rel=\"canonical\" href=\"https:\/\/www.prijedordanas.com\/?p=19714\" \/>\n<meta property=\"og:locale\" content=\"en_US\" \/>\n<meta property=\"og:type\" content=\"article\" \/>\n<meta property=\"og:title\" content=\"OFK BRDO BOLJE OD GOMIONICE: \u0110URKI\u0106 I IBRI\u010cI\u0106 POGODILI ZA NOVO SLAVLJE \u2013 FOTO - VIDEO - PrijedorDanas.com - Prijedorski gradski portal\" \/>\n<meta property=\"og:description\" content=\"U susretu 19. kola Regionalne lige-grupa Zapad, fudbaleri OFK Brdo Hambarine su sasvim zaslu\u017eeno na svom terenu savladali ekipu FK Gomionica iz Bronzanog Majdana rezultatom 2:0 (1:0). Ve\u0107 na startu [&hellip;]\" \/>\n<meta property=\"og:url\" content=\"https:\/\/www.prijedordanas.com\/?p=19714\" \/>\n<meta property=\"og:site_name\" content=\"PrijedorDanas.com - Prijedorski gradski portal\" \/>\n<meta property=\"article:publisher\" content=\"https:\/\/www.facebook.com\/PrijedorDanasCom\/\" \/>\n<meta property=\"article:published_time\" content=\"2015-04-08T09:11:08+00:00\" \/>\n<meta property=\"og:image\" content=\"https:\/\/www.prijedordanas.com\/wp-content\/uploads\/2015\/04\/brdo-gomionica-1-300x199.jpg\" \/>\n<meta name=\"author\" content=\"admin\" \/>\n<meta name=\"twitter:card\" content=\"summary_large_image\" \/>\n<meta name=\"twitter:label1\" content=\"Written by\" \/>\n\t<meta name=\"twitter:data1\" content=\"admin\" \/>\n\t<meta name=\"twitter:label2\" content=\"Est. reading time\" \/>\n\t<meta name=\"twitter:data2\" content=\"3 minutes\" \/>\n<script type=\"application\/ld+json\" class=\"yoast-schema-graph\">{\"@context\":\"https:\/\/schema.org\",\"@graph\":[{\"@type\":\"Article\",\"@id\":\"https:\/\/www.prijedordanas.com\/?p=19714#article\",\"isPartOf\":{\"@id\":\"https:\/\/www.prijedordanas.com\/?p=19714\"},\"author\":{\"name\":\"admin\",\"@id\":\"https:\/\/www.prijedordanas.com\/#\/schema\/person\/4e08ccf29b506ca916ff86d46bb700e6\"},\"headline\":\"OFK BRDO BOLJE OD GOMIONICE: \u0110URKI\u0106 I IBRI\u010cI\u0106 POGODILI ZA NOVO SLAVLJE \u2013 FOTO &#8211; VIDEO\",\"datePublished\":\"2015-04-08T09:11:08+00:00\",\"dateModified\":\"2015-04-08T09:11:08+00:00\",\"mainEntityOfPage\":{\"@id\":\"https:\/\/www.prijedordanas.com\/?p=19714\"},\"wordCount\":594,\"publisher\":{\"@id\":\"https:\/\/www.prijedordanas.com\/#organization\"},\"articleSection\":[\"Sport\"],\"inLanguage\":\"en-US\"},{\"@type\":\"WebPage\",\"@id\":\"https:\/\/www.prijedordanas.com\/?p=19714\",\"url\":\"https:\/\/www.prijedordanas.com\/?p=19714\",\"name\":\"OFK BRDO BOLJE OD GOMIONICE: \u0110URKI\u0106 I IBRI\u010cI\u0106 POGODILI ZA NOVO SLAVLJE \u2013 FOTO - VIDEO - PrijedorDanas.com - Prijedorski gradski portal\",\"isPartOf\":{\"@id\":\"https:\/\/www.prijedordanas.com\/#website\"},\"datePublished\":\"2015-04-08T09:11:08+00:00\",\"dateModified\":\"2015-04-08T09:11:08+00:00\",\"breadcrumb\":{\"@id\":\"https:\/\/www.prijedordanas.com\/?p=19714#breadcrumb\"},\"inLanguage\":\"en-US\",\"potentialAction\":[{\"@type\":\"ReadAction\",\"target\":[\"https:\/\/www.prijedordanas.com\/?p=19714\"]}]},{\"@type\":\"BreadcrumbList\",\"@id\":\"https:\/\/www.prijedordanas.com\/?p=19714#breadcrumb\",\"itemListElement\":[{\"@type\":\"ListItem\",\"position\":1,\"name\":\"Home\",\"item\":\"https:\/\/www.prijedordanas.com\/\"},{\"@type\":\"ListItem\",\"position\":2,\"name\":\"OFK BRDO BOLJE OD GOMIONICE: \u0110URKI\u0106 I IBRI\u010cI\u0106 POGODILI ZA NOVO SLAVLJE \u2013 FOTO &#8211; VIDEO\"}]},{\"@type\":\"WebSite\",\"@id\":\"https:\/\/www.prijedordanas.com\/#website\",\"url\":\"https:\/\/www.prijedordanas.com\/\",\"name\":\"PrijedorDanas.com - Prijedorski gradski portal\",\"description\":\"Portal o doga\u0111anjima u gradu Prijedoru\",\"publisher\":{\"@id\":\"https:\/\/www.prijedordanas.com\/#organization\"},\"potentialAction\":[{\"@type\":\"SearchAction\",\"target\":{\"@type\":\"EntryPoint\",\"urlTemplate\":\"https:\/\/www.prijedordanas.com\/?s={search_term_string}\"},\"query-input\":\"required name=search_term_string\"}],\"inLanguage\":\"en-US\"},{\"@type\":\"Organization\",\"@id\":\"https:\/\/www.prijedordanas.com\/#organization\",\"name\":\"PrijedorDanas.com\",\"url\":\"https:\/\/www.prijedordanas.com\/\",\"logo\":{\"@type\":\"ImageObject\",\"inLanguage\":\"en-US\",\"@id\":\"https:\/\/www.prijedordanas.com\/#\/schema\/logo\/image\/\",\"url\":\"http:\/\/www.prijedordanas.com\/wp-content\/uploads\/2021\/12\/logopng.png\",\"contentUrl\":\"http:\/\/www.prijedordanas.com\/wp-content\/uploads\/2021\/12\/logopng.png\",\"width\":1019,\"height\":776,\"caption\":\"PrijedorDanas.com\"},\"image\":{\"@id\":\"https:\/\/www.prijedordanas.com\/#\/schema\/logo\/image\/\"},\"sameAs\":[\"https:\/\/www.facebook.com\/PrijedorDanasCom\/\"]},{\"@type\":\"Person\",\"@id\":\"https:\/\/www.prijedordanas.com\/#\/schema\/person\/4e08ccf29b506ca916ff86d46bb700e6\",\"name\":\"admin\",\"image\":{\"@type\":\"ImageObject\",\"inLanguage\":\"en-US\",\"@id\":\"https:\/\/www.prijedordanas.com\/#\/schema\/person\/image\/\",\"url\":\"https:\/\/secure.gravatar.com\/avatar\/1d3fc949d550f0b53a5f0d51e06dfd79?s=96&d=mm&r=g\",\"contentUrl\":\"https:\/\/secure.gravatar.com\/avatar\/1d3fc949d550f0b53a5f0d51e06dfd79?s=96&d=mm&r=g\",\"caption\":\"admin\"},\"url\":\"https:\/\/www.prijedordanas.com\/?author=1\"}]}<\/script>\n<!-- \/ Yoast SEO plugin. -->","yoast_head_json":{"title":"OFK BRDO BOLJE OD GOMIONICE: \u0110URKI\u0106 I IBRI\u010cI\u0106 POGODILI ZA NOVO SLAVLJE \u2013 FOTO - VIDEO - PrijedorDanas.com - Prijedorski gradski portal","robots":{"index":"index","follow":"follow","max-snippet":"max-snippet:-1","max-image-preview":"max-image-preview:large","max-video-preview":"max-video-preview:-1"},"canonical":"https:\/\/www.prijedordanas.com\/?p=19714","og_locale":"en_US","og_type":"article","og_title":"OFK BRDO BOLJE OD GOMIONICE: \u0110URKI\u0106 I IBRI\u010cI\u0106 POGODILI ZA NOVO SLAVLJE \u2013 FOTO - VIDEO - PrijedorDanas.com - Prijedorski gradski portal","og_description":"U susretu 19. kola Regionalne lige-grupa Zapad, fudbaleri OFK Brdo Hambarine su sasvim zaslu\u017eeno na svom terenu savladali ekipu FK Gomionica iz Bronzanog Majdana rezultatom 2:0 (1:0). Ve\u0107 na startu [&hellip;]","og_url":"https:\/\/www.prijedordanas.com\/?p=19714","og_site_name":"PrijedorDanas.com - Prijedorski gradski portal","article_publisher":"https:\/\/www.facebook.com\/PrijedorDanasCom\/","article_published_time":"2015-04-08T09:11:08+00:00","og_image":[{"url":"https:\/\/www.prijedordanas.com\/wp-content\/uploads\/2015\/04\/brdo-gomionica-1-300x199.jpg"}],"author":"admin","twitter_card":"summary_large_image","twitter_misc":{"Written by":"admin","Est. reading time":"3 minutes"},"schema":{"@context":"https:\/\/schema.org","@graph":[{"@type":"Article","@id":"https:\/\/www.prijedordanas.com\/?p=19714#article","isPartOf":{"@id":"https:\/\/www.prijedordanas.com\/?p=19714"},"author":{"name":"admin","@id":"https:\/\/www.prijedordanas.com\/#\/schema\/person\/4e08ccf29b506ca916ff86d46bb700e6"},"headline":"OFK BRDO BOLJE OD GOMIONICE: \u0110URKI\u0106 I IBRI\u010cI\u0106 POGODILI ZA NOVO SLAVLJE \u2013 FOTO &#8211; VIDEO","datePublished":"2015-04-08T09:11:08+00:00","dateModified":"2015-04-08T09:11:08+00:00","mainEntityOfPage":{"@id":"https:\/\/www.prijedordanas.com\/?p=19714"},"wordCount":594,"publisher":{"@id":"https:\/\/www.prijedordanas.com\/#organization"},"articleSection":["Sport"],"inLanguage":"en-US"},{"@type":"WebPage","@id":"https:\/\/www.prijedordanas.com\/?p=19714","url":"https:\/\/www.prijedordanas.com\/?p=19714","name":"OFK BRDO BOLJE OD GOMIONICE: \u0110URKI\u0106 I IBRI\u010cI\u0106 POGODILI ZA NOVO SLAVLJE \u2013 FOTO - VIDEO - PrijedorDanas.com - Prijedorski gradski portal","isPartOf":{"@id":"https:\/\/www.prijedordanas.com\/#website"},"datePublished":"2015-04-08T09:11:08+00:00","dateModified":"2015-04-08T09:11:08+00:00","breadcrumb":{"@id":"https:\/\/www.prijedordanas.com\/?p=19714#breadcrumb"},"inLanguage":"en-US","potentialAction":[{"@type":"ReadAction","target":["https:\/\/www.prijedordanas.com\/?p=19714"]}]},{"@type":"BreadcrumbList","@id":"https:\/\/www.prijedordanas.com\/?p=19714#breadcrumb","itemListElement":[{"@type":"ListItem","position":1,"name":"Home","item":"https:\/\/www.prijedordanas.com\/"},{"@type":"ListItem","position":2,"name":"OFK BRDO BOLJE OD GOMIONICE: \u0110URKI\u0106 I IBRI\u010cI\u0106 POGODILI ZA NOVO SLAVLJE \u2013 FOTO &#8211; VIDEO"}]},{"@type":"WebSite","@id":"https:\/\/www.prijedordanas.com\/#website","url":"https:\/\/www.prijedordanas.com\/","name":"PrijedorDanas.com - Prijedorski gradski portal","description":"Portal o doga\u0111anjima u gradu Prijedoru","publisher":{"@id":"https:\/\/www.prijedordanas.com\/#organization"},"potentialAction":[{"@type":"SearchAction","target":{"@type":"EntryPoint","urlTemplate":"https:\/\/www.prijedordanas.com\/?s={search_term_string}"},"query-input":"required name=search_term_string"}],"inLanguage":"en-US"},{"@type":"Organization","@id":"https:\/\/www.prijedordanas.com\/#organization","name":"PrijedorDanas.com","url":"https:\/\/www.prijedordanas.com\/","logo":{"@type":"ImageObject","inLanguage":"en-US","@id":"https:\/\/www.prijedordanas.com\/#\/schema\/logo\/image\/","url":"http:\/\/www.prijedordanas.com\/wp-content\/uploads\/2021\/12\/logopng.png","contentUrl":"http:\/\/www.prijedordanas.com\/wp-content\/uploads\/2021\/12\/logopng.png","width":1019,"height":776,"caption":"PrijedorDanas.com"},"image":{"@id":"https:\/\/www.prijedordanas.com\/#\/schema\/logo\/image\/"},"sameAs":["https:\/\/www.facebook.com\/PrijedorDanasCom\/"]},{"@type":"Person","@id":"https:\/\/www.prijedordanas.com\/#\/schema\/person\/4e08ccf29b506ca916ff86d46bb700e6","name":"admin","image":{"@type":"ImageObject","inLanguage":"en-US","@id":"https:\/\/www.prijedordanas.com\/#\/schema\/person\/image\/","url":"https:\/\/secure.gravatar.com\/avatar\/1d3fc949d550f0b53a5f0d51e06dfd79?s=96&d=mm&r=g","contentUrl":"https:\/\/secure.gravatar.com\/avatar\/1d3fc949d550f0b53a5f0d51e06dfd79?s=96&d=mm&r=g","caption":"admin"},"url":"https:\/\/www.prijedordanas.com\/?author=1"}]}},"_links":{"self":[{"href":"https:\/\/www.prijedordanas.com\/index.php?rest_route=\/wp\/v2\/posts\/19714"}],"collection":[{"href":"https:\/\/www.prijedordanas.com\/index.php?rest_route=\/wp\/v2\/posts"}],"about":[{"href":"https:\/\/www.prijedordanas.com\/index.php?rest_route=\/wp\/v2\/types\/post"}],"author":[{"embeddable":true,"href":"https:\/\/www.prijedordanas.com\/index.php?rest_route=\/wp\/v2\/users\/1"}],"replies":[{"embeddable":true,"href":"https:\/\/www.prijedordanas.com\/index.php?rest_route=%2Fwp%2Fv2%2Fcomments&post=19714"}],"version-history":[{"count":1,"href":"https:\/\/www.prijedordanas.com\/index.php?rest_route=\/wp\/v2\/posts\/19714\/revisions"}],"predecessor-version":[{"id":19715,"href":"https:\/\/www.prijedordanas.com\/index.php?rest_route=\/wp\/v2\/posts\/19714\/revisions\/19715"}],"wp:attachment":[{"href":"https:\/\/www.prijedordanas.com\/index.php?rest_route=%2Fwp%2Fv2%2Fmedia&parent=19714"}],"wp:term":[{"taxonomy":"category","embeddable":true,"href":"https:\/\/www.prijedordanas.com\/index.php?rest_route=%2Fwp%2Fv2%2Fcategories&post=19714"},{"taxonomy":"post_tag","embeddable":true,"href":"https:\/\/www.prijedordanas.com\/index.php?rest_route=%2Fwp%2Fv2%2Ftags&post=19714"}],"curies":[{"name":"wp","href":"https:\/\/api.w.org\/{rel}","templated":true}]}}