{"id":197053,"date":"2022-12-19T20:48:16","date_gmt":"2022-12-19T19:48:16","guid":{"rendered":"https:\/\/www.prijedordanas.com\/?p=197053"},"modified":"2022-12-19T20:48:16","modified_gmt":"2022-12-19T19:48:16","slug":"metlom-protiv-poplave","status":"publish","type":"post","link":"https:\/\/www.prijedordanas.com\/?p=197053","title":{"rendered":"Metlom protiv poplave"},"content":{"rendered":"<p><a href=\"https:\/\/www.prijedordanas.com\/wp-content\/uploads\/2021\/07\/katarina-panic.jpg\"><img loading=\"lazy\" decoding=\"async\" class=\"alignleft size-medium wp-image-171199\" src=\"https:\/\/www.prijedordanas.com\/wp-content\/uploads\/2021\/07\/katarina-panic-300x263.jpg\" alt=\"\" width=\"300\" height=\"263\" srcset=\"https:\/\/www.prijedordanas.com\/wp-content\/uploads\/2021\/07\/katarina-panic-300x263.jpg 300w, https:\/\/www.prijedordanas.com\/wp-content\/uploads\/2021\/07\/katarina-panic.jpg 600w\" sizes=\"(max-width: 300px) 100vw, 300px\" \/><\/a>Poplave koje su Prijedor zadesile u ovom mjesecu tre\u0107e su u ovoj godini. Aleksandar Drakuli\u0107, vlasnik i urednik web portala prijedordanas.com, pojavu prati du\u017ee od decenije, budu\u0107i da je poga\u0111ala Topolik i Vrbice i prije velike polplave iz 2014. godine. Najve\u0107a razlika u izvje\u0161tavanju tada i danas jeste u diversifikaciji izvora \u2013 omjeru vlastitog rada na terenu, u\u010de\u0161\u0107a gra\u0111ana i udjela zvani\u010dnih organa u objavljenim sadr\u017eajima. Razlike u cenzuri gotovo da i nema: poku\u0161aja lokalnih vlasti da kontroli\u0161u medijski sadr\u017eaj bilo je i tada i danas.<\/p>\n<p>U tu subotu, 10. decembra, imala sam rano ujutro let iz Rige preko Be\u010da do Zagreba, sve na vrijeme. U Signal grupi, ima nas iz 19 zemalja, frka ljudima, masa letova otkazana ili kasni, zbog nevremena, ne sti\u017eu na vezane letove, tra\u017ee druge kombinacije, gube kofere\u2026 Dok \u010dekam prtljag, pi\u0161em Mariju da sam dobro pro\u0161la, da je ljudima ludilo, ka\u017ee, paz\u2019 da ne b\u2019 \u010damcem ku\u0107i. Otvorim mre\u017ee, prvo \u0161to mi isko\u010di, snimak \u017eene kako metlom \u010disti poplavu na dubi\u010dkoj cesti. Ka\u017eem autoru, kasnije toga dana, to je to, da vi\u0161e nikad ni\u0161ta o poplavama ne uradi\u0161, dosta je.<\/p>\n<p><a href=\"https:\/\/www.prijedordanas.com\/wp-content\/uploads\/2022\/12\/ulica-slavka-rodica-poplava-10decembar-1.jpg\"><img loading=\"lazy\" decoding=\"async\" class=\"alignleft size-medium wp-image-196466\" src=\"https:\/\/www.prijedordanas.com\/wp-content\/uploads\/2022\/12\/ulica-slavka-rodica-poplava-10decembar-1-300x225.jpg\" alt=\"\" width=\"300\" height=\"225\" srcset=\"https:\/\/www.prijedordanas.com\/wp-content\/uploads\/2022\/12\/ulica-slavka-rodica-poplava-10decembar-1-300x225.jpg 300w, https:\/\/www.prijedordanas.com\/wp-content\/uploads\/2022\/12\/ulica-slavka-rodica-poplava-10decembar-1-640x480.jpg 640w, https:\/\/www.prijedordanas.com\/wp-content\/uploads\/2022\/12\/ulica-slavka-rodica-poplava-10decembar-1.jpg 667w\" sizes=\"(max-width: 300px) 100vw, 300px\" \/><\/a>Aleksandar: Oko podneva, zove poznanik, vozi se tom ulicom, ka\u017ee, brate, ovuda se ne mo\u017ee pro\u0107i, voda do pragova. Sjedam u auto, kod Te\u0161ini\u0107a kako skre\u0107em, vidim vodu na kolovozu, dosta bli\u017ee gradu nego \u0161to je bila u junu i novembru. Nema nikoga od slu\u017ebi, samo nekoliko mje\u0161tana. I tu, gdje je skretanje u Maksima Gorkog, stoji ta \u017eena. I ma\u0161e autima da stanu, jer voda na kolovozu je u visini trotoara i, kako auta prolaze, tako prave talase koji se onda prelijevaju lijevo i desno, na trotoare, a s trotoara u njeno dvori\u0161te. I ona mete tu vodu s trotoara nazad ka kolovozu. Jedan \u010dovjek stoji gore vi\u0161e, s druge strane ulice, kod skretanja ka Puharskoj. I isto ma\u0161e voza\u010dima da ne idu tuda, ali ljudi ne reaguju.<\/p>\n<p>Jesi li razgovarao s njom? \u0160ta je ona poku\u0161avala?<\/p>\n<p>Aleksandar: Jesam, ka\u017ee, nikad gore. Isto to su rekli i ostali mje\u0161tani. Poslije, kad sam objavljivao vijest o tome, prvo sam pregledao svoje slike s istog mjesta iz prethodnih dviju poplava u ovoj godini i stvarno u njenom dvori\u0161tu nije bilo vode, a sad ima, prvi put. Zato sam i mogao staviti u naslov to \u201enikad gore\u201c, tako da to ne bude samo na bazi njihovog do\u017eivljaja, subjektivnog. Razmi\u0161ljao sam i da stavim naslov Metlom protiv poplave i sliku te \u017eene kao naslovnu, ali bojao sam se da to neko ne shvati kao omalova\u017eavanje. Shvatio sam njenu muku i potrebu da radi to \u0161to je radila. Ona psuje, galami, gun\u0111a, proklinje. \u010cuje se to na snimku. Tu je neka daska, pretpostavljam da poslu\u017ei za prelaz ako bude jo\u0161 vi\u0161e vode. Ona u jednom trenutku uzima tu dasku, baca je na cestu, gnjevna. Pa onda kao da skonta da mo\u017ee vozilo da je nagazi, odbaci i povrijedi nekog, zagazi u vodu i uze dasku nazad. Iako ti voza\u010di realno njoj ne prave \u0161tetu, njoj njihov prolazak zna\u010di ignoranciju problema, nedostatak saosje\u0107anja, kao da se ni\u0161ta ne de\u0161ava, imaju dijametralno suprotan do\u017eivljaj te vode. I to je dovodi do bijesa. Kao i ta unutra\u0161nja borba s vlastitom nemo\u0107i da uti\u010de\u0161 na ne\u0161to \u0161to te ugro\u017eava. I onda se tom metlom bori protiv osje\u0107aja bespomo\u0107nosti i beskorisnosti.<\/p>\n<p><a href=\"https:\/\/www.prijedordanas.com\/wp-content\/uploads\/2022\/12\/poplave-10decembar-dubicka-cesta-1.jpg\"><img loading=\"lazy\" decoding=\"async\" src=\"https:\/\/www.prijedordanas.com\/wp-content\/uploads\/2022\/12\/poplave-10decembar-dubicka-cesta-1-300x200.jpg\" alt=\"\" width=\"300\" height=\"200\" class=\"alignleft size-medium wp-image-197054\" srcset=\"https:\/\/www.prijedordanas.com\/wp-content\/uploads\/2022\/12\/poplave-10decembar-dubicka-cesta-1-300x200.jpg 300w, https:\/\/www.prijedordanas.com\/wp-content\/uploads\/2022\/12\/poplave-10decembar-dubicka-cesta-1-480x320.jpg 480w, https:\/\/www.prijedordanas.com\/wp-content\/uploads\/2022\/12\/poplave-10decembar-dubicka-cesta-1.jpg 600w\" sizes=\"(max-width: 300px) 100vw, 300px\" \/><\/a>Kako ostali mje\u0161tani reaguju?<\/p>\n<p>Aleksandar: Zapamtio sam od ranije, a i on je mene, \u010dovjeka s nao\u010dalama koji ima tu neku radnju, servis, koji svaki put najgore pro\u0111e. I on tuda \u0161eta. Prilazim mu i ka\u017eem da ispade pametno \u0161to nisu sklonili vre\u0107e s pijeskom, postavljene na posljednjim poplavama. On djeluje nekako nezainteresovan. Prvi i drug put bio je vi\u0161e ljut, vi\u0161e bijesan. Sad izgleda kao da je o\u010dekivao, rezigniran, kao da mu je svejedno, kao da ga boli \u0107o\u0161ak za sve, jer niko ne reaguje. Ljudi su nekako ogor\u010deni, ali kao oguglali, kao umorni od ravnodu\u0161nosti, svega im preko glave, a postepeno naviknuti na bespomo\u0107nost, pa vi\u0161e nema ni onog \u0161oka, naboja, tenzija, sna\u017enih emocija. \u010cak i o\u010dekivana solidarnost me\u0111usobna na bazi zajedni\u010dke nevolje \u2013 izostaje, jer nisu rijetke situacijama gdje poku\u0161aji odbrane jednog posjeda zna\u010de ugro\u017eavanje susjednih. I potencijal za kom\u0161ijske sva\u0111e je i velik i razumljiv. Bilo ih je i tu.<\/p>\n<p>Koliko si vremena tu proveo?<\/p>\n<p>Aleksandar: Oko sat sam tu ostao. \u010cujem kako jedni drugima govore, \u2018aj zovi policiju, zvao sam ve\u0107, ni\u0161ta. Pa, \u2018ajmo zvati \/ime i prezime jednog snimatelja\/, on \u0107e sigurno do\u0107i. Onda nazovem policiju, do\u0111e jedna patrola, poslije desetak minuta mo\u017eda. Radnici firme koja odr\u017eava magistralne puteve stavili su prepreke na kolovoze, ali na na\u010din da vozilo mo\u017ee pro\u0107i izme\u0111u njih ili zaobilaze\u0107i ih s jedne i s druge strane, gaze\u0107i trotoare. I to voza\u010di i rade, a policijski slu\u017ebenici ne izlaze iz parkiranog auta. Do\u0161lo je i slu\u017ebeno vozilo \u201eVodovoda\u201c, prepoznajem direktora, zaustavio se na po\u010detku dubi\u010dke, bio 2-3 minuta, nije iza\u0161ao iz auta, nije pri\u0161ao kriti\u010dnom mjestu, okrenuo se i oti\u0161ao. Potom dolazi mikser s pijeskom, pune vre\u0107e i re\u0111aju ih jedne na druge. Niko se drugi za to vrijeme nije pojavio.<\/p>\n<p><a href=\"https:\/\/www.prijedordanas.com\/wp-content\/uploads\/2022\/12\/poplave-10decembar-dubicka-cesta-2.jpg\"><img loading=\"lazy\" decoding=\"async\" src=\"https:\/\/www.prijedordanas.com\/wp-content\/uploads\/2022\/12\/poplave-10decembar-dubicka-cesta-2-300x200.jpg\" alt=\"\" width=\"300\" height=\"200\" class=\"alignleft size-medium wp-image-197055\" srcset=\"https:\/\/www.prijedordanas.com\/wp-content\/uploads\/2022\/12\/poplave-10decembar-dubicka-cesta-2-300x200.jpg 300w, https:\/\/www.prijedordanas.com\/wp-content\/uploads\/2022\/12\/poplave-10decembar-dubicka-cesta-2-480x320.jpg 480w, https:\/\/www.prijedordanas.com\/wp-content\/uploads\/2022\/12\/poplave-10decembar-dubicka-cesta-2.jpg 600w\" sizes=\"(max-width: 300px) 100vw, 300px\" \/><\/a>I kako dalje izgleda tvoj dan?<\/p>\n<p>Aleksandar: Onda sam dobio dojavu da se ispumpava voda u plavom neboderu, pa sam oti\u0161ao tamo to poslikati. I onda ku\u0107i, objavljivati sve te materijale koje sam dotad sakupio. Onda po\u010dinju stizati informacije iz Dubice i Novog, slike i poruke i dalje sti\u017eu, \u0161to u grupama, \u0161to pojedina\u010dno. Pa onda saop\u0161tenje i najave pres konferencija iz Gradske uprave. Nekad ne odem namjerno, da me ko ne povu\u010de za jezik, a bojim se da ne bih izdr\u017eao. Op\u0161ti je utisak, ne samo u Prijedoru, da su izjave zvani\u010dnika takve da im ustvari \u010dini\u0161 uslugu ako ih ne objavi\u0161.<\/p>\n<p>Tog dana na svom portalu imao si broj posjeta tri puta ve\u0107i od prosjeka. \u0160ta je bilo naj\u010ditanije?<\/p>\n<p>Aleksandar: Nije \u017eena s metlom, nego je vijest da je za saobra\u0107aj zatvoreno nekoliko lokalnih puteva, \u0161to zbog poplava, \u0161to zbog radova. Naslov je jednostavan, nimalo klikabilan, ali je o\u010dito ta informacija ljudima potrebna i korisna. Nestanci struje, vode ili grijanja u gradu, zakr\u010denost puteva, obustava saobra\u0107aja, elementarne nepogode poput poplava ili zemljotresa, po\u017eari\u2026 takve informacije, a da su vezane za grad Prijedor, morale bi se na\u0107i na jednom mjestu, na zvani\u010dnom sajtu grada, maltene u realnom vremenu. Da ima neka slu\u017eba koja bi za to bila zadu\u017eena. To se pokazalo potrebnim i 2014. Sje\u0107am se tada, petak ve\u010de, 16. maj, prvi sam objavio vijest da je zatvoren most na Sani. Pitali me tada iz op\u0161tine za\u0161to di\u017eem paniku.<\/p>\n<p>Ko iz op\u0161tine te to pitao?<\/p>\n<p>Aleksandar: Ne sje\u0107am se stvarno ko me je zvao. Kakvu paniku? Objavio sam da je most zatvoren, a bio je zatvoren i za saobra\u0107aj i za pje\u0161ake. Pa, to jeste panika, ka\u017eu. Nije panika, jer most jeste zatvoren i gra\u0111anima je ta informacija potrebna i korisna, da ili ne kre\u0107u ili tra\u017ee alternativne pravce. Panika je ako do\u0111u tu, a nisu informisani da je most zatvoren, pa se onda pitaju o \u010demu jo\u0161 nisu informisani. To je prostor za paniku, a ne ta\u010dna i provjerena informacija. A ja sam je imao zato \u0161to sam oti\u0161ao slikati ljestvu vodostaja Sane, dakle, bio sam li\u010dno tamo, bio sam drugim povodom i to sam saznao usput, da ne ka\u017eem slu\u010dajno. Danas da se takvo \u0161ta krupno desi, daleko prije bih dobio informaciju i u tom protoku i brzini \u0161irenja informacija je najve\u0107a razlika u ovih gotovo desetak godina. Tada sam, ka\u017eem, prvi objavio i \u0161to je daleko indikativnije, dugo, dugo bio jedini s tom informacijom. Za pretpostaviti je da su neki drugi bili sprije\u010deni da je objave od strane tih istih likova koji su mene optu\u017eili da \u0161irim paniku.<\/p>\n<p>Dolazimo li do toga da je informacija danas slobodna i usljed demokratizacije izvora, a da je prostor za cenzuru u\u017ei nego ikad?<\/p>\n<p>Aleksandar: U svakom dijelu grada imam ljude kojima vjerujem, na koje se mogu osloniti. Ne mo\u017ee\u0161 fizi\u010dki sti\u0107i biti na sve i jednom terenu pogo\u0111enom poplavom, a paralelno i objavljivati taj materjal. Tako da dio prikupim sam, a ostalo dobijam od ljudi, saznajem u raznim online grupama, dobijam uporedo i od zvani\u010dnih institucija koje i dalje tra\u017ee na\u010dina da kontroli\u0161u informacije pa imaju sad novu foru \u2013 pozivanje odabranih medija, umjesto obavje\u0161tavanja svih, kao \u0161to je uobi\u010dajeno i o\u010dekivano.<\/p>\n<p>Je li govori\u0161 o potezu Gradske uprave iz novembra ove godine i neobi\u010dnom mejlu?<\/p>\n<p>Aleksandar: To je bilo smije\u0161no. Isto kao i sad, i tada me poznanik nazvao, rekao da je zatvoren saobra\u0107aj na dubi\u010dkoj cesti. Odlazim gore, zati\u010dem dvije TV ekipe, pitaju me jesam li i ja do\u0161ao zbog gradona\u010delnika. Nisam, niti znam da on dolazi. Ka\u017eu, njih su poslali jer im je javljeno da dolazi gradona\u010delnik da da izjavu o poplavama.<\/p>\n<p>Da, sje\u0107amo se dobro te izjave da je sve pod kontrolom. Ali toga dana u 15.07 \u010dasova dolazi vrlo neobi\u010dan mejl iz Gradske uprave na mejling listu gdje su svi mediji, u kojem se tako\u0111e spominje i \u0161irenje panike, gdje se od medija tra\u017ei da ne zovu pojedina\u010dno vatrogasce i civilnu za\u0161titu, a pritom je izjava gradona\u010delnika prethodno bila organizovana za samo dva medija.<\/p>\n<p>Aleksandar: To mi je bilo \u010dudno, stvarno \u010dudno. Zna\u010di, mediji nisu dobili nikakve informacije iz Gradske uprave, za izjave su pozvani neki mediji, a neki nisu, a onda je svim medijima poslan taj mejl koji nema na \u0161ta drugo da li\u010di nego na poku\u0161aj cenzure.<\/p>\n<p>Da su u takvom jednom okru\u017eenju radio tu subotu i nedjelju, 9. i 10. decembra. I da si se za sav sadr\u017eaj koji si objavio ta dva dana na svom portalu oslonio isklju\u010divo na institucije grada. I da nisi objavio ni\u0161ta \u0161to si dobio ili saznao od gra\u0111ana koji su zaslu\u017eni za kreiranje dobrog dijela sadr\u017eaja. Kako bi izgledalo to nekome ko, na primjer, nije odavde, ne zna \u0161ta se ovdje de\u0161ava i jedini izvor informacije mu je tvoj portal?<\/p>\n<p>Aleksandar: Izgledalo bi, manje-vi\u0161e, kao da je sve u redu.<\/p>\n<p>Katarina Pani\u0107 &#8211; zamisli.ba<\/p>\n","protected":false},"excerpt":{"rendered":"<p>Poplave koje su Prijedor zadesile u ovom mjesecu tre\u0107e su u ovoj godini. Aleksandar Drakuli\u0107, vlasnik i urednik web portala prijedordanas.com, pojavu prati du\u017ee od decenije, budu\u0107i da je poga\u0111ala [&hellip;]<\/p>\n","protected":false},"author":1,"featured_media":0,"comment_status":"closed","ping_status":"open","sticky":false,"template":"","format":"standard","meta":{"_monsterinsights_skip_tracking":false,"_monsterinsights_sitenote_active":false,"_monsterinsights_sitenote_note":"","_monsterinsights_sitenote_category":0,"footnotes":""},"categories":[3],"tags":[],"yoast_head":"<!-- This site is optimized with the Yoast SEO plugin v21.6 - https:\/\/yoast.com\/wordpress\/plugins\/seo\/ -->\n<title>Metlom protiv poplave - PrijedorDanas.com - Prijedorski gradski portal<\/title>\n<meta name=\"robots\" content=\"index, follow, max-snippet:-1, max-image-preview:large, max-video-preview:-1\" \/>\n<link rel=\"canonical\" href=\"https:\/\/www.prijedordanas.com\/?p=197053\" \/>\n<meta property=\"og:locale\" content=\"en_US\" \/>\n<meta property=\"og:type\" content=\"article\" \/>\n<meta property=\"og:title\" content=\"Metlom protiv poplave - PrijedorDanas.com - Prijedorski gradski portal\" \/>\n<meta property=\"og:description\" content=\"Poplave koje su Prijedor zadesile u ovom mjesecu tre\u0107e su u ovoj godini. Aleksandar Drakuli\u0107, vlasnik i urednik web portala prijedordanas.com, pojavu prati du\u017ee od decenije, budu\u0107i da je poga\u0111ala [&hellip;]\" \/>\n<meta property=\"og:url\" content=\"https:\/\/www.prijedordanas.com\/?p=197053\" \/>\n<meta property=\"og:site_name\" content=\"PrijedorDanas.com - Prijedorski gradski portal\" \/>\n<meta property=\"article:publisher\" content=\"https:\/\/www.facebook.com\/PrijedorDanasCom\/\" \/>\n<meta property=\"article:published_time\" content=\"2022-12-19T19:48:16+00:00\" \/>\n<meta property=\"og:image\" content=\"https:\/\/www.prijedordanas.com\/wp-content\/uploads\/2021\/07\/katarina-panic-300x263.jpg\" \/>\n<meta name=\"author\" content=\"admin\" \/>\n<meta name=\"twitter:card\" content=\"summary_large_image\" \/>\n<meta name=\"twitter:label1\" content=\"Written by\" \/>\n\t<meta name=\"twitter:data1\" content=\"admin\" \/>\n\t<meta name=\"twitter:label2\" content=\"Est. reading time\" \/>\n\t<meta name=\"twitter:data2\" content=\"8 minutes\" \/>\n<script type=\"application\/ld+json\" class=\"yoast-schema-graph\">{\"@context\":\"https:\/\/schema.org\",\"@graph\":[{\"@type\":\"Article\",\"@id\":\"https:\/\/www.prijedordanas.com\/?p=197053#article\",\"isPartOf\":{\"@id\":\"https:\/\/www.prijedordanas.com\/?p=197053\"},\"author\":{\"name\":\"admin\",\"@id\":\"https:\/\/www.prijedordanas.com\/#\/schema\/person\/4e08ccf29b506ca916ff86d46bb700e6\"},\"headline\":\"Metlom protiv poplave\",\"datePublished\":\"2022-12-19T19:48:16+00:00\",\"dateModified\":\"2022-12-19T19:48:16+00:00\",\"mainEntityOfPage\":{\"@id\":\"https:\/\/www.prijedordanas.com\/?p=197053\"},\"wordCount\":1836,\"publisher\":{\"@id\":\"https:\/\/www.prijedordanas.com\/#organization\"},\"articleSection\":[\"\u017divot\"],\"inLanguage\":\"en-US\"},{\"@type\":\"WebPage\",\"@id\":\"https:\/\/www.prijedordanas.com\/?p=197053\",\"url\":\"https:\/\/www.prijedordanas.com\/?p=197053\",\"name\":\"Metlom protiv poplave - PrijedorDanas.com - Prijedorski gradski portal\",\"isPartOf\":{\"@id\":\"https:\/\/www.prijedordanas.com\/#website\"},\"datePublished\":\"2022-12-19T19:48:16+00:00\",\"dateModified\":\"2022-12-19T19:48:16+00:00\",\"breadcrumb\":{\"@id\":\"https:\/\/www.prijedordanas.com\/?p=197053#breadcrumb\"},\"inLanguage\":\"en-US\",\"potentialAction\":[{\"@type\":\"ReadAction\",\"target\":[\"https:\/\/www.prijedordanas.com\/?p=197053\"]}]},{\"@type\":\"BreadcrumbList\",\"@id\":\"https:\/\/www.prijedordanas.com\/?p=197053#breadcrumb\",\"itemListElement\":[{\"@type\":\"ListItem\",\"position\":1,\"name\":\"Home\",\"item\":\"https:\/\/www.prijedordanas.com\/\"},{\"@type\":\"ListItem\",\"position\":2,\"name\":\"Metlom protiv poplave\"}]},{\"@type\":\"WebSite\",\"@id\":\"https:\/\/www.prijedordanas.com\/#website\",\"url\":\"https:\/\/www.prijedordanas.com\/\",\"name\":\"PrijedorDanas.com - Prijedorski gradski portal\",\"description\":\"Portal o doga\u0111anjima u gradu Prijedoru\",\"publisher\":{\"@id\":\"https:\/\/www.prijedordanas.com\/#organization\"},\"potentialAction\":[{\"@type\":\"SearchAction\",\"target\":{\"@type\":\"EntryPoint\",\"urlTemplate\":\"https:\/\/www.prijedordanas.com\/?s={search_term_string}\"},\"query-input\":\"required name=search_term_string\"}],\"inLanguage\":\"en-US\"},{\"@type\":\"Organization\",\"@id\":\"https:\/\/www.prijedordanas.com\/#organization\",\"name\":\"PrijedorDanas.com\",\"url\":\"https:\/\/www.prijedordanas.com\/\",\"logo\":{\"@type\":\"ImageObject\",\"inLanguage\":\"en-US\",\"@id\":\"https:\/\/www.prijedordanas.com\/#\/schema\/logo\/image\/\",\"url\":\"http:\/\/www.prijedordanas.com\/wp-content\/uploads\/2021\/12\/logopng.png\",\"contentUrl\":\"http:\/\/www.prijedordanas.com\/wp-content\/uploads\/2021\/12\/logopng.png\",\"width\":1019,\"height\":776,\"caption\":\"PrijedorDanas.com\"},\"image\":{\"@id\":\"https:\/\/www.prijedordanas.com\/#\/schema\/logo\/image\/\"},\"sameAs\":[\"https:\/\/www.facebook.com\/PrijedorDanasCom\/\"]},{\"@type\":\"Person\",\"@id\":\"https:\/\/www.prijedordanas.com\/#\/schema\/person\/4e08ccf29b506ca916ff86d46bb700e6\",\"name\":\"admin\",\"image\":{\"@type\":\"ImageObject\",\"inLanguage\":\"en-US\",\"@id\":\"https:\/\/www.prijedordanas.com\/#\/schema\/person\/image\/\",\"url\":\"https:\/\/secure.gravatar.com\/avatar\/1d3fc949d550f0b53a5f0d51e06dfd79?s=96&d=mm&r=g\",\"contentUrl\":\"https:\/\/secure.gravatar.com\/avatar\/1d3fc949d550f0b53a5f0d51e06dfd79?s=96&d=mm&r=g\",\"caption\":\"admin\"},\"url\":\"https:\/\/www.prijedordanas.com\/?author=1\"}]}<\/script>\n<!-- \/ Yoast SEO plugin. -->","yoast_head_json":{"title":"Metlom protiv poplave - PrijedorDanas.com - Prijedorski gradski portal","robots":{"index":"index","follow":"follow","max-snippet":"max-snippet:-1","max-image-preview":"max-image-preview:large","max-video-preview":"max-video-preview:-1"},"canonical":"https:\/\/www.prijedordanas.com\/?p=197053","og_locale":"en_US","og_type":"article","og_title":"Metlom protiv poplave - PrijedorDanas.com - Prijedorski gradski portal","og_description":"Poplave koje su Prijedor zadesile u ovom mjesecu tre\u0107e su u ovoj godini. Aleksandar Drakuli\u0107, vlasnik i urednik web portala prijedordanas.com, pojavu prati du\u017ee od decenije, budu\u0107i da je poga\u0111ala [&hellip;]","og_url":"https:\/\/www.prijedordanas.com\/?p=197053","og_site_name":"PrijedorDanas.com - Prijedorski gradski portal","article_publisher":"https:\/\/www.facebook.com\/PrijedorDanasCom\/","article_published_time":"2022-12-19T19:48:16+00:00","og_image":[{"url":"https:\/\/www.prijedordanas.com\/wp-content\/uploads\/2021\/07\/katarina-panic-300x263.jpg"}],"author":"admin","twitter_card":"summary_large_image","twitter_misc":{"Written by":"admin","Est. reading time":"8 minutes"},"schema":{"@context":"https:\/\/schema.org","@graph":[{"@type":"Article","@id":"https:\/\/www.prijedordanas.com\/?p=197053#article","isPartOf":{"@id":"https:\/\/www.prijedordanas.com\/?p=197053"},"author":{"name":"admin","@id":"https:\/\/www.prijedordanas.com\/#\/schema\/person\/4e08ccf29b506ca916ff86d46bb700e6"},"headline":"Metlom protiv poplave","datePublished":"2022-12-19T19:48:16+00:00","dateModified":"2022-12-19T19:48:16+00:00","mainEntityOfPage":{"@id":"https:\/\/www.prijedordanas.com\/?p=197053"},"wordCount":1836,"publisher":{"@id":"https:\/\/www.prijedordanas.com\/#organization"},"articleSection":["\u017divot"],"inLanguage":"en-US"},{"@type":"WebPage","@id":"https:\/\/www.prijedordanas.com\/?p=197053","url":"https:\/\/www.prijedordanas.com\/?p=197053","name":"Metlom protiv poplave - PrijedorDanas.com - Prijedorski gradski portal","isPartOf":{"@id":"https:\/\/www.prijedordanas.com\/#website"},"datePublished":"2022-12-19T19:48:16+00:00","dateModified":"2022-12-19T19:48:16+00:00","breadcrumb":{"@id":"https:\/\/www.prijedordanas.com\/?p=197053#breadcrumb"},"inLanguage":"en-US","potentialAction":[{"@type":"ReadAction","target":["https:\/\/www.prijedordanas.com\/?p=197053"]}]},{"@type":"BreadcrumbList","@id":"https:\/\/www.prijedordanas.com\/?p=197053#breadcrumb","itemListElement":[{"@type":"ListItem","position":1,"name":"Home","item":"https:\/\/www.prijedordanas.com\/"},{"@type":"ListItem","position":2,"name":"Metlom protiv poplave"}]},{"@type":"WebSite","@id":"https:\/\/www.prijedordanas.com\/#website","url":"https:\/\/www.prijedordanas.com\/","name":"PrijedorDanas.com - Prijedorski gradski portal","description":"Portal o doga\u0111anjima u gradu Prijedoru","publisher":{"@id":"https:\/\/www.prijedordanas.com\/#organization"},"potentialAction":[{"@type":"SearchAction","target":{"@type":"EntryPoint","urlTemplate":"https:\/\/www.prijedordanas.com\/?s={search_term_string}"},"query-input":"required name=search_term_string"}],"inLanguage":"en-US"},{"@type":"Organization","@id":"https:\/\/www.prijedordanas.com\/#organization","name":"PrijedorDanas.com","url":"https:\/\/www.prijedordanas.com\/","logo":{"@type":"ImageObject","inLanguage":"en-US","@id":"https:\/\/www.prijedordanas.com\/#\/schema\/logo\/image\/","url":"http:\/\/www.prijedordanas.com\/wp-content\/uploads\/2021\/12\/logopng.png","contentUrl":"http:\/\/www.prijedordanas.com\/wp-content\/uploads\/2021\/12\/logopng.png","width":1019,"height":776,"caption":"PrijedorDanas.com"},"image":{"@id":"https:\/\/www.prijedordanas.com\/#\/schema\/logo\/image\/"},"sameAs":["https:\/\/www.facebook.com\/PrijedorDanasCom\/"]},{"@type":"Person","@id":"https:\/\/www.prijedordanas.com\/#\/schema\/person\/4e08ccf29b506ca916ff86d46bb700e6","name":"admin","image":{"@type":"ImageObject","inLanguage":"en-US","@id":"https:\/\/www.prijedordanas.com\/#\/schema\/person\/image\/","url":"https:\/\/secure.gravatar.com\/avatar\/1d3fc949d550f0b53a5f0d51e06dfd79?s=96&d=mm&r=g","contentUrl":"https:\/\/secure.gravatar.com\/avatar\/1d3fc949d550f0b53a5f0d51e06dfd79?s=96&d=mm&r=g","caption":"admin"},"url":"https:\/\/www.prijedordanas.com\/?author=1"}]}},"_links":{"self":[{"href":"https:\/\/www.prijedordanas.com\/index.php?rest_route=\/wp\/v2\/posts\/197053"}],"collection":[{"href":"https:\/\/www.prijedordanas.com\/index.php?rest_route=\/wp\/v2\/posts"}],"about":[{"href":"https:\/\/www.prijedordanas.com\/index.php?rest_route=\/wp\/v2\/types\/post"}],"author":[{"embeddable":true,"href":"https:\/\/www.prijedordanas.com\/index.php?rest_route=\/wp\/v2\/users\/1"}],"replies":[{"embeddable":true,"href":"https:\/\/www.prijedordanas.com\/index.php?rest_route=%2Fwp%2Fv2%2Fcomments&post=197053"}],"version-history":[{"count":1,"href":"https:\/\/www.prijedordanas.com\/index.php?rest_route=\/wp\/v2\/posts\/197053\/revisions"}],"predecessor-version":[{"id":197056,"href":"https:\/\/www.prijedordanas.com\/index.php?rest_route=\/wp\/v2\/posts\/197053\/revisions\/197056"}],"wp:attachment":[{"href":"https:\/\/www.prijedordanas.com\/index.php?rest_route=%2Fwp%2Fv2%2Fmedia&parent=197053"}],"wp:term":[{"taxonomy":"category","embeddable":true,"href":"https:\/\/www.prijedordanas.com\/index.php?rest_route=%2Fwp%2Fv2%2Fcategories&post=197053"},{"taxonomy":"post_tag","embeddable":true,"href":"https:\/\/www.prijedordanas.com\/index.php?rest_route=%2Fwp%2Fv2%2Ftags&post=197053"}],"curies":[{"name":"wp","href":"https:\/\/api.w.org\/{rel}","templated":true}]}}