{"id":196656,"date":"2022-12-12T16:38:33","date_gmt":"2022-12-12T15:38:33","guid":{"rendered":"https:\/\/www.prijedordanas.com\/?p=196656"},"modified":"2022-12-12T16:38:33","modified_gmt":"2022-12-12T15:38:33","slug":"gradonacelnik-javor-voda-se-povukla-formirano-13-komisija-za-procjenu-stete","status":"publish","type":"post","link":"https:\/\/www.prijedordanas.com\/?p=196656","title":{"rendered":"Gradona\u010delnik Javor: Voda se povukla, formirano 13 komisija za procjenu \u0161tete"},"content":{"rendered":"<p><a href=\"https:\/\/www.prijedordanas.com\/wp-content\/uploads\/2022\/12\/gradonacelnik-javor-pres12decembar-3.jpg\"><img loading=\"lazy\" decoding=\"async\" class=\"alignleft size-medium wp-image-196657\" src=\"https:\/\/www.prijedordanas.com\/wp-content\/uploads\/2022\/12\/gradonacelnik-javor-pres12decembar-3-300x225.jpg\" alt=\"\" width=\"300\" height=\"225\" srcset=\"https:\/\/www.prijedordanas.com\/wp-content\/uploads\/2022\/12\/gradonacelnik-javor-pres12decembar-3-300x225.jpg 300w, https:\/\/www.prijedordanas.com\/wp-content\/uploads\/2022\/12\/gradonacelnik-javor-pres12decembar-3-640x480.jpg 640w, https:\/\/www.prijedordanas.com\/wp-content\/uploads\/2022\/12\/gradonacelnik-javor-pres12decembar-3.jpg 667w\" sizes=\"(max-width: 300px) 100vw, 300px\" \/><\/a>Gradona\u010delnik Prijedora Slobodan Javor je na dana\u0161njoj pres konferenciji izjavio da je formirano trinaest komisija koje \u0107e se baviti procjenom \u0161tete od poplava koje su proteklog vikenda pogodile Prijedor.<\/p>\n<p>&#8220;Od toga je deset komisija zadu\u017eeno za procjenu \u0161tete na stambenim i pomo\u0107nim objektima, dvije za poljoprivredu, te jedna za \u0161tetu na infrastrukturi odnosno na makadamskim putevima, propustima i mostovima&#8221;, istakao je Javor.<\/p>\n<p>Qn je dodao da je sa saradnicima i rano jutros obi\u0161ao teren te da se uvjerio da se voda skoro u cijelosti povukla u korito.<\/p>\n<p>&#8220;Sana, Milo\u0161evica i Puharska su u padu. Voda se zadr\u017eala na nekoliko mjesta, u odre\u0111enim uvalama koje su u pojedinim podru\u010djima vi\u0161e od vodotoka, konkretno u naselju Gomjenica gdje se vr\u0161i ispumpavanje vode&#8221;, rekao je Javor.<\/p>\n<p>On je naglasio da je zadatak komisije da u \u0161to kra\u0107em vremenskom periodu obi\u0111e teren.<\/p>\n<p><a href=\"https:\/\/www.prijedordanas.com\/wp-content\/uploads\/2022\/12\/gradonacelnik-javor-pres12decembar-1.jpg\"><img loading=\"lazy\" decoding=\"async\" src=\"https:\/\/www.prijedordanas.com\/wp-content\/uploads\/2022\/12\/gradonacelnik-javor-pres12decembar-1-300x225.jpg\" alt=\"\" width=\"300\" height=\"225\" class=\"alignleft size-medium wp-image-196658\" srcset=\"https:\/\/www.prijedordanas.com\/wp-content\/uploads\/2022\/12\/gradonacelnik-javor-pres12decembar-1-300x225.jpg 300w, https:\/\/www.prijedordanas.com\/wp-content\/uploads\/2022\/12\/gradonacelnik-javor-pres12decembar-1-640x480.jpg 640w, https:\/\/www.prijedordanas.com\/wp-content\/uploads\/2022\/12\/gradonacelnik-javor-pres12decembar-1.jpg 667w\" sizes=\"(max-width: 300px) 100vw, 300px\" \/><\/a>&#8220;Obezbije\u0111en je i telefonski broj 052\/245-180 u Gradskoj upravi, na koji gra\u0111ani mogu da prijave \u0161tetu i dobiju informaciju o radu komisije&#8221;, rekao je on.<\/p>\n<p>Javor je rekao da je \u0161teta velika i tek treba da je procijene stru\u010dne komisije. Procjenjuje se da je preko 200 objekata bilo zaplavljeno, dok je tridesetak ku\u0107a u Topoliku i Vrbicama bilo poplavljeno.<\/p>\n<p>&#8220;Dvadeset godina je ovaj problem prisutan, a tek ove godine je ne\u0161to konkretno ura\u0111eno. Imali smo dijelom \u010di\u0161\u0107enje i ure\u0111enje obale Milo\u0161evice i finansijsku pomo\u0107 Grada na\u0161im sugra\u0111anima koji su pretrpjeli \u0161tete od poplava&#8221;, rekao je Javor.<\/p>\n<p>On je ponovio da Gradska uprava nije mogla uticati na procedure za kredite Evropske investicione banke iz kojih \u0107e se finansirati radovi na rijeci Milo\u0161evici vrijedni 3,6 miliona maraka, koji se odnose na \u010di\u0161\u0107enje korita i izgradnju potpornog zida.<\/p>\n<p>Prema njegovim rije\u010dima, nakon Milo\u0161evice uslijedi\u0107e radovi na Gomjenici, uzvodno prema ribnjaku, a u pitanju su radovi vrijedni 4,5 miliona maraka.<\/p>\n<p>On se zahvalio predsjedniku i premijeru Republike Srpske Miloradu Dodiku i Radovanu Vi\u0161kovi\u0107u koji su, kako je rekao, ponudili sve resurse, stavili se na raspolaganje i najavili pomo\u0107 Vlade koja se o\u010dekuje u toku ove sedmice.<\/p>\n<p>Vodostaj rijeke Sane u Prijedoru je u padu i voda iz poplavljenih i zaplavljenih dijelova grada, a procjena je da je oko 200 ku\u0107a bilo zaplavljeno, a 30 poplavljeno samo u naseljima Topolik i Vrbice.<\/p>\n<p><a href=\"https:\/\/www.prijedorgrad.org\/sr-EU\/vijesti-sadrzaj.html?vid=16857\" target=\"_blank\" rel=\"noopener\">prijedorgrad.org<\/a><\/p>\n","protected":false},"excerpt":{"rendered":"<p>Gradona\u010delnik Prijedora Slobodan Javor je na dana\u0161njoj pres konferenciji izjavio da je formirano trinaest komisija koje \u0107e se baviti procjenom \u0161tete od poplava koje su proteklog vikenda pogodile Prijedor. &#8220;Od [&hellip;]<\/p>\n","protected":false},"author":1,"featured_media":0,"comment_status":"closed","ping_status":"open","sticky":false,"template":"","format":"standard","meta":{"_monsterinsights_skip_tracking":false,"_monsterinsights_sitenote_active":false,"_monsterinsights_sitenote_note":"","_monsterinsights_sitenote_category":0,"footnotes":""},"categories":[4],"tags":[],"yoast_head":"<!-- This site is optimized with the Yoast SEO plugin v21.6 - https:\/\/yoast.com\/wordpress\/plugins\/seo\/ -->\n<title>Gradona\u010delnik Javor: Voda se povukla, formirano 13 komisija za procjenu \u0161tete - PrijedorDanas.com - Prijedorski gradski portal<\/title>\n<meta name=\"robots\" content=\"index, follow, max-snippet:-1, max-image-preview:large, max-video-preview:-1\" \/>\n<link rel=\"canonical\" href=\"https:\/\/www.prijedordanas.com\/?p=196656\" \/>\n<meta property=\"og:locale\" content=\"en_US\" \/>\n<meta property=\"og:type\" content=\"article\" \/>\n<meta property=\"og:title\" content=\"Gradona\u010delnik Javor: Voda se povukla, formirano 13 komisija za procjenu \u0161tete - PrijedorDanas.com - Prijedorski gradski portal\" \/>\n<meta property=\"og:description\" content=\"Gradona\u010delnik Prijedora Slobodan Javor je na dana\u0161njoj pres konferenciji izjavio da je formirano trinaest komisija koje \u0107e se baviti procjenom \u0161tete od poplava koje su proteklog vikenda pogodile Prijedor. &#8220;Od [&hellip;]\" \/>\n<meta property=\"og:url\" content=\"https:\/\/www.prijedordanas.com\/?p=196656\" \/>\n<meta property=\"og:site_name\" content=\"PrijedorDanas.com - Prijedorski gradski portal\" \/>\n<meta property=\"article:publisher\" content=\"https:\/\/www.facebook.com\/PrijedorDanasCom\/\" \/>\n<meta property=\"article:published_time\" content=\"2022-12-12T15:38:33+00:00\" \/>\n<meta property=\"og:image\" content=\"https:\/\/www.prijedordanas.com\/wp-content\/uploads\/2022\/12\/gradonacelnik-javor-pres12decembar-3-300x225.jpg\" \/>\n<meta name=\"author\" content=\"admin\" \/>\n<meta name=\"twitter:card\" content=\"summary_large_image\" \/>\n<meta name=\"twitter:label1\" content=\"Written by\" \/>\n\t<meta name=\"twitter:data1\" content=\"admin\" \/>\n\t<meta name=\"twitter:label2\" content=\"Est. reading time\" \/>\n\t<meta name=\"twitter:data2\" content=\"2 minutes\" \/>\n<script type=\"application\/ld+json\" class=\"yoast-schema-graph\">{\"@context\":\"https:\/\/schema.org\",\"@graph\":[{\"@type\":\"Article\",\"@id\":\"https:\/\/www.prijedordanas.com\/?p=196656#article\",\"isPartOf\":{\"@id\":\"https:\/\/www.prijedordanas.com\/?p=196656\"},\"author\":{\"name\":\"admin\",\"@id\":\"https:\/\/www.prijedordanas.com\/#\/schema\/person\/4e08ccf29b506ca916ff86d46bb700e6\"},\"headline\":\"Gradona\u010delnik Javor: Voda se povukla, formirano 13 komisija za procjenu \u0161tete\",\"datePublished\":\"2022-12-12T15:38:33+00:00\",\"dateModified\":\"2022-12-12T15:38:33+00:00\",\"mainEntityOfPage\":{\"@id\":\"https:\/\/www.prijedordanas.com\/?p=196656\"},\"wordCount\":406,\"publisher\":{\"@id\":\"https:\/\/www.prijedordanas.com\/#organization\"},\"articleSection\":[\"Dru\u0161tvo\"],\"inLanguage\":\"en-US\"},{\"@type\":\"WebPage\",\"@id\":\"https:\/\/www.prijedordanas.com\/?p=196656\",\"url\":\"https:\/\/www.prijedordanas.com\/?p=196656\",\"name\":\"Gradona\u010delnik Javor: Voda se povukla, formirano 13 komisija za procjenu \u0161tete - PrijedorDanas.com - Prijedorski gradski portal\",\"isPartOf\":{\"@id\":\"https:\/\/www.prijedordanas.com\/#website\"},\"datePublished\":\"2022-12-12T15:38:33+00:00\",\"dateModified\":\"2022-12-12T15:38:33+00:00\",\"breadcrumb\":{\"@id\":\"https:\/\/www.prijedordanas.com\/?p=196656#breadcrumb\"},\"inLanguage\":\"en-US\",\"potentialAction\":[{\"@type\":\"ReadAction\",\"target\":[\"https:\/\/www.prijedordanas.com\/?p=196656\"]}]},{\"@type\":\"BreadcrumbList\",\"@id\":\"https:\/\/www.prijedordanas.com\/?p=196656#breadcrumb\",\"itemListElement\":[{\"@type\":\"ListItem\",\"position\":1,\"name\":\"Home\",\"item\":\"https:\/\/www.prijedordanas.com\/\"},{\"@type\":\"ListItem\",\"position\":2,\"name\":\"Gradona\u010delnik Javor: Voda se povukla, formirano 13 komisija za procjenu \u0161tete\"}]},{\"@type\":\"WebSite\",\"@id\":\"https:\/\/www.prijedordanas.com\/#website\",\"url\":\"https:\/\/www.prijedordanas.com\/\",\"name\":\"PrijedorDanas.com - Prijedorski gradski portal\",\"description\":\"Portal o doga\u0111anjima u gradu Prijedoru\",\"publisher\":{\"@id\":\"https:\/\/www.prijedordanas.com\/#organization\"},\"potentialAction\":[{\"@type\":\"SearchAction\",\"target\":{\"@type\":\"EntryPoint\",\"urlTemplate\":\"https:\/\/www.prijedordanas.com\/?s={search_term_string}\"},\"query-input\":\"required name=search_term_string\"}],\"inLanguage\":\"en-US\"},{\"@type\":\"Organization\",\"@id\":\"https:\/\/www.prijedordanas.com\/#organization\",\"name\":\"PrijedorDanas.com\",\"url\":\"https:\/\/www.prijedordanas.com\/\",\"logo\":{\"@type\":\"ImageObject\",\"inLanguage\":\"en-US\",\"@id\":\"https:\/\/www.prijedordanas.com\/#\/schema\/logo\/image\/\",\"url\":\"http:\/\/www.prijedordanas.com\/wp-content\/uploads\/2021\/12\/logopng.png\",\"contentUrl\":\"http:\/\/www.prijedordanas.com\/wp-content\/uploads\/2021\/12\/logopng.png\",\"width\":1019,\"height\":776,\"caption\":\"PrijedorDanas.com\"},\"image\":{\"@id\":\"https:\/\/www.prijedordanas.com\/#\/schema\/logo\/image\/\"},\"sameAs\":[\"https:\/\/www.facebook.com\/PrijedorDanasCom\/\"]},{\"@type\":\"Person\",\"@id\":\"https:\/\/www.prijedordanas.com\/#\/schema\/person\/4e08ccf29b506ca916ff86d46bb700e6\",\"name\":\"admin\",\"image\":{\"@type\":\"ImageObject\",\"inLanguage\":\"en-US\",\"@id\":\"https:\/\/www.prijedordanas.com\/#\/schema\/person\/image\/\",\"url\":\"https:\/\/secure.gravatar.com\/avatar\/1d3fc949d550f0b53a5f0d51e06dfd79?s=96&d=mm&r=g\",\"contentUrl\":\"https:\/\/secure.gravatar.com\/avatar\/1d3fc949d550f0b53a5f0d51e06dfd79?s=96&d=mm&r=g\",\"caption\":\"admin\"},\"url\":\"https:\/\/www.prijedordanas.com\/?author=1\"}]}<\/script>\n<!-- \/ Yoast SEO plugin. -->","yoast_head_json":{"title":"Gradona\u010delnik Javor: Voda se povukla, formirano 13 komisija za procjenu \u0161tete - PrijedorDanas.com - Prijedorski gradski portal","robots":{"index":"index","follow":"follow","max-snippet":"max-snippet:-1","max-image-preview":"max-image-preview:large","max-video-preview":"max-video-preview:-1"},"canonical":"https:\/\/www.prijedordanas.com\/?p=196656","og_locale":"en_US","og_type":"article","og_title":"Gradona\u010delnik Javor: Voda se povukla, formirano 13 komisija za procjenu \u0161tete - PrijedorDanas.com - Prijedorski gradski portal","og_description":"Gradona\u010delnik Prijedora Slobodan Javor je na dana\u0161njoj pres konferenciji izjavio da je formirano trinaest komisija koje \u0107e se baviti procjenom \u0161tete od poplava koje su proteklog vikenda pogodile Prijedor. &#8220;Od [&hellip;]","og_url":"https:\/\/www.prijedordanas.com\/?p=196656","og_site_name":"PrijedorDanas.com - Prijedorski gradski portal","article_publisher":"https:\/\/www.facebook.com\/PrijedorDanasCom\/","article_published_time":"2022-12-12T15:38:33+00:00","og_image":[{"url":"https:\/\/www.prijedordanas.com\/wp-content\/uploads\/2022\/12\/gradonacelnik-javor-pres12decembar-3-300x225.jpg"}],"author":"admin","twitter_card":"summary_large_image","twitter_misc":{"Written by":"admin","Est. reading time":"2 minutes"},"schema":{"@context":"https:\/\/schema.org","@graph":[{"@type":"Article","@id":"https:\/\/www.prijedordanas.com\/?p=196656#article","isPartOf":{"@id":"https:\/\/www.prijedordanas.com\/?p=196656"},"author":{"name":"admin","@id":"https:\/\/www.prijedordanas.com\/#\/schema\/person\/4e08ccf29b506ca916ff86d46bb700e6"},"headline":"Gradona\u010delnik Javor: Voda se povukla, formirano 13 komisija za procjenu \u0161tete","datePublished":"2022-12-12T15:38:33+00:00","dateModified":"2022-12-12T15:38:33+00:00","mainEntityOfPage":{"@id":"https:\/\/www.prijedordanas.com\/?p=196656"},"wordCount":406,"publisher":{"@id":"https:\/\/www.prijedordanas.com\/#organization"},"articleSection":["Dru\u0161tvo"],"inLanguage":"en-US"},{"@type":"WebPage","@id":"https:\/\/www.prijedordanas.com\/?p=196656","url":"https:\/\/www.prijedordanas.com\/?p=196656","name":"Gradona\u010delnik Javor: Voda se povukla, formirano 13 komisija za procjenu \u0161tete - PrijedorDanas.com - Prijedorski gradski portal","isPartOf":{"@id":"https:\/\/www.prijedordanas.com\/#website"},"datePublished":"2022-12-12T15:38:33+00:00","dateModified":"2022-12-12T15:38:33+00:00","breadcrumb":{"@id":"https:\/\/www.prijedordanas.com\/?p=196656#breadcrumb"},"inLanguage":"en-US","potentialAction":[{"@type":"ReadAction","target":["https:\/\/www.prijedordanas.com\/?p=196656"]}]},{"@type":"BreadcrumbList","@id":"https:\/\/www.prijedordanas.com\/?p=196656#breadcrumb","itemListElement":[{"@type":"ListItem","position":1,"name":"Home","item":"https:\/\/www.prijedordanas.com\/"},{"@type":"ListItem","position":2,"name":"Gradona\u010delnik Javor: Voda se povukla, formirano 13 komisija za procjenu \u0161tete"}]},{"@type":"WebSite","@id":"https:\/\/www.prijedordanas.com\/#website","url":"https:\/\/www.prijedordanas.com\/","name":"PrijedorDanas.com - Prijedorski gradski portal","description":"Portal o doga\u0111anjima u gradu Prijedoru","publisher":{"@id":"https:\/\/www.prijedordanas.com\/#organization"},"potentialAction":[{"@type":"SearchAction","target":{"@type":"EntryPoint","urlTemplate":"https:\/\/www.prijedordanas.com\/?s={search_term_string}"},"query-input":"required name=search_term_string"}],"inLanguage":"en-US"},{"@type":"Organization","@id":"https:\/\/www.prijedordanas.com\/#organization","name":"PrijedorDanas.com","url":"https:\/\/www.prijedordanas.com\/","logo":{"@type":"ImageObject","inLanguage":"en-US","@id":"https:\/\/www.prijedordanas.com\/#\/schema\/logo\/image\/","url":"http:\/\/www.prijedordanas.com\/wp-content\/uploads\/2021\/12\/logopng.png","contentUrl":"http:\/\/www.prijedordanas.com\/wp-content\/uploads\/2021\/12\/logopng.png","width":1019,"height":776,"caption":"PrijedorDanas.com"},"image":{"@id":"https:\/\/www.prijedordanas.com\/#\/schema\/logo\/image\/"},"sameAs":["https:\/\/www.facebook.com\/PrijedorDanasCom\/"]},{"@type":"Person","@id":"https:\/\/www.prijedordanas.com\/#\/schema\/person\/4e08ccf29b506ca916ff86d46bb700e6","name":"admin","image":{"@type":"ImageObject","inLanguage":"en-US","@id":"https:\/\/www.prijedordanas.com\/#\/schema\/person\/image\/","url":"https:\/\/secure.gravatar.com\/avatar\/1d3fc949d550f0b53a5f0d51e06dfd79?s=96&d=mm&r=g","contentUrl":"https:\/\/secure.gravatar.com\/avatar\/1d3fc949d550f0b53a5f0d51e06dfd79?s=96&d=mm&r=g","caption":"admin"},"url":"https:\/\/www.prijedordanas.com\/?author=1"}]}},"_links":{"self":[{"href":"https:\/\/www.prijedordanas.com\/index.php?rest_route=\/wp\/v2\/posts\/196656"}],"collection":[{"href":"https:\/\/www.prijedordanas.com\/index.php?rest_route=\/wp\/v2\/posts"}],"about":[{"href":"https:\/\/www.prijedordanas.com\/index.php?rest_route=\/wp\/v2\/types\/post"}],"author":[{"embeddable":true,"href":"https:\/\/www.prijedordanas.com\/index.php?rest_route=\/wp\/v2\/users\/1"}],"replies":[{"embeddable":true,"href":"https:\/\/www.prijedordanas.com\/index.php?rest_route=%2Fwp%2Fv2%2Fcomments&post=196656"}],"version-history":[{"count":1,"href":"https:\/\/www.prijedordanas.com\/index.php?rest_route=\/wp\/v2\/posts\/196656\/revisions"}],"predecessor-version":[{"id":196659,"href":"https:\/\/www.prijedordanas.com\/index.php?rest_route=\/wp\/v2\/posts\/196656\/revisions\/196659"}],"wp:attachment":[{"href":"https:\/\/www.prijedordanas.com\/index.php?rest_route=%2Fwp%2Fv2%2Fmedia&parent=196656"}],"wp:term":[{"taxonomy":"category","embeddable":true,"href":"https:\/\/www.prijedordanas.com\/index.php?rest_route=%2Fwp%2Fv2%2Fcategories&post=196656"},{"taxonomy":"post_tag","embeddable":true,"href":"https:\/\/www.prijedordanas.com\/index.php?rest_route=%2Fwp%2Fv2%2Ftags&post=196656"}],"curies":[{"name":"wp","href":"https:\/\/api.w.org\/{rel}","templated":true}]}}