{"id":196126,"date":"2022-11-04T19:00:52","date_gmt":"2022-11-04T18:00:52","guid":{"rendered":"https:\/\/www.prijedordanas.com\/?p=196126"},"modified":"2022-12-06T01:03:54","modified_gmt":"2022-12-06T00:03:54","slug":"savez-invalida-rada-grada-prijedora-pomoc-za-35-najugrozenijih-clanova","status":"publish","type":"post","link":"https:\/\/www.prijedordanas.com\/?p=196126","title":{"rendered":"Savez invalida rada grada Prijedora: Pomo\u0107 za 35 najugro\u017eenijih \u010dlanova"},"content":{"rendered":"<p><a href=\"https:\/\/www.prijedordanas.com\/wp-content\/uploads\/2022\/12\/kozarski-savez-invalida-rada-prijedor-pomoc.jpg\"><img loading=\"lazy\" decoding=\"async\" src=\"https:\/\/www.prijedordanas.com\/wp-content\/uploads\/2022\/12\/kozarski-savez-invalida-rada-prijedor-pomoc-300x225.jpg\" alt=\"\" width=\"300\" height=\"225\" class=\"alignleft size-medium wp-image-196127\" srcset=\"https:\/\/www.prijedordanas.com\/wp-content\/uploads\/2022\/12\/kozarski-savez-invalida-rada-prijedor-pomoc-300x225.jpg 300w, https:\/\/www.prijedordanas.com\/wp-content\/uploads\/2022\/12\/kozarski-savez-invalida-rada-prijedor-pomoc-640x480.jpg 640w, https:\/\/www.prijedordanas.com\/wp-content\/uploads\/2022\/12\/kozarski-savez-invalida-rada-prijedor-pomoc.jpg 667w\" sizes=\"(max-width: 300px) 100vw, 300px\" \/><\/a>Pakete sa prehrambenim i higijenskim potrep\u0161tinama danas je dobilo 18, a jednokratnu nov\u010danu pomo\u0107 17 najugro\u017eenijih \u010dlanova Saveza invalida rada grada Prijedora.<\/p>\n<p>Najve\u0107i problem invalida rada su niska primanja, a najvi\u0161e sredstava tro\u0161e na zdravstvenu za\u0161titu. Zato im, kako ka\u017eu, svaka pomo\u0107, naro\u010dito u ovim te\u0161kim vremenima, dobro do\u0111e. \u201cMale su penzije, tako da koliko god pomo\u0107i dobijemo, mnogo nam zna\u010di\u201d, ka\u017ee Du\u0161an Kuni\u0107.<\/p>\n<p>Ovo je tradicionalna aktivnost koju sprovode u Savezu invalida rada grada Prijedora. Ove godine sredstva za pakete i nov\u010danu pomo\u0107 invalidima rada obezbije\u0111ena su zahvaljuju\u0107i Gradskoj upravi Prijedor.<\/p>\n<p>\u201cMnogo je \u010dlanova sa najni\u017eim penzijama, zato se svake godine trudimo da obezbijedimo sredstva za ovu namjenu i da pomognemo koliko mo\u017eemo. Jer njima je u svakom trenutku ova pomo\u0107 dobrodo\u0161la\u201d, rekao je Radovan \u010ceti\u0107, vr\u0161ilac du\u017enosti sekretara Saveza invalida rada grada Prijedora.<\/p>\n<p>Savez invalida rada grada Prijedora broji 532 \u010dlana.<\/p>\n<p>kozarski.com<\/p>\n","protected":false},"excerpt":{"rendered":"<p>Pakete sa prehrambenim i higijenskim potrep\u0161tinama danas je dobilo 18, a jednokratnu nov\u010danu pomo\u0107 17 najugro\u017eenijih \u010dlanova Saveza invalida rada grada Prijedora. Najve\u0107i problem invalida rada su niska primanja, a [&hellip;]<\/p>\n","protected":false},"author":1,"featured_media":0,"comment_status":"closed","ping_status":"open","sticky":false,"template":"","format":"standard","meta":{"_monsterinsights_skip_tracking":false,"_monsterinsights_sitenote_active":false,"_monsterinsights_sitenote_note":"","_monsterinsights_sitenote_category":0,"footnotes":""},"categories":[8],"tags":[],"yoast_head":"<!-- This site is optimized with the Yoast SEO plugin v21.6 - https:\/\/yoast.com\/wordpress\/plugins\/seo\/ -->\n<title>Savez invalida rada grada Prijedora: Pomo\u0107 za 35 najugro\u017eenijih \u010dlanova - PrijedorDanas.com - Prijedorski gradski portal<\/title>\n<meta name=\"robots\" content=\"index, follow, max-snippet:-1, max-image-preview:large, max-video-preview:-1\" \/>\n<link rel=\"canonical\" href=\"https:\/\/www.prijedordanas.com\/?p=196126\" \/>\n<meta property=\"og:locale\" content=\"en_US\" \/>\n<meta property=\"og:type\" content=\"article\" \/>\n<meta property=\"og:title\" content=\"Savez invalida rada grada Prijedora: Pomo\u0107 za 35 najugro\u017eenijih \u010dlanova - PrijedorDanas.com - Prijedorski gradski portal\" \/>\n<meta property=\"og:description\" content=\"Pakete sa prehrambenim i higijenskim potrep\u0161tinama danas je dobilo 18, a jednokratnu nov\u010danu pomo\u0107 17 najugro\u017eenijih \u010dlanova Saveza invalida rada grada Prijedora. Najve\u0107i problem invalida rada su niska primanja, a [&hellip;]\" \/>\n<meta property=\"og:url\" content=\"https:\/\/www.prijedordanas.com\/?p=196126\" \/>\n<meta property=\"og:site_name\" content=\"PrijedorDanas.com - Prijedorski gradski portal\" \/>\n<meta property=\"article:publisher\" content=\"https:\/\/www.facebook.com\/PrijedorDanasCom\/\" \/>\n<meta property=\"article:published_time\" content=\"2022-11-04T18:00:52+00:00\" \/>\n<meta property=\"article:modified_time\" content=\"2022-12-06T00:03:54+00:00\" \/>\n<meta property=\"og:image\" content=\"https:\/\/www.prijedordanas.com\/wp-content\/uploads\/2022\/12\/kozarski-savez-invalida-rada-prijedor-pomoc-300x225.jpg\" \/>\n<meta name=\"author\" content=\"admin\" \/>\n<meta name=\"twitter:card\" content=\"summary_large_image\" \/>\n<meta name=\"twitter:label1\" content=\"Written by\" \/>\n\t<meta name=\"twitter:data1\" content=\"admin\" \/>\n<script type=\"application\/ld+json\" class=\"yoast-schema-graph\">{\"@context\":\"https:\/\/schema.org\",\"@graph\":[{\"@type\":\"Article\",\"@id\":\"https:\/\/www.prijedordanas.com\/?p=196126#article\",\"isPartOf\":{\"@id\":\"https:\/\/www.prijedordanas.com\/?p=196126\"},\"author\":{\"name\":\"admin\",\"@id\":\"https:\/\/www.prijedordanas.com\/#\/schema\/person\/4e08ccf29b506ca916ff86d46bb700e6\"},\"headline\":\"Savez invalida rada grada Prijedora: Pomo\u0107 za 35 najugro\u017eenijih \u010dlanova\",\"datePublished\":\"2022-11-04T18:00:52+00:00\",\"dateModified\":\"2022-12-06T00:03:54+00:00\",\"mainEntityOfPage\":{\"@id\":\"https:\/\/www.prijedordanas.com\/?p=196126\"},\"wordCount\":175,\"publisher\":{\"@id\":\"https:\/\/www.prijedordanas.com\/#organization\"},\"articleSection\":[\"Svakodnevno\"],\"inLanguage\":\"en-US\"},{\"@type\":\"WebPage\",\"@id\":\"https:\/\/www.prijedordanas.com\/?p=196126\",\"url\":\"https:\/\/www.prijedordanas.com\/?p=196126\",\"name\":\"Savez invalida rada grada Prijedora: Pomo\u0107 za 35 najugro\u017eenijih \u010dlanova - PrijedorDanas.com - Prijedorski gradski portal\",\"isPartOf\":{\"@id\":\"https:\/\/www.prijedordanas.com\/#website\"},\"datePublished\":\"2022-11-04T18:00:52+00:00\",\"dateModified\":\"2022-12-06T00:03:54+00:00\",\"breadcrumb\":{\"@id\":\"https:\/\/www.prijedordanas.com\/?p=196126#breadcrumb\"},\"inLanguage\":\"en-US\",\"potentialAction\":[{\"@type\":\"ReadAction\",\"target\":[\"https:\/\/www.prijedordanas.com\/?p=196126\"]}]},{\"@type\":\"BreadcrumbList\",\"@id\":\"https:\/\/www.prijedordanas.com\/?p=196126#breadcrumb\",\"itemListElement\":[{\"@type\":\"ListItem\",\"position\":1,\"name\":\"Home\",\"item\":\"https:\/\/www.prijedordanas.com\/\"},{\"@type\":\"ListItem\",\"position\":2,\"name\":\"Savez invalida rada grada Prijedora: Pomo\u0107 za 35 najugro\u017eenijih \u010dlanova\"}]},{\"@type\":\"WebSite\",\"@id\":\"https:\/\/www.prijedordanas.com\/#website\",\"url\":\"https:\/\/www.prijedordanas.com\/\",\"name\":\"PrijedorDanas.com - Prijedorski gradski portal\",\"description\":\"Portal o doga\u0111anjima u gradu Prijedoru\",\"publisher\":{\"@id\":\"https:\/\/www.prijedordanas.com\/#organization\"},\"potentialAction\":[{\"@type\":\"SearchAction\",\"target\":{\"@type\":\"EntryPoint\",\"urlTemplate\":\"https:\/\/www.prijedordanas.com\/?s={search_term_string}\"},\"query-input\":\"required name=search_term_string\"}],\"inLanguage\":\"en-US\"},{\"@type\":\"Organization\",\"@id\":\"https:\/\/www.prijedordanas.com\/#organization\",\"name\":\"PrijedorDanas.com\",\"url\":\"https:\/\/www.prijedordanas.com\/\",\"logo\":{\"@type\":\"ImageObject\",\"inLanguage\":\"en-US\",\"@id\":\"https:\/\/www.prijedordanas.com\/#\/schema\/logo\/image\/\",\"url\":\"http:\/\/www.prijedordanas.com\/wp-content\/uploads\/2021\/12\/logopng.png\",\"contentUrl\":\"http:\/\/www.prijedordanas.com\/wp-content\/uploads\/2021\/12\/logopng.png\",\"width\":1019,\"height\":776,\"caption\":\"PrijedorDanas.com\"},\"image\":{\"@id\":\"https:\/\/www.prijedordanas.com\/#\/schema\/logo\/image\/\"},\"sameAs\":[\"https:\/\/www.facebook.com\/PrijedorDanasCom\/\"]},{\"@type\":\"Person\",\"@id\":\"https:\/\/www.prijedordanas.com\/#\/schema\/person\/4e08ccf29b506ca916ff86d46bb700e6\",\"name\":\"admin\",\"image\":{\"@type\":\"ImageObject\",\"inLanguage\":\"en-US\",\"@id\":\"https:\/\/www.prijedordanas.com\/#\/schema\/person\/image\/\",\"url\":\"https:\/\/secure.gravatar.com\/avatar\/1d3fc949d550f0b53a5f0d51e06dfd79?s=96&d=mm&r=g\",\"contentUrl\":\"https:\/\/secure.gravatar.com\/avatar\/1d3fc949d550f0b53a5f0d51e06dfd79?s=96&d=mm&r=g\",\"caption\":\"admin\"},\"url\":\"https:\/\/www.prijedordanas.com\/?author=1\"}]}<\/script>\n<!-- \/ Yoast SEO plugin. -->","yoast_head_json":{"title":"Savez invalida rada grada Prijedora: Pomo\u0107 za 35 najugro\u017eenijih \u010dlanova - PrijedorDanas.com - Prijedorski gradski portal","robots":{"index":"index","follow":"follow","max-snippet":"max-snippet:-1","max-image-preview":"max-image-preview:large","max-video-preview":"max-video-preview:-1"},"canonical":"https:\/\/www.prijedordanas.com\/?p=196126","og_locale":"en_US","og_type":"article","og_title":"Savez invalida rada grada Prijedora: Pomo\u0107 za 35 najugro\u017eenijih \u010dlanova - PrijedorDanas.com - Prijedorski gradski portal","og_description":"Pakete sa prehrambenim i higijenskim potrep\u0161tinama danas je dobilo 18, a jednokratnu nov\u010danu pomo\u0107 17 najugro\u017eenijih \u010dlanova Saveza invalida rada grada Prijedora. Najve\u0107i problem invalida rada su niska primanja, a [&hellip;]","og_url":"https:\/\/www.prijedordanas.com\/?p=196126","og_site_name":"PrijedorDanas.com - Prijedorski gradski portal","article_publisher":"https:\/\/www.facebook.com\/PrijedorDanasCom\/","article_published_time":"2022-11-04T18:00:52+00:00","article_modified_time":"2022-12-06T00:03:54+00:00","og_image":[{"url":"https:\/\/www.prijedordanas.com\/wp-content\/uploads\/2022\/12\/kozarski-savez-invalida-rada-prijedor-pomoc-300x225.jpg"}],"author":"admin","twitter_card":"summary_large_image","twitter_misc":{"Written by":"admin"},"schema":{"@context":"https:\/\/schema.org","@graph":[{"@type":"Article","@id":"https:\/\/www.prijedordanas.com\/?p=196126#article","isPartOf":{"@id":"https:\/\/www.prijedordanas.com\/?p=196126"},"author":{"name":"admin","@id":"https:\/\/www.prijedordanas.com\/#\/schema\/person\/4e08ccf29b506ca916ff86d46bb700e6"},"headline":"Savez invalida rada grada Prijedora: Pomo\u0107 za 35 najugro\u017eenijih \u010dlanova","datePublished":"2022-11-04T18:00:52+00:00","dateModified":"2022-12-06T00:03:54+00:00","mainEntityOfPage":{"@id":"https:\/\/www.prijedordanas.com\/?p=196126"},"wordCount":175,"publisher":{"@id":"https:\/\/www.prijedordanas.com\/#organization"},"articleSection":["Svakodnevno"],"inLanguage":"en-US"},{"@type":"WebPage","@id":"https:\/\/www.prijedordanas.com\/?p=196126","url":"https:\/\/www.prijedordanas.com\/?p=196126","name":"Savez invalida rada grada Prijedora: Pomo\u0107 za 35 najugro\u017eenijih \u010dlanova - PrijedorDanas.com - Prijedorski gradski portal","isPartOf":{"@id":"https:\/\/www.prijedordanas.com\/#website"},"datePublished":"2022-11-04T18:00:52+00:00","dateModified":"2022-12-06T00:03:54+00:00","breadcrumb":{"@id":"https:\/\/www.prijedordanas.com\/?p=196126#breadcrumb"},"inLanguage":"en-US","potentialAction":[{"@type":"ReadAction","target":["https:\/\/www.prijedordanas.com\/?p=196126"]}]},{"@type":"BreadcrumbList","@id":"https:\/\/www.prijedordanas.com\/?p=196126#breadcrumb","itemListElement":[{"@type":"ListItem","position":1,"name":"Home","item":"https:\/\/www.prijedordanas.com\/"},{"@type":"ListItem","position":2,"name":"Savez invalida rada grada Prijedora: Pomo\u0107 za 35 najugro\u017eenijih \u010dlanova"}]},{"@type":"WebSite","@id":"https:\/\/www.prijedordanas.com\/#website","url":"https:\/\/www.prijedordanas.com\/","name":"PrijedorDanas.com - Prijedorski gradski portal","description":"Portal o doga\u0111anjima u gradu Prijedoru","publisher":{"@id":"https:\/\/www.prijedordanas.com\/#organization"},"potentialAction":[{"@type":"SearchAction","target":{"@type":"EntryPoint","urlTemplate":"https:\/\/www.prijedordanas.com\/?s={search_term_string}"},"query-input":"required name=search_term_string"}],"inLanguage":"en-US"},{"@type":"Organization","@id":"https:\/\/www.prijedordanas.com\/#organization","name":"PrijedorDanas.com","url":"https:\/\/www.prijedordanas.com\/","logo":{"@type":"ImageObject","inLanguage":"en-US","@id":"https:\/\/www.prijedordanas.com\/#\/schema\/logo\/image\/","url":"http:\/\/www.prijedordanas.com\/wp-content\/uploads\/2021\/12\/logopng.png","contentUrl":"http:\/\/www.prijedordanas.com\/wp-content\/uploads\/2021\/12\/logopng.png","width":1019,"height":776,"caption":"PrijedorDanas.com"},"image":{"@id":"https:\/\/www.prijedordanas.com\/#\/schema\/logo\/image\/"},"sameAs":["https:\/\/www.facebook.com\/PrijedorDanasCom\/"]},{"@type":"Person","@id":"https:\/\/www.prijedordanas.com\/#\/schema\/person\/4e08ccf29b506ca916ff86d46bb700e6","name":"admin","image":{"@type":"ImageObject","inLanguage":"en-US","@id":"https:\/\/www.prijedordanas.com\/#\/schema\/person\/image\/","url":"https:\/\/secure.gravatar.com\/avatar\/1d3fc949d550f0b53a5f0d51e06dfd79?s=96&d=mm&r=g","contentUrl":"https:\/\/secure.gravatar.com\/avatar\/1d3fc949d550f0b53a5f0d51e06dfd79?s=96&d=mm&r=g","caption":"admin"},"url":"https:\/\/www.prijedordanas.com\/?author=1"}]}},"_links":{"self":[{"href":"https:\/\/www.prijedordanas.com\/index.php?rest_route=\/wp\/v2\/posts\/196126"}],"collection":[{"href":"https:\/\/www.prijedordanas.com\/index.php?rest_route=\/wp\/v2\/posts"}],"about":[{"href":"https:\/\/www.prijedordanas.com\/index.php?rest_route=\/wp\/v2\/types\/post"}],"author":[{"embeddable":true,"href":"https:\/\/www.prijedordanas.com\/index.php?rest_route=\/wp\/v2\/users\/1"}],"replies":[{"embeddable":true,"href":"https:\/\/www.prijedordanas.com\/index.php?rest_route=%2Fwp%2Fv2%2Fcomments&post=196126"}],"version-history":[{"count":1,"href":"https:\/\/www.prijedordanas.com\/index.php?rest_route=\/wp\/v2\/posts\/196126\/revisions"}],"predecessor-version":[{"id":196128,"href":"https:\/\/www.prijedordanas.com\/index.php?rest_route=\/wp\/v2\/posts\/196126\/revisions\/196128"}],"wp:attachment":[{"href":"https:\/\/www.prijedordanas.com\/index.php?rest_route=%2Fwp%2Fv2%2Fmedia&parent=196126"}],"wp:term":[{"taxonomy":"category","embeddable":true,"href":"https:\/\/www.prijedordanas.com\/index.php?rest_route=%2Fwp%2Fv2%2Fcategories&post=196126"},{"taxonomy":"post_tag","embeddable":true,"href":"https:\/\/www.prijedordanas.com\/index.php?rest_route=%2Fwp%2Fv2%2Ftags&post=196126"}],"curies":[{"name":"wp","href":"https:\/\/api.w.org\/{rel}","templated":true}]}}