{"id":195873,"date":"2022-12-01T17:13:52","date_gmt":"2022-12-01T16:13:52","guid":{"rendered":"https:\/\/www.prijedordanas.com\/?p=195873"},"modified":"2022-12-01T17:13:52","modified_gmt":"2022-12-01T16:13:52","slug":"advokat-halida-muslimovica-glavni-problem-je-nastupio-zbog-kredita-u-svicarskim-francima","status":"publish","type":"post","link":"https:\/\/www.prijedordanas.com\/?p=195873","title":{"rendered":"Advokat Halida Muslimovi\u0107a: Glavni problem je nastupio zbog kredita u \u0161vicarskim francima"},"content":{"rendered":"<p><a href=\"https:\/\/www.prijedordanas.com\/wp-content\/uploads\/2022\/12\/instagram-halid-muslimovic.jpg\"><img loading=\"lazy\" decoding=\"async\" src=\"https:\/\/www.prijedordanas.com\/wp-content\/uploads\/2022\/12\/instagram-halid-muslimovic-300x225.jpg\" alt=\"\" width=\"300\" height=\"225\" class=\"alignleft size-medium wp-image-195874\" srcset=\"https:\/\/www.prijedordanas.com\/wp-content\/uploads\/2022\/12\/instagram-halid-muslimovic-300x225.jpg 300w, https:\/\/www.prijedordanas.com\/wp-content\/uploads\/2022\/12\/instagram-halid-muslimovic-640x480.jpg 640w, https:\/\/www.prijedordanas.com\/wp-content\/uploads\/2022\/12\/instagram-halid-muslimovic.jpg 667w\" sizes=\"(max-width: 300px) 100vw, 300px\" \/><\/a>Svim povjeriocima bilo je stavljeno na raspravljanje, a oni nisu iskazali interes da pokre\u0107u postupak za pobijanje radnji &#8220;Halixa&#8221;, istakao je Golubovi\u0107<\/p>\n<p>Nakon \u0161to je Okru\u017eni sud u Prijedoru okon\u010dao st\u0435\u010daj u diskografskoj ku\u0107i &#8220;Halix Records ustanovljeno je da su kroz poslove koje je vodio njen vlasnik, pjeva\u010d Halid Muslimovi\u0107, dr\u017eava i povjerioci su ostali &#8220;zakinuti&#8221; za 325.814 maraka.<\/p>\n<p>Povodom ove vijesti kontaktirali smo poznatog pjeva\u010da koji nije imao komentar te nas uputio na advokata Bogdana Golubovi\u0107a koji nam otkriva detalje ovog slu\u010daja.<\/p>\n<p>&#8211; Glavni problem je nastupio zbog kredita u \u0161vicarskim francima, koji je uzet ranije 2007. godine i zbog kretanja \u0161vicarskog franka. Tako smo se upoznali Halid i ja, jer sam poznat advokat u BiH po toj problematici. U pregovorima koji su trajali godinu, uspjeli smo da do\u0111emo do na\u010dina da se iz obezbje\u0111enja, a to je bila nekretnina koja je zalo\u017eena hipotekom, taj hotel o kojem se pi\u0161e, on je prakti\u010dno prodat, i prodajne cijene odnosno kroz kreditiranja kod druge banke izmiren taj kredit u cijelosti samo za cijenu koja je tada bila postignuta s Hypo bankom i na taj na\u010din je zatvoren taj kredit &#8211; rekao je Golubovi\u0107 za &#8220;Avaz&#8221;.<\/p>\n<p><strong><a href=\"https:\/\/www.prijedordanas.com\/?p=195812\" rel=\"noopener\" target=\"_blank\">Uga\u0161ena firma Halida Muslimovi\u0107a, povjerioci ne\u0107e dobiti ni marke<\/a><\/strong><\/p>\n<p>Pjeva\u010dev advokat isti\u010de kako firma sama od sebe nije ni poslovala, te je ve\u0107 tada bila u lo\u0161em poslovanju.<\/p>\n<p>&#8211; On je planirao da radi na studiju \u0161ta ve\u0107, to nije i\u0161lo, jednostavno posao je stao i ostao je taj problem kredita. Kredit je izmiren u cijelosti, preba\u010dena je obaveza koja je ostala na nekome ko je kupio nekretninu i obavezuje se da vra\u0107a taj kredit, a &#8220;Halix&#8221; kao &#8220;Halix&#8221; je miran. A kad je rije\u010d o poreskoj upravi to je obaveza proistekla iz podignutog kredita, pa kad je on zatvoren onda se stvorio kao vi\u0161ak za namirenje poreza, a po\u0161to firma nije radila od 2012. ona nije imala od \u010dega da plati porez koji nije nastao iz prometa ve\u0107 iz tog kredita &#8211; dodao je advokat Muslimovi\u0107a za &#8220;Avaz.<\/p>\n<p>Zakulisna radnja<br \/>\nKad je rije\u010d o gospodinu Balabanu sa njim su kako isti\u010de Golubovi\u0107 imali najvi\u0161e osporavanja ovog predmeta.<\/p>\n<p>&#8211; On je li\u010dno do\u017eivio sve ovo ne znam iz kojeg razloga, ja sam kao advokat htio tu da budem kao profesionalac maksimalno. On je insistirao na tome da je tu neka zakulisna radnja me\u0111utim ja sam rekao sudiji uradite \u0161to mislite, svim ste\u010dajnim povjeriocima je dato pravo bilo ako \u017eele da ospore bilo kakvu radnju. &#8220;Halix records&#8221; je individualno privatno vlasni\u0161tvo Halida Muslimovi\u0107a od 1987. godine i on je to zalo\u017eio za taj kredit koji je podigao &#8220;Halix&#8221; i da ka\u017eem \u017ertvovao za izmirenje tog kredita. Danas je i nama stiglo rije\u0161enje gdje se zatvorio ste\u010dajni postupak jer nema sredstava. Svim povjeriocima je to bilo stavljeno na raspravljanje, a oni nisu iskazali interes da pokre\u0107u postupak za pobijanje radnji &#8220;Halixa&#8221;. Niko nije rekao da \u0107e da pokrene postupak, svi su vidjeli objektivno stanje, niko se nije ponudio a to su bile velike firme, a sudije je rekao nema \u0161ta, zavr\u0161en je postupak &#8211; zaklju\u010dio je Golubovi\u0107.<\/p>\n<p>avaz.ba<\/p>\n","protected":false},"excerpt":{"rendered":"<p>Svim povjeriocima bilo je stavljeno na raspravljanje, a oni nisu iskazali interes da pokre\u0107u postupak za pobijanje radnji &#8220;Halixa&#8221;, istakao je Golubovi\u0107 Nakon \u0161to je Okru\u017eni sud u Prijedoru okon\u010dao [&hellip;]<\/p>\n","protected":false},"author":1,"featured_media":0,"comment_status":"closed","ping_status":"open","sticky":false,"template":"","format":"standard","meta":{"_monsterinsights_skip_tracking":false,"_monsterinsights_sitenote_active":false,"_monsterinsights_sitenote_note":"","_monsterinsights_sitenote_category":0,"footnotes":""},"categories":[8],"tags":[],"yoast_head":"<!-- This site is optimized with the Yoast SEO plugin v21.6 - https:\/\/yoast.com\/wordpress\/plugins\/seo\/ -->\n<title>Advokat Halida Muslimovi\u0107a: Glavni problem je nastupio zbog kredita u \u0161vicarskim francima - PrijedorDanas.com - Prijedorski gradski portal<\/title>\n<meta name=\"robots\" content=\"index, follow, max-snippet:-1, max-image-preview:large, max-video-preview:-1\" \/>\n<link rel=\"canonical\" href=\"https:\/\/www.prijedordanas.com\/?p=195873\" \/>\n<meta property=\"og:locale\" content=\"en_US\" \/>\n<meta property=\"og:type\" content=\"article\" \/>\n<meta property=\"og:title\" content=\"Advokat Halida Muslimovi\u0107a: Glavni problem je nastupio zbog kredita u \u0161vicarskim francima - PrijedorDanas.com - Prijedorski gradski portal\" \/>\n<meta property=\"og:description\" content=\"Svim povjeriocima bilo je stavljeno na raspravljanje, a oni nisu iskazali interes da pokre\u0107u postupak za pobijanje radnji &#8220;Halixa&#8221;, istakao je Golubovi\u0107 Nakon \u0161to je Okru\u017eni sud u Prijedoru okon\u010dao [&hellip;]\" \/>\n<meta property=\"og:url\" content=\"https:\/\/www.prijedordanas.com\/?p=195873\" \/>\n<meta property=\"og:site_name\" content=\"PrijedorDanas.com - Prijedorski gradski portal\" \/>\n<meta property=\"article:publisher\" content=\"https:\/\/www.facebook.com\/PrijedorDanasCom\/\" \/>\n<meta property=\"article:published_time\" content=\"2022-12-01T16:13:52+00:00\" \/>\n<meta property=\"og:image\" content=\"https:\/\/www.prijedordanas.com\/wp-content\/uploads\/2022\/12\/instagram-halid-muslimovic-300x225.jpg\" \/>\n<meta name=\"author\" content=\"admin\" \/>\n<meta name=\"twitter:card\" content=\"summary_large_image\" \/>\n<meta name=\"twitter:label1\" content=\"Written by\" \/>\n\t<meta name=\"twitter:data1\" content=\"admin\" \/>\n<script type=\"application\/ld+json\" class=\"yoast-schema-graph\">{\"@context\":\"https:\/\/schema.org\",\"@graph\":[{\"@type\":\"Article\",\"@id\":\"https:\/\/www.prijedordanas.com\/?p=195873#article\",\"isPartOf\":{\"@id\":\"https:\/\/www.prijedordanas.com\/?p=195873\"},\"author\":{\"name\":\"admin\",\"@id\":\"https:\/\/www.prijedordanas.com\/#\/schema\/person\/4e08ccf29b506ca916ff86d46bb700e6\"},\"headline\":\"Advokat Halida Muslimovi\u0107a: Glavni problem je nastupio zbog kredita u \u0161vicarskim francima\",\"datePublished\":\"2022-12-01T16:13:52+00:00\",\"dateModified\":\"2022-12-01T16:13:52+00:00\",\"mainEntityOfPage\":{\"@id\":\"https:\/\/www.prijedordanas.com\/?p=195873\"},\"wordCount\":574,\"publisher\":{\"@id\":\"https:\/\/www.prijedordanas.com\/#organization\"},\"articleSection\":[\"Svakodnevno\"],\"inLanguage\":\"en-US\"},{\"@type\":\"WebPage\",\"@id\":\"https:\/\/www.prijedordanas.com\/?p=195873\",\"url\":\"https:\/\/www.prijedordanas.com\/?p=195873\",\"name\":\"Advokat Halida Muslimovi\u0107a: Glavni problem je nastupio zbog kredita u \u0161vicarskim francima - PrijedorDanas.com - Prijedorski gradski portal\",\"isPartOf\":{\"@id\":\"https:\/\/www.prijedordanas.com\/#website\"},\"datePublished\":\"2022-12-01T16:13:52+00:00\",\"dateModified\":\"2022-12-01T16:13:52+00:00\",\"breadcrumb\":{\"@id\":\"https:\/\/www.prijedordanas.com\/?p=195873#breadcrumb\"},\"inLanguage\":\"en-US\",\"potentialAction\":[{\"@type\":\"ReadAction\",\"target\":[\"https:\/\/www.prijedordanas.com\/?p=195873\"]}]},{\"@type\":\"BreadcrumbList\",\"@id\":\"https:\/\/www.prijedordanas.com\/?p=195873#breadcrumb\",\"itemListElement\":[{\"@type\":\"ListItem\",\"position\":1,\"name\":\"Home\",\"item\":\"https:\/\/www.prijedordanas.com\/\"},{\"@type\":\"ListItem\",\"position\":2,\"name\":\"Advokat Halida Muslimovi\u0107a: Glavni problem je nastupio zbog kredita u \u0161vicarskim francima\"}]},{\"@type\":\"WebSite\",\"@id\":\"https:\/\/www.prijedordanas.com\/#website\",\"url\":\"https:\/\/www.prijedordanas.com\/\",\"name\":\"PrijedorDanas.com - Prijedorski gradski portal\",\"description\":\"Portal o doga\u0111anjima u gradu Prijedoru\",\"publisher\":{\"@id\":\"https:\/\/www.prijedordanas.com\/#organization\"},\"potentialAction\":[{\"@type\":\"SearchAction\",\"target\":{\"@type\":\"EntryPoint\",\"urlTemplate\":\"https:\/\/www.prijedordanas.com\/?s={search_term_string}\"},\"query-input\":\"required name=search_term_string\"}],\"inLanguage\":\"en-US\"},{\"@type\":\"Organization\",\"@id\":\"https:\/\/www.prijedordanas.com\/#organization\",\"name\":\"PrijedorDanas.com\",\"url\":\"https:\/\/www.prijedordanas.com\/\",\"logo\":{\"@type\":\"ImageObject\",\"inLanguage\":\"en-US\",\"@id\":\"https:\/\/www.prijedordanas.com\/#\/schema\/logo\/image\/\",\"url\":\"http:\/\/www.prijedordanas.com\/wp-content\/uploads\/2021\/12\/logopng.png\",\"contentUrl\":\"http:\/\/www.prijedordanas.com\/wp-content\/uploads\/2021\/12\/logopng.png\",\"width\":1019,\"height\":776,\"caption\":\"PrijedorDanas.com\"},\"image\":{\"@id\":\"https:\/\/www.prijedordanas.com\/#\/schema\/logo\/image\/\"},\"sameAs\":[\"https:\/\/www.facebook.com\/PrijedorDanasCom\/\"]},{\"@type\":\"Person\",\"@id\":\"https:\/\/www.prijedordanas.com\/#\/schema\/person\/4e08ccf29b506ca916ff86d46bb700e6\",\"name\":\"admin\",\"image\":{\"@type\":\"ImageObject\",\"inLanguage\":\"en-US\",\"@id\":\"https:\/\/www.prijedordanas.com\/#\/schema\/person\/image\/\",\"url\":\"https:\/\/secure.gravatar.com\/avatar\/1d3fc949d550f0b53a5f0d51e06dfd79?s=96&d=mm&r=g\",\"contentUrl\":\"https:\/\/secure.gravatar.com\/avatar\/1d3fc949d550f0b53a5f0d51e06dfd79?s=96&d=mm&r=g\",\"caption\":\"admin\"},\"url\":\"https:\/\/www.prijedordanas.com\/?author=1\"}]}<\/script>\n<!-- \/ Yoast SEO plugin. -->","yoast_head_json":{"title":"Advokat Halida Muslimovi\u0107a: Glavni problem je nastupio zbog kredita u \u0161vicarskim francima - PrijedorDanas.com - Prijedorski gradski portal","robots":{"index":"index","follow":"follow","max-snippet":"max-snippet:-1","max-image-preview":"max-image-preview:large","max-video-preview":"max-video-preview:-1"},"canonical":"https:\/\/www.prijedordanas.com\/?p=195873","og_locale":"en_US","og_type":"article","og_title":"Advokat Halida Muslimovi\u0107a: Glavni problem je nastupio zbog kredita u \u0161vicarskim francima - PrijedorDanas.com - Prijedorski gradski portal","og_description":"Svim povjeriocima bilo je stavljeno na raspravljanje, a oni nisu iskazali interes da pokre\u0107u postupak za pobijanje radnji &#8220;Halixa&#8221;, istakao je Golubovi\u0107 Nakon \u0161to je Okru\u017eni sud u Prijedoru okon\u010dao [&hellip;]","og_url":"https:\/\/www.prijedordanas.com\/?p=195873","og_site_name":"PrijedorDanas.com - Prijedorski gradski portal","article_publisher":"https:\/\/www.facebook.com\/PrijedorDanasCom\/","article_published_time":"2022-12-01T16:13:52+00:00","og_image":[{"url":"https:\/\/www.prijedordanas.com\/wp-content\/uploads\/2022\/12\/instagram-halid-muslimovic-300x225.jpg"}],"author":"admin","twitter_card":"summary_large_image","twitter_misc":{"Written by":"admin"},"schema":{"@context":"https:\/\/schema.org","@graph":[{"@type":"Article","@id":"https:\/\/www.prijedordanas.com\/?p=195873#article","isPartOf":{"@id":"https:\/\/www.prijedordanas.com\/?p=195873"},"author":{"name":"admin","@id":"https:\/\/www.prijedordanas.com\/#\/schema\/person\/4e08ccf29b506ca916ff86d46bb700e6"},"headline":"Advokat Halida Muslimovi\u0107a: Glavni problem je nastupio zbog kredita u \u0161vicarskim francima","datePublished":"2022-12-01T16:13:52+00:00","dateModified":"2022-12-01T16:13:52+00:00","mainEntityOfPage":{"@id":"https:\/\/www.prijedordanas.com\/?p=195873"},"wordCount":574,"publisher":{"@id":"https:\/\/www.prijedordanas.com\/#organization"},"articleSection":["Svakodnevno"],"inLanguage":"en-US"},{"@type":"WebPage","@id":"https:\/\/www.prijedordanas.com\/?p=195873","url":"https:\/\/www.prijedordanas.com\/?p=195873","name":"Advokat Halida Muslimovi\u0107a: Glavni problem je nastupio zbog kredita u \u0161vicarskim francima - PrijedorDanas.com - Prijedorski gradski portal","isPartOf":{"@id":"https:\/\/www.prijedordanas.com\/#website"},"datePublished":"2022-12-01T16:13:52+00:00","dateModified":"2022-12-01T16:13:52+00:00","breadcrumb":{"@id":"https:\/\/www.prijedordanas.com\/?p=195873#breadcrumb"},"inLanguage":"en-US","potentialAction":[{"@type":"ReadAction","target":["https:\/\/www.prijedordanas.com\/?p=195873"]}]},{"@type":"BreadcrumbList","@id":"https:\/\/www.prijedordanas.com\/?p=195873#breadcrumb","itemListElement":[{"@type":"ListItem","position":1,"name":"Home","item":"https:\/\/www.prijedordanas.com\/"},{"@type":"ListItem","position":2,"name":"Advokat Halida Muslimovi\u0107a: Glavni problem je nastupio zbog kredita u \u0161vicarskim francima"}]},{"@type":"WebSite","@id":"https:\/\/www.prijedordanas.com\/#website","url":"https:\/\/www.prijedordanas.com\/","name":"PrijedorDanas.com - Prijedorski gradski portal","description":"Portal o doga\u0111anjima u gradu Prijedoru","publisher":{"@id":"https:\/\/www.prijedordanas.com\/#organization"},"potentialAction":[{"@type":"SearchAction","target":{"@type":"EntryPoint","urlTemplate":"https:\/\/www.prijedordanas.com\/?s={search_term_string}"},"query-input":"required name=search_term_string"}],"inLanguage":"en-US"},{"@type":"Organization","@id":"https:\/\/www.prijedordanas.com\/#organization","name":"PrijedorDanas.com","url":"https:\/\/www.prijedordanas.com\/","logo":{"@type":"ImageObject","inLanguage":"en-US","@id":"https:\/\/www.prijedordanas.com\/#\/schema\/logo\/image\/","url":"http:\/\/www.prijedordanas.com\/wp-content\/uploads\/2021\/12\/logopng.png","contentUrl":"http:\/\/www.prijedordanas.com\/wp-content\/uploads\/2021\/12\/logopng.png","width":1019,"height":776,"caption":"PrijedorDanas.com"},"image":{"@id":"https:\/\/www.prijedordanas.com\/#\/schema\/logo\/image\/"},"sameAs":["https:\/\/www.facebook.com\/PrijedorDanasCom\/"]},{"@type":"Person","@id":"https:\/\/www.prijedordanas.com\/#\/schema\/person\/4e08ccf29b506ca916ff86d46bb700e6","name":"admin","image":{"@type":"ImageObject","inLanguage":"en-US","@id":"https:\/\/www.prijedordanas.com\/#\/schema\/person\/image\/","url":"https:\/\/secure.gravatar.com\/avatar\/1d3fc949d550f0b53a5f0d51e06dfd79?s=96&d=mm&r=g","contentUrl":"https:\/\/secure.gravatar.com\/avatar\/1d3fc949d550f0b53a5f0d51e06dfd79?s=96&d=mm&r=g","caption":"admin"},"url":"https:\/\/www.prijedordanas.com\/?author=1"}]}},"_links":{"self":[{"href":"https:\/\/www.prijedordanas.com\/index.php?rest_route=\/wp\/v2\/posts\/195873"}],"collection":[{"href":"https:\/\/www.prijedordanas.com\/index.php?rest_route=\/wp\/v2\/posts"}],"about":[{"href":"https:\/\/www.prijedordanas.com\/index.php?rest_route=\/wp\/v2\/types\/post"}],"author":[{"embeddable":true,"href":"https:\/\/www.prijedordanas.com\/index.php?rest_route=\/wp\/v2\/users\/1"}],"replies":[{"embeddable":true,"href":"https:\/\/www.prijedordanas.com\/index.php?rest_route=%2Fwp%2Fv2%2Fcomments&post=195873"}],"version-history":[{"count":1,"href":"https:\/\/www.prijedordanas.com\/index.php?rest_route=\/wp\/v2\/posts\/195873\/revisions"}],"predecessor-version":[{"id":195875,"href":"https:\/\/www.prijedordanas.com\/index.php?rest_route=\/wp\/v2\/posts\/195873\/revisions\/195875"}],"wp:attachment":[{"href":"https:\/\/www.prijedordanas.com\/index.php?rest_route=%2Fwp%2Fv2%2Fmedia&parent=195873"}],"wp:term":[{"taxonomy":"category","embeddable":true,"href":"https:\/\/www.prijedordanas.com\/index.php?rest_route=%2Fwp%2Fv2%2Fcategories&post=195873"},{"taxonomy":"post_tag","embeddable":true,"href":"https:\/\/www.prijedordanas.com\/index.php?rest_route=%2Fwp%2Fv2%2Ftags&post=195873"}],"curies":[{"name":"wp","href":"https:\/\/api.w.org\/{rel}","templated":true}]}}