{"id":19581,"date":"2015-04-06T16:08:54","date_gmt":"2015-04-06T15:08:54","guid":{"rendered":"https:\/\/www.prijedordanas.com\/?p=19581"},"modified":"2015-04-06T16:08:54","modified_gmt":"2015-04-06T15:08:54","slug":"ugovori-sa-pet-korisnika-za-dovrsetak-izgradnje-kuca","status":"publish","type":"post","link":"https:\/\/www.prijedordanas.com\/?p=19581","title":{"rendered":"UGOVORI SA PET KORISNIKA ZA DOVR\u0160ETAK IZGRADNJE KU\u0106A"},"content":{"rendered":"<p><a href=\"https:\/\/www.prijedordanas.com\/wp-content\/uploads\/2015\/04\/srna-ugovori-za-dovrsetak-kuca-1.jpg\"><img loading=\"lazy\" decoding=\"async\" class=\"alignleft size-medium wp-image-19582\" src=\"https:\/\/www.prijedordanas.com\/wp-content\/uploads\/2015\/04\/srna-ugovori-za-dovrsetak-kuca-1-300x196.jpg\" alt=\"srna-ugovori za dovrsetak kuca (1)\" width=\"300\" height=\"196\" srcset=\"https:\/\/www.prijedordanas.com\/wp-content\/uploads\/2015\/04\/srna-ugovori-za-dovrsetak-kuca-1-300x196.jpg 300w, https:\/\/www.prijedordanas.com\/wp-content\/uploads\/2015\/04\/srna-ugovori-za-dovrsetak-kuca-1.jpg 600w\" sizes=\"(max-width: 300px) 100vw, 300px\" \/><\/a>Gradona\u010delnik Prijedora Marko Pavi\u0107 i predstavnici Ministarstva za izbjeglice i raseljena lica Republike Srpske potpisali su danas u Prijedoru ugovore za dodjelu gra\u0111evinskog materijala i opreme za pet korisnika Regionalnog programa stambenog zbrinjavanja, kao i nov\u010dane pomo\u0107i za ugradnju doniranog materijala, \u010dija je ukupna vrijednost 81.300 KM.<\/p>\n<p>Nakon potpisivanja ugovora, Pavi\u0107 je rekao novinarima da \u0107e ovih pet porodica kona\u010dno rije\u0161iti pitanje stambenog zbrinjavanja.<\/p>\n<p>Razgovarano je i o programu kona\u010dnog zatvaranja kolektivnih centara, koji su ranije zatvoreni, ali su potrebe nezbrinutog stanovni\u0161tva bile takve da su se oni ponovo vratili u neke od njih, naveo je Pavi\u0107.<\/p>\n<p>On je potvrdio da je u tom programu raspu\u0161tanja kolektivnih centara Prijedor dobio 20 stambenih jedinica, da je 16 korisnika ve\u0107 odre\u0111eno, a da \u0107e jo\u0161 \u010detiri biti odre\u0111ena kasnije i da je to vrlo zna\u010dajan program da se kona\u010dno rije\u0161i problem kolektivnih centara.<\/p>\n<p>&#8220;Grad Prijedor je ve\u0107 odredio lokaciju stambenog zbrinjavanja na Pe\u0107anima i snosi\u0107e tro\u0161kove priklju\u010dka zgrade na sve infrastrukturne instalacije koje su potrebne&#8221;, rekao je Pavi\u0107.<\/p>\n<p><a href=\"https:\/\/www.prijedordanas.com\/wp-content\/uploads\/2015\/04\/srna-ugovori-za-dovrsetak-kuca-2.jpg\"><img loading=\"lazy\" decoding=\"async\" src=\"https:\/\/www.prijedordanas.com\/wp-content\/uploads\/2015\/04\/srna-ugovori-za-dovrsetak-kuca-2-300x202.jpg\" alt=\"srna-ugovori za dovrsetak kuca (2)\" width=\"300\" height=\"202\" class=\"alignleft size-medium wp-image-19583\" srcset=\"https:\/\/www.prijedordanas.com\/wp-content\/uploads\/2015\/04\/srna-ugovori-za-dovrsetak-kuca-2-300x202.jpg 300w, https:\/\/www.prijedordanas.com\/wp-content\/uploads\/2015\/04\/srna-ugovori-za-dovrsetak-kuca-2.jpg 600w\" sizes=\"(max-width: 300px) 100vw, 300px\" \/><\/a>On je dodao da je u okviru Regionalnog programa stambenog zbrinjavanja predvi\u0111eno da Prijedor dobije jo\u0161 50 stanova, odnosno 50 korisnika \u0107e dobiti nove stanove koji \u0107e kao i ovi prethodni biti vlasni\u0161tvo grada, a njihovi stanovnici samo korisnici.<\/p>\n<p>Vrijednost ovog projekta je 1,7 miliona evra, od \u010dega je donacija 1.350.000 evra, a ostatak \u0107e kroz rje\u0161avanje infrastrukturnih objekata biti u\u010de\u0161\u0107e grada.<\/p>\n<p>&#8220;Na ovaj na\u010din \u0107emo pomo\u0107i ovom dijelu na\u0161eg stanovni\u0161tva da kona\u010dno rije\u0161i svoje stambeno pitanje&#8221;, istakao je Pavi\u0107.<\/p>\n<p>Pomo\u0107nik ministra za izbjeglice i raseljena lica Nenad \u0110oki\u0107 istakao je da je Regionalni program stambenog zbrinjavanja najve\u0107i program u BiH ra\u0111en na podru\u010dju Republike Srpske, \u010dija je ukupna vrijednost 101 milion evra na nivou BiH, a vrijednost prvog potpprojekta je 2,6 miliona.<\/p>\n<p>&#8220;U Prijedoru je ovo danas bio mali korak, jer je u pitanju pet korisnika kojima je ta vrsta pomo\u0107i odgovarala, budu\u0107i da su imali ve\u0107 zapo\u010dete objekte&#8221;, rekao je \u0110oki\u0107.<\/p>\n<p>On je potvrdio da je ukupna vrijednost projekta raspu\u0161tanja kolektivnih centara u Prijedoru 667.000 evra, od \u010dega je kreditno zadu\u017eenje 540.000 evra, dok \u0107e ostatak biti doprinos grada Prijedora.<\/p>\n<p>SRNA<\/p>\n","protected":false},"excerpt":{"rendered":"<p>Gradona\u010delnik Prijedora Marko Pavi\u0107 i predstavnici Ministarstva za izbjeglice i raseljena lica Republike Srpske potpisali su danas u Prijedoru ugovore za dodjelu gra\u0111evinskog materijala i opreme za pet korisnika Regionalnog [&hellip;]<\/p>\n","protected":false},"author":1,"featured_media":0,"comment_status":"closed","ping_status":"open","sticky":false,"template":"","format":"standard","meta":{"_monsterinsights_skip_tracking":false,"_monsterinsights_sitenote_active":false,"_monsterinsights_sitenote_note":"","_monsterinsights_sitenote_category":0,"footnotes":""},"categories":[4],"tags":[],"yoast_head":"<!-- This site is optimized with the Yoast SEO plugin v21.6 - https:\/\/yoast.com\/wordpress\/plugins\/seo\/ -->\n<title>UGOVORI SA PET KORISNIKA ZA DOVR\u0160ETAK IZGRADNJE KU\u0106A - PrijedorDanas.com - Prijedorski gradski portal<\/title>\n<meta name=\"robots\" content=\"index, follow, max-snippet:-1, max-image-preview:large, max-video-preview:-1\" \/>\n<link rel=\"canonical\" href=\"https:\/\/www.prijedordanas.com\/?p=19581\" \/>\n<meta property=\"og:locale\" content=\"en_US\" \/>\n<meta property=\"og:type\" content=\"article\" \/>\n<meta property=\"og:title\" content=\"UGOVORI SA PET KORISNIKA ZA DOVR\u0160ETAK IZGRADNJE KU\u0106A - PrijedorDanas.com - Prijedorski gradski portal\" \/>\n<meta property=\"og:description\" content=\"Gradona\u010delnik Prijedora Marko Pavi\u0107 i predstavnici Ministarstva za izbjeglice i raseljena lica Republike Srpske potpisali su danas u Prijedoru ugovore za dodjelu gra\u0111evinskog materijala i opreme za pet korisnika Regionalnog [&hellip;]\" \/>\n<meta property=\"og:url\" content=\"https:\/\/www.prijedordanas.com\/?p=19581\" \/>\n<meta property=\"og:site_name\" content=\"PrijedorDanas.com - Prijedorski gradski portal\" \/>\n<meta property=\"article:publisher\" content=\"https:\/\/www.facebook.com\/PrijedorDanasCom\/\" \/>\n<meta property=\"article:published_time\" content=\"2015-04-06T15:08:54+00:00\" \/>\n<meta property=\"og:image\" content=\"https:\/\/www.prijedordanas.com\/wp-content\/uploads\/2015\/04\/srna-ugovori-za-dovrsetak-kuca-1-300x196.jpg\" \/>\n<meta name=\"author\" content=\"admin\" \/>\n<meta name=\"twitter:card\" content=\"summary_large_image\" \/>\n<meta name=\"twitter:label1\" content=\"Written by\" \/>\n\t<meta name=\"twitter:data1\" content=\"admin\" \/>\n\t<meta name=\"twitter:label2\" content=\"Est. reading time\" \/>\n\t<meta name=\"twitter:data2\" content=\"2 minutes\" \/>\n<script type=\"application\/ld+json\" class=\"yoast-schema-graph\">{\"@context\":\"https:\/\/schema.org\",\"@graph\":[{\"@type\":\"Article\",\"@id\":\"https:\/\/www.prijedordanas.com\/?p=19581#article\",\"isPartOf\":{\"@id\":\"https:\/\/www.prijedordanas.com\/?p=19581\"},\"author\":{\"name\":\"admin\",\"@id\":\"https:\/\/www.prijedordanas.com\/#\/schema\/person\/4e08ccf29b506ca916ff86d46bb700e6\"},\"headline\":\"UGOVORI SA PET KORISNIKA ZA DOVR\u0160ETAK IZGRADNJE KU\u0106A\",\"datePublished\":\"2015-04-06T15:08:54+00:00\",\"dateModified\":\"2015-04-06T15:08:54+00:00\",\"mainEntityOfPage\":{\"@id\":\"https:\/\/www.prijedordanas.com\/?p=19581\"},\"wordCount\":386,\"publisher\":{\"@id\":\"https:\/\/www.prijedordanas.com\/#organization\"},\"articleSection\":[\"Dru\u0161tvo\"],\"inLanguage\":\"en-US\"},{\"@type\":\"WebPage\",\"@id\":\"https:\/\/www.prijedordanas.com\/?p=19581\",\"url\":\"https:\/\/www.prijedordanas.com\/?p=19581\",\"name\":\"UGOVORI SA PET KORISNIKA ZA DOVR\u0160ETAK IZGRADNJE KU\u0106A - PrijedorDanas.com - Prijedorski gradski portal\",\"isPartOf\":{\"@id\":\"https:\/\/www.prijedordanas.com\/#website\"},\"datePublished\":\"2015-04-06T15:08:54+00:00\",\"dateModified\":\"2015-04-06T15:08:54+00:00\",\"breadcrumb\":{\"@id\":\"https:\/\/www.prijedordanas.com\/?p=19581#breadcrumb\"},\"inLanguage\":\"en-US\",\"potentialAction\":[{\"@type\":\"ReadAction\",\"target\":[\"https:\/\/www.prijedordanas.com\/?p=19581\"]}]},{\"@type\":\"BreadcrumbList\",\"@id\":\"https:\/\/www.prijedordanas.com\/?p=19581#breadcrumb\",\"itemListElement\":[{\"@type\":\"ListItem\",\"position\":1,\"name\":\"Home\",\"item\":\"https:\/\/www.prijedordanas.com\/\"},{\"@type\":\"ListItem\",\"position\":2,\"name\":\"UGOVORI SA PET KORISNIKA ZA DOVR\u0160ETAK IZGRADNJE KU\u0106A\"}]},{\"@type\":\"WebSite\",\"@id\":\"https:\/\/www.prijedordanas.com\/#website\",\"url\":\"https:\/\/www.prijedordanas.com\/\",\"name\":\"PrijedorDanas.com - Prijedorski gradski portal\",\"description\":\"Portal o doga\u0111anjima u gradu Prijedoru\",\"publisher\":{\"@id\":\"https:\/\/www.prijedordanas.com\/#organization\"},\"potentialAction\":[{\"@type\":\"SearchAction\",\"target\":{\"@type\":\"EntryPoint\",\"urlTemplate\":\"https:\/\/www.prijedordanas.com\/?s={search_term_string}\"},\"query-input\":\"required name=search_term_string\"}],\"inLanguage\":\"en-US\"},{\"@type\":\"Organization\",\"@id\":\"https:\/\/www.prijedordanas.com\/#organization\",\"name\":\"PrijedorDanas.com\",\"url\":\"https:\/\/www.prijedordanas.com\/\",\"logo\":{\"@type\":\"ImageObject\",\"inLanguage\":\"en-US\",\"@id\":\"https:\/\/www.prijedordanas.com\/#\/schema\/logo\/image\/\",\"url\":\"http:\/\/www.prijedordanas.com\/wp-content\/uploads\/2021\/12\/logopng.png\",\"contentUrl\":\"http:\/\/www.prijedordanas.com\/wp-content\/uploads\/2021\/12\/logopng.png\",\"width\":1019,\"height\":776,\"caption\":\"PrijedorDanas.com\"},\"image\":{\"@id\":\"https:\/\/www.prijedordanas.com\/#\/schema\/logo\/image\/\"},\"sameAs\":[\"https:\/\/www.facebook.com\/PrijedorDanasCom\/\"]},{\"@type\":\"Person\",\"@id\":\"https:\/\/www.prijedordanas.com\/#\/schema\/person\/4e08ccf29b506ca916ff86d46bb700e6\",\"name\":\"admin\",\"image\":{\"@type\":\"ImageObject\",\"inLanguage\":\"en-US\",\"@id\":\"https:\/\/www.prijedordanas.com\/#\/schema\/person\/image\/\",\"url\":\"https:\/\/secure.gravatar.com\/avatar\/1d3fc949d550f0b53a5f0d51e06dfd79?s=96&d=mm&r=g\",\"contentUrl\":\"https:\/\/secure.gravatar.com\/avatar\/1d3fc949d550f0b53a5f0d51e06dfd79?s=96&d=mm&r=g\",\"caption\":\"admin\"},\"url\":\"https:\/\/www.prijedordanas.com\/?author=1\"}]}<\/script>\n<!-- \/ Yoast SEO plugin. -->","yoast_head_json":{"title":"UGOVORI SA PET KORISNIKA ZA DOVR\u0160ETAK IZGRADNJE KU\u0106A - PrijedorDanas.com - Prijedorski gradski portal","robots":{"index":"index","follow":"follow","max-snippet":"max-snippet:-1","max-image-preview":"max-image-preview:large","max-video-preview":"max-video-preview:-1"},"canonical":"https:\/\/www.prijedordanas.com\/?p=19581","og_locale":"en_US","og_type":"article","og_title":"UGOVORI SA PET KORISNIKA ZA DOVR\u0160ETAK IZGRADNJE KU\u0106A - PrijedorDanas.com - Prijedorski gradski portal","og_description":"Gradona\u010delnik Prijedora Marko Pavi\u0107 i predstavnici Ministarstva za izbjeglice i raseljena lica Republike Srpske potpisali su danas u Prijedoru ugovore za dodjelu gra\u0111evinskog materijala i opreme za pet korisnika Regionalnog [&hellip;]","og_url":"https:\/\/www.prijedordanas.com\/?p=19581","og_site_name":"PrijedorDanas.com - Prijedorski gradski portal","article_publisher":"https:\/\/www.facebook.com\/PrijedorDanasCom\/","article_published_time":"2015-04-06T15:08:54+00:00","og_image":[{"url":"https:\/\/www.prijedordanas.com\/wp-content\/uploads\/2015\/04\/srna-ugovori-za-dovrsetak-kuca-1-300x196.jpg"}],"author":"admin","twitter_card":"summary_large_image","twitter_misc":{"Written by":"admin","Est. reading time":"2 minutes"},"schema":{"@context":"https:\/\/schema.org","@graph":[{"@type":"Article","@id":"https:\/\/www.prijedordanas.com\/?p=19581#article","isPartOf":{"@id":"https:\/\/www.prijedordanas.com\/?p=19581"},"author":{"name":"admin","@id":"https:\/\/www.prijedordanas.com\/#\/schema\/person\/4e08ccf29b506ca916ff86d46bb700e6"},"headline":"UGOVORI SA PET KORISNIKA ZA DOVR\u0160ETAK IZGRADNJE KU\u0106A","datePublished":"2015-04-06T15:08:54+00:00","dateModified":"2015-04-06T15:08:54+00:00","mainEntityOfPage":{"@id":"https:\/\/www.prijedordanas.com\/?p=19581"},"wordCount":386,"publisher":{"@id":"https:\/\/www.prijedordanas.com\/#organization"},"articleSection":["Dru\u0161tvo"],"inLanguage":"en-US"},{"@type":"WebPage","@id":"https:\/\/www.prijedordanas.com\/?p=19581","url":"https:\/\/www.prijedordanas.com\/?p=19581","name":"UGOVORI SA PET KORISNIKA ZA DOVR\u0160ETAK IZGRADNJE KU\u0106A - PrijedorDanas.com - Prijedorski gradski portal","isPartOf":{"@id":"https:\/\/www.prijedordanas.com\/#website"},"datePublished":"2015-04-06T15:08:54+00:00","dateModified":"2015-04-06T15:08:54+00:00","breadcrumb":{"@id":"https:\/\/www.prijedordanas.com\/?p=19581#breadcrumb"},"inLanguage":"en-US","potentialAction":[{"@type":"ReadAction","target":["https:\/\/www.prijedordanas.com\/?p=19581"]}]},{"@type":"BreadcrumbList","@id":"https:\/\/www.prijedordanas.com\/?p=19581#breadcrumb","itemListElement":[{"@type":"ListItem","position":1,"name":"Home","item":"https:\/\/www.prijedordanas.com\/"},{"@type":"ListItem","position":2,"name":"UGOVORI SA PET KORISNIKA ZA DOVR\u0160ETAK IZGRADNJE KU\u0106A"}]},{"@type":"WebSite","@id":"https:\/\/www.prijedordanas.com\/#website","url":"https:\/\/www.prijedordanas.com\/","name":"PrijedorDanas.com - Prijedorski gradski portal","description":"Portal o doga\u0111anjima u gradu Prijedoru","publisher":{"@id":"https:\/\/www.prijedordanas.com\/#organization"},"potentialAction":[{"@type":"SearchAction","target":{"@type":"EntryPoint","urlTemplate":"https:\/\/www.prijedordanas.com\/?s={search_term_string}"},"query-input":"required name=search_term_string"}],"inLanguage":"en-US"},{"@type":"Organization","@id":"https:\/\/www.prijedordanas.com\/#organization","name":"PrijedorDanas.com","url":"https:\/\/www.prijedordanas.com\/","logo":{"@type":"ImageObject","inLanguage":"en-US","@id":"https:\/\/www.prijedordanas.com\/#\/schema\/logo\/image\/","url":"http:\/\/www.prijedordanas.com\/wp-content\/uploads\/2021\/12\/logopng.png","contentUrl":"http:\/\/www.prijedordanas.com\/wp-content\/uploads\/2021\/12\/logopng.png","width":1019,"height":776,"caption":"PrijedorDanas.com"},"image":{"@id":"https:\/\/www.prijedordanas.com\/#\/schema\/logo\/image\/"},"sameAs":["https:\/\/www.facebook.com\/PrijedorDanasCom\/"]},{"@type":"Person","@id":"https:\/\/www.prijedordanas.com\/#\/schema\/person\/4e08ccf29b506ca916ff86d46bb700e6","name":"admin","image":{"@type":"ImageObject","inLanguage":"en-US","@id":"https:\/\/www.prijedordanas.com\/#\/schema\/person\/image\/","url":"https:\/\/secure.gravatar.com\/avatar\/1d3fc949d550f0b53a5f0d51e06dfd79?s=96&d=mm&r=g","contentUrl":"https:\/\/secure.gravatar.com\/avatar\/1d3fc949d550f0b53a5f0d51e06dfd79?s=96&d=mm&r=g","caption":"admin"},"url":"https:\/\/www.prijedordanas.com\/?author=1"}]}},"_links":{"self":[{"href":"https:\/\/www.prijedordanas.com\/index.php?rest_route=\/wp\/v2\/posts\/19581"}],"collection":[{"href":"https:\/\/www.prijedordanas.com\/index.php?rest_route=\/wp\/v2\/posts"}],"about":[{"href":"https:\/\/www.prijedordanas.com\/index.php?rest_route=\/wp\/v2\/types\/post"}],"author":[{"embeddable":true,"href":"https:\/\/www.prijedordanas.com\/index.php?rest_route=\/wp\/v2\/users\/1"}],"replies":[{"embeddable":true,"href":"https:\/\/www.prijedordanas.com\/index.php?rest_route=%2Fwp%2Fv2%2Fcomments&post=19581"}],"version-history":[{"count":1,"href":"https:\/\/www.prijedordanas.com\/index.php?rest_route=\/wp\/v2\/posts\/19581\/revisions"}],"predecessor-version":[{"id":19584,"href":"https:\/\/www.prijedordanas.com\/index.php?rest_route=\/wp\/v2\/posts\/19581\/revisions\/19584"}],"wp:attachment":[{"href":"https:\/\/www.prijedordanas.com\/index.php?rest_route=%2Fwp%2Fv2%2Fmedia&parent=19581"}],"wp:term":[{"taxonomy":"category","embeddable":true,"href":"https:\/\/www.prijedordanas.com\/index.php?rest_route=%2Fwp%2Fv2%2Fcategories&post=19581"},{"taxonomy":"post_tag","embeddable":true,"href":"https:\/\/www.prijedordanas.com\/index.php?rest_route=%2Fwp%2Fv2%2Ftags&post=19581"}],"curies":[{"name":"wp","href":"https:\/\/api.w.org\/{rel}","templated":true}]}}