{"id":195516,"date":"2022-11-24T17:39:56","date_gmt":"2022-11-24T16:39:56","guid":{"rendered":"https:\/\/www.prijedordanas.com\/?p=195516"},"modified":"2022-11-24T17:39:56","modified_gmt":"2022-11-24T16:39:56","slug":"djeca-u-digitalnom-svijetu-od-nerazvijanja-govora-preko-poremecaja-u-ponasanju-do-izlozenosti-predatorima","status":"publish","type":"post","link":"https:\/\/www.prijedordanas.com\/?p=195516","title":{"rendered":"Djeca u digitalnom svijetu: Od nerazvijanja govora, preko poreme\u0107aja u pona\u0161anju do izlo\u017eenosti predatorima"},"content":{"rendered":"<p><a href=\"https:\/\/www.prijedordanas.com\/wp-content\/uploads\/2022\/11\/sanja-skrbic-jaric.jpg\"><img loading=\"lazy\" decoding=\"async\" class=\"alignleft size-medium wp-image-195518\" src=\"https:\/\/www.prijedordanas.com\/wp-content\/uploads\/2022\/11\/sanja-skrbic-jaric-250x300.jpg\" alt=\"\" width=\"250\" height=\"300\" srcset=\"https:\/\/www.prijedordanas.com\/wp-content\/uploads\/2022\/11\/sanja-skrbic-jaric-250x300.jpg 250w, https:\/\/www.prijedordanas.com\/wp-content\/uploads\/2022\/11\/sanja-skrbic-jaric.jpg 500w\" sizes=\"(max-width: 250px) 100vw, 250px\" \/><\/a>Stru\u010dnjaci u oblastima obrazovanja i zdravstva svjedo\u010de da prekomjerna izlo\u017eenost djece digitalnim platformama od ro\u0111enja preko pred\u0161kolstva do adolescencije, nosi rizike i izaziva posljedice sa kojima roditelji te\u0161ko mogu da se bore bez sistemske podr\u0161ke i pomo\u0107i koju treba da potra\u017ee na vrijeme.<\/p>\n<p>Vaspita\u010di, pedagozi, psiholozi, logopedi i psihijatri posljednjih se godina, a naro\u010dito nakon po\u010detka pandemije zbog koje su djeca bila vezana za digitalne ure\u0111aje vi\u0161e nego ikad prije, susre\u0107u sa pojavama koje su mogu\u0107e posljedice bilo prekomjerne upotrebe ekrana, bilo izlo\u017eenosti \u0161tetnim sadr\u017eajima na internetu.<\/p>\n<p>Dje\u010diji i adolescentni psihijatar u Bolnici &#8220;Doktor Mladen Stojanovi\u0107&#8221; Prijedor Sanja \u0160krbi\u0107 Jari\u0107 navela je da je u najranijem uzrastu najvidljivije pogo\u0111en govor i da dijete koje ima ekran pred sobom uop\u0161te nema potrebu za \u017eivom komunikacijom, te je socijalno izolovano.<\/p>\n<p>&#8220;Imala sam u ordinaciji dijete od tri i po godine. Roditelji nemaju autoritet i ni ne trude se, \u0161tavi\u0161e i on su na telefonu, \u010dak i za vrijeme pregleda. Imala sam i dijete od 2,5 godine nerazvijenog govora kao posljedice izlo\u017eenosti ekranu. Uklju\u010dene su sve relevantne struke i do\u0161lo se do napretka. \u0160to se ranije jave, efikasnije \u0107e se problem rije\u0161iti, te bi dobro bilo i da kolege pedijatri ne \u010dekaju sa upu\u0107ivanjem logopedu, defektologu, psihologu i psihijatru&#8221;, rekla je \u0160krbi\u0107 Jari\u0107 Srni.<\/p>\n<p>Ona poja\u0161njava da djeci koja su dugo vremena pred ekranom nedostaje samopouzdanje jer su bila li\u0161ena stimulacije, ekran im je zamjena za sve, pru\u017ea im osje\u0107aj sigurnosti, a oduzimanje ure\u0111aja nerijetko vodi do histerije.<\/p>\n<p><a href=\"https:\/\/www.prijedordanas.com\/wp-content\/uploads\/2021\/12\/biljana-pavlovic-vrticka-grupa.jpg\"><img loading=\"lazy\" decoding=\"async\" class=\"alignleft size-medium wp-image-178800\" src=\"https:\/\/www.prijedordanas.com\/wp-content\/uploads\/2021\/12\/biljana-pavlovic-vrticka-grupa-300x225.jpg\" alt=\"\" width=\"300\" height=\"225\" srcset=\"https:\/\/www.prijedordanas.com\/wp-content\/uploads\/2021\/12\/biljana-pavlovic-vrticka-grupa-300x225.jpg 300w, https:\/\/www.prijedordanas.com\/wp-content\/uploads\/2021\/12\/biljana-pavlovic-vrticka-grupa-640x480.jpg 640w, https:\/\/www.prijedordanas.com\/wp-content\/uploads\/2021\/12\/biljana-pavlovic-vrticka-grupa.jpg 667w\" sizes=\"(max-width: 300px) 100vw, 300px\" \/><\/a>Vaspita\u010d u Dje\u010dijem vrti\u0107u &#8220;Radost&#8221; Prijedor Biljana Pavlovi\u0107 ka\u017ee za Srnu da su velike promjene nagore u razvoju govora kod djece danas u odnosu na period od prije desetak godina, ali da se ne mo\u017ee dijete okriviti za ranu i pretjeranu izlo\u017eenost digitalnim sadr\u017eajima, budu\u0107i da ih name\u0107u odrasli i socijalna sredina.<\/p>\n<p>&#8220;Nedovoljno razvijen govor, nepravilno izgovaranje glasova, oskudan rje\u010dnik, destruktivno pona\u0161anje i opona\u0161anje likova iz crtanih filmova i video igara naj\u010de\u0161\u0107i su pokazatelji pretjerane upotrebe multimedijalnih sredstava. Nemogu\u0107e je dijete izolovati od digitalnog svijeta, jer ga on okru\u017euje gotovo svuda, ali se mo\u017ee kontrolisati od koje godine \u0107e mu biti izlo\u017een i dostupan&#8221;, istakla je Pavlovi\u0107eva.<\/p>\n<p><a href=\"https:\/\/www.prijedordanas.com\/wp-content\/uploads\/2022\/11\/bojana-vucenovic.jpg\"><img loading=\"lazy\" decoding=\"async\" class=\"alignleft size-medium wp-image-195519\" src=\"https:\/\/www.prijedordanas.com\/wp-content\/uploads\/2022\/11\/bojana-vucenovic-300x225.jpg\" alt=\"\" width=\"300\" height=\"225\" srcset=\"https:\/\/www.prijedordanas.com\/wp-content\/uploads\/2022\/11\/bojana-vucenovic-300x225.jpg 300w, https:\/\/www.prijedordanas.com\/wp-content\/uploads\/2022\/11\/bojana-vucenovic-640x480.jpg 640w, https:\/\/www.prijedordanas.com\/wp-content\/uploads\/2022\/11\/bojana-vucenovic.jpg 666w\" sizes=\"(max-width: 300px) 100vw, 300px\" \/><\/a>\u0160kolski pedagog Bojana Vu\u010denovi\u0107 rekla je Srni da djeca koja smisleno koriste internet imaju strukturisano vrijeme, dobro su organizovana i imaju dru\u0161tveni \u017eivot, a da ona koja i po sedam-osam \u010dasova provedu za ekranom imaju pad uspjeha i promjene u pona\u0161anju poput pospanosti, odlutanosti, pretjeranog kori\u0161tenja slenga.<\/p>\n<p>&#8220;Najve\u0107a je odgovornost na roditeljima, a i prosvjetnim radnicima je potrebna edukacija i sistemska podr\u0161ka. Odgovor je potrebno osmisliti, pa neka traje i godinu dana, ali da se uradi, jer su promjene toliko brze da ih ne mo\u017eemo pratiti&#8221;, isti\u010de Vu\u010denovi\u0107eva.<\/p>\n<p>Ona je naglasila da ima dobrih primjera gdje su zajedni\u010dki i na istoj strani bili i stru\u010dna slu\u017eba \u0161kole i odjeljenjski starje\u0161ina i roditelji i da u takvoj situaciji rezultat ne mo\u017ee izostati.<\/p>\n<p>&#8220;Listaju\u0107i dnevnik, kod jedne u\u010denice primijetila sam da su ocjene sa stabilne \u010detvorke pale na dvojku. Intenzivnom komunikacijom i sa njom i sa roditeljima, na kraju i sa policijom, do\u0161li smo do toga da je bila meta mu\u0161karca od 50 i vi\u0161e godine koji joj se predstavio kao momak od 25 godina i sa kojim je bila u neprestanom kontaktu onlajn. Za otvaranje je trebalo dosta vremena, ali sam ponosna na povjerenje i na prijateljski odnos sa \u0111acima uz, naravno, postavljene granice. Kritika je uvijek podsticajna, nikad optu\u017euju\u0107a&#8221;, rekla je Vu\u010denovi\u0107eva Srni.<\/p>\n<p><a href=\"https:\/\/www.prijedordanas.com\/wp-content\/uploads\/2022\/11\/mirjana-simic.jpg\"><img loading=\"lazy\" decoding=\"async\" class=\"alignleft size-medium wp-image-195520\" src=\"https:\/\/www.prijedordanas.com\/wp-content\/uploads\/2022\/11\/mirjana-simic-300x225.jpg\" alt=\"\" width=\"300\" height=\"225\" srcset=\"https:\/\/www.prijedordanas.com\/wp-content\/uploads\/2022\/11\/mirjana-simic-300x225.jpg 300w, https:\/\/www.prijedordanas.com\/wp-content\/uploads\/2022\/11\/mirjana-simic-640x480.jpg 640w, https:\/\/www.prijedordanas.com\/wp-content\/uploads\/2022\/11\/mirjana-simic.jpg 667w\" sizes=\"(max-width: 300px) 100vw, 300px\" \/><\/a>Logoped Mirjana Simi\u0107 ka\u017ee da se u posljednje vrijeme pove\u0107ava broj djece koja imaju te\u0161ko\u0107e u razvoju govora i da istra\u017eivanja pokazuju da je to posljedica ekranizma, a da je ona u svojoj praksi naj\u010de\u0161\u0107e imala dvogodi\u0161njake koji uop\u0161te ne govore, \u0161to je veliki alarm.<\/p>\n<p>&#8220;U prve tri godine, u tom periodu intenzivnog razvoja, dijete treba da ima konstantnu \u017eivu interakciju, komunikaciju, stimulaciju, a to je najbolje u porodici i sa vr\u0161njacima. Bez toga, u najboljem slu\u010daju razvoj \u0107e `samo` kasniti, a u te\u017eim slu\u010dajevima imamo razvojne smetnje i pote\u0161ko\u0107e. Dijete pred ekranom je u jednom polo\u017eaju, komunikacija je jednosmjerna, ali se posljedice ponekad primijete tek pred polazak u \u0161kolu&#8221;, poja\u0161njava Simi\u0107eva.<\/p>\n<p>Ona je naglasila da ekranizam nije zabluda i da \u0107e biti sve ve\u0107i problem ukoliko se pristup roditelja ne bude mijenjao, a da bi i pedijatri ranije morali upu\u0107ivati djecu logopedima, defektolozima, psiholozima, jer se ranijom intervencijom rezultati posti\u017eu br\u017ee i bolje.<\/p>\n<p>&#8220;Nikako da se shvati da mi nismo bauk, ve\u0107 smo prijatelji razvoja. Ne treba nas se pla\u0161iti. Krajnje je vrijeme da roditelj preuzme odgovornost, da se vi\u0161e interesuje, da sazna \u0161to vi\u0161e o razvojnom periodu, da bi mogao da prati i uo\u010di odstupanja. Moraju da krenu od sebe jer se danas o tome mnogo govori i ne mo\u017ee izgovor biti da se nema gdje potra\u017eiti pomo\u0107&#8221;, rekla je Simi\u0107eva Srni.<\/p>\n<p><a href=\"https:\/\/www.prijedordanas.com\/wp-content\/uploads\/2022\/11\/sanja-topic.jpg\"><img loading=\"lazy\" decoding=\"async\" src=\"https:\/\/www.prijedordanas.com\/wp-content\/uploads\/2022\/11\/sanja-topic-300x225.jpg\" alt=\"\" width=\"300\" height=\"225\" class=\"alignleft size-medium wp-image-195521\" srcset=\"https:\/\/www.prijedordanas.com\/wp-content\/uploads\/2022\/11\/sanja-topic-300x225.jpg 300w, https:\/\/www.prijedordanas.com\/wp-content\/uploads\/2022\/11\/sanja-topic-640x480.jpg 640w, https:\/\/www.prijedordanas.com\/wp-content\/uploads\/2022\/11\/sanja-topic.jpg 666w\" sizes=\"(max-width: 300px) 100vw, 300px\" \/><\/a>Psiholog u Centru za socijalni rad Prijedor Sanja Topi\u0107 ka\u017ee da izlaganje djeteta virtuelnom svijetu u najranijem uzrastu na ra\u010dun \u017eive komunikacije neminovno vodi problemima u \u017eivoj komunikaciji i dovodi do manjka empatije.<\/p>\n<p>&#8220;Dijete nije nau\u010deno na osje\u0107anja drugih jer telefon ne daje povratnu informaciju o tome. I \u0161kole i roditelji nam se obra\u0107aju zbog sajber bulinga, sve prisutnijeg oblika vr\u0161nja\u010dkog nasilja. Po\u010dinioci se ne bi isto pona\u0161ali kada bi fizi\u010dki bili u prisutvu \u017ertve. Imali bi osje\u0107aj kako je tom djetetu, vidjeli bi ga kako pla\u010de, tuguje, ne spava, ne jede i sigurno bi druga\u010dije reagovali nego kada su za te informacije uskra\u0107eni&#8221;, dodaje Topi\u0107eva.<\/p>\n<p>Ona za Srnu poja\u0161njava da rano izlaganje djeteta ekranu dovodi do disharmoni\u010dnog razvojnog poreme\u0107aja, do poreme\u0107aja iz autisti\u010dnog spektra i usporenog razvoj govora, a da ekranizam u kasnijem uzrastu dovodi do promjena u pona\u0161anju, odra\u017eava se na uspjeh u \u0161koli i negativno uti\u010de na socijalizaciju.<\/p>\n<p>SRNA<\/p>\n","protected":false},"excerpt":{"rendered":"<p>Stru\u010dnjaci u oblastima obrazovanja i zdravstva svjedo\u010de da prekomjerna izlo\u017eenost djece digitalnim platformama od ro\u0111enja preko pred\u0161kolstva do adolescencije, nosi rizike i izaziva posljedice sa kojima roditelji te\u0161ko mogu da [&hellip;]<\/p>\n","protected":false},"author":1,"featured_media":0,"comment_status":"closed","ping_status":"open","sticky":false,"template":"","format":"standard","meta":{"_monsterinsights_skip_tracking":false,"_monsterinsights_sitenote_active":false,"_monsterinsights_sitenote_note":"","_monsterinsights_sitenote_category":0,"footnotes":""},"categories":[7518,3],"tags":[],"yoast_head":"<!-- This site is optimized with the Yoast SEO plugin v21.6 - https:\/\/yoast.com\/wordpress\/plugins\/seo\/ -->\n<title>Djeca u digitalnom svijetu: Od nerazvijanja govora, preko poreme\u0107aja u pona\u0161anju do izlo\u017eenosti predatorima - PrijedorDanas.com - Prijedorski gradski portal<\/title>\n<meta name=\"robots\" content=\"index, follow, max-snippet:-1, max-image-preview:large, max-video-preview:-1\" \/>\n<link rel=\"canonical\" href=\"https:\/\/www.prijedordanas.com\/?p=195516\" \/>\n<meta property=\"og:locale\" content=\"en_US\" \/>\n<meta property=\"og:type\" content=\"article\" \/>\n<meta property=\"og:title\" content=\"Djeca u digitalnom svijetu: Od nerazvijanja govora, preko poreme\u0107aja u pona\u0161anju do izlo\u017eenosti predatorima - PrijedorDanas.com - Prijedorski gradski portal\" \/>\n<meta property=\"og:description\" content=\"Stru\u010dnjaci u oblastima obrazovanja i zdravstva svjedo\u010de da prekomjerna izlo\u017eenost djece digitalnim platformama od ro\u0111enja preko pred\u0161kolstva do adolescencije, nosi rizike i izaziva posljedice sa kojima roditelji te\u0161ko mogu da [&hellip;]\" \/>\n<meta property=\"og:url\" content=\"https:\/\/www.prijedordanas.com\/?p=195516\" \/>\n<meta property=\"og:site_name\" content=\"PrijedorDanas.com - Prijedorski gradski portal\" \/>\n<meta property=\"article:publisher\" content=\"https:\/\/www.facebook.com\/PrijedorDanasCom\/\" \/>\n<meta property=\"article:published_time\" content=\"2022-11-24T16:39:56+00:00\" \/>\n<meta property=\"og:image\" content=\"https:\/\/www.prijedordanas.com\/wp-content\/uploads\/2022\/11\/sanja-skrbic-jaric-250x300.jpg\" \/>\n<meta name=\"author\" content=\"admin\" \/>\n<meta name=\"twitter:card\" content=\"summary_large_image\" \/>\n<meta name=\"twitter:label1\" content=\"Written by\" \/>\n\t<meta name=\"twitter:data1\" content=\"admin\" \/>\n\t<meta name=\"twitter:label2\" content=\"Est. reading time\" \/>\n\t<meta name=\"twitter:data2\" content=\"5 minutes\" \/>\n<script type=\"application\/ld+json\" class=\"yoast-schema-graph\">{\"@context\":\"https:\/\/schema.org\",\"@graph\":[{\"@type\":\"Article\",\"@id\":\"https:\/\/www.prijedordanas.com\/?p=195516#article\",\"isPartOf\":{\"@id\":\"https:\/\/www.prijedordanas.com\/?p=195516\"},\"author\":{\"name\":\"admin\",\"@id\":\"https:\/\/www.prijedordanas.com\/#\/schema\/person\/4e08ccf29b506ca916ff86d46bb700e6\"},\"headline\":\"Djeca u digitalnom svijetu: Od nerazvijanja govora, preko poreme\u0107aja u pona\u0161anju do izlo\u017eenosti predatorima\",\"datePublished\":\"2022-11-24T16:39:56+00:00\",\"dateModified\":\"2022-11-24T16:39:56+00:00\",\"mainEntityOfPage\":{\"@id\":\"https:\/\/www.prijedordanas.com\/?p=195516\"},\"wordCount\":1081,\"publisher\":{\"@id\":\"https:\/\/www.prijedordanas.com\/#organization\"},\"articleSection\":[\"Mladi\",\"\u017divot\"],\"inLanguage\":\"en-US\"},{\"@type\":\"WebPage\",\"@id\":\"https:\/\/www.prijedordanas.com\/?p=195516\",\"url\":\"https:\/\/www.prijedordanas.com\/?p=195516\",\"name\":\"Djeca u digitalnom svijetu: Od nerazvijanja govora, preko poreme\u0107aja u pona\u0161anju do izlo\u017eenosti predatorima - PrijedorDanas.com - Prijedorski gradski portal\",\"isPartOf\":{\"@id\":\"https:\/\/www.prijedordanas.com\/#website\"},\"datePublished\":\"2022-11-24T16:39:56+00:00\",\"dateModified\":\"2022-11-24T16:39:56+00:00\",\"breadcrumb\":{\"@id\":\"https:\/\/www.prijedordanas.com\/?p=195516#breadcrumb\"},\"inLanguage\":\"en-US\",\"potentialAction\":[{\"@type\":\"ReadAction\",\"target\":[\"https:\/\/www.prijedordanas.com\/?p=195516\"]}]},{\"@type\":\"BreadcrumbList\",\"@id\":\"https:\/\/www.prijedordanas.com\/?p=195516#breadcrumb\",\"itemListElement\":[{\"@type\":\"ListItem\",\"position\":1,\"name\":\"Home\",\"item\":\"https:\/\/www.prijedordanas.com\/\"},{\"@type\":\"ListItem\",\"position\":2,\"name\":\"Djeca u digitalnom svijetu: Od nerazvijanja govora, preko poreme\u0107aja u pona\u0161anju do izlo\u017eenosti predatorima\"}]},{\"@type\":\"WebSite\",\"@id\":\"https:\/\/www.prijedordanas.com\/#website\",\"url\":\"https:\/\/www.prijedordanas.com\/\",\"name\":\"PrijedorDanas.com - Prijedorski gradski portal\",\"description\":\"Portal o doga\u0111anjima u gradu Prijedoru\",\"publisher\":{\"@id\":\"https:\/\/www.prijedordanas.com\/#organization\"},\"potentialAction\":[{\"@type\":\"SearchAction\",\"target\":{\"@type\":\"EntryPoint\",\"urlTemplate\":\"https:\/\/www.prijedordanas.com\/?s={search_term_string}\"},\"query-input\":\"required name=search_term_string\"}],\"inLanguage\":\"en-US\"},{\"@type\":\"Organization\",\"@id\":\"https:\/\/www.prijedordanas.com\/#organization\",\"name\":\"PrijedorDanas.com\",\"url\":\"https:\/\/www.prijedordanas.com\/\",\"logo\":{\"@type\":\"ImageObject\",\"inLanguage\":\"en-US\",\"@id\":\"https:\/\/www.prijedordanas.com\/#\/schema\/logo\/image\/\",\"url\":\"http:\/\/www.prijedordanas.com\/wp-content\/uploads\/2021\/12\/logopng.png\",\"contentUrl\":\"http:\/\/www.prijedordanas.com\/wp-content\/uploads\/2021\/12\/logopng.png\",\"width\":1019,\"height\":776,\"caption\":\"PrijedorDanas.com\"},\"image\":{\"@id\":\"https:\/\/www.prijedordanas.com\/#\/schema\/logo\/image\/\"},\"sameAs\":[\"https:\/\/www.facebook.com\/PrijedorDanasCom\/\"]},{\"@type\":\"Person\",\"@id\":\"https:\/\/www.prijedordanas.com\/#\/schema\/person\/4e08ccf29b506ca916ff86d46bb700e6\",\"name\":\"admin\",\"image\":{\"@type\":\"ImageObject\",\"inLanguage\":\"en-US\",\"@id\":\"https:\/\/www.prijedordanas.com\/#\/schema\/person\/image\/\",\"url\":\"https:\/\/secure.gravatar.com\/avatar\/1d3fc949d550f0b53a5f0d51e06dfd79?s=96&d=mm&r=g\",\"contentUrl\":\"https:\/\/secure.gravatar.com\/avatar\/1d3fc949d550f0b53a5f0d51e06dfd79?s=96&d=mm&r=g\",\"caption\":\"admin\"},\"url\":\"https:\/\/www.prijedordanas.com\/?author=1\"}]}<\/script>\n<!-- \/ Yoast SEO plugin. -->","yoast_head_json":{"title":"Djeca u digitalnom svijetu: Od nerazvijanja govora, preko poreme\u0107aja u pona\u0161anju do izlo\u017eenosti predatorima - PrijedorDanas.com - Prijedorski gradski portal","robots":{"index":"index","follow":"follow","max-snippet":"max-snippet:-1","max-image-preview":"max-image-preview:large","max-video-preview":"max-video-preview:-1"},"canonical":"https:\/\/www.prijedordanas.com\/?p=195516","og_locale":"en_US","og_type":"article","og_title":"Djeca u digitalnom svijetu: Od nerazvijanja govora, preko poreme\u0107aja u pona\u0161anju do izlo\u017eenosti predatorima - PrijedorDanas.com - Prijedorski gradski portal","og_description":"Stru\u010dnjaci u oblastima obrazovanja i zdravstva svjedo\u010de da prekomjerna izlo\u017eenost djece digitalnim platformama od ro\u0111enja preko pred\u0161kolstva do adolescencije, nosi rizike i izaziva posljedice sa kojima roditelji te\u0161ko mogu da [&hellip;]","og_url":"https:\/\/www.prijedordanas.com\/?p=195516","og_site_name":"PrijedorDanas.com - Prijedorski gradski portal","article_publisher":"https:\/\/www.facebook.com\/PrijedorDanasCom\/","article_published_time":"2022-11-24T16:39:56+00:00","og_image":[{"url":"https:\/\/www.prijedordanas.com\/wp-content\/uploads\/2022\/11\/sanja-skrbic-jaric-250x300.jpg"}],"author":"admin","twitter_card":"summary_large_image","twitter_misc":{"Written by":"admin","Est. reading time":"5 minutes"},"schema":{"@context":"https:\/\/schema.org","@graph":[{"@type":"Article","@id":"https:\/\/www.prijedordanas.com\/?p=195516#article","isPartOf":{"@id":"https:\/\/www.prijedordanas.com\/?p=195516"},"author":{"name":"admin","@id":"https:\/\/www.prijedordanas.com\/#\/schema\/person\/4e08ccf29b506ca916ff86d46bb700e6"},"headline":"Djeca u digitalnom svijetu: Od nerazvijanja govora, preko poreme\u0107aja u pona\u0161anju do izlo\u017eenosti predatorima","datePublished":"2022-11-24T16:39:56+00:00","dateModified":"2022-11-24T16:39:56+00:00","mainEntityOfPage":{"@id":"https:\/\/www.prijedordanas.com\/?p=195516"},"wordCount":1081,"publisher":{"@id":"https:\/\/www.prijedordanas.com\/#organization"},"articleSection":["Mladi","\u017divot"],"inLanguage":"en-US"},{"@type":"WebPage","@id":"https:\/\/www.prijedordanas.com\/?p=195516","url":"https:\/\/www.prijedordanas.com\/?p=195516","name":"Djeca u digitalnom svijetu: Od nerazvijanja govora, preko poreme\u0107aja u pona\u0161anju do izlo\u017eenosti predatorima - PrijedorDanas.com - Prijedorski gradski portal","isPartOf":{"@id":"https:\/\/www.prijedordanas.com\/#website"},"datePublished":"2022-11-24T16:39:56+00:00","dateModified":"2022-11-24T16:39:56+00:00","breadcrumb":{"@id":"https:\/\/www.prijedordanas.com\/?p=195516#breadcrumb"},"inLanguage":"en-US","potentialAction":[{"@type":"ReadAction","target":["https:\/\/www.prijedordanas.com\/?p=195516"]}]},{"@type":"BreadcrumbList","@id":"https:\/\/www.prijedordanas.com\/?p=195516#breadcrumb","itemListElement":[{"@type":"ListItem","position":1,"name":"Home","item":"https:\/\/www.prijedordanas.com\/"},{"@type":"ListItem","position":2,"name":"Djeca u digitalnom svijetu: Od nerazvijanja govora, preko poreme\u0107aja u pona\u0161anju do izlo\u017eenosti predatorima"}]},{"@type":"WebSite","@id":"https:\/\/www.prijedordanas.com\/#website","url":"https:\/\/www.prijedordanas.com\/","name":"PrijedorDanas.com - Prijedorski gradski portal","description":"Portal o doga\u0111anjima u gradu Prijedoru","publisher":{"@id":"https:\/\/www.prijedordanas.com\/#organization"},"potentialAction":[{"@type":"SearchAction","target":{"@type":"EntryPoint","urlTemplate":"https:\/\/www.prijedordanas.com\/?s={search_term_string}"},"query-input":"required name=search_term_string"}],"inLanguage":"en-US"},{"@type":"Organization","@id":"https:\/\/www.prijedordanas.com\/#organization","name":"PrijedorDanas.com","url":"https:\/\/www.prijedordanas.com\/","logo":{"@type":"ImageObject","inLanguage":"en-US","@id":"https:\/\/www.prijedordanas.com\/#\/schema\/logo\/image\/","url":"http:\/\/www.prijedordanas.com\/wp-content\/uploads\/2021\/12\/logopng.png","contentUrl":"http:\/\/www.prijedordanas.com\/wp-content\/uploads\/2021\/12\/logopng.png","width":1019,"height":776,"caption":"PrijedorDanas.com"},"image":{"@id":"https:\/\/www.prijedordanas.com\/#\/schema\/logo\/image\/"},"sameAs":["https:\/\/www.facebook.com\/PrijedorDanasCom\/"]},{"@type":"Person","@id":"https:\/\/www.prijedordanas.com\/#\/schema\/person\/4e08ccf29b506ca916ff86d46bb700e6","name":"admin","image":{"@type":"ImageObject","inLanguage":"en-US","@id":"https:\/\/www.prijedordanas.com\/#\/schema\/person\/image\/","url":"https:\/\/secure.gravatar.com\/avatar\/1d3fc949d550f0b53a5f0d51e06dfd79?s=96&d=mm&r=g","contentUrl":"https:\/\/secure.gravatar.com\/avatar\/1d3fc949d550f0b53a5f0d51e06dfd79?s=96&d=mm&r=g","caption":"admin"},"url":"https:\/\/www.prijedordanas.com\/?author=1"}]}},"_links":{"self":[{"href":"https:\/\/www.prijedordanas.com\/index.php?rest_route=\/wp\/v2\/posts\/195516"}],"collection":[{"href":"https:\/\/www.prijedordanas.com\/index.php?rest_route=\/wp\/v2\/posts"}],"about":[{"href":"https:\/\/www.prijedordanas.com\/index.php?rest_route=\/wp\/v2\/types\/post"}],"author":[{"embeddable":true,"href":"https:\/\/www.prijedordanas.com\/index.php?rest_route=\/wp\/v2\/users\/1"}],"replies":[{"embeddable":true,"href":"https:\/\/www.prijedordanas.com\/index.php?rest_route=%2Fwp%2Fv2%2Fcomments&post=195516"}],"version-history":[{"count":2,"href":"https:\/\/www.prijedordanas.com\/index.php?rest_route=\/wp\/v2\/posts\/195516\/revisions"}],"predecessor-version":[{"id":195522,"href":"https:\/\/www.prijedordanas.com\/index.php?rest_route=\/wp\/v2\/posts\/195516\/revisions\/195522"}],"wp:attachment":[{"href":"https:\/\/www.prijedordanas.com\/index.php?rest_route=%2Fwp%2Fv2%2Fmedia&parent=195516"}],"wp:term":[{"taxonomy":"category","embeddable":true,"href":"https:\/\/www.prijedordanas.com\/index.php?rest_route=%2Fwp%2Fv2%2Fcategories&post=195516"},{"taxonomy":"post_tag","embeddable":true,"href":"https:\/\/www.prijedordanas.com\/index.php?rest_route=%2Fwp%2Fv2%2Ftags&post=195516"}],"curies":[{"name":"wp","href":"https:\/\/api.w.org\/{rel}","templated":true}]}}