{"id":195372,"date":"2022-11-20T18:02:19","date_gmt":"2022-11-20T17:02:19","guid":{"rendered":"https:\/\/www.prijedordanas.com\/?p=195372"},"modified":"2022-11-20T18:02:19","modified_gmt":"2022-11-20T17:02:19","slug":"crkva-u-busnovima-medu-najstarijim-brvnarama-vijek-i-po-zivi-sa-narodom-foto","status":"publish","type":"post","link":"https:\/\/www.prijedordanas.com\/?p=195372","title":{"rendered":"Crkva u Busnovima me\u0111u najstarijim brvnarama: Vijek i po \u017eivi sa narodom &#8211; FOTO"},"content":{"rendered":"<p><a href=\"https:\/\/www.prijedordanas.com\/wp-content\/uploads\/2022\/11\/kozarski-crkva-busnovi.jpg\"><img loading=\"lazy\" decoding=\"async\" class=\"alignleft size-medium wp-image-195373\" src=\"https:\/\/www.prijedordanas.com\/wp-content\/uploads\/2022\/11\/kozarski-crkva-busnovi-300x225.jpg\" alt=\"\" width=\"300\" height=\"225\" srcset=\"https:\/\/www.prijedordanas.com\/wp-content\/uploads\/2022\/11\/kozarski-crkva-busnovi-300x225.jpg 300w, https:\/\/www.prijedordanas.com\/wp-content\/uploads\/2022\/11\/kozarski-crkva-busnovi-640x480.jpg 640w, https:\/\/www.prijedordanas.com\/wp-content\/uploads\/2022\/11\/kozarski-crkva-busnovi.jpg 667w\" sizes=\"(max-width: 300px) 100vw, 300px\" \/><\/a>Pored starih hrastova i grobl\u0458a koje narod zove \u201eSpasi\u0161te\u201c, crkva brvnara u Busnovima ve\u0107 150 godina do\u010dekuje vjeruju\u0107i narod. Vje\u0161te ruke i vol\u0458a naroda izgradile su je 1870. godine, a posve\u0107ena je Vaznesenju Isusa Hrista. Crkva nikada nije bila poru\u0161ena, a obnavl\u0458ana je vi\u0161e puta. Zadnji put obnovl\u0458ena je 1994. godine.<\/p>\n<p>Staru crkvu brvnaru u Busnovima narod jo\u0161 zove i Crkva Spasovica, a nekada su je zvali i Stoji\u0107a crkva. Prema predanju, ferman za njenu izgradnju iz Carigrada je donio mje\u0161tanin Jovan Stoji\u0107 pa su je po njemu jedno vrijeme i zvali. Predanje dal\u0458e ka\u017ee da je crkva prvobitno trebalo da bude sagra\u0111ena na mjestu koje zovu \u017divani\u0107a bare. Narodu to nije odgovaralo, a legenda pripovijeda da je tokom no\u0107i gra\u0111a pre\u0161la na drugo mjesto i osvanula tamo gdje se danas nalazi crkva i gdje je narod \u017eelio da bude.<\/p>\n<p><a href=\"https:\/\/www.prijedordanas.com\/wp-content\/uploads\/2022\/11\/kozarski-crkva-busnovi-ikone-stare-vise-od-170-godina.jpg\"><img loading=\"lazy\" decoding=\"async\" class=\"alignleft size-medium wp-image-195374\" src=\"https:\/\/www.prijedordanas.com\/wp-content\/uploads\/2022\/11\/kozarski-crkva-busnovi-ikone-stare-vise-od-170-godina-300x169.jpg\" alt=\"\" width=\"300\" height=\"169\" srcset=\"https:\/\/www.prijedordanas.com\/wp-content\/uploads\/2022\/11\/kozarski-crkva-busnovi-ikone-stare-vise-od-170-godina-300x169.jpg 300w, https:\/\/www.prijedordanas.com\/wp-content\/uploads\/2022\/11\/kozarski-crkva-busnovi-ikone-stare-vise-od-170-godina.jpg 600w\" sizes=\"(max-width: 300px) 100vw, 300px\" \/><\/a>\u201cGra\u0111a je bila pripreml\u0458ena da se crkva gradi u mjestu \u017divani\u0107a bare, ali narod je \u017eelio da se crkva vidi izdaleka, da bude kao svjetionik i da sunce kada iza\u0111e prvo u nju pogleda i prema predanju, prenijeli su tu gra\u0111u na ovo brdo gdje se danas crkva nalazi. Turcima su rekli da je ona na \u010dudesan na\u010din pre\u0161la na ovo mjesto. Po tom starom predanju, Turci su to odobrili i crkva je sagra\u0111ena na ovom mjestu\u201d, pri\u010da mladi paroh busnovski Mihajlo \u0160inik.<\/p>\n<p>U te\u0161kim vremenima srpski narod se okupl\u0458ao oko svojih svetinja. Okupl\u0458ao se i oko crkve brvnare u Busnovima, krijepio du\u0161u i ja\u010dao vjeru. Prilaze\u0107i joj, vjeruju\u0107i narod je crkvu \u010dinio \u017eivom i zajedno s njom duhovno se uzdizao. <\/p>\n<p><a href=\"https:\/\/www.prijedordanas.com\/wp-content\/uploads\/2022\/11\/borislav-kondic-casni-krst-nosio-u-svetu-zemlju-na-isusov-grob.jpg\"><img loading=\"lazy\" decoding=\"async\" src=\"https:\/\/www.prijedordanas.com\/wp-content\/uploads\/2022\/11\/borislav-kondic-casni-krst-nosio-u-svetu-zemlju-na-isusov-grob-225x300.jpg\" alt=\"\" width=\"225\" height=\"300\" class=\"alignleft size-medium wp-image-195375\" srcset=\"https:\/\/www.prijedordanas.com\/wp-content\/uploads\/2022\/11\/borislav-kondic-casni-krst-nosio-u-svetu-zemlju-na-isusov-grob-225x300.jpg 225w, https:\/\/www.prijedordanas.com\/wp-content\/uploads\/2022\/11\/borislav-kondic-casni-krst-nosio-u-svetu-zemlju-na-isusov-grob.jpg 450w\" sizes=\"(max-width: 225px) 100vw, 225px\" \/><\/a>\u201cNaravno, u prvobitna vremena bilo je puno vi\u0161e naroda. Ako mo\u017eemo tako re\u0107i, selo je nastalo i bilo razbijenog tipa, jer tada\u0161nji turski propisi nisu dozvol\u0458avali da se prave u\u0161orena sela, sela sa vi\u0161e ku\u0107a, nego su bila razbijena, kao \u0161to vidimo, ako pogledamno u okolinu, oko ove crkve, gdje su ku\u0107e razbacane na sve strane, rasprostranjene. Ipak, vjerni narod se uvijek okupl\u0458ao i \u010dinio ovu crkvu \u017eivom crkvom i rade\u0107i puno na njenoj obnovi\u201d, ka\u017ee \u0160inik.<\/p>\n<p>Na postamentu ispred crkve postavl\u0458en je krst, koji je na njoj bio do zadnje obnove 1994. godine. Uz crkvu i stare hrastove i on svjedo\u010di o trajnosti vjere i naroda. A unutra se nalazi \u010dasni krst, koji je kum crkve Borislav Kondi\u0107 nosio u Svetu zeml\u0458u, gdje je osve\u0161tan na Isusovom grobu. I kamena ograda oko crkve dar je Borislava Kondi\u0107a, a paroh \u0160inik ka\u017ee da treba pomenuti i druge donatore, me\u0111u kojima su Brane Radanovi\u0107, Predrag Star\u010devi\u0107, Mile Jovi\u0107 i Nenad Zdjelar.<\/p>\n<p>IKONE STARE VI\u0160E OD 170 GODINA<\/p>\n<p>U Crkvi Vaznesenja Gospodnjeg u Busnovima \u010duvaju se i ikone stare vi\u0161e od 170 godina. A svojevrsna ikona ovog kraja bio je sve\u0161tenik Du\u0161an Kondi\u0107, koji je u crkvi brvnari slu\u017ebovao 66 godina. Prije njega slu\u017ebovao je njegov otac Gavro, a poslije njega sin Neboj\u0161a. U blizini crkve, prije 78 godina ro\u0111en je vladika banjalu\u010dki Jefrem.<\/p>\n<p>kozarski.com<\/p>\n","protected":false},"excerpt":{"rendered":"<p>Pored starih hrastova i grobl\u0458a koje narod zove \u201eSpasi\u0161te\u201c, crkva brvnara u Busnovima ve\u0107 150 godina do\u010dekuje vjeruju\u0107i narod. Vje\u0161te ruke i vol\u0458a naroda izgradile su je 1870. godine, a [&hellip;]<\/p>\n","protected":false},"author":1,"featured_media":0,"comment_status":"closed","ping_status":"open","sticky":false,"template":"","format":"standard","meta":{"_monsterinsights_skip_tracking":false,"_monsterinsights_sitenote_active":false,"_monsterinsights_sitenote_note":"","_monsterinsights_sitenote_category":0,"footnotes":""},"categories":[3],"tags":[],"yoast_head":"<!-- This site is optimized with the Yoast SEO plugin v21.6 - https:\/\/yoast.com\/wordpress\/plugins\/seo\/ -->\n<title>Crkva u Busnovima me\u0111u najstarijim brvnarama: Vijek i po \u017eivi sa narodom - FOTO - PrijedorDanas.com - Prijedorski gradski portal<\/title>\n<meta name=\"robots\" content=\"index, follow, max-snippet:-1, max-image-preview:large, max-video-preview:-1\" \/>\n<link rel=\"canonical\" href=\"https:\/\/www.prijedordanas.com\/?p=195372\" \/>\n<meta property=\"og:locale\" content=\"en_US\" \/>\n<meta property=\"og:type\" content=\"article\" \/>\n<meta property=\"og:title\" content=\"Crkva u Busnovima me\u0111u najstarijim brvnarama: Vijek i po \u017eivi sa narodom - FOTO - PrijedorDanas.com - Prijedorski gradski portal\" \/>\n<meta property=\"og:description\" content=\"Pored starih hrastova i grobl\u0458a koje narod zove \u201eSpasi\u0161te\u201c, crkva brvnara u Busnovima ve\u0107 150 godina do\u010dekuje vjeruju\u0107i narod. Vje\u0161te ruke i vol\u0458a naroda izgradile su je 1870. godine, a [&hellip;]\" \/>\n<meta property=\"og:url\" content=\"https:\/\/www.prijedordanas.com\/?p=195372\" \/>\n<meta property=\"og:site_name\" content=\"PrijedorDanas.com - Prijedorski gradski portal\" \/>\n<meta property=\"article:publisher\" content=\"https:\/\/www.facebook.com\/PrijedorDanasCom\/\" \/>\n<meta property=\"article:published_time\" content=\"2022-11-20T17:02:19+00:00\" \/>\n<meta property=\"og:image\" content=\"https:\/\/www.prijedordanas.com\/wp-content\/uploads\/2022\/11\/kozarski-crkva-busnovi-300x225.jpg\" \/>\n<meta name=\"author\" content=\"admin\" \/>\n<meta name=\"twitter:card\" content=\"summary_large_image\" \/>\n<meta name=\"twitter:label1\" content=\"Written by\" \/>\n\t<meta name=\"twitter:data1\" content=\"admin\" \/>\n\t<meta name=\"twitter:label2\" content=\"Est. reading time\" \/>\n\t<meta name=\"twitter:data2\" content=\"3 minutes\" \/>\n<script type=\"application\/ld+json\" class=\"yoast-schema-graph\">{\"@context\":\"https:\/\/schema.org\",\"@graph\":[{\"@type\":\"Article\",\"@id\":\"https:\/\/www.prijedordanas.com\/?p=195372#article\",\"isPartOf\":{\"@id\":\"https:\/\/www.prijedordanas.com\/?p=195372\"},\"author\":{\"name\":\"admin\",\"@id\":\"https:\/\/www.prijedordanas.com\/#\/schema\/person\/4e08ccf29b506ca916ff86d46bb700e6\"},\"headline\":\"Crkva u Busnovima me\u0111u najstarijim brvnarama: Vijek i po \u017eivi sa narodom &#8211; FOTO\",\"datePublished\":\"2022-11-20T17:02:19+00:00\",\"dateModified\":\"2022-11-20T17:02:19+00:00\",\"mainEntityOfPage\":{\"@id\":\"https:\/\/www.prijedordanas.com\/?p=195372\"},\"wordCount\":557,\"publisher\":{\"@id\":\"https:\/\/www.prijedordanas.com\/#organization\"},\"articleSection\":[\"\u017divot\"],\"inLanguage\":\"en-US\"},{\"@type\":\"WebPage\",\"@id\":\"https:\/\/www.prijedordanas.com\/?p=195372\",\"url\":\"https:\/\/www.prijedordanas.com\/?p=195372\",\"name\":\"Crkva u Busnovima me\u0111u najstarijim brvnarama: Vijek i po \u017eivi sa narodom - FOTO - PrijedorDanas.com - Prijedorski gradski portal\",\"isPartOf\":{\"@id\":\"https:\/\/www.prijedordanas.com\/#website\"},\"datePublished\":\"2022-11-20T17:02:19+00:00\",\"dateModified\":\"2022-11-20T17:02:19+00:00\",\"breadcrumb\":{\"@id\":\"https:\/\/www.prijedordanas.com\/?p=195372#breadcrumb\"},\"inLanguage\":\"en-US\",\"potentialAction\":[{\"@type\":\"ReadAction\",\"target\":[\"https:\/\/www.prijedordanas.com\/?p=195372\"]}]},{\"@type\":\"BreadcrumbList\",\"@id\":\"https:\/\/www.prijedordanas.com\/?p=195372#breadcrumb\",\"itemListElement\":[{\"@type\":\"ListItem\",\"position\":1,\"name\":\"Home\",\"item\":\"https:\/\/www.prijedordanas.com\/\"},{\"@type\":\"ListItem\",\"position\":2,\"name\":\"Crkva u Busnovima me\u0111u najstarijim brvnarama: Vijek i po \u017eivi sa narodom &#8211; FOTO\"}]},{\"@type\":\"WebSite\",\"@id\":\"https:\/\/www.prijedordanas.com\/#website\",\"url\":\"https:\/\/www.prijedordanas.com\/\",\"name\":\"PrijedorDanas.com - Prijedorski gradski portal\",\"description\":\"Portal o doga\u0111anjima u gradu Prijedoru\",\"publisher\":{\"@id\":\"https:\/\/www.prijedordanas.com\/#organization\"},\"potentialAction\":[{\"@type\":\"SearchAction\",\"target\":{\"@type\":\"EntryPoint\",\"urlTemplate\":\"https:\/\/www.prijedordanas.com\/?s={search_term_string}\"},\"query-input\":\"required name=search_term_string\"}],\"inLanguage\":\"en-US\"},{\"@type\":\"Organization\",\"@id\":\"https:\/\/www.prijedordanas.com\/#organization\",\"name\":\"PrijedorDanas.com\",\"url\":\"https:\/\/www.prijedordanas.com\/\",\"logo\":{\"@type\":\"ImageObject\",\"inLanguage\":\"en-US\",\"@id\":\"https:\/\/www.prijedordanas.com\/#\/schema\/logo\/image\/\",\"url\":\"http:\/\/www.prijedordanas.com\/wp-content\/uploads\/2021\/12\/logopng.png\",\"contentUrl\":\"http:\/\/www.prijedordanas.com\/wp-content\/uploads\/2021\/12\/logopng.png\",\"width\":1019,\"height\":776,\"caption\":\"PrijedorDanas.com\"},\"image\":{\"@id\":\"https:\/\/www.prijedordanas.com\/#\/schema\/logo\/image\/\"},\"sameAs\":[\"https:\/\/www.facebook.com\/PrijedorDanasCom\/\"]},{\"@type\":\"Person\",\"@id\":\"https:\/\/www.prijedordanas.com\/#\/schema\/person\/4e08ccf29b506ca916ff86d46bb700e6\",\"name\":\"admin\",\"image\":{\"@type\":\"ImageObject\",\"inLanguage\":\"en-US\",\"@id\":\"https:\/\/www.prijedordanas.com\/#\/schema\/person\/image\/\",\"url\":\"https:\/\/secure.gravatar.com\/avatar\/1d3fc949d550f0b53a5f0d51e06dfd79?s=96&d=mm&r=g\",\"contentUrl\":\"https:\/\/secure.gravatar.com\/avatar\/1d3fc949d550f0b53a5f0d51e06dfd79?s=96&d=mm&r=g\",\"caption\":\"admin\"},\"url\":\"https:\/\/www.prijedordanas.com\/?author=1\"}]}<\/script>\n<!-- \/ Yoast SEO plugin. -->","yoast_head_json":{"title":"Crkva u Busnovima me\u0111u najstarijim brvnarama: Vijek i po \u017eivi sa narodom - FOTO - PrijedorDanas.com - Prijedorski gradski portal","robots":{"index":"index","follow":"follow","max-snippet":"max-snippet:-1","max-image-preview":"max-image-preview:large","max-video-preview":"max-video-preview:-1"},"canonical":"https:\/\/www.prijedordanas.com\/?p=195372","og_locale":"en_US","og_type":"article","og_title":"Crkva u Busnovima me\u0111u najstarijim brvnarama: Vijek i po \u017eivi sa narodom - FOTO - PrijedorDanas.com - Prijedorski gradski portal","og_description":"Pored starih hrastova i grobl\u0458a koje narod zove \u201eSpasi\u0161te\u201c, crkva brvnara u Busnovima ve\u0107 150 godina do\u010dekuje vjeruju\u0107i narod. Vje\u0161te ruke i vol\u0458a naroda izgradile su je 1870. godine, a [&hellip;]","og_url":"https:\/\/www.prijedordanas.com\/?p=195372","og_site_name":"PrijedorDanas.com - Prijedorski gradski portal","article_publisher":"https:\/\/www.facebook.com\/PrijedorDanasCom\/","article_published_time":"2022-11-20T17:02:19+00:00","og_image":[{"url":"https:\/\/www.prijedordanas.com\/wp-content\/uploads\/2022\/11\/kozarski-crkva-busnovi-300x225.jpg"}],"author":"admin","twitter_card":"summary_large_image","twitter_misc":{"Written by":"admin","Est. reading time":"3 minutes"},"schema":{"@context":"https:\/\/schema.org","@graph":[{"@type":"Article","@id":"https:\/\/www.prijedordanas.com\/?p=195372#article","isPartOf":{"@id":"https:\/\/www.prijedordanas.com\/?p=195372"},"author":{"name":"admin","@id":"https:\/\/www.prijedordanas.com\/#\/schema\/person\/4e08ccf29b506ca916ff86d46bb700e6"},"headline":"Crkva u Busnovima me\u0111u najstarijim brvnarama: Vijek i po \u017eivi sa narodom &#8211; FOTO","datePublished":"2022-11-20T17:02:19+00:00","dateModified":"2022-11-20T17:02:19+00:00","mainEntityOfPage":{"@id":"https:\/\/www.prijedordanas.com\/?p=195372"},"wordCount":557,"publisher":{"@id":"https:\/\/www.prijedordanas.com\/#organization"},"articleSection":["\u017divot"],"inLanguage":"en-US"},{"@type":"WebPage","@id":"https:\/\/www.prijedordanas.com\/?p=195372","url":"https:\/\/www.prijedordanas.com\/?p=195372","name":"Crkva u Busnovima me\u0111u najstarijim brvnarama: Vijek i po \u017eivi sa narodom - FOTO - PrijedorDanas.com - Prijedorski gradski portal","isPartOf":{"@id":"https:\/\/www.prijedordanas.com\/#website"},"datePublished":"2022-11-20T17:02:19+00:00","dateModified":"2022-11-20T17:02:19+00:00","breadcrumb":{"@id":"https:\/\/www.prijedordanas.com\/?p=195372#breadcrumb"},"inLanguage":"en-US","potentialAction":[{"@type":"ReadAction","target":["https:\/\/www.prijedordanas.com\/?p=195372"]}]},{"@type":"BreadcrumbList","@id":"https:\/\/www.prijedordanas.com\/?p=195372#breadcrumb","itemListElement":[{"@type":"ListItem","position":1,"name":"Home","item":"https:\/\/www.prijedordanas.com\/"},{"@type":"ListItem","position":2,"name":"Crkva u Busnovima me\u0111u najstarijim brvnarama: Vijek i po \u017eivi sa narodom &#8211; FOTO"}]},{"@type":"WebSite","@id":"https:\/\/www.prijedordanas.com\/#website","url":"https:\/\/www.prijedordanas.com\/","name":"PrijedorDanas.com - Prijedorski gradski portal","description":"Portal o doga\u0111anjima u gradu Prijedoru","publisher":{"@id":"https:\/\/www.prijedordanas.com\/#organization"},"potentialAction":[{"@type":"SearchAction","target":{"@type":"EntryPoint","urlTemplate":"https:\/\/www.prijedordanas.com\/?s={search_term_string}"},"query-input":"required name=search_term_string"}],"inLanguage":"en-US"},{"@type":"Organization","@id":"https:\/\/www.prijedordanas.com\/#organization","name":"PrijedorDanas.com","url":"https:\/\/www.prijedordanas.com\/","logo":{"@type":"ImageObject","inLanguage":"en-US","@id":"https:\/\/www.prijedordanas.com\/#\/schema\/logo\/image\/","url":"http:\/\/www.prijedordanas.com\/wp-content\/uploads\/2021\/12\/logopng.png","contentUrl":"http:\/\/www.prijedordanas.com\/wp-content\/uploads\/2021\/12\/logopng.png","width":1019,"height":776,"caption":"PrijedorDanas.com"},"image":{"@id":"https:\/\/www.prijedordanas.com\/#\/schema\/logo\/image\/"},"sameAs":["https:\/\/www.facebook.com\/PrijedorDanasCom\/"]},{"@type":"Person","@id":"https:\/\/www.prijedordanas.com\/#\/schema\/person\/4e08ccf29b506ca916ff86d46bb700e6","name":"admin","image":{"@type":"ImageObject","inLanguage":"en-US","@id":"https:\/\/www.prijedordanas.com\/#\/schema\/person\/image\/","url":"https:\/\/secure.gravatar.com\/avatar\/1d3fc949d550f0b53a5f0d51e06dfd79?s=96&d=mm&r=g","contentUrl":"https:\/\/secure.gravatar.com\/avatar\/1d3fc949d550f0b53a5f0d51e06dfd79?s=96&d=mm&r=g","caption":"admin"},"url":"https:\/\/www.prijedordanas.com\/?author=1"}]}},"_links":{"self":[{"href":"https:\/\/www.prijedordanas.com\/index.php?rest_route=\/wp\/v2\/posts\/195372"}],"collection":[{"href":"https:\/\/www.prijedordanas.com\/index.php?rest_route=\/wp\/v2\/posts"}],"about":[{"href":"https:\/\/www.prijedordanas.com\/index.php?rest_route=\/wp\/v2\/types\/post"}],"author":[{"embeddable":true,"href":"https:\/\/www.prijedordanas.com\/index.php?rest_route=\/wp\/v2\/users\/1"}],"replies":[{"embeddable":true,"href":"https:\/\/www.prijedordanas.com\/index.php?rest_route=%2Fwp%2Fv2%2Fcomments&post=195372"}],"version-history":[{"count":1,"href":"https:\/\/www.prijedordanas.com\/index.php?rest_route=\/wp\/v2\/posts\/195372\/revisions"}],"predecessor-version":[{"id":195376,"href":"https:\/\/www.prijedordanas.com\/index.php?rest_route=\/wp\/v2\/posts\/195372\/revisions\/195376"}],"wp:attachment":[{"href":"https:\/\/www.prijedordanas.com\/index.php?rest_route=%2Fwp%2Fv2%2Fmedia&parent=195372"}],"wp:term":[{"taxonomy":"category","embeddable":true,"href":"https:\/\/www.prijedordanas.com\/index.php?rest_route=%2Fwp%2Fv2%2Fcategories&post=195372"},{"taxonomy":"post_tag","embeddable":true,"href":"https:\/\/www.prijedordanas.com\/index.php?rest_route=%2Fwp%2Fv2%2Ftags&post=195372"}],"curies":[{"name":"wp","href":"https:\/\/api.w.org\/{rel}","templated":true}]}}