{"id":194705,"date":"2022-11-08T18:42:46","date_gmt":"2022-11-08T17:42:46","guid":{"rendered":"https:\/\/www.prijedordanas.com\/?p=194705"},"modified":"2022-11-08T18:42:46","modified_gmt":"2022-11-08T17:42:46","slug":"info-sesija-u-prijedoru-do-6-500-km-subvencija-za-ugradnju-solarnih-sistema","status":"publish","type":"post","link":"https:\/\/www.prijedordanas.com\/?p=194705","title":{"rendered":"Info-sesija u Prijedoru: Do 6.500 KM subvencija za ugradnju solarnih sistema"},"content":{"rendered":"<p><a href=\"https:\/\/www.prijedordanas.com\/wp-content\/uploads\/2022\/11\/ilustracija-solarni-panel.jpg\"><img loading=\"lazy\" decoding=\"async\" src=\"https:\/\/www.prijedordanas.com\/wp-content\/uploads\/2022\/11\/ilustracija-solarni-panel-300x225.jpg\" alt=\"\" width=\"300\" height=\"225\" class=\"alignleft size-medium wp-image-194706\" srcset=\"https:\/\/www.prijedordanas.com\/wp-content\/uploads\/2022\/11\/ilustracija-solarni-panel-300x225.jpg 300w, https:\/\/www.prijedordanas.com\/wp-content\/uploads\/2022\/11\/ilustracija-solarni-panel-640x480.jpg 640w, https:\/\/www.prijedordanas.com\/wp-content\/uploads\/2022\/11\/ilustracija-solarni-panel.jpg 667w\" sizes=\"(max-width: 300px) 100vw, 300px\" \/><\/a>U Prijedoru je odr\u017eana info-sesija o javnom pozivu za subvencionisanje izgradnje solarnih sistema na objektima individualnog stanovanja.  Javni poziv je u toku, a otvoren je u okviru projekta SolarCET koji implementiraju UNDP i Grad Prijedor.<\/p>\n<p>\u201cIzdvojena su odre\u0111ena sredstva za gra\u0111ane da se subvencioni\u0161u solarni sistemi u iznosu do 50 odsto, a radi se o sistemima snage 4, 5 i 6 kW. Gra\u0111ani imaju priliku da dobiju sredstva u iznosu do 6.500 KM\u201d, rekao je Albin Toljevi\u0107 iz UNDP-a BiH.<\/p>\n<p>Po rije\u010dima Neboj\u0161e Savanovi\u0107a, \u0161efa Odsjeka za privredu grada Prijedora, ovo je svojevrstan pilot-projekat na putu ka zelenijoj Evropi i energetskoj efikasnosti.<\/p>\n<p>\u201cSigurno \u0107e ovakvih projekata biti jo\u0161 vi\u0161e u budu\u0107nosti. Prijedor je, pored Gradi\u0161ke, jedini grad u Republici Srpskoj koji je potpisnik inicijative sa UNDP-jem za solarne panele\u201d, rekao je Savanovi\u0107.<\/p>\n<p>Javni poziv otvoren je u okviru Razvojnog programa UN koji finansira Globalni fond za \u017eivotnu sredinu, a bi\u0107e otvoren do 22. novembra. Cilj je investiranje u pokretanje koncepta niskokarbonskog urbanog razvoja u Bosni i Hercegovini kroz promociju sigurnih, \u010distih i zdravih gradova, uz smanjenje emisija \u0161tetnih gasova.<\/p>\n<p>kozarski.com<\/p>\n","protected":false},"excerpt":{"rendered":"<p>U Prijedoru je odr\u017eana info-sesija o javnom pozivu za subvencionisanje izgradnje solarnih sistema na objektima individualnog stanovanja. Javni poziv je u toku, a otvoren je u okviru projekta SolarCET koji [&hellip;]<\/p>\n","protected":false},"author":1,"featured_media":0,"comment_status":"closed","ping_status":"open","sticky":false,"template":"","format":"standard","meta":{"_monsterinsights_skip_tracking":false,"_monsterinsights_sitenote_active":false,"_monsterinsights_sitenote_note":"","_monsterinsights_sitenote_category":0,"footnotes":""},"categories":[4],"tags":[],"yoast_head":"<!-- This site is optimized with the Yoast SEO plugin v21.6 - https:\/\/yoast.com\/wordpress\/plugins\/seo\/ -->\n<title>Info-sesija u Prijedoru: Do 6.500 KM subvencija za ugradnju solarnih sistema - PrijedorDanas.com - Prijedorski gradski portal<\/title>\n<meta name=\"robots\" content=\"index, follow, max-snippet:-1, max-image-preview:large, max-video-preview:-1\" \/>\n<link rel=\"canonical\" href=\"https:\/\/www.prijedordanas.com\/?p=194705\" \/>\n<meta property=\"og:locale\" content=\"en_US\" \/>\n<meta property=\"og:type\" content=\"article\" \/>\n<meta property=\"og:title\" content=\"Info-sesija u Prijedoru: Do 6.500 KM subvencija za ugradnju solarnih sistema - PrijedorDanas.com - Prijedorski gradski portal\" \/>\n<meta property=\"og:description\" content=\"U Prijedoru je odr\u017eana info-sesija o javnom pozivu za subvencionisanje izgradnje solarnih sistema na objektima individualnog stanovanja. Javni poziv je u toku, a otvoren je u okviru projekta SolarCET koji [&hellip;]\" \/>\n<meta property=\"og:url\" content=\"https:\/\/www.prijedordanas.com\/?p=194705\" \/>\n<meta property=\"og:site_name\" content=\"PrijedorDanas.com - Prijedorski gradski portal\" \/>\n<meta property=\"article:publisher\" content=\"https:\/\/www.facebook.com\/PrijedorDanasCom\/\" \/>\n<meta property=\"article:published_time\" content=\"2022-11-08T17:42:46+00:00\" \/>\n<meta property=\"og:image\" content=\"https:\/\/www.prijedordanas.com\/wp-content\/uploads\/2022\/11\/ilustracija-solarni-panel-300x225.jpg\" \/>\n<meta name=\"author\" content=\"admin\" \/>\n<meta name=\"twitter:card\" content=\"summary_large_image\" \/>\n<meta name=\"twitter:label1\" content=\"Written by\" \/>\n\t<meta name=\"twitter:data1\" content=\"admin\" \/>\n<script type=\"application\/ld+json\" class=\"yoast-schema-graph\">{\"@context\":\"https:\/\/schema.org\",\"@graph\":[{\"@type\":\"Article\",\"@id\":\"https:\/\/www.prijedordanas.com\/?p=194705#article\",\"isPartOf\":{\"@id\":\"https:\/\/www.prijedordanas.com\/?p=194705\"},\"author\":{\"name\":\"admin\",\"@id\":\"https:\/\/www.prijedordanas.com\/#\/schema\/person\/4e08ccf29b506ca916ff86d46bb700e6\"},\"headline\":\"Info-sesija u Prijedoru: Do 6.500 KM subvencija za ugradnju solarnih sistema\",\"datePublished\":\"2022-11-08T17:42:46+00:00\",\"dateModified\":\"2022-11-08T17:42:46+00:00\",\"mainEntityOfPage\":{\"@id\":\"https:\/\/www.prijedordanas.com\/?p=194705\"},\"wordCount\":197,\"publisher\":{\"@id\":\"https:\/\/www.prijedordanas.com\/#organization\"},\"articleSection\":[\"Dru\u0161tvo\"],\"inLanguage\":\"en-US\"},{\"@type\":\"WebPage\",\"@id\":\"https:\/\/www.prijedordanas.com\/?p=194705\",\"url\":\"https:\/\/www.prijedordanas.com\/?p=194705\",\"name\":\"Info-sesija u Prijedoru: Do 6.500 KM subvencija za ugradnju solarnih sistema - PrijedorDanas.com - Prijedorski gradski portal\",\"isPartOf\":{\"@id\":\"https:\/\/www.prijedordanas.com\/#website\"},\"datePublished\":\"2022-11-08T17:42:46+00:00\",\"dateModified\":\"2022-11-08T17:42:46+00:00\",\"breadcrumb\":{\"@id\":\"https:\/\/www.prijedordanas.com\/?p=194705#breadcrumb\"},\"inLanguage\":\"en-US\",\"potentialAction\":[{\"@type\":\"ReadAction\",\"target\":[\"https:\/\/www.prijedordanas.com\/?p=194705\"]}]},{\"@type\":\"BreadcrumbList\",\"@id\":\"https:\/\/www.prijedordanas.com\/?p=194705#breadcrumb\",\"itemListElement\":[{\"@type\":\"ListItem\",\"position\":1,\"name\":\"Home\",\"item\":\"https:\/\/www.prijedordanas.com\/\"},{\"@type\":\"ListItem\",\"position\":2,\"name\":\"Info-sesija u Prijedoru: Do 6.500 KM subvencija za ugradnju solarnih sistema\"}]},{\"@type\":\"WebSite\",\"@id\":\"https:\/\/www.prijedordanas.com\/#website\",\"url\":\"https:\/\/www.prijedordanas.com\/\",\"name\":\"PrijedorDanas.com - Prijedorski gradski portal\",\"description\":\"Portal o doga\u0111anjima u gradu Prijedoru\",\"publisher\":{\"@id\":\"https:\/\/www.prijedordanas.com\/#organization\"},\"potentialAction\":[{\"@type\":\"SearchAction\",\"target\":{\"@type\":\"EntryPoint\",\"urlTemplate\":\"https:\/\/www.prijedordanas.com\/?s={search_term_string}\"},\"query-input\":\"required name=search_term_string\"}],\"inLanguage\":\"en-US\"},{\"@type\":\"Organization\",\"@id\":\"https:\/\/www.prijedordanas.com\/#organization\",\"name\":\"PrijedorDanas.com\",\"url\":\"https:\/\/www.prijedordanas.com\/\",\"logo\":{\"@type\":\"ImageObject\",\"inLanguage\":\"en-US\",\"@id\":\"https:\/\/www.prijedordanas.com\/#\/schema\/logo\/image\/\",\"url\":\"http:\/\/www.prijedordanas.com\/wp-content\/uploads\/2021\/12\/logopng.png\",\"contentUrl\":\"http:\/\/www.prijedordanas.com\/wp-content\/uploads\/2021\/12\/logopng.png\",\"width\":1019,\"height\":776,\"caption\":\"PrijedorDanas.com\"},\"image\":{\"@id\":\"https:\/\/www.prijedordanas.com\/#\/schema\/logo\/image\/\"},\"sameAs\":[\"https:\/\/www.facebook.com\/PrijedorDanasCom\/\"]},{\"@type\":\"Person\",\"@id\":\"https:\/\/www.prijedordanas.com\/#\/schema\/person\/4e08ccf29b506ca916ff86d46bb700e6\",\"name\":\"admin\",\"image\":{\"@type\":\"ImageObject\",\"inLanguage\":\"en-US\",\"@id\":\"https:\/\/www.prijedordanas.com\/#\/schema\/person\/image\/\",\"url\":\"https:\/\/secure.gravatar.com\/avatar\/1d3fc949d550f0b53a5f0d51e06dfd79?s=96&d=mm&r=g\",\"contentUrl\":\"https:\/\/secure.gravatar.com\/avatar\/1d3fc949d550f0b53a5f0d51e06dfd79?s=96&d=mm&r=g\",\"caption\":\"admin\"},\"url\":\"https:\/\/www.prijedordanas.com\/?author=1\"}]}<\/script>\n<!-- \/ Yoast SEO plugin. -->","yoast_head_json":{"title":"Info-sesija u Prijedoru: Do 6.500 KM subvencija za ugradnju solarnih sistema - PrijedorDanas.com - Prijedorski gradski portal","robots":{"index":"index","follow":"follow","max-snippet":"max-snippet:-1","max-image-preview":"max-image-preview:large","max-video-preview":"max-video-preview:-1"},"canonical":"https:\/\/www.prijedordanas.com\/?p=194705","og_locale":"en_US","og_type":"article","og_title":"Info-sesija u Prijedoru: Do 6.500 KM subvencija za ugradnju solarnih sistema - PrijedorDanas.com - Prijedorski gradski portal","og_description":"U Prijedoru je odr\u017eana info-sesija o javnom pozivu za subvencionisanje izgradnje solarnih sistema na objektima individualnog stanovanja. Javni poziv je u toku, a otvoren je u okviru projekta SolarCET koji [&hellip;]","og_url":"https:\/\/www.prijedordanas.com\/?p=194705","og_site_name":"PrijedorDanas.com - Prijedorski gradski portal","article_publisher":"https:\/\/www.facebook.com\/PrijedorDanasCom\/","article_published_time":"2022-11-08T17:42:46+00:00","og_image":[{"url":"https:\/\/www.prijedordanas.com\/wp-content\/uploads\/2022\/11\/ilustracija-solarni-panel-300x225.jpg"}],"author":"admin","twitter_card":"summary_large_image","twitter_misc":{"Written by":"admin"},"schema":{"@context":"https:\/\/schema.org","@graph":[{"@type":"Article","@id":"https:\/\/www.prijedordanas.com\/?p=194705#article","isPartOf":{"@id":"https:\/\/www.prijedordanas.com\/?p=194705"},"author":{"name":"admin","@id":"https:\/\/www.prijedordanas.com\/#\/schema\/person\/4e08ccf29b506ca916ff86d46bb700e6"},"headline":"Info-sesija u Prijedoru: Do 6.500 KM subvencija za ugradnju solarnih sistema","datePublished":"2022-11-08T17:42:46+00:00","dateModified":"2022-11-08T17:42:46+00:00","mainEntityOfPage":{"@id":"https:\/\/www.prijedordanas.com\/?p=194705"},"wordCount":197,"publisher":{"@id":"https:\/\/www.prijedordanas.com\/#organization"},"articleSection":["Dru\u0161tvo"],"inLanguage":"en-US"},{"@type":"WebPage","@id":"https:\/\/www.prijedordanas.com\/?p=194705","url":"https:\/\/www.prijedordanas.com\/?p=194705","name":"Info-sesija u Prijedoru: Do 6.500 KM subvencija za ugradnju solarnih sistema - PrijedorDanas.com - Prijedorski gradski portal","isPartOf":{"@id":"https:\/\/www.prijedordanas.com\/#website"},"datePublished":"2022-11-08T17:42:46+00:00","dateModified":"2022-11-08T17:42:46+00:00","breadcrumb":{"@id":"https:\/\/www.prijedordanas.com\/?p=194705#breadcrumb"},"inLanguage":"en-US","potentialAction":[{"@type":"ReadAction","target":["https:\/\/www.prijedordanas.com\/?p=194705"]}]},{"@type":"BreadcrumbList","@id":"https:\/\/www.prijedordanas.com\/?p=194705#breadcrumb","itemListElement":[{"@type":"ListItem","position":1,"name":"Home","item":"https:\/\/www.prijedordanas.com\/"},{"@type":"ListItem","position":2,"name":"Info-sesija u Prijedoru: Do 6.500 KM subvencija za ugradnju solarnih sistema"}]},{"@type":"WebSite","@id":"https:\/\/www.prijedordanas.com\/#website","url":"https:\/\/www.prijedordanas.com\/","name":"PrijedorDanas.com - Prijedorski gradski portal","description":"Portal o doga\u0111anjima u gradu Prijedoru","publisher":{"@id":"https:\/\/www.prijedordanas.com\/#organization"},"potentialAction":[{"@type":"SearchAction","target":{"@type":"EntryPoint","urlTemplate":"https:\/\/www.prijedordanas.com\/?s={search_term_string}"},"query-input":"required name=search_term_string"}],"inLanguage":"en-US"},{"@type":"Organization","@id":"https:\/\/www.prijedordanas.com\/#organization","name":"PrijedorDanas.com","url":"https:\/\/www.prijedordanas.com\/","logo":{"@type":"ImageObject","inLanguage":"en-US","@id":"https:\/\/www.prijedordanas.com\/#\/schema\/logo\/image\/","url":"http:\/\/www.prijedordanas.com\/wp-content\/uploads\/2021\/12\/logopng.png","contentUrl":"http:\/\/www.prijedordanas.com\/wp-content\/uploads\/2021\/12\/logopng.png","width":1019,"height":776,"caption":"PrijedorDanas.com"},"image":{"@id":"https:\/\/www.prijedordanas.com\/#\/schema\/logo\/image\/"},"sameAs":["https:\/\/www.facebook.com\/PrijedorDanasCom\/"]},{"@type":"Person","@id":"https:\/\/www.prijedordanas.com\/#\/schema\/person\/4e08ccf29b506ca916ff86d46bb700e6","name":"admin","image":{"@type":"ImageObject","inLanguage":"en-US","@id":"https:\/\/www.prijedordanas.com\/#\/schema\/person\/image\/","url":"https:\/\/secure.gravatar.com\/avatar\/1d3fc949d550f0b53a5f0d51e06dfd79?s=96&d=mm&r=g","contentUrl":"https:\/\/secure.gravatar.com\/avatar\/1d3fc949d550f0b53a5f0d51e06dfd79?s=96&d=mm&r=g","caption":"admin"},"url":"https:\/\/www.prijedordanas.com\/?author=1"}]}},"_links":{"self":[{"href":"https:\/\/www.prijedordanas.com\/index.php?rest_route=\/wp\/v2\/posts\/194705"}],"collection":[{"href":"https:\/\/www.prijedordanas.com\/index.php?rest_route=\/wp\/v2\/posts"}],"about":[{"href":"https:\/\/www.prijedordanas.com\/index.php?rest_route=\/wp\/v2\/types\/post"}],"author":[{"embeddable":true,"href":"https:\/\/www.prijedordanas.com\/index.php?rest_route=\/wp\/v2\/users\/1"}],"replies":[{"embeddable":true,"href":"https:\/\/www.prijedordanas.com\/index.php?rest_route=%2Fwp%2Fv2%2Fcomments&post=194705"}],"version-history":[{"count":1,"href":"https:\/\/www.prijedordanas.com\/index.php?rest_route=\/wp\/v2\/posts\/194705\/revisions"}],"predecessor-version":[{"id":194707,"href":"https:\/\/www.prijedordanas.com\/index.php?rest_route=\/wp\/v2\/posts\/194705\/revisions\/194707"}],"wp:attachment":[{"href":"https:\/\/www.prijedordanas.com\/index.php?rest_route=%2Fwp%2Fv2%2Fmedia&parent=194705"}],"wp:term":[{"taxonomy":"category","embeddable":true,"href":"https:\/\/www.prijedordanas.com\/index.php?rest_route=%2Fwp%2Fv2%2Fcategories&post=194705"},{"taxonomy":"post_tag","embeddable":true,"href":"https:\/\/www.prijedordanas.com\/index.php?rest_route=%2Fwp%2Fv2%2Ftags&post=194705"}],"curies":[{"name":"wp","href":"https:\/\/api.w.org\/{rel}","templated":true}]}}