{"id":194702,"date":"2022-11-08T16:44:07","date_gmt":"2022-11-08T15:44:07","guid":{"rendered":"https:\/\/www.prijedordanas.com\/?p=194702"},"modified":"2022-11-09T13:51:50","modified_gmt":"2022-11-09T12:51:50","slug":"astronomska-sekcija-u-os-desanka-maksimovic-prijedor","status":"publish","type":"post","link":"https:\/\/www.prijedordanas.com\/?p=194702","title":{"rendered":"Astronomska sekcija u O\u0160 &#8220;Desanka Maksimovi\u0107&#8221; Prijedor &#8211; VIDEO"},"content":{"rendered":"<p><a href=\"https:\/\/www.prijedordanas.com\/wp-content\/uploads\/2022\/11\/kozarski-astronomska-sekcija-os-desanka-maksimovic.jpg\"><img loading=\"lazy\" decoding=\"async\" src=\"https:\/\/www.prijedordanas.com\/wp-content\/uploads\/2022\/11\/kozarski-astronomska-sekcija-os-desanka-maksimovic-300x225.jpg\" alt=\"\" width=\"300\" height=\"225\" class=\"alignleft size-medium wp-image-194703\" srcset=\"https:\/\/www.prijedordanas.com\/wp-content\/uploads\/2022\/11\/kozarski-astronomska-sekcija-os-desanka-maksimovic-300x225.jpg 300w, https:\/\/www.prijedordanas.com\/wp-content\/uploads\/2022\/11\/kozarski-astronomska-sekcija-os-desanka-maksimovic-640x480.jpg 640w, https:\/\/www.prijedordanas.com\/wp-content\/uploads\/2022\/11\/kozarski-astronomska-sekcija-os-desanka-maksimovic.jpg 667w\" sizes=\"(max-width: 300px) 100vw, 300px\" \/><\/a>Na veliko zadovoljstvo u\u010denika koje to zanima, danas je u Osnovnoj \u0161koli \u201cDesanka Maksimovi\u0107\u201d po\u010dela da radi astronomska sekcija. Na ovakvu ideju do\u0161li su u Astronomskom dru\u0161tvu \u201cSirijus\u201d, a u \u0161koli su je prihvatili i saradnja je po\u010dela.<\/p>\n<p>U\u010denik VII razreda, Matija Dodo\u0161, ka\u017ee da je astronomija zanimljiva i da je to ne\u0161to druga\u010dijeod onoga \u0161to se kroz redovnu nastavu u\u010di u osnovnoj \u0161koli. Predsjednik Astronomskog dru\u0161tva \u201cSirijus\u201d, Rajko Lekani\u0107, isti\u010de da \u0107e u\u010denicima maksimalno pomo\u0107i znanjem i opremom koju imaju.<\/p>\n<p>Nastavnik Nikola Marin, koji \u0107e, pored tehni\u010dkog obrazovanja, raditi sa u\u010denicima u astronomskoj sekciji ka\u017ee da mu je zadovoljstvo \u0161to \u0107e to biti dio njegovih \u0161kolskih aktivnosti.<\/p>\n<p>U Osnovnoj \u0161koli \u201cDesanka Maksimovi\u0107\u201d isti\u010du da su jedini u Republici Srpskoj koji imaju astronomsku sekciju.<\/p>\n<p>\u201cNa po\u010detku je to bilo svima nama ne\u0161to novo i nepoznato. Me\u0111utim, kako vrijeme odmi\u010de sve je ve\u0107e interesovanje na\u0161ih u\u010denika\u201d, nagla\u0161ava Zdravko Budimir, direktor \u0161kole.<\/p>\n<p>Astronomska sekcija Osnovne \u0161kole \u201cDesanka Maksimovi\u0107\u201d zasad broji petnaestak \u010dlanova, u\u010denika \u0161estog i sedmog razreda. Dio nastave odvija\u0107e se uz pomo\u0107 \u0161kolskih audio-vizuelnih sredstava, a za ozbiljnije posmatranje i prou\u010davanje svemira pomo\u0107 \u0107e im pru\u017eiti Astronomsko dru\u0161tvo \u201cSirijus\u201d sa svojom opremom.<\/p>\n<p>kozarski.com<\/p>\n<p><iframe loading=\"lazy\" title=\"ASTRONOMSKA SEKCIJA U O\u0160 &quot;DESANKA MAKSIMOVI\u0106&quot;\" width=\"500\" height=\"281\" src=\"https:\/\/www.youtube.com\/embed\/YMs6oHDJfX8?feature=oembed\" frameborder=\"0\" allow=\"accelerometer; autoplay; clipboard-write; encrypted-media; gyroscope; picture-in-picture\" allowfullscreen><\/iframe><\/p>\n","protected":false},"excerpt":{"rendered":"<p>Na veliko zadovoljstvo u\u010denika koje to zanima, danas je u Osnovnoj \u0161koli \u201cDesanka Maksimovi\u0107\u201d po\u010dela da radi astronomska sekcija. Na ovakvu ideju do\u0161li su u Astronomskom dru\u0161tvu \u201cSirijus\u201d, a u [&hellip;]<\/p>\n","protected":false},"author":1,"featured_media":0,"comment_status":"closed","ping_status":"open","sticky":false,"template":"","format":"standard","meta":{"_monsterinsights_skip_tracking":false,"_monsterinsights_sitenote_active":false,"_monsterinsights_sitenote_note":"","_monsterinsights_sitenote_category":0,"footnotes":""},"categories":[7518],"tags":[],"yoast_head":"<!-- This site is optimized with the Yoast SEO plugin v21.6 - https:\/\/yoast.com\/wordpress\/plugins\/seo\/ -->\n<title>Astronomska sekcija u O\u0160 &quot;Desanka Maksimovi\u0107&quot; Prijedor - VIDEO - PrijedorDanas.com - Prijedorski gradski portal<\/title>\n<meta name=\"robots\" content=\"index, follow, max-snippet:-1, max-image-preview:large, max-video-preview:-1\" \/>\n<link rel=\"canonical\" href=\"https:\/\/www.prijedordanas.com\/?p=194702\" \/>\n<meta property=\"og:locale\" content=\"en_US\" \/>\n<meta property=\"og:type\" content=\"article\" \/>\n<meta property=\"og:title\" content=\"Astronomska sekcija u O\u0160 &quot;Desanka Maksimovi\u0107&quot; Prijedor - VIDEO - PrijedorDanas.com - Prijedorski gradski portal\" \/>\n<meta property=\"og:description\" content=\"Na veliko zadovoljstvo u\u010denika koje to zanima, danas je u Osnovnoj \u0161koli \u201cDesanka Maksimovi\u0107\u201d po\u010dela da radi astronomska sekcija. Na ovakvu ideju do\u0161li su u Astronomskom dru\u0161tvu \u201cSirijus\u201d, a u [&hellip;]\" \/>\n<meta property=\"og:url\" content=\"https:\/\/www.prijedordanas.com\/?p=194702\" \/>\n<meta property=\"og:site_name\" content=\"PrijedorDanas.com - Prijedorski gradski portal\" \/>\n<meta property=\"article:publisher\" content=\"https:\/\/www.facebook.com\/PrijedorDanasCom\/\" \/>\n<meta property=\"article:published_time\" content=\"2022-11-08T15:44:07+00:00\" \/>\n<meta property=\"article:modified_time\" content=\"2022-11-09T12:51:50+00:00\" \/>\n<meta property=\"og:image\" content=\"https:\/\/www.prijedordanas.com\/wp-content\/uploads\/2022\/11\/kozarski-astronomska-sekcija-os-desanka-maksimovic-300x225.jpg\" \/>\n<meta name=\"author\" content=\"admin\" \/>\n<meta name=\"twitter:card\" content=\"summary_large_image\" \/>\n<meta name=\"twitter:label1\" content=\"Written by\" \/>\n\t<meta name=\"twitter:data1\" content=\"admin\" \/>\n\t<meta name=\"twitter:label2\" content=\"Est. reading time\" \/>\n\t<meta name=\"twitter:data2\" content=\"2 minutes\" \/>\n<script type=\"application\/ld+json\" class=\"yoast-schema-graph\">{\"@context\":\"https:\/\/schema.org\",\"@graph\":[{\"@type\":\"Article\",\"@id\":\"https:\/\/www.prijedordanas.com\/?p=194702#article\",\"isPartOf\":{\"@id\":\"https:\/\/www.prijedordanas.com\/?p=194702\"},\"author\":{\"name\":\"admin\",\"@id\":\"https:\/\/www.prijedordanas.com\/#\/schema\/person\/4e08ccf29b506ca916ff86d46bb700e6\"},\"headline\":\"Astronomska sekcija u O\u0160 &#8220;Desanka Maksimovi\u0107&#8221; Prijedor &#8211; VIDEO\",\"datePublished\":\"2022-11-08T15:44:07+00:00\",\"dateModified\":\"2022-11-09T12:51:50+00:00\",\"mainEntityOfPage\":{\"@id\":\"https:\/\/www.prijedordanas.com\/?p=194702\"},\"wordCount\":238,\"publisher\":{\"@id\":\"https:\/\/www.prijedordanas.com\/#organization\"},\"articleSection\":[\"Mladi\"],\"inLanguage\":\"en-US\"},{\"@type\":\"WebPage\",\"@id\":\"https:\/\/www.prijedordanas.com\/?p=194702\",\"url\":\"https:\/\/www.prijedordanas.com\/?p=194702\",\"name\":\"Astronomska sekcija u O\u0160 \\\"Desanka Maksimovi\u0107\\\" Prijedor - VIDEO - PrijedorDanas.com - Prijedorski gradski portal\",\"isPartOf\":{\"@id\":\"https:\/\/www.prijedordanas.com\/#website\"},\"datePublished\":\"2022-11-08T15:44:07+00:00\",\"dateModified\":\"2022-11-09T12:51:50+00:00\",\"breadcrumb\":{\"@id\":\"https:\/\/www.prijedordanas.com\/?p=194702#breadcrumb\"},\"inLanguage\":\"en-US\",\"potentialAction\":[{\"@type\":\"ReadAction\",\"target\":[\"https:\/\/www.prijedordanas.com\/?p=194702\"]}]},{\"@type\":\"BreadcrumbList\",\"@id\":\"https:\/\/www.prijedordanas.com\/?p=194702#breadcrumb\",\"itemListElement\":[{\"@type\":\"ListItem\",\"position\":1,\"name\":\"Home\",\"item\":\"https:\/\/www.prijedordanas.com\/\"},{\"@type\":\"ListItem\",\"position\":2,\"name\":\"Astronomska sekcija u O\u0160 &#8220;Desanka Maksimovi\u0107&#8221; Prijedor &#8211; VIDEO\"}]},{\"@type\":\"WebSite\",\"@id\":\"https:\/\/www.prijedordanas.com\/#website\",\"url\":\"https:\/\/www.prijedordanas.com\/\",\"name\":\"PrijedorDanas.com - Prijedorski gradski portal\",\"description\":\"Portal o doga\u0111anjima u gradu Prijedoru\",\"publisher\":{\"@id\":\"https:\/\/www.prijedordanas.com\/#organization\"},\"potentialAction\":[{\"@type\":\"SearchAction\",\"target\":{\"@type\":\"EntryPoint\",\"urlTemplate\":\"https:\/\/www.prijedordanas.com\/?s={search_term_string}\"},\"query-input\":\"required name=search_term_string\"}],\"inLanguage\":\"en-US\"},{\"@type\":\"Organization\",\"@id\":\"https:\/\/www.prijedordanas.com\/#organization\",\"name\":\"PrijedorDanas.com\",\"url\":\"https:\/\/www.prijedordanas.com\/\",\"logo\":{\"@type\":\"ImageObject\",\"inLanguage\":\"en-US\",\"@id\":\"https:\/\/www.prijedordanas.com\/#\/schema\/logo\/image\/\",\"url\":\"http:\/\/www.prijedordanas.com\/wp-content\/uploads\/2021\/12\/logopng.png\",\"contentUrl\":\"http:\/\/www.prijedordanas.com\/wp-content\/uploads\/2021\/12\/logopng.png\",\"width\":1019,\"height\":776,\"caption\":\"PrijedorDanas.com\"},\"image\":{\"@id\":\"https:\/\/www.prijedordanas.com\/#\/schema\/logo\/image\/\"},\"sameAs\":[\"https:\/\/www.facebook.com\/PrijedorDanasCom\/\"]},{\"@type\":\"Person\",\"@id\":\"https:\/\/www.prijedordanas.com\/#\/schema\/person\/4e08ccf29b506ca916ff86d46bb700e6\",\"name\":\"admin\",\"image\":{\"@type\":\"ImageObject\",\"inLanguage\":\"en-US\",\"@id\":\"https:\/\/www.prijedordanas.com\/#\/schema\/person\/image\/\",\"url\":\"https:\/\/secure.gravatar.com\/avatar\/1d3fc949d550f0b53a5f0d51e06dfd79?s=96&d=mm&r=g\",\"contentUrl\":\"https:\/\/secure.gravatar.com\/avatar\/1d3fc949d550f0b53a5f0d51e06dfd79?s=96&d=mm&r=g\",\"caption\":\"admin\"},\"url\":\"https:\/\/www.prijedordanas.com\/?author=1\"}]}<\/script>\n<!-- \/ Yoast SEO plugin. -->","yoast_head_json":{"title":"Astronomska sekcija u O\u0160 \"Desanka Maksimovi\u0107\" Prijedor - VIDEO - PrijedorDanas.com - Prijedorski gradski portal","robots":{"index":"index","follow":"follow","max-snippet":"max-snippet:-1","max-image-preview":"max-image-preview:large","max-video-preview":"max-video-preview:-1"},"canonical":"https:\/\/www.prijedordanas.com\/?p=194702","og_locale":"en_US","og_type":"article","og_title":"Astronomska sekcija u O\u0160 \"Desanka Maksimovi\u0107\" Prijedor - VIDEO - PrijedorDanas.com - Prijedorski gradski portal","og_description":"Na veliko zadovoljstvo u\u010denika koje to zanima, danas je u Osnovnoj \u0161koli \u201cDesanka Maksimovi\u0107\u201d po\u010dela da radi astronomska sekcija. Na ovakvu ideju do\u0161li su u Astronomskom dru\u0161tvu \u201cSirijus\u201d, a u [&hellip;]","og_url":"https:\/\/www.prijedordanas.com\/?p=194702","og_site_name":"PrijedorDanas.com - Prijedorski gradski portal","article_publisher":"https:\/\/www.facebook.com\/PrijedorDanasCom\/","article_published_time":"2022-11-08T15:44:07+00:00","article_modified_time":"2022-11-09T12:51:50+00:00","og_image":[{"url":"https:\/\/www.prijedordanas.com\/wp-content\/uploads\/2022\/11\/kozarski-astronomska-sekcija-os-desanka-maksimovic-300x225.jpg"}],"author":"admin","twitter_card":"summary_large_image","twitter_misc":{"Written by":"admin","Est. reading time":"2 minutes"},"schema":{"@context":"https:\/\/schema.org","@graph":[{"@type":"Article","@id":"https:\/\/www.prijedordanas.com\/?p=194702#article","isPartOf":{"@id":"https:\/\/www.prijedordanas.com\/?p=194702"},"author":{"name":"admin","@id":"https:\/\/www.prijedordanas.com\/#\/schema\/person\/4e08ccf29b506ca916ff86d46bb700e6"},"headline":"Astronomska sekcija u O\u0160 &#8220;Desanka Maksimovi\u0107&#8221; Prijedor &#8211; VIDEO","datePublished":"2022-11-08T15:44:07+00:00","dateModified":"2022-11-09T12:51:50+00:00","mainEntityOfPage":{"@id":"https:\/\/www.prijedordanas.com\/?p=194702"},"wordCount":238,"publisher":{"@id":"https:\/\/www.prijedordanas.com\/#organization"},"articleSection":["Mladi"],"inLanguage":"en-US"},{"@type":"WebPage","@id":"https:\/\/www.prijedordanas.com\/?p=194702","url":"https:\/\/www.prijedordanas.com\/?p=194702","name":"Astronomska sekcija u O\u0160 \"Desanka Maksimovi\u0107\" Prijedor - VIDEO - PrijedorDanas.com - Prijedorski gradski portal","isPartOf":{"@id":"https:\/\/www.prijedordanas.com\/#website"},"datePublished":"2022-11-08T15:44:07+00:00","dateModified":"2022-11-09T12:51:50+00:00","breadcrumb":{"@id":"https:\/\/www.prijedordanas.com\/?p=194702#breadcrumb"},"inLanguage":"en-US","potentialAction":[{"@type":"ReadAction","target":["https:\/\/www.prijedordanas.com\/?p=194702"]}]},{"@type":"BreadcrumbList","@id":"https:\/\/www.prijedordanas.com\/?p=194702#breadcrumb","itemListElement":[{"@type":"ListItem","position":1,"name":"Home","item":"https:\/\/www.prijedordanas.com\/"},{"@type":"ListItem","position":2,"name":"Astronomska sekcija u O\u0160 &#8220;Desanka Maksimovi\u0107&#8221; Prijedor &#8211; VIDEO"}]},{"@type":"WebSite","@id":"https:\/\/www.prijedordanas.com\/#website","url":"https:\/\/www.prijedordanas.com\/","name":"PrijedorDanas.com - Prijedorski gradski portal","description":"Portal o doga\u0111anjima u gradu Prijedoru","publisher":{"@id":"https:\/\/www.prijedordanas.com\/#organization"},"potentialAction":[{"@type":"SearchAction","target":{"@type":"EntryPoint","urlTemplate":"https:\/\/www.prijedordanas.com\/?s={search_term_string}"},"query-input":"required name=search_term_string"}],"inLanguage":"en-US"},{"@type":"Organization","@id":"https:\/\/www.prijedordanas.com\/#organization","name":"PrijedorDanas.com","url":"https:\/\/www.prijedordanas.com\/","logo":{"@type":"ImageObject","inLanguage":"en-US","@id":"https:\/\/www.prijedordanas.com\/#\/schema\/logo\/image\/","url":"http:\/\/www.prijedordanas.com\/wp-content\/uploads\/2021\/12\/logopng.png","contentUrl":"http:\/\/www.prijedordanas.com\/wp-content\/uploads\/2021\/12\/logopng.png","width":1019,"height":776,"caption":"PrijedorDanas.com"},"image":{"@id":"https:\/\/www.prijedordanas.com\/#\/schema\/logo\/image\/"},"sameAs":["https:\/\/www.facebook.com\/PrijedorDanasCom\/"]},{"@type":"Person","@id":"https:\/\/www.prijedordanas.com\/#\/schema\/person\/4e08ccf29b506ca916ff86d46bb700e6","name":"admin","image":{"@type":"ImageObject","inLanguage":"en-US","@id":"https:\/\/www.prijedordanas.com\/#\/schema\/person\/image\/","url":"https:\/\/secure.gravatar.com\/avatar\/1d3fc949d550f0b53a5f0d51e06dfd79?s=96&d=mm&r=g","contentUrl":"https:\/\/secure.gravatar.com\/avatar\/1d3fc949d550f0b53a5f0d51e06dfd79?s=96&d=mm&r=g","caption":"admin"},"url":"https:\/\/www.prijedordanas.com\/?author=1"}]}},"_links":{"self":[{"href":"https:\/\/www.prijedordanas.com\/index.php?rest_route=\/wp\/v2\/posts\/194702"}],"collection":[{"href":"https:\/\/www.prijedordanas.com\/index.php?rest_route=\/wp\/v2\/posts"}],"about":[{"href":"https:\/\/www.prijedordanas.com\/index.php?rest_route=\/wp\/v2\/types\/post"}],"author":[{"embeddable":true,"href":"https:\/\/www.prijedordanas.com\/index.php?rest_route=\/wp\/v2\/users\/1"}],"replies":[{"embeddable":true,"href":"https:\/\/www.prijedordanas.com\/index.php?rest_route=%2Fwp%2Fv2%2Fcomments&post=194702"}],"version-history":[{"count":2,"href":"https:\/\/www.prijedordanas.com\/index.php?rest_route=\/wp\/v2\/posts\/194702\/revisions"}],"predecessor-version":[{"id":194744,"href":"https:\/\/www.prijedordanas.com\/index.php?rest_route=\/wp\/v2\/posts\/194702\/revisions\/194744"}],"wp:attachment":[{"href":"https:\/\/www.prijedordanas.com\/index.php?rest_route=%2Fwp%2Fv2%2Fmedia&parent=194702"}],"wp:term":[{"taxonomy":"category","embeddable":true,"href":"https:\/\/www.prijedordanas.com\/index.php?rest_route=%2Fwp%2Fv2%2Fcategories&post=194702"},{"taxonomy":"post_tag","embeddable":true,"href":"https:\/\/www.prijedordanas.com\/index.php?rest_route=%2Fwp%2Fv2%2Ftags&post=194702"}],"curies":[{"name":"wp","href":"https:\/\/api.w.org\/{rel}","templated":true}]}}