{"id":194561,"date":"2022-11-05T10:49:36","date_gmt":"2022-11-05T09:49:36","guid":{"rendered":"https:\/\/www.prijedordanas.com\/?p=194561"},"modified":"2022-11-05T10:49:36","modified_gmt":"2022-11-05T09:49:36","slug":"prijedorcanka-sladana-topic-kapiten-bh-rukometasica-koja-je-u-suzama-ispratila-himnu-bih-20-godina-sam-cekala-na-ovo","status":"publish","type":"post","link":"https:\/\/www.prijedordanas.com\/?p=194561","title":{"rendered":"Prijedor\u010danka Sla\u0111ana Topi\u0107, kapiten bh. rukometa\u0161ica koja je u suzama ispratila himnu BiH: 20 godina sam \u010dekala na ovo"},"content":{"rendered":"<p><a href=\"https:\/\/www.prijedordanas.com\/wp-content\/uploads\/2022\/11\/sladjana-topic-suze.jpg\"><img loading=\"lazy\" decoding=\"async\" class=\"alignleft size-medium wp-image-194562\" src=\"https:\/\/www.prijedordanas.com\/wp-content\/uploads\/2022\/11\/sladjana-topic-suze-300x225.jpg\" alt=\"\" width=\"300\" height=\"225\" srcset=\"https:\/\/www.prijedordanas.com\/wp-content\/uploads\/2022\/11\/sladjana-topic-suze-300x225.jpg 300w, https:\/\/www.prijedordanas.com\/wp-content\/uploads\/2022\/11\/sladjana-topic-suze-640x480.jpg 640w, https:\/\/www.prijedordanas.com\/wp-content\/uploads\/2022\/11\/sladjana-topic-suze.jpg 667w\" sizes=\"(max-width: 300px) 100vw, 300px\" \/><\/a>Ljubitelji rukometa u Bosni i Hercegovini i sve bh. rukometa\u0161ice koje igraju \u0161irom svijeta \u010dekale su 12 godina da se ponovo formira \u017eenski dr\u017eavni tim.<\/p>\n<p>Reprezentaciju smo ponovo dobili pro\u0161le godine, nakon vi\u0161e od decenije \u010dekanja. &#8220;Zmajice&#8221; su nastupile u pretkvalifikacijskom turniru za Evropsko prvenstvo u Gr\u010dkoj, a u \u010detvrtak su prvi put igrale na doma\u0107em terenu.<\/p>\n<p>Bh. rukometa\u0161ice su u pretkvalifikacijama za Svjetsko prvenstvo pred punim tribinama dvorane u Cazinu do\u010dekale selekciju Gr\u010dke. Lavovska borba izabranica Alme \u0106ehaji\u0107-Had\u017eovi\u0107 i na kraju pomalo nesretan poraz (21:23). Do 54. minute rukometa\u0161ice BiH imale su vodstvo, no treba uzeti u obzir da su &#8220;Zmajice&#8221; ovu utakmicu odigrale nakon svega \u0161est zajedni\u010dkih treninga i nijedne pripremnog me\u010da.<\/p>\n<p><strong><a href=\"https:\/\/www.prijedordanas.com\/?p=194507\" rel=\"noopener\" target=\"_blank\">Suze Prijedor\u010danke Sla\u0111ane Topi\u0107 za vrijeme intoniranja himne BiH govore vi\u0161e od hiljadu rije\u010di<\/a><\/strong><\/p>\n<p>Posebno dojmljiv bio je trenutak intoniranja himni. Ruka na srcu i knedla u grlu rukometa\u0161ica, a kapiten bh. tima Sla\u0111ana Topi\u0107 nije mogla suzdr\u017eati emocije. Za portal &#8220;Avaza&#8221; je istakla koliko joj je zna\u010dila utakmica pred doma\u0107om publikom, a podsjetila je i da je 2004. godine igrala za Krajinu iz Cazina.<\/p>\n<p><a href=\"https:\/\/www.prijedordanas.com\/wp-content\/uploads\/2022\/11\/usksport-sladjana-topic.jpg\"><img loading=\"lazy\" decoding=\"async\" class=\"alignleft size-medium wp-image-194563\" src=\"https:\/\/www.prijedordanas.com\/wp-content\/uploads\/2022\/11\/usksport-sladjana-topic-246x300.jpg\" alt=\"\" width=\"246\" height=\"300\" srcset=\"https:\/\/www.prijedordanas.com\/wp-content\/uploads\/2022\/11\/usksport-sladjana-topic-246x300.jpg 246w, https:\/\/www.prijedordanas.com\/wp-content\/uploads\/2022\/11\/usksport-sladjana-topic.jpg 492w\" sizes=\"(max-width: 246px) 100vw, 246px\" \/><\/a>&#8211; Iskreno nisam se mogla suzdr\u017eati, mnogo me je dirnulo. Tolike godine \u010dekanja da dr\u017eavni tim igra zvani\u010dni me\u010d pred svojom publikom. I meni je ovo bila prva utakmica sa reprezentacijom pred na\u0161om publikom i to u mom Cazinu, gdje sam nekad davno igrala za Krajinu &#8211; 2004. godine.<\/p>\n<p>Svaki sportista sanja da igra za dr\u017eavni tim, a ja sam mogla da zavr\u0161im karijeru bez da ikad obu\u010dem dres svoje Bosne i Hercegovine. I ove posljednje dvije i po godine sam nastavila da igram samo da do\u017eivim ovaj trenutak &#8211; pri\u010da Prijedor\u010danka Sla\u0111ana Topi\u0107 za portal &#8220;Avaza&#8221;.<\/p>\n<p>Istakla je da je atmosfera bila odli\u010dna, da je publika bila divna i da su nju i njene saigra\u010dice nosili cijelu utakmicu, na \u010demu im se zahvaljuje.<\/p>\n<p>&#8211; \u0160to se ti\u010de utakmice, ako uporedimo realne \u010dinjenice, da smo izgubili i sa vi\u0161e razlike ne bi bilo \u010dudno, jer smo imale samo \u0161est treninga zajedno bez i jedne pripremne utakmice &#8211; isti\u010de Topi\u0107.<\/p>\n<p>Najbolje rukometa\u0161ice BiH u subotu o\u010dekuje novi duel protiv Gr\u010dke, a i ovaj susret igra\u0107e se u Cazinu.<\/p>\n<p>&#8211; Jedina stvar koju mo\u017eemo obe\u0107ati svima, a i nama samima je da \u0107emo se boriti do zadnjeg zvuka sirene, pa poslije \u0161ta bude. Ovdje gdje jesmo je veliki uspjeh. Parirati Gr\u010dkoj je isto uspjeh, a ako pro\u0111emo dalje to \u0107e biti ravno \u010dudu. I vjerujemo u to \u010dudo svim srcem &#8211; poru\u010dila je Topi\u0107 za portal &#8220;Avaza&#8221;.<\/p>\n<p>Sla\u0111ana Topi\u0107 trenutno nastupa u Portugalu, za tim Madeire Andebol. U svojoj bogatoj karijeri igrala je za veliki broj klubova: Mira iz Prijedora, banjalu\u010dka Mladost, Borac, Krajinu, Vrbas, Iskru iz Bugojna, \u0161pansku Marinu Park, Naisu iz Ni\u0161a, Ampostu i Remudas iz \u0160panije, francuske Seles i Montlukon, a prije odlaska u Portugal ponovo je igrala u \u0160paniji, ovog puta u dresu Puerto del Karmena.<\/p>\n<p>Podsjetimo, utakmica BiH &#8211; Gr\u010dka u subotu se igra od 17 sati. Bolja ekipa iz ovog dvome\u010da ide u kvalifikacije za Svjetsko prvenstvo.<\/p>\n<p><a href=\"https:\/\/sport.avaz.ba\/ostali-sportovi\/784288\/sladana-topic-kapitenka-bh-rukometasica-koja-je-u-suzama-ispratila-himnu-bih-za-avaz-20-godina-sam-cekala-na-ovo\" target=\"_blank\" rel=\"noopener\">avaz.ba<\/a><\/p>\n","protected":false},"excerpt":{"rendered":"<p>Ljubitelji rukometa u Bosni i Hercegovini i sve bh. rukometa\u0161ice koje igraju \u0161irom svijeta \u010dekale su 12 godina da se ponovo formira \u017eenski dr\u017eavni tim. Reprezentaciju smo ponovo dobili pro\u0161le [&hellip;]<\/p>\n","protected":false},"author":1,"featured_media":0,"comment_status":"closed","ping_status":"open","sticky":false,"template":"","format":"standard","meta":{"_monsterinsights_skip_tracking":false,"_monsterinsights_sitenote_active":false,"_monsterinsights_sitenote_note":"","_monsterinsights_sitenote_category":0,"footnotes":""},"categories":[7],"tags":[],"yoast_head":"<!-- This site is optimized with the Yoast SEO plugin v21.6 - https:\/\/yoast.com\/wordpress\/plugins\/seo\/ -->\n<title>Prijedor\u010danka Sla\u0111ana Topi\u0107, kapiten bh. rukometa\u0161ica koja je u suzama ispratila himnu BiH: 20 godina sam \u010dekala na ovo - PrijedorDanas.com - Prijedorski gradski portal<\/title>\n<meta name=\"robots\" content=\"index, follow, max-snippet:-1, max-image-preview:large, max-video-preview:-1\" \/>\n<link rel=\"canonical\" href=\"https:\/\/www.prijedordanas.com\/?p=194561\" \/>\n<meta property=\"og:locale\" content=\"en_US\" \/>\n<meta property=\"og:type\" content=\"article\" \/>\n<meta property=\"og:title\" content=\"Prijedor\u010danka Sla\u0111ana Topi\u0107, kapiten bh. rukometa\u0161ica koja je u suzama ispratila himnu BiH: 20 godina sam \u010dekala na ovo - PrijedorDanas.com - Prijedorski gradski portal\" \/>\n<meta property=\"og:description\" content=\"Ljubitelji rukometa u Bosni i Hercegovini i sve bh. rukometa\u0161ice koje igraju \u0161irom svijeta \u010dekale su 12 godina da se ponovo formira \u017eenski dr\u017eavni tim. Reprezentaciju smo ponovo dobili pro\u0161le [&hellip;]\" \/>\n<meta property=\"og:url\" content=\"https:\/\/www.prijedordanas.com\/?p=194561\" \/>\n<meta property=\"og:site_name\" content=\"PrijedorDanas.com - Prijedorski gradski portal\" \/>\n<meta property=\"article:publisher\" content=\"https:\/\/www.facebook.com\/PrijedorDanasCom\/\" \/>\n<meta property=\"article:published_time\" content=\"2022-11-05T09:49:36+00:00\" \/>\n<meta property=\"og:image\" content=\"https:\/\/www.prijedordanas.com\/wp-content\/uploads\/2022\/11\/sladjana-topic-suze-300x225.jpg\" \/>\n<meta name=\"author\" content=\"admin\" \/>\n<meta name=\"twitter:card\" content=\"summary_large_image\" \/>\n<meta name=\"twitter:label1\" content=\"Written by\" \/>\n\t<meta name=\"twitter:data1\" content=\"admin\" \/>\n\t<meta name=\"twitter:label2\" content=\"Est. reading time\" \/>\n\t<meta name=\"twitter:data2\" content=\"3 minutes\" \/>\n<script type=\"application\/ld+json\" class=\"yoast-schema-graph\">{\"@context\":\"https:\/\/schema.org\",\"@graph\":[{\"@type\":\"Article\",\"@id\":\"https:\/\/www.prijedordanas.com\/?p=194561#article\",\"isPartOf\":{\"@id\":\"https:\/\/www.prijedordanas.com\/?p=194561\"},\"author\":{\"name\":\"admin\",\"@id\":\"https:\/\/www.prijedordanas.com\/#\/schema\/person\/4e08ccf29b506ca916ff86d46bb700e6\"},\"headline\":\"Prijedor\u010danka Sla\u0111ana Topi\u0107, kapiten bh. rukometa\u0161ica koja je u suzama ispratila himnu BiH: 20 godina sam \u010dekala na ovo\",\"datePublished\":\"2022-11-05T09:49:36+00:00\",\"dateModified\":\"2022-11-05T09:49:36+00:00\",\"mainEntityOfPage\":{\"@id\":\"https:\/\/www.prijedordanas.com\/?p=194561\"},\"wordCount\":570,\"publisher\":{\"@id\":\"https:\/\/www.prijedordanas.com\/#organization\"},\"articleSection\":[\"Sport\"],\"inLanguage\":\"en-US\"},{\"@type\":\"WebPage\",\"@id\":\"https:\/\/www.prijedordanas.com\/?p=194561\",\"url\":\"https:\/\/www.prijedordanas.com\/?p=194561\",\"name\":\"Prijedor\u010danka Sla\u0111ana Topi\u0107, kapiten bh. rukometa\u0161ica koja je u suzama ispratila himnu BiH: 20 godina sam \u010dekala na ovo - PrijedorDanas.com - Prijedorski gradski portal\",\"isPartOf\":{\"@id\":\"https:\/\/www.prijedordanas.com\/#website\"},\"datePublished\":\"2022-11-05T09:49:36+00:00\",\"dateModified\":\"2022-11-05T09:49:36+00:00\",\"breadcrumb\":{\"@id\":\"https:\/\/www.prijedordanas.com\/?p=194561#breadcrumb\"},\"inLanguage\":\"en-US\",\"potentialAction\":[{\"@type\":\"ReadAction\",\"target\":[\"https:\/\/www.prijedordanas.com\/?p=194561\"]}]},{\"@type\":\"BreadcrumbList\",\"@id\":\"https:\/\/www.prijedordanas.com\/?p=194561#breadcrumb\",\"itemListElement\":[{\"@type\":\"ListItem\",\"position\":1,\"name\":\"Home\",\"item\":\"https:\/\/www.prijedordanas.com\/\"},{\"@type\":\"ListItem\",\"position\":2,\"name\":\"Prijedor\u010danka Sla\u0111ana Topi\u0107, kapiten bh. rukometa\u0161ica koja je u suzama ispratila himnu BiH: 20 godina sam \u010dekala na ovo\"}]},{\"@type\":\"WebSite\",\"@id\":\"https:\/\/www.prijedordanas.com\/#website\",\"url\":\"https:\/\/www.prijedordanas.com\/\",\"name\":\"PrijedorDanas.com - Prijedorski gradski portal\",\"description\":\"Portal o doga\u0111anjima u gradu Prijedoru\",\"publisher\":{\"@id\":\"https:\/\/www.prijedordanas.com\/#organization\"},\"potentialAction\":[{\"@type\":\"SearchAction\",\"target\":{\"@type\":\"EntryPoint\",\"urlTemplate\":\"https:\/\/www.prijedordanas.com\/?s={search_term_string}\"},\"query-input\":\"required name=search_term_string\"}],\"inLanguage\":\"en-US\"},{\"@type\":\"Organization\",\"@id\":\"https:\/\/www.prijedordanas.com\/#organization\",\"name\":\"PrijedorDanas.com\",\"url\":\"https:\/\/www.prijedordanas.com\/\",\"logo\":{\"@type\":\"ImageObject\",\"inLanguage\":\"en-US\",\"@id\":\"https:\/\/www.prijedordanas.com\/#\/schema\/logo\/image\/\",\"url\":\"http:\/\/www.prijedordanas.com\/wp-content\/uploads\/2021\/12\/logopng.png\",\"contentUrl\":\"http:\/\/www.prijedordanas.com\/wp-content\/uploads\/2021\/12\/logopng.png\",\"width\":1019,\"height\":776,\"caption\":\"PrijedorDanas.com\"},\"image\":{\"@id\":\"https:\/\/www.prijedordanas.com\/#\/schema\/logo\/image\/\"},\"sameAs\":[\"https:\/\/www.facebook.com\/PrijedorDanasCom\/\"]},{\"@type\":\"Person\",\"@id\":\"https:\/\/www.prijedordanas.com\/#\/schema\/person\/4e08ccf29b506ca916ff86d46bb700e6\",\"name\":\"admin\",\"image\":{\"@type\":\"ImageObject\",\"inLanguage\":\"en-US\",\"@id\":\"https:\/\/www.prijedordanas.com\/#\/schema\/person\/image\/\",\"url\":\"https:\/\/secure.gravatar.com\/avatar\/1d3fc949d550f0b53a5f0d51e06dfd79?s=96&d=mm&r=g\",\"contentUrl\":\"https:\/\/secure.gravatar.com\/avatar\/1d3fc949d550f0b53a5f0d51e06dfd79?s=96&d=mm&r=g\",\"caption\":\"admin\"},\"url\":\"https:\/\/www.prijedordanas.com\/?author=1\"}]}<\/script>\n<!-- \/ Yoast SEO plugin. -->","yoast_head_json":{"title":"Prijedor\u010danka Sla\u0111ana Topi\u0107, kapiten bh. rukometa\u0161ica koja je u suzama ispratila himnu BiH: 20 godina sam \u010dekala na ovo - PrijedorDanas.com - Prijedorski gradski portal","robots":{"index":"index","follow":"follow","max-snippet":"max-snippet:-1","max-image-preview":"max-image-preview:large","max-video-preview":"max-video-preview:-1"},"canonical":"https:\/\/www.prijedordanas.com\/?p=194561","og_locale":"en_US","og_type":"article","og_title":"Prijedor\u010danka Sla\u0111ana Topi\u0107, kapiten bh. rukometa\u0161ica koja je u suzama ispratila himnu BiH: 20 godina sam \u010dekala na ovo - PrijedorDanas.com - Prijedorski gradski portal","og_description":"Ljubitelji rukometa u Bosni i Hercegovini i sve bh. rukometa\u0161ice koje igraju \u0161irom svijeta \u010dekale su 12 godina da se ponovo formira \u017eenski dr\u017eavni tim. Reprezentaciju smo ponovo dobili pro\u0161le [&hellip;]","og_url":"https:\/\/www.prijedordanas.com\/?p=194561","og_site_name":"PrijedorDanas.com - Prijedorski gradski portal","article_publisher":"https:\/\/www.facebook.com\/PrijedorDanasCom\/","article_published_time":"2022-11-05T09:49:36+00:00","og_image":[{"url":"https:\/\/www.prijedordanas.com\/wp-content\/uploads\/2022\/11\/sladjana-topic-suze-300x225.jpg"}],"author":"admin","twitter_card":"summary_large_image","twitter_misc":{"Written by":"admin","Est. reading time":"3 minutes"},"schema":{"@context":"https:\/\/schema.org","@graph":[{"@type":"Article","@id":"https:\/\/www.prijedordanas.com\/?p=194561#article","isPartOf":{"@id":"https:\/\/www.prijedordanas.com\/?p=194561"},"author":{"name":"admin","@id":"https:\/\/www.prijedordanas.com\/#\/schema\/person\/4e08ccf29b506ca916ff86d46bb700e6"},"headline":"Prijedor\u010danka Sla\u0111ana Topi\u0107, kapiten bh. rukometa\u0161ica koja je u suzama ispratila himnu BiH: 20 godina sam \u010dekala na ovo","datePublished":"2022-11-05T09:49:36+00:00","dateModified":"2022-11-05T09:49:36+00:00","mainEntityOfPage":{"@id":"https:\/\/www.prijedordanas.com\/?p=194561"},"wordCount":570,"publisher":{"@id":"https:\/\/www.prijedordanas.com\/#organization"},"articleSection":["Sport"],"inLanguage":"en-US"},{"@type":"WebPage","@id":"https:\/\/www.prijedordanas.com\/?p=194561","url":"https:\/\/www.prijedordanas.com\/?p=194561","name":"Prijedor\u010danka Sla\u0111ana Topi\u0107, kapiten bh. rukometa\u0161ica koja je u suzama ispratila himnu BiH: 20 godina sam \u010dekala na ovo - PrijedorDanas.com - Prijedorski gradski portal","isPartOf":{"@id":"https:\/\/www.prijedordanas.com\/#website"},"datePublished":"2022-11-05T09:49:36+00:00","dateModified":"2022-11-05T09:49:36+00:00","breadcrumb":{"@id":"https:\/\/www.prijedordanas.com\/?p=194561#breadcrumb"},"inLanguage":"en-US","potentialAction":[{"@type":"ReadAction","target":["https:\/\/www.prijedordanas.com\/?p=194561"]}]},{"@type":"BreadcrumbList","@id":"https:\/\/www.prijedordanas.com\/?p=194561#breadcrumb","itemListElement":[{"@type":"ListItem","position":1,"name":"Home","item":"https:\/\/www.prijedordanas.com\/"},{"@type":"ListItem","position":2,"name":"Prijedor\u010danka Sla\u0111ana Topi\u0107, kapiten bh. rukometa\u0161ica koja je u suzama ispratila himnu BiH: 20 godina sam \u010dekala na ovo"}]},{"@type":"WebSite","@id":"https:\/\/www.prijedordanas.com\/#website","url":"https:\/\/www.prijedordanas.com\/","name":"PrijedorDanas.com - Prijedorski gradski portal","description":"Portal o doga\u0111anjima u gradu Prijedoru","publisher":{"@id":"https:\/\/www.prijedordanas.com\/#organization"},"potentialAction":[{"@type":"SearchAction","target":{"@type":"EntryPoint","urlTemplate":"https:\/\/www.prijedordanas.com\/?s={search_term_string}"},"query-input":"required name=search_term_string"}],"inLanguage":"en-US"},{"@type":"Organization","@id":"https:\/\/www.prijedordanas.com\/#organization","name":"PrijedorDanas.com","url":"https:\/\/www.prijedordanas.com\/","logo":{"@type":"ImageObject","inLanguage":"en-US","@id":"https:\/\/www.prijedordanas.com\/#\/schema\/logo\/image\/","url":"http:\/\/www.prijedordanas.com\/wp-content\/uploads\/2021\/12\/logopng.png","contentUrl":"http:\/\/www.prijedordanas.com\/wp-content\/uploads\/2021\/12\/logopng.png","width":1019,"height":776,"caption":"PrijedorDanas.com"},"image":{"@id":"https:\/\/www.prijedordanas.com\/#\/schema\/logo\/image\/"},"sameAs":["https:\/\/www.facebook.com\/PrijedorDanasCom\/"]},{"@type":"Person","@id":"https:\/\/www.prijedordanas.com\/#\/schema\/person\/4e08ccf29b506ca916ff86d46bb700e6","name":"admin","image":{"@type":"ImageObject","inLanguage":"en-US","@id":"https:\/\/www.prijedordanas.com\/#\/schema\/person\/image\/","url":"https:\/\/secure.gravatar.com\/avatar\/1d3fc949d550f0b53a5f0d51e06dfd79?s=96&d=mm&r=g","contentUrl":"https:\/\/secure.gravatar.com\/avatar\/1d3fc949d550f0b53a5f0d51e06dfd79?s=96&d=mm&r=g","caption":"admin"},"url":"https:\/\/www.prijedordanas.com\/?author=1"}]}},"_links":{"self":[{"href":"https:\/\/www.prijedordanas.com\/index.php?rest_route=\/wp\/v2\/posts\/194561"}],"collection":[{"href":"https:\/\/www.prijedordanas.com\/index.php?rest_route=\/wp\/v2\/posts"}],"about":[{"href":"https:\/\/www.prijedordanas.com\/index.php?rest_route=\/wp\/v2\/types\/post"}],"author":[{"embeddable":true,"href":"https:\/\/www.prijedordanas.com\/index.php?rest_route=\/wp\/v2\/users\/1"}],"replies":[{"embeddable":true,"href":"https:\/\/www.prijedordanas.com\/index.php?rest_route=%2Fwp%2Fv2%2Fcomments&post=194561"}],"version-history":[{"count":1,"href":"https:\/\/www.prijedordanas.com\/index.php?rest_route=\/wp\/v2\/posts\/194561\/revisions"}],"predecessor-version":[{"id":194564,"href":"https:\/\/www.prijedordanas.com\/index.php?rest_route=\/wp\/v2\/posts\/194561\/revisions\/194564"}],"wp:attachment":[{"href":"https:\/\/www.prijedordanas.com\/index.php?rest_route=%2Fwp%2Fv2%2Fmedia&parent=194561"}],"wp:term":[{"taxonomy":"category","embeddable":true,"href":"https:\/\/www.prijedordanas.com\/index.php?rest_route=%2Fwp%2Fv2%2Fcategories&post=194561"},{"taxonomy":"post_tag","embeddable":true,"href":"https:\/\/www.prijedordanas.com\/index.php?rest_route=%2Fwp%2Fv2%2Ftags&post=194561"}],"curies":[{"name":"wp","href":"https:\/\/api.w.org\/{rel}","templated":true}]}}