{"id":194489,"date":"2022-11-03T19:52:23","date_gmt":"2022-11-03T18:52:23","guid":{"rendered":"https:\/\/www.prijedordanas.com\/?p=194489"},"modified":"2022-11-03T19:52:23","modified_gmt":"2022-11-03T18:52:23","slug":"digitalno-predoziranje-bosanski-roditelji-se-bore-sa-decijom-zavisnoscu-od-ekrana","status":"publish","type":"post","link":"https:\/\/www.prijedordanas.com\/?p=194489","title":{"rendered":"Digitalno predoziranje: Bosanski roditelji se bore sa de\u010dijom zavisno\u0161c\u0301u od ekrana"},"content":{"rendered":"<p><a href=\"https:\/\/www.prijedordanas.com\/wp-content\/uploads\/2022\/11\/boris-eremic-akademski-slikar-iz-prijedora-ilustracija.jpg\"><img loading=\"lazy\" decoding=\"async\" class=\"alignleft size-medium wp-image-194491\" src=\"https:\/\/www.prijedordanas.com\/wp-content\/uploads\/2022\/11\/boris-eremic-akademski-slikar-iz-prijedora-ilustracija-300x222.jpg\" alt=\"\" width=\"300\" height=\"222\" srcset=\"https:\/\/www.prijedordanas.com\/wp-content\/uploads\/2022\/11\/boris-eremic-akademski-slikar-iz-prijedora-ilustracija-300x222.jpg 300w, https:\/\/www.prijedordanas.com\/wp-content\/uploads\/2022\/11\/boris-eremic-akademski-slikar-iz-prijedora-ilustracija.jpg 675w\" sizes=\"(max-width: 300px) 100vw, 300px\" \/><\/a>Sve vec\u0301a opsesija dece elektronskim ure\u0111ajima zabrinjava i roditelje i psihologe \u2013 a neki stru\u010dnjaci upozoravaju na ozbiljnu \u0161tetu njihovom razvoju.<\/p>\n<p>Pi\u0161e Katarina Pani\u0107<\/p>\n<p>U Bosni, kao i u vec\u0301em delu sveta, pandemija COVID-19 donela je eru onlajn \u0161kolovanja i rada, \u0161to je zauzvrat izazvalo jo\u0161 jedan problem \u2013 digitalnu \u201eepidemiju\u201c me\u0111u decom.<\/p>\n<p>Dok neki odrasli bolje podnose digitalno preopterec\u0301enje, a neki lo\u0161ije, deca su pretrpela punu te\u017einu ovog poboljevanja, postajuc\u0301i opsednuta i zavisna od ra\u010dunara, mobilnih telefona, onlajn igrica, memova i dru\u0161tvenih mre\u017ea lakih za kori\u0161c\u0301enje, kao \u0161to su Snapchat i TikTok.<\/p>\n<p>U gradu Prijedoru na severozapadu Bosne, nekada prometni fudbalski i ko\u0161arka\u0161ki tereni ovog leta postali su gotovo napu\u0161teni jer je vec\u0301ina dece ostajala kod kuc\u0301e, igrajuc\u0301i sport i druge igrice na konzolama, kompjuterima ili mobilnim telefonima.<\/p>\n<p>Kako po\u010dinje nova \u0161kolska godina, roditelji se bore da prona\u0111u na\u010dine da obuzdaju digitalnu opsesiju svoje dece.<\/p>\n<p>Jedan otac je rekao da je u po\u010detku zaklju\u010dao sve porodi\u010dne elektronske ure\u0111aje pomoc\u0301u lozinki, da bi shvatio da je njegov 13-godi\u0161nji sin stru\u010dnjak za kori\u0161c\u0301enje aplikacija koje ih razbijaju.<\/p>\n<p>Zatim je poku\u0161ao da zaklju\u010da sve ure\u0111aje u sobi na prvom spratu, pri \u010demu je otkrio da je njegov sin mogao da usko\u010di u sobu sa obli\u017enjeg balkona.<\/p>\n<p>\u201eSrec\u0301om, nije pao ili se povredio. Od tada sam svakog jutra nosio sve sprave sa sobom na posao i ostavljao ih u kolima u kancelariji\u201c, rekao je otac i dodao da kod kuc\u0301e nemaju desktop.<\/p>\n<p>\u201eKada je TV u pitanju, sa sobom nosim samo risiver. Ina\u010de bi se zakomplikovalo\u201c, smeje se.<\/p>\n<p>Istra\u017eivanje na desetine roditelja u Prijedoru pokazalo je da mnogi od njih redovno oduzimaju elektronske ure\u0111aje kada im deca ostaju sama kod kuc\u0301e. \u010cini se da roditelji c\u0301erki ne\u0161to bolje prolaze; obi\u010dno moraju da ponesu samo telefone svojih c\u0301erki; dok roditelji sinova tako\u0111e moraju da razmi\u0161ljaju o konzolama, daljinskim upravlja\u010dima i d\u017eojsticima.<\/p>\n<p><a href=\"https:\/\/www.prijedordanas.com\/wp-content\/uploads\/2022\/11\/igor-motl-profesor-klasicne-gitare.jpg\"><img loading=\"lazy\" decoding=\"async\" class=\"alignleft size-medium wp-image-194492\" src=\"https:\/\/www.prijedordanas.com\/wp-content\/uploads\/2022\/11\/igor-motl-profesor-klasicne-gitare-300x225.jpg\" alt=\"\" width=\"300\" height=\"225\" srcset=\"https:\/\/www.prijedordanas.com\/wp-content\/uploads\/2022\/11\/igor-motl-profesor-klasicne-gitare-300x225.jpg 300w, https:\/\/www.prijedordanas.com\/wp-content\/uploads\/2022\/11\/igor-motl-profesor-klasicne-gitare-640x480.jpg 640w, https:\/\/www.prijedordanas.com\/wp-content\/uploads\/2022\/11\/igor-motl-profesor-klasicne-gitare.jpg 666w\" sizes=\"(max-width: 300px) 100vw, 300px\" \/><\/a>Epidemija koja je do\u0161la bez upozorenja<\/p>\n<p>Iako relativno mali grad od svega oko 100.000 stanovnika, Prijedor izgleda sadr\u017ei sve elemente koje digitalno okru\u017eenje sadr\u017ei u globalu.<\/p>\n<p>\u201eOva patologija je eksplodirala u poslednje tri godine. Ne mo\u017eemo sa sigurno\u0161c\u0301u da tvrdimo da je to zbog prekomerne upotrebe onlajn rada tokom pandemije COVID-a. To bi trebalo nau\u010dno istra\u017eiti, ali se poklopilo sa tim\u201c, rekla je za BIRN psiholo\u0161kinja Vanja Dejanovic\u0301.<\/p>\n<p>\u201eDrugi razlog bi mogao biti taj \u0161to se radi o deci \u010diji roditelji pripadaju prvoj generaciji koja je bila preeksponirana digitalnom svetu, odrastala kao niko do sada. Sada se \u010dini da se mora platiti cena\u201c, dodala je ona.<\/p>\n<p>Vec\u0301ina roditelja se \u017eali da ih ni \u0161kole ni druge institucije ni stru\u010dnjaci nisu upozorili na rizike ranog i\/ili du\u017eeg izlaganja dece elektronskim ure\u0111ajima. Vec\u0301ina ka\u017ee da im je trebalo neko vreme da shvate da ne\u0161to nije u redu, a sada moraju da re\u0161avaju problem na bilo koji na\u010din koji umeju.<\/p>\n<p>\u201eKada je postalo previ\u0161e i kada mi je dosadilo da skrivam elektronske ure\u0111aje po kuc\u0301i, oti\u0161ao sam u prodavnicu alata i kupio gvozdeni sef sa katancem koji je bio dovoljno velik da pohrani dva telefona\u201c, rekao je drugi otac i dodao da njegovi sinovi mogu da ih koriste svaki dan, ali samo izme\u0111u 16 i 18 \u010dasova. \u201eOstatak dana su pod klju\u010dem\u201c, dodao je on.<\/p>\n<p>Otac 14-godi\u0161nje devoj\u010dice ka\u017ee da iako je njena majka vec\u0301inu vremena kod kuc\u0301e, on i dalje mora da nosi telefon svoje c\u0301erke sa sobom na posao, jer je ona \u201eveoma uporna i ubedljiva\u201c.<\/p>\n<p>\u201eZamislite krizu zavisnosti od droga koju ste valjda videli samo u filmovima. To je isto \u2013 samo \u0161to im bela pena ne izlazi iz usta\u201c, rekao je on.<\/p>\n<p><a href=\"https:\/\/www.prijedordanas.com\/wp-content\/uploads\/2022\/11\/sanja-topic-psiholog.jpg\"><img loading=\"lazy\" decoding=\"async\" class=\"alignleft size-medium wp-image-194493\" src=\"https:\/\/www.prijedordanas.com\/wp-content\/uploads\/2022\/11\/sanja-topic-psiholog-300x225.jpg\" alt=\"\" width=\"300\" height=\"225\" srcset=\"https:\/\/www.prijedordanas.com\/wp-content\/uploads\/2022\/11\/sanja-topic-psiholog-300x225.jpg 300w, https:\/\/www.prijedordanas.com\/wp-content\/uploads\/2022\/11\/sanja-topic-psiholog-640x480.jpg 640w, https:\/\/www.prijedordanas.com\/wp-content\/uploads\/2022\/11\/sanja-topic-psiholog.jpg 666w\" sizes=\"(max-width: 300px) 100vw, 300px\" \/><\/a>Roditelji i \u0161kole se me\u0111usobno optu\u017euju za krivicu<\/p>\n<p>Dok mnogi roditelji krive sistem \u0161to ih ne upozorava na rizike, prosvetni i zdravstveni radnici insistiraju da primarna odgovornost le\u017ei na roditeljima.<\/p>\n<p>Ka\u017eu da ne postoji sistemski na\u010din da se spre\u010di ova zavisnost i priznaju da sistem sporo reaguje na ne\u0161to \u0161to se razvilo mnogo br\u017ee nego \u0161to strukture mogu da prate.<\/p>\n<p>\u201eZaostajemo. Promene su bile vo\u0111ene potpuno novim fenomenima o kojima nismo u\u010dili tokom sopstvenog obrazovanja. Nismo bili u moguc\u0301nosti da odgovorimo na zahteve dece\u201c, rekao je za BIRN Igor Motl, profesor klasi\u010dne gitare.<\/p>\n<p>Kada je pre 20 godina po\u010deo da radi u muzi\u010dkoj \u0161koli, njegovi \u0111aci su, ka\u017ee, imali raspon pa\u017enje nekih 20 do 25 minuta. Iako je ovo jo\u0161 uvek zvani\u010dni pedago\u0161ki standard na papiru, raspon pa\u017enje u\u010denika se sada procenjuje na oko deset minuta, u najboljem slu\u010daju.<\/p>\n<p>\u201eNajuo\u010dljivija promena je u njihovim o\u010dima. Nekada je bar polovina u\u010denika imala sjaj u o\u010dima. Bili su fascinirani sticanjem znanja i ve\u0161tina. Danas ih je manje od deset odsto\u201c, \u017eali se Motl.<\/p>\n<p><a href=\"https:\/\/www.prijedordanas.com\/wp-content\/uploads\/2022\/11\/vanja-dejanovic-psiholog.jpg\"><img loading=\"lazy\" decoding=\"async\" class=\"alignleft size-medium wp-image-194494\" src=\"https:\/\/www.prijedordanas.com\/wp-content\/uploads\/2022\/11\/vanja-dejanovic-psiholog-300x223.jpg\" alt=\"\" width=\"300\" height=\"223\" srcset=\"https:\/\/www.prijedordanas.com\/wp-content\/uploads\/2022\/11\/vanja-dejanovic-psiholog-300x223.jpg 300w, https:\/\/www.prijedordanas.com\/wp-content\/uploads\/2022\/11\/vanja-dejanovic-psiholog.jpg 674w\" sizes=\"(max-width: 300px) 100vw, 300px\" \/><\/a>Ulazak u digitalni svet u kolevci<\/p>\n<p>\u0160kolski zvani\u010dnici odbijaju da preuzmu odgovornost za ono \u0161to se dogodilo. \u0160kolska pedago\u0161kinja Bojana Vu\u010denovic\u0301 ka\u017ee da su roditelji ti koji su dozvolili svojoj deci da u\u0111u u digitalni svet, skoro od ro\u0111enja.<\/p>\n<p>\u201ePo\u010dinje u poro\u0111ajnoj sobi, odakle prve bebine slike izlaze na internet\u201c, ka\u017ee ona i dodaje da su naj\u010de\u0161c\u0301a odstupanja dece: kori\u0161c\u0301enje telefona tokom nastave; promene pona\u0161anja; komunikacije sa nepoznatim osobama, uklju\u010dujuc\u0301i potencijalne predatore.<\/p>\n<p>Roditelji tra\u017ee pomoc\u0301 tek kada udare u zid, dodaje ona.<\/p>\n<p>Majka jednog devetogodi\u0161njeg de\u010daka u Prijedoru ka\u017ee da je mislila da je dr\u017eala stvari pod kontrolom, jer njen sin nije bio preterano zainteresovan za digitalni svet.<\/p>\n<p>Ali to se sve promenilo nakon \u0161to je de\u010dak prespavao kod druga iz razreda, gde je otkrio Play Station i YouTube. \u201eUskoro je postao opsednut i morala sam da mu oduzmem telefon\u201c, prisec\u0301a se ona.<\/p>\n<p>\u201eNeko vreme, kad god bih se vratila kuc\u0301i s posla i otvorila vrata, on bi samo stajao bez re\u010di, sa ispru\u017eenom rukom i dlanom okrenutim nagore. Psihologu i psihoterapeutu je trebalo dosta vremena da dopru do njega\u201c, rekla je ova majka.<\/p>\n<p>\u201eSada se naljuti ako mu ka\u017eem da nijedan telefon ne mo\u017ee biti va\u017eniji od \u010doveka, posebno majke\u201c, dodaje ona, priznajuc\u0301i da je i ovo napredak, u pore\u0111enju s tim kako je bilo ranije.<\/p>\n<p><a href=\"https:\/\/www.prijedordanas.com\/wp-content\/uploads\/2022\/11\/bojana-vucenovic-skolski-pedagog.jpg\"><img loading=\"lazy\" decoding=\"async\" class=\"alignleft size-medium wp-image-194495\" src=\"https:\/\/www.prijedordanas.com\/wp-content\/uploads\/2022\/11\/bojana-vucenovic-skolski-pedagog-300x225.jpg\" alt=\"\" width=\"300\" height=\"225\" srcset=\"https:\/\/www.prijedordanas.com\/wp-content\/uploads\/2022\/11\/bojana-vucenovic-skolski-pedagog-300x225.jpg 300w, https:\/\/www.prijedordanas.com\/wp-content\/uploads\/2022\/11\/bojana-vucenovic-skolski-pedagog-640x480.jpg 640w, https:\/\/www.prijedordanas.com\/wp-content\/uploads\/2022\/11\/bojana-vucenovic-skolski-pedagog.jpg 666w\" sizes=\"(max-width: 300px) 100vw, 300px\" \/><\/a>Od mema i igrica do \u017eivotno opasnih situacija<\/p>\n<p>Dok se mnogi prijedorski roditelji koji se bore sa digitalnim opsesijama svoje dece \u0161ale na ra\u010dun ovog problema, drugi roditelji i stru\u010dnjaci upozoravaju da ova opsesija mo\u017ee dovesti do \u017eivotno opasnih situacija.<\/p>\n<p>De\u010dija i adolescentna psihijatrica Sanja \u0160krbic\u0301 Jaric\u0301 ka\u017ee da je majka jednog 12-godi\u0161njeg pacijenta verovala da je on sa pet godina samo gledao crtane filmove sa vozovima. Istina je bila da je to bilo pokric\u0301e za horor sadr\u017eaje kojih je gledao mnogo.<\/p>\n<p><a href=\"https:\/\/www.prijedordanas.com\/wp-content\/uploads\/2022\/11\/sanja-skrbic-jaric-djeciji-i-adolescentni-psihijatar.jpg\"><img loading=\"lazy\" decoding=\"async\" src=\"https:\/\/www.prijedordanas.com\/wp-content\/uploads\/2022\/11\/sanja-skrbic-jaric-djeciji-i-adolescentni-psihijatar-189x300.jpg\" alt=\"\" width=\"189\" height=\"300\" class=\"alignleft size-medium wp-image-194496\" srcset=\"https:\/\/www.prijedordanas.com\/wp-content\/uploads\/2022\/11\/sanja-skrbic-jaric-djeciji-i-adolescentni-psihijatar-189x300.jpg 189w, https:\/\/www.prijedordanas.com\/wp-content\/uploads\/2022\/11\/sanja-skrbic-jaric-djeciji-i-adolescentni-psihijatar.jpg 378w\" sizes=\"(max-width: 189px) 100vw, 189px\" \/><\/a>Jednog dana, de\u010dak je odgovorio na onlajn izazov i napao druga iz razreda. \u017drtva je pre\u017eivela, a mladi napada\u010d je preba\u010den u drugo odeljenje i dospeo je na psihijatrijsko le\u010denje.<\/p>\n<p>\u201eSec\u0301am se njihove prve posete. Majka je samo sedela tu i sve vreme pri\u010dala. Otac je provodio vreme na svom telefonu. Pitala sam ga za\u0161to je uop\u0161te do\u0161ao\u201d, ka\u017ee \u0160krbic\u0301 Jaric\u0301.<\/p>\n<p>Prisetila se jo\u0161 jedne 16-godi\u0161nje pacijentkinje koja je manipulisala roditeljima tako \u0161to se sekla \u017eiletom po podlakticama, stomaku i butinama, kao deo nekog morbidnog i brutalnog onlajn izazova.<\/p>\n<p>\u201eMorala je samo da zapreti roditeljima da c\u0301e se jako posec\u0301i, a oni bi sve u\u010dinili \u0161to ona zatra\u017ei\u201c, rekla je psihijatrica.<\/p>\n<p>Psiholo\u0161kinja u Centru za socijalni rad, Sanja Topic\u0301, ka\u017ee da se pla\u0161i da roditelji ne shvataju koliko rizici mogu biti ozbiljni.<\/p>\n<p>\u201eJedna majka mi je rekla da njeno dvogodi\u0161nje dete zna da postavlja video snimke na YouTube, i da je bila ponosna na to, umesto da se brine\u201c, rekla je. Ona se nada da c\u0301e u buduc\u0301nosti \u010dasovi namenjeni buduc\u0301im roditeljima u BiH pomoc\u0301i im da shvate probleme i rizike za decu, kao \u0161to je to slu\u010daj u nekim razvijenijim zemljama.<\/p>\n<p><a href=\"https:\/\/www.prijedordanas.com\/wp-content\/uploads\/2022\/11\/mirjana-simic-logoped.jpg\"><img loading=\"lazy\" decoding=\"async\" src=\"https:\/\/www.prijedordanas.com\/wp-content\/uploads\/2022\/11\/mirjana-simic-logoped-300x225.jpg\" alt=\"\" width=\"300\" height=\"225\" class=\"alignleft size-medium wp-image-194497\" srcset=\"https:\/\/www.prijedordanas.com\/wp-content\/uploads\/2022\/11\/mirjana-simic-logoped-300x225.jpg 300w, https:\/\/www.prijedordanas.com\/wp-content\/uploads\/2022\/11\/mirjana-simic-logoped-640x480.jpg 640w, https:\/\/www.prijedordanas.com\/wp-content\/uploads\/2022\/11\/mirjana-simic-logoped.jpg 667w\" sizes=\"(max-width: 300px) 100vw, 300px\" \/><\/a>Nedostatak le\u010denja mo\u017ee ostaviti dugoro\u010dne posledice<\/p>\n<p>Kada se identifikuju i pravilno re\u0161e u ranijem dobu, promene pona\u0161anja i problemi uzrokovani prekomernom izlo\u017eeno\u0161c\u0301u digitalnom okru\u017eenju \u2013 kao \u0161to su ni\u017ee ocene i problemi u dru\u017eenju \u2013 mogu se popraviti.<\/p>\n<p>Ali ako se ne adresiraju, mogu se pretvoriti u trajne obrasce, kao \u0161to je o\u0161tec\u0301enje govora, koje je onda te\u0161ko menjati.<\/p>\n<p>\u201eNikada nec\u0301u zaboraviti dan kada sam radila sa grupom od 15 dece, a u 12 slu\u010dajeva sam ozna\u010dila polje \u201ePotreban tretman kod logopeda\u201c, prisec\u0301a se pedago\u0161kinja Vu\u010denovic\u0301 obaveznih ispita za \u0161estogodi\u0161njake.<\/p>\n<p>Kada je pre vi\u0161e od 15 godina psiholo\u0161kinja Vanja Dejanovic\u0301 po\u010dela da radi u Centru za za\u0161titu mentalnog zdravlja u Prijedoru, dve godine bile su granica za razvoj govora. Danas stru\u010dnjaci prihvataju \u010detiri godine, jer u suprotnom zdravstveni sistem ne bi mogao da le\u010di sve one kojima je tretman potreban.<\/p>\n<p>Logoped Mirjana Simic\u0301 ka\u017ee da postoji veza izme\u0111u poremec\u0301aja govora i prekomerne izlo\u017eenosti internetu, \u0161to odra\u017eava odsustvo \u017eive interakcije sa porodicom i vr\u0161njacima. Ona izra\u017eava bojazan da neki roditelji namerno umanjuju ili la\u017eu o digitalnoj izlo\u017eenosti svoje dece.<\/p>\n<p>\u201eDolaze u moju kancelariju sa malim detetom. Pori\u010du da je dete previ\u0161e izlo\u017eeno ekranu ili la\u017eu o vremenu provedenom pred njim. Ali tada dete pokazuje simptome. Nema fokusiranu pa\u017enju, ne zanimaju ga igra\u010dke za njegov uzrast, ili ih uni\u0161tava, ne pri\u010da i ne reaguje kada ga zovem po imenu. Odjednom dete \u017eivne kada mu poka\u017eem telefon i postaje gotovo hipnotisano\u201c, rekla je za BIRN.<\/p>\n<p>\u201eJo\u0161 je poraznije znati da roditelji danas nisu neobrazovani i neinformisani. Dete je bespomoc\u0301no. Ono bi trebalo da zavisi od ljudi, a ne od predmeta\u201c, upozorava psiholo\u0161kinja Vanja Dejanovic\u0301.<\/p>\n<p>\u201eImam utisak da se ra\u0111a novo \u010dove\u010danstvo. Toliko dece je potpuno van na\u0161e stvarnosti. Ne mo\u017ee biti drugog razloga za ovo osim digitalnog predoziranja. Moramo pro\u0161iriti institucionalne pristupe. Deca se upisuju u \u0161kole, a da ne znaju da govore! Ono \u0161to je sada problem u nekim vrtic\u0301ima i \u0161kolama, sutra c\u0301e biti problem na tr\u017ei\u0161tu rada\u201c, dodaje ona.<\/p>\n<p>\u201eMoja preporuka je da nema ekrana do \u0161kole, a zatim ograni\u010deno i nadgledano vreme u smislu sadr\u017eaja. Ako \u017eelite da smirite bebu, dojite je, ne dajte joj ekran\u201c, zaklju\u010duje ona.<\/p>\n<p>***Napomena: Tekst je izvorno napisan na engleskom jeziku.<\/p>\n<p><a href=\"https:\/\/balkaninsight.com\/2022\/11\/03\/digital-overdose-bosnian-parents-struggle-with-childrens-gadget-addiction\/\" target=\"_blank\" rel=\"noopener\">balkaninsight.com<\/a><\/p>\n","protected":false},"excerpt":{"rendered":"<p>Sve vec\u0301a opsesija dece elektronskim ure\u0111ajima zabrinjava i roditelje i psihologe \u2013 a neki stru\u010dnjaci upozoravaju na ozbiljnu \u0161tetu njihovom razvoju. Pi\u0161e Katarina Pani\u0107 U Bosni, kao i u vec\u0301em [&hellip;]<\/p>\n","protected":false},"author":1,"featured_media":0,"comment_status":"closed","ping_status":"open","sticky":false,"template":"","format":"standard","meta":{"_monsterinsights_skip_tracking":false,"_monsterinsights_sitenote_active":false,"_monsterinsights_sitenote_note":"","_monsterinsights_sitenote_category":0,"footnotes":""},"categories":[3],"tags":[],"yoast_head":"<!-- This site is optimized with the Yoast SEO plugin v21.6 - https:\/\/yoast.com\/wordpress\/plugins\/seo\/ -->\n<title>Digitalno predoziranje: Bosanski roditelji se bore sa de\u010dijom zavisno\u0161c\u0301u od ekrana - PrijedorDanas.com - Prijedorski gradski portal<\/title>\n<meta name=\"robots\" content=\"index, follow, max-snippet:-1, max-image-preview:large, max-video-preview:-1\" \/>\n<link rel=\"canonical\" href=\"https:\/\/www.prijedordanas.com\/?p=194489\" \/>\n<meta property=\"og:locale\" content=\"en_US\" \/>\n<meta property=\"og:type\" content=\"article\" \/>\n<meta property=\"og:title\" content=\"Digitalno predoziranje: Bosanski roditelji se bore sa de\u010dijom zavisno\u0161c\u0301u od ekrana - PrijedorDanas.com - Prijedorski gradski portal\" \/>\n<meta property=\"og:description\" content=\"Sve vec\u0301a opsesija dece elektronskim ure\u0111ajima zabrinjava i roditelje i psihologe \u2013 a neki stru\u010dnjaci upozoravaju na ozbiljnu \u0161tetu njihovom razvoju. Pi\u0161e Katarina Pani\u0107 U Bosni, kao i u vec\u0301em [&hellip;]\" \/>\n<meta property=\"og:url\" content=\"https:\/\/www.prijedordanas.com\/?p=194489\" \/>\n<meta property=\"og:site_name\" content=\"PrijedorDanas.com - Prijedorski gradski portal\" \/>\n<meta property=\"article:publisher\" content=\"https:\/\/www.facebook.com\/PrijedorDanasCom\/\" \/>\n<meta property=\"article:published_time\" content=\"2022-11-03T18:52:23+00:00\" \/>\n<meta property=\"og:image\" content=\"https:\/\/www.prijedordanas.com\/wp-content\/uploads\/2022\/11\/boris-eremic-akademski-slikar-iz-prijedora-ilustracija-300x222.jpg\" \/>\n<meta name=\"author\" content=\"admin\" \/>\n<meta name=\"twitter:card\" content=\"summary_large_image\" \/>\n<meta name=\"twitter:label1\" content=\"Written by\" \/>\n\t<meta name=\"twitter:data1\" content=\"admin\" \/>\n\t<meta name=\"twitter:label2\" content=\"Est. reading time\" \/>\n\t<meta name=\"twitter:data2\" content=\"9 minutes\" \/>\n<script type=\"application\/ld+json\" class=\"yoast-schema-graph\">{\"@context\":\"https:\/\/schema.org\",\"@graph\":[{\"@type\":\"Article\",\"@id\":\"https:\/\/www.prijedordanas.com\/?p=194489#article\",\"isPartOf\":{\"@id\":\"https:\/\/www.prijedordanas.com\/?p=194489\"},\"author\":{\"name\":\"admin\",\"@id\":\"https:\/\/www.prijedordanas.com\/#\/schema\/person\/4e08ccf29b506ca916ff86d46bb700e6\"},\"headline\":\"Digitalno predoziranje: Bosanski roditelji se bore sa de\u010dijom zavisno\u0161c\u0301u od ekrana\",\"datePublished\":\"2022-11-03T18:52:23+00:00\",\"dateModified\":\"2022-11-03T18:52:23+00:00\",\"mainEntityOfPage\":{\"@id\":\"https:\/\/www.prijedordanas.com\/?p=194489\"},\"wordCount\":1854,\"publisher\":{\"@id\":\"https:\/\/www.prijedordanas.com\/#organization\"},\"articleSection\":[\"\u017divot\"],\"inLanguage\":\"en-US\"},{\"@type\":\"WebPage\",\"@id\":\"https:\/\/www.prijedordanas.com\/?p=194489\",\"url\":\"https:\/\/www.prijedordanas.com\/?p=194489\",\"name\":\"Digitalno predoziranje: Bosanski roditelji se bore sa de\u010dijom zavisno\u0161c\u0301u od ekrana - PrijedorDanas.com - Prijedorski gradski portal\",\"isPartOf\":{\"@id\":\"https:\/\/www.prijedordanas.com\/#website\"},\"datePublished\":\"2022-11-03T18:52:23+00:00\",\"dateModified\":\"2022-11-03T18:52:23+00:00\",\"breadcrumb\":{\"@id\":\"https:\/\/www.prijedordanas.com\/?p=194489#breadcrumb\"},\"inLanguage\":\"en-US\",\"potentialAction\":[{\"@type\":\"ReadAction\",\"target\":[\"https:\/\/www.prijedordanas.com\/?p=194489\"]}]},{\"@type\":\"BreadcrumbList\",\"@id\":\"https:\/\/www.prijedordanas.com\/?p=194489#breadcrumb\",\"itemListElement\":[{\"@type\":\"ListItem\",\"position\":1,\"name\":\"Home\",\"item\":\"https:\/\/www.prijedordanas.com\/\"},{\"@type\":\"ListItem\",\"position\":2,\"name\":\"Digitalno predoziranje: Bosanski roditelji se bore sa de\u010dijom zavisno\u0161c\u0301u od ekrana\"}]},{\"@type\":\"WebSite\",\"@id\":\"https:\/\/www.prijedordanas.com\/#website\",\"url\":\"https:\/\/www.prijedordanas.com\/\",\"name\":\"PrijedorDanas.com - Prijedorski gradski portal\",\"description\":\"Portal o doga\u0111anjima u gradu Prijedoru\",\"publisher\":{\"@id\":\"https:\/\/www.prijedordanas.com\/#organization\"},\"potentialAction\":[{\"@type\":\"SearchAction\",\"target\":{\"@type\":\"EntryPoint\",\"urlTemplate\":\"https:\/\/www.prijedordanas.com\/?s={search_term_string}\"},\"query-input\":\"required name=search_term_string\"}],\"inLanguage\":\"en-US\"},{\"@type\":\"Organization\",\"@id\":\"https:\/\/www.prijedordanas.com\/#organization\",\"name\":\"PrijedorDanas.com\",\"url\":\"https:\/\/www.prijedordanas.com\/\",\"logo\":{\"@type\":\"ImageObject\",\"inLanguage\":\"en-US\",\"@id\":\"https:\/\/www.prijedordanas.com\/#\/schema\/logo\/image\/\",\"url\":\"http:\/\/www.prijedordanas.com\/wp-content\/uploads\/2021\/12\/logopng.png\",\"contentUrl\":\"http:\/\/www.prijedordanas.com\/wp-content\/uploads\/2021\/12\/logopng.png\",\"width\":1019,\"height\":776,\"caption\":\"PrijedorDanas.com\"},\"image\":{\"@id\":\"https:\/\/www.prijedordanas.com\/#\/schema\/logo\/image\/\"},\"sameAs\":[\"https:\/\/www.facebook.com\/PrijedorDanasCom\/\"]},{\"@type\":\"Person\",\"@id\":\"https:\/\/www.prijedordanas.com\/#\/schema\/person\/4e08ccf29b506ca916ff86d46bb700e6\",\"name\":\"admin\",\"image\":{\"@type\":\"ImageObject\",\"inLanguage\":\"en-US\",\"@id\":\"https:\/\/www.prijedordanas.com\/#\/schema\/person\/image\/\",\"url\":\"https:\/\/secure.gravatar.com\/avatar\/1d3fc949d550f0b53a5f0d51e06dfd79?s=96&d=mm&r=g\",\"contentUrl\":\"https:\/\/secure.gravatar.com\/avatar\/1d3fc949d550f0b53a5f0d51e06dfd79?s=96&d=mm&r=g\",\"caption\":\"admin\"},\"url\":\"https:\/\/www.prijedordanas.com\/?author=1\"}]}<\/script>\n<!-- \/ Yoast SEO plugin. -->","yoast_head_json":{"title":"Digitalno predoziranje: Bosanski roditelji se bore sa de\u010dijom zavisno\u0161c\u0301u od ekrana - PrijedorDanas.com - Prijedorski gradski portal","robots":{"index":"index","follow":"follow","max-snippet":"max-snippet:-1","max-image-preview":"max-image-preview:large","max-video-preview":"max-video-preview:-1"},"canonical":"https:\/\/www.prijedordanas.com\/?p=194489","og_locale":"en_US","og_type":"article","og_title":"Digitalno predoziranje: Bosanski roditelji se bore sa de\u010dijom zavisno\u0161c\u0301u od ekrana - PrijedorDanas.com - Prijedorski gradski portal","og_description":"Sve vec\u0301a opsesija dece elektronskim ure\u0111ajima zabrinjava i roditelje i psihologe \u2013 a neki stru\u010dnjaci upozoravaju na ozbiljnu \u0161tetu njihovom razvoju. Pi\u0161e Katarina Pani\u0107 U Bosni, kao i u vec\u0301em [&hellip;]","og_url":"https:\/\/www.prijedordanas.com\/?p=194489","og_site_name":"PrijedorDanas.com - Prijedorski gradski portal","article_publisher":"https:\/\/www.facebook.com\/PrijedorDanasCom\/","article_published_time":"2022-11-03T18:52:23+00:00","og_image":[{"url":"https:\/\/www.prijedordanas.com\/wp-content\/uploads\/2022\/11\/boris-eremic-akademski-slikar-iz-prijedora-ilustracija-300x222.jpg"}],"author":"admin","twitter_card":"summary_large_image","twitter_misc":{"Written by":"admin","Est. reading time":"9 minutes"},"schema":{"@context":"https:\/\/schema.org","@graph":[{"@type":"Article","@id":"https:\/\/www.prijedordanas.com\/?p=194489#article","isPartOf":{"@id":"https:\/\/www.prijedordanas.com\/?p=194489"},"author":{"name":"admin","@id":"https:\/\/www.prijedordanas.com\/#\/schema\/person\/4e08ccf29b506ca916ff86d46bb700e6"},"headline":"Digitalno predoziranje: Bosanski roditelji se bore sa de\u010dijom zavisno\u0161c\u0301u od ekrana","datePublished":"2022-11-03T18:52:23+00:00","dateModified":"2022-11-03T18:52:23+00:00","mainEntityOfPage":{"@id":"https:\/\/www.prijedordanas.com\/?p=194489"},"wordCount":1854,"publisher":{"@id":"https:\/\/www.prijedordanas.com\/#organization"},"articleSection":["\u017divot"],"inLanguage":"en-US"},{"@type":"WebPage","@id":"https:\/\/www.prijedordanas.com\/?p=194489","url":"https:\/\/www.prijedordanas.com\/?p=194489","name":"Digitalno predoziranje: Bosanski roditelji se bore sa de\u010dijom zavisno\u0161c\u0301u od ekrana - PrijedorDanas.com - Prijedorski gradski portal","isPartOf":{"@id":"https:\/\/www.prijedordanas.com\/#website"},"datePublished":"2022-11-03T18:52:23+00:00","dateModified":"2022-11-03T18:52:23+00:00","breadcrumb":{"@id":"https:\/\/www.prijedordanas.com\/?p=194489#breadcrumb"},"inLanguage":"en-US","potentialAction":[{"@type":"ReadAction","target":["https:\/\/www.prijedordanas.com\/?p=194489"]}]},{"@type":"BreadcrumbList","@id":"https:\/\/www.prijedordanas.com\/?p=194489#breadcrumb","itemListElement":[{"@type":"ListItem","position":1,"name":"Home","item":"https:\/\/www.prijedordanas.com\/"},{"@type":"ListItem","position":2,"name":"Digitalno predoziranje: Bosanski roditelji se bore sa de\u010dijom zavisno\u0161c\u0301u od ekrana"}]},{"@type":"WebSite","@id":"https:\/\/www.prijedordanas.com\/#website","url":"https:\/\/www.prijedordanas.com\/","name":"PrijedorDanas.com - Prijedorski gradski portal","description":"Portal o doga\u0111anjima u gradu Prijedoru","publisher":{"@id":"https:\/\/www.prijedordanas.com\/#organization"},"potentialAction":[{"@type":"SearchAction","target":{"@type":"EntryPoint","urlTemplate":"https:\/\/www.prijedordanas.com\/?s={search_term_string}"},"query-input":"required name=search_term_string"}],"inLanguage":"en-US"},{"@type":"Organization","@id":"https:\/\/www.prijedordanas.com\/#organization","name":"PrijedorDanas.com","url":"https:\/\/www.prijedordanas.com\/","logo":{"@type":"ImageObject","inLanguage":"en-US","@id":"https:\/\/www.prijedordanas.com\/#\/schema\/logo\/image\/","url":"http:\/\/www.prijedordanas.com\/wp-content\/uploads\/2021\/12\/logopng.png","contentUrl":"http:\/\/www.prijedordanas.com\/wp-content\/uploads\/2021\/12\/logopng.png","width":1019,"height":776,"caption":"PrijedorDanas.com"},"image":{"@id":"https:\/\/www.prijedordanas.com\/#\/schema\/logo\/image\/"},"sameAs":["https:\/\/www.facebook.com\/PrijedorDanasCom\/"]},{"@type":"Person","@id":"https:\/\/www.prijedordanas.com\/#\/schema\/person\/4e08ccf29b506ca916ff86d46bb700e6","name":"admin","image":{"@type":"ImageObject","inLanguage":"en-US","@id":"https:\/\/www.prijedordanas.com\/#\/schema\/person\/image\/","url":"https:\/\/secure.gravatar.com\/avatar\/1d3fc949d550f0b53a5f0d51e06dfd79?s=96&d=mm&r=g","contentUrl":"https:\/\/secure.gravatar.com\/avatar\/1d3fc949d550f0b53a5f0d51e06dfd79?s=96&d=mm&r=g","caption":"admin"},"url":"https:\/\/www.prijedordanas.com\/?author=1"}]}},"_links":{"self":[{"href":"https:\/\/www.prijedordanas.com\/index.php?rest_route=\/wp\/v2\/posts\/194489"}],"collection":[{"href":"https:\/\/www.prijedordanas.com\/index.php?rest_route=\/wp\/v2\/posts"}],"about":[{"href":"https:\/\/www.prijedordanas.com\/index.php?rest_route=\/wp\/v2\/types\/post"}],"author":[{"embeddable":true,"href":"https:\/\/www.prijedordanas.com\/index.php?rest_route=\/wp\/v2\/users\/1"}],"replies":[{"embeddable":true,"href":"https:\/\/www.prijedordanas.com\/index.php?rest_route=%2Fwp%2Fv2%2Fcomments&post=194489"}],"version-history":[{"count":2,"href":"https:\/\/www.prijedordanas.com\/index.php?rest_route=\/wp\/v2\/posts\/194489\/revisions"}],"predecessor-version":[{"id":194498,"href":"https:\/\/www.prijedordanas.com\/index.php?rest_route=\/wp\/v2\/posts\/194489\/revisions\/194498"}],"wp:attachment":[{"href":"https:\/\/www.prijedordanas.com\/index.php?rest_route=%2Fwp%2Fv2%2Fmedia&parent=194489"}],"wp:term":[{"taxonomy":"category","embeddable":true,"href":"https:\/\/www.prijedordanas.com\/index.php?rest_route=%2Fwp%2Fv2%2Fcategories&post=194489"},{"taxonomy":"post_tag","embeddable":true,"href":"https:\/\/www.prijedordanas.com\/index.php?rest_route=%2Fwp%2Fv2%2Ftags&post=194489"}],"curies":[{"name":"wp","href":"https:\/\/api.w.org\/{rel}","templated":true}]}}