{"id":194369,"date":"2022-11-01T16:53:20","date_gmt":"2022-11-01T15:53:20","guid":{"rendered":"https:\/\/www.prijedordanas.com\/?p=194369"},"modified":"2022-11-01T16:56:34","modified_gmt":"2022-11-01T15:56:34","slug":"jelena-bi-danas-bila-ponosna-na-njega-majka-hrabrost-odbila-da-prima-hemoterapiju-da-bi-na-svijet-donijela-nikolu-foto","status":"publish","type":"post","link":"https:\/\/www.prijedordanas.com\/?p=194369","title":{"rendered":"Jelena bi danas bila ponosna na njega: Majka hrabrost odbila da prima hemoterapiju da bi na svijet donijela Nikolu &#8211; FOTO"},"content":{"rendered":"<p><a href=\"https:\/\/www.prijedordanas.com\/wp-content\/uploads\/2022\/11\/goran-dunovic-nikola.jpg\"><img loading=\"lazy\" decoding=\"async\" class=\"alignleft size-medium wp-image-194370\" src=\"https:\/\/www.prijedordanas.com\/wp-content\/uploads\/2022\/11\/goran-dunovic-nikola-300x222.jpg\" alt=\"\" width=\"300\" height=\"222\" srcset=\"https:\/\/www.prijedordanas.com\/wp-content\/uploads\/2022\/11\/goran-dunovic-nikola-300x222.jpg 300w, https:\/\/www.prijedordanas.com\/wp-content\/uploads\/2022\/11\/goran-dunovic-nikola.jpg 675w\" sizes=\"(max-width: 300px) 100vw, 300px\" \/><\/a>U \u017eivotu je najva\u017enija posljednja, ka\u017ee na\u0161 narod, tvrde\u0107i tako da upravo posljednje u\u010dinjeno djelo \u010dovjeka mo\u017ee da uzdigne ili da izbri\u0161e sve ono \u0161to je do svog ovozemaljskog kraja \u010dinio.<\/p>\n<p>Sude\u0107i po toj izreci, podvig Jelene Triki\u0107, iz Drvara, iznad je svakog vremena. Nemjerljiv. Neuporediv.<\/p>\n<p>Prije 10 godina imala je 32. Uprkos te\u0161kom obliku tumora na mozgu, sa kojim se borila od 2007, odlu\u010dila je da rodi i zbog trudno\u0107e odbila je da prima hemoterapiju i citostatike. Ni u kom slu\u010daju nije htjela da prekine trudno\u0107u koja joj je pogor\u0161ala zdravstveno stanje.<\/p>\n<p><a href=\"https:\/\/www.prijedordanas.com\/wp-content\/uploads\/2022\/11\/majka-hrabrost-jelena-trikic.jpg\"><img loading=\"lazy\" decoding=\"async\" class=\"alignleft size-medium wp-image-194371\" src=\"https:\/\/www.prijedordanas.com\/wp-content\/uploads\/2022\/11\/majka-hrabrost-jelena-trikic-300x217.jpg\" alt=\"\" width=\"300\" height=\"217\" srcset=\"https:\/\/www.prijedordanas.com\/wp-content\/uploads\/2022\/11\/majka-hrabrost-jelena-trikic-300x217.jpg 300w, https:\/\/www.prijedordanas.com\/wp-content\/uploads\/2022\/11\/majka-hrabrost-jelena-trikic.jpg 600w\" sizes=\"(max-width: 300px) 100vw, 300px\" \/><\/a>Umjesto lije\u010denja, odlu\u010dila je da iznese trudno\u0107u do kraja. Da podari novi \u017eivot u mjesecima kada se njen gasio. Mijenjala je svoj za \u017eivot svoje bebe. Iako su ljekari bili u \u010dudu \u0161to uop\u0161te pored tako te\u0161ke bolesti mo\u017ee uspje\u0161no da nosi trudno\u0107u, neka vi\u0161a sila bila je uz Jelenu.<\/p>\n<p>Prije 10 godina, 9. oktobra, u Banjaluci je na svijet donijela dje\u010daka \u2013 Nikolu. Iako ro\u0111en sa svega 1.970 grama, bio je zdrava i napredna beba.<\/p>\n<p>Jelenina slika iz porodili\u0161ta dok dr\u017ei Nikolu na grudima, njen spokoj i ponos koji su odisali sa te fotografije, rasplakali su i one sa najtvr\u0111im srcem. Radosna vijest da se Majka Hrabrost porodila osvanula je u svim medijima. Ali, uprkos Jeleninoj volji za \u017eivotom i nadljudskim naporima doktora, 40 dana poslije poro\u0111aja njeno plemenito, veliko srce, prestalo je da kuca.<\/p>\n<p>Minulog 9. oktobra, maleni Nikola je napunio deset godina. \u017divi u Prijedoru sa ocem. Ide u peti razred i odli\u010dan je u\u010denik. Trenira karate, ima crveni pojas. Kao svi vr\u0161njaci voli da igra igrice i \u201c\u010da\u010dka\u201d po ra\u010dunaru.<\/p>\n<p><a href=\"https:\/\/www.prijedordanas.com\/wp-content\/uploads\/2022\/11\/jelena-trikic-grob-drvar.jpg\"><img loading=\"lazy\" decoding=\"async\" class=\"alignleft size-medium wp-image-194372\" src=\"https:\/\/www.prijedordanas.com\/wp-content\/uploads\/2022\/11\/jelena-trikic-grob-drvar-225x300.jpg\" alt=\"\" width=\"225\" height=\"300\" srcset=\"https:\/\/www.prijedordanas.com\/wp-content\/uploads\/2022\/11\/jelena-trikic-grob-drvar-225x300.jpg 225w, https:\/\/www.prijedordanas.com\/wp-content\/uploads\/2022\/11\/jelena-trikic-grob-drvar.jpg 450w\" sizes=\"(max-width: 225px) 100vw, 225px\" \/><\/a>\u2013 \u017divimo i ne zaboravljamo \u2013 ka\u017ee za \u201eNovosti\u201c Jelenin suprug Goran Dunovi\u0107.<\/p>\n<p>\u2013 Nikola i ja redovno odlazimo u Drvar kod njegovih babe Milkice i dede Vladimira Triki\u0107a.<\/p>\n<p>Obilazimo Jelenin grob. Upalimo svije\u0107e. Pomolimo se. Poljubimo Jeleninu sliku. Njena smrt je obilje\u017eila na\u0161e \u017eivote. Ona je vje\u010dni beleg na na\u0161oj du\u0161i. Nikoli o Jeleni pri\u010daju i baba i deda i on sve o majci uvek pa\u017eljivo slu\u0161a.<\/p>\n<p>I danas, deceniju poslije Jeleninog preranog odlaska, Goran ka\u017ee da bi i sada podr\u017eao njenu odluku da iznese trudno\u0107u i rodi.<\/p>\n<p>\u2013 Mnogo mi je te\u0161ko kada se prisje\u0107am tih dana pre deset godina. Mada, sad mi je sve mnogo \u201e\u010distije\u201c i jasnije \u2013 nastavlja Goran.<\/p>\n<p>\u2013 Kao da sam tek sad do\u0161ao sebi i kao da tek sad mogu trezvenije da gledam na Jeleninu smrt. Posle svih ovih godina postao sam svjestan koliko je to sve bilo stra\u0161no, mnogo stra\u0161nije nego \u0161to se meni u tim danima \u010dinilo. U nekim momentima, prije deceniju, razmi\u0161ljao sam, \u017eelio sam da sve pro\u0111e kako treba. Vjerovao sam da ne\u0107e do\u0107i do najgoreg, da Jelena ne\u0107e zauvijek oti\u0107i. \u010covekova nada da \u0107e sve, i pored svega, dobro pro\u0107i u takvim trenucima dobro pomuti razum.<\/p>\n<p><a href=\"https:\/\/www.prijedordanas.com\/wp-content\/uploads\/2022\/11\/jelena-trikic-majka-hrabrost.jpg\"><img loading=\"lazy\" decoding=\"async\" class=\"alignleft size-medium wp-image-194373\" src=\"https:\/\/www.prijedordanas.com\/wp-content\/uploads\/2022\/11\/jelena-trikic-majka-hrabrost-250x300.jpg\" alt=\"\" width=\"250\" height=\"300\" srcset=\"https:\/\/www.prijedordanas.com\/wp-content\/uploads\/2022\/11\/jelena-trikic-majka-hrabrost-250x300.jpg 250w, https:\/\/www.prijedordanas.com\/wp-content\/uploads\/2022\/11\/jelena-trikic-majka-hrabrost.jpg 500w\" sizes=\"(max-width: 250px) 100vw, 250px\" \/><\/a>Ali, kako onda, tako i danas ka\u017ee da stoji iza njene odluke.<\/p>\n<p>\u2013 Jelenin herojski \u010din uvek je imao moju podr\u0161ku \u2013 nastavlja Goran. \u2013 Nikola i ja \u017eivimo sa tim. Pri\u010dali smo o svemu. Potpuno je svestan poteza i \u017ertve svoje majke. Kako godine budu odmicale bi\u0107e sve svesniji i verujem da \u0107e imati pravi stav o njenoj hrabroj, po\u017ertvovanoj odluci. Sad je jo\u0161 mlad, ali i te kako zna ko mu je bila majka i \u0161ta je sve u\u010dinila da bi on do\u0161ao na svet.<\/p>\n<p>Prisje\u0107aju\u0107i se tih 40 dana, koliko je Jelena po\u017eivela posle poro\u0111aja, Goran sa neizmernim, gotovo opipljivim bolom ka\u017ee:<\/p>\n<p>\u2013 Tada je bolest, na\u017ealost, uznapredovala i Jelena je pala u komu iz koje se vi\u0161e nije probudila. Te\u0161i me to \u0161to \u0107e \u017eiveti kroz na\u0161eg Nikolu, a rastu\u017euje \u0161to je on nije upamtio, \u0161to ne raste uz nju\u2026<\/p>\n<p>Jelenin odlazak unio je tugu i suze u mnoge domove \u0161irom Republike Srpske, Srbije i regiona. Re\u010di utehe njenom suprugu Goranu Dunovi\u0107u i roditeljima stizale su sa svih strana.<\/p>\n<p>Poslije smrti, Jelena je sahranjena u rodnom Drvaru, gde joj danas \u017eive otac i majka. Do ve\u010dne ku\u0107e ispratila ju je reka ljudi. Do\u0161li su mnogobrojni Drvar\u010dani, rodbina i prijatelji, ali i njene kom\u0161ije i sugra\u0111ani iz Prijedora, gde je \u017eivela sa suprugom Goranom.<\/p>\n<p><a href=\"https:\/\/www.prijedordanas.com\/wp-content\/uploads\/2022\/11\/milkica-i-vladimir-trikic-jelena-trikic-roditelji.jpg\"><img loading=\"lazy\" decoding=\"async\" class=\"alignleft size-medium wp-image-194374\" src=\"https:\/\/www.prijedordanas.com\/wp-content\/uploads\/2022\/11\/milkica-i-vladimir-trikic-jelena-trikic-roditelji-225x300.jpg\" alt=\"\" width=\"225\" height=\"300\" srcset=\"https:\/\/www.prijedordanas.com\/wp-content\/uploads\/2022\/11\/milkica-i-vladimir-trikic-jelena-trikic-roditelji-225x300.jpg 225w, https:\/\/www.prijedordanas.com\/wp-content\/uploads\/2022\/11\/milkica-i-vladimir-trikic-jelena-trikic-roditelji.jpg 449w\" sizes=\"(max-width: 225px) 100vw, 225px\" \/><\/a>Za nadljudski podvig koji je u\u010dinila, Jeleni Triki\u0107 je posthumno dodeljena Zlatna plaketa \u201eVe\u010dernjih novosti\u201c u na\u0161oj tradicionalnoj akciji \u201eNajplemenitiji podvig\u201c za 2012.<\/p>\n<p>Na sve\u010danoj ceremoniji u Skup\u0161tini grada Beograda, Milkica je i primila plaketu za \u0107erku.<\/p>\n<p>\u2013 Ovo priznanje je za mog unuka Nikolu \u2013 jecaju\u0107i je tada rekla Milka.<\/p>\n<p>\u2013 Za njegovu hrabru mamu Jelenu, moju \u0107erku. Njena \u017ertva, da svojom dobrovoljnom smr\u0107u podari \u017eivot svom \u010dedu, nije uzaludna i zaboravljena.<\/p>\n<p>Zastao je dah. Te\u0161ko je bilo zadr\u017eati suze, ne zaplakati\u2026<\/p>\n<p>ZAUVIJEK PAMTIMO PODR\u0160KU \u201eNOVOSTI\u201c<\/p>\n<p>SIMBOLI\u010cNO priznanje za Jeleninu nadvremensku \u017ertvu i podvig, Zlatna plaketa \u201eVe\u010dernjih novosti\u201c, na posebnom mestu u porodi\u010dnoj ku\u0107i u Drvaru \u010duvaju njeni majka Milkica i otac Vladimir. Celu deceniju tu\u017eni i istovremeno ponosni\u2026<\/p>\n<p>\u2013 Plaketa \u201eVe\u010dernjih novosti\u201c, do\u0161la je u trenutku kad su nam svima podr\u0161ka i lepa re\u010d bili vi\u0161e nego potreba. Osetili smo da nismo sami. Ljubav koju smo Nikola i ja tada dobili od ljudi iz \u201eNovosti\u201c nikad se ne zaboravlja. I hvala nam mnogo na svemu \u2013 rekao nam je Goran.<\/p>\n<p>ZAVR\u0160ILA EKONOMSKI FAKULTET<\/p>\n<p>TOKOM gra\u0111anskog rata u BiH, Jelena je sa porodicom izbegla iz Drvara u Prijedor.<\/p>\n<p>Uprkos te\u0161koj bolesti, uspela je i da diplomira na Ekonomskom fakultetu u Banjaluci.<\/p>\n<p>Njen suprug Goran Dunovi\u0107, profesor srpskog jezika i knji\u017eevnosti, tako\u0111e je sa porodicom izbegao iz rodnog Klju\u010da u Prijedor. U gradu na Sani su se i upoznali\u2026<\/p>\n<p>SJE\u0106ANJE I PRI\u010cA \u017dIVE I DANAS<\/p>\n<p>OKTOBRA 2012. godine, Radio Drvar proglasio je Jelenu Triki\u0107 li\u010dno\u0161\u0107u godine.<\/p>\n<p>\u2013 Jelena, \u017eelimo da dobije\u0161 i ovu bitku \u2013 poru\u010divali su Drvar\u010dani, koji su se u velikom broju javljali sa \u017eeljom da nekako pomognu.<\/p>\n<p>Pri\u010da o ovoj hrabroj \u017eeni \u017eivi i danas. Po njoj nosi ime ulica u Banjaluci, a u rodnom Drvaru vrti\u0107u je ime \u201eMajka Hrabrost\u201c. U Banjaluci se radi na postavljanju njene biste ispred Klini\u010dkog centra RS i u toku su dogovori Grada i rukovodstva Klini\u010dkog centra oko zavr\u0161etka ovog projekta.<\/p>\n<p>vecernjenovosti.ba<\/p>\n","protected":false},"excerpt":{"rendered":"<p>U \u017eivotu je najva\u017enija posljednja, ka\u017ee na\u0161 narod, tvrde\u0107i tako da upravo posljednje u\u010dinjeno djelo \u010dovjeka mo\u017ee da uzdigne ili da izbri\u0161e sve ono \u0161to je do svog ovozemaljskog kraja [&hellip;]<\/p>\n","protected":false},"author":1,"featured_media":0,"comment_status":"closed","ping_status":"open","sticky":false,"template":"","format":"standard","meta":{"_monsterinsights_skip_tracking":false,"_monsterinsights_sitenote_active":false,"_monsterinsights_sitenote_note":"","_monsterinsights_sitenote_category":0,"footnotes":""},"categories":[3],"tags":[],"yoast_head":"<!-- This site is optimized with the Yoast SEO plugin v21.6 - https:\/\/yoast.com\/wordpress\/plugins\/seo\/ -->\n<title>Jelena bi danas bila ponosna na njega: Majka hrabrost odbila da prima hemoterapiju da bi na svijet donijela Nikolu - FOTO - PrijedorDanas.com - Prijedorski gradski portal<\/title>\n<meta name=\"robots\" content=\"index, follow, max-snippet:-1, max-image-preview:large, max-video-preview:-1\" \/>\n<link rel=\"canonical\" href=\"https:\/\/www.prijedordanas.com\/?p=194369\" \/>\n<meta property=\"og:locale\" content=\"en_US\" \/>\n<meta property=\"og:type\" content=\"article\" \/>\n<meta property=\"og:title\" content=\"Jelena bi danas bila ponosna na njega: Majka hrabrost odbila da prima hemoterapiju da bi na svijet donijela Nikolu - FOTO - PrijedorDanas.com - Prijedorski gradski portal\" \/>\n<meta property=\"og:description\" content=\"U \u017eivotu je najva\u017enija posljednja, ka\u017ee na\u0161 narod, tvrde\u0107i tako da upravo posljednje u\u010dinjeno djelo \u010dovjeka mo\u017ee da uzdigne ili da izbri\u0161e sve ono \u0161to je do svog ovozemaljskog kraja [&hellip;]\" \/>\n<meta property=\"og:url\" content=\"https:\/\/www.prijedordanas.com\/?p=194369\" \/>\n<meta property=\"og:site_name\" content=\"PrijedorDanas.com - Prijedorski gradski portal\" \/>\n<meta property=\"article:publisher\" content=\"https:\/\/www.facebook.com\/PrijedorDanasCom\/\" \/>\n<meta property=\"article:published_time\" content=\"2022-11-01T15:53:20+00:00\" \/>\n<meta property=\"article:modified_time\" content=\"2022-11-01T15:56:34+00:00\" \/>\n<meta property=\"og:image\" content=\"https:\/\/www.prijedordanas.com\/wp-content\/uploads\/2022\/11\/goran-dunovic-nikola-300x222.jpg\" \/>\n<meta name=\"author\" content=\"admin\" \/>\n<meta name=\"twitter:card\" content=\"summary_large_image\" \/>\n<meta name=\"twitter:label1\" content=\"Written by\" \/>\n\t<meta name=\"twitter:data1\" content=\"admin\" \/>\n\t<meta name=\"twitter:label2\" content=\"Est. reading time\" \/>\n\t<meta name=\"twitter:data2\" content=\"6 minutes\" \/>\n<script type=\"application\/ld+json\" class=\"yoast-schema-graph\">{\"@context\":\"https:\/\/schema.org\",\"@graph\":[{\"@type\":\"Article\",\"@id\":\"https:\/\/www.prijedordanas.com\/?p=194369#article\",\"isPartOf\":{\"@id\":\"https:\/\/www.prijedordanas.com\/?p=194369\"},\"author\":{\"name\":\"admin\",\"@id\":\"https:\/\/www.prijedordanas.com\/#\/schema\/person\/4e08ccf29b506ca916ff86d46bb700e6\"},\"headline\":\"Jelena bi danas bila ponosna na njega: Majka hrabrost odbila da prima hemoterapiju da bi na svijet donijela Nikolu &#8211; FOTO\",\"datePublished\":\"2022-11-01T15:53:20+00:00\",\"dateModified\":\"2022-11-01T15:56:34+00:00\",\"mainEntityOfPage\":{\"@id\":\"https:\/\/www.prijedordanas.com\/?p=194369\"},\"wordCount\":1117,\"publisher\":{\"@id\":\"https:\/\/www.prijedordanas.com\/#organization\"},\"articleSection\":[\"\u017divot\"],\"inLanguage\":\"en-US\"},{\"@type\":\"WebPage\",\"@id\":\"https:\/\/www.prijedordanas.com\/?p=194369\",\"url\":\"https:\/\/www.prijedordanas.com\/?p=194369\",\"name\":\"Jelena bi danas bila ponosna na njega: Majka hrabrost odbila da prima hemoterapiju da bi na svijet donijela Nikolu - FOTO - PrijedorDanas.com - Prijedorski gradski portal\",\"isPartOf\":{\"@id\":\"https:\/\/www.prijedordanas.com\/#website\"},\"datePublished\":\"2022-11-01T15:53:20+00:00\",\"dateModified\":\"2022-11-01T15:56:34+00:00\",\"breadcrumb\":{\"@id\":\"https:\/\/www.prijedordanas.com\/?p=194369#breadcrumb\"},\"inLanguage\":\"en-US\",\"potentialAction\":[{\"@type\":\"ReadAction\",\"target\":[\"https:\/\/www.prijedordanas.com\/?p=194369\"]}]},{\"@type\":\"BreadcrumbList\",\"@id\":\"https:\/\/www.prijedordanas.com\/?p=194369#breadcrumb\",\"itemListElement\":[{\"@type\":\"ListItem\",\"position\":1,\"name\":\"Home\",\"item\":\"https:\/\/www.prijedordanas.com\/\"},{\"@type\":\"ListItem\",\"position\":2,\"name\":\"Jelena bi danas bila ponosna na njega: Majka hrabrost odbila da prima hemoterapiju da bi na svijet donijela Nikolu &#8211; FOTO\"}]},{\"@type\":\"WebSite\",\"@id\":\"https:\/\/www.prijedordanas.com\/#website\",\"url\":\"https:\/\/www.prijedordanas.com\/\",\"name\":\"PrijedorDanas.com - Prijedorski gradski portal\",\"description\":\"Portal o doga\u0111anjima u gradu Prijedoru\",\"publisher\":{\"@id\":\"https:\/\/www.prijedordanas.com\/#organization\"},\"potentialAction\":[{\"@type\":\"SearchAction\",\"target\":{\"@type\":\"EntryPoint\",\"urlTemplate\":\"https:\/\/www.prijedordanas.com\/?s={search_term_string}\"},\"query-input\":\"required name=search_term_string\"}],\"inLanguage\":\"en-US\"},{\"@type\":\"Organization\",\"@id\":\"https:\/\/www.prijedordanas.com\/#organization\",\"name\":\"PrijedorDanas.com\",\"url\":\"https:\/\/www.prijedordanas.com\/\",\"logo\":{\"@type\":\"ImageObject\",\"inLanguage\":\"en-US\",\"@id\":\"https:\/\/www.prijedordanas.com\/#\/schema\/logo\/image\/\",\"url\":\"http:\/\/www.prijedordanas.com\/wp-content\/uploads\/2021\/12\/logopng.png\",\"contentUrl\":\"http:\/\/www.prijedordanas.com\/wp-content\/uploads\/2021\/12\/logopng.png\",\"width\":1019,\"height\":776,\"caption\":\"PrijedorDanas.com\"},\"image\":{\"@id\":\"https:\/\/www.prijedordanas.com\/#\/schema\/logo\/image\/\"},\"sameAs\":[\"https:\/\/www.facebook.com\/PrijedorDanasCom\/\"]},{\"@type\":\"Person\",\"@id\":\"https:\/\/www.prijedordanas.com\/#\/schema\/person\/4e08ccf29b506ca916ff86d46bb700e6\",\"name\":\"admin\",\"image\":{\"@type\":\"ImageObject\",\"inLanguage\":\"en-US\",\"@id\":\"https:\/\/www.prijedordanas.com\/#\/schema\/person\/image\/\",\"url\":\"https:\/\/secure.gravatar.com\/avatar\/1d3fc949d550f0b53a5f0d51e06dfd79?s=96&d=mm&r=g\",\"contentUrl\":\"https:\/\/secure.gravatar.com\/avatar\/1d3fc949d550f0b53a5f0d51e06dfd79?s=96&d=mm&r=g\",\"caption\":\"admin\"},\"url\":\"https:\/\/www.prijedordanas.com\/?author=1\"}]}<\/script>\n<!-- \/ Yoast SEO plugin. -->","yoast_head_json":{"title":"Jelena bi danas bila ponosna na njega: Majka hrabrost odbila da prima hemoterapiju da bi na svijet donijela Nikolu - FOTO - PrijedorDanas.com - Prijedorski gradski portal","robots":{"index":"index","follow":"follow","max-snippet":"max-snippet:-1","max-image-preview":"max-image-preview:large","max-video-preview":"max-video-preview:-1"},"canonical":"https:\/\/www.prijedordanas.com\/?p=194369","og_locale":"en_US","og_type":"article","og_title":"Jelena bi danas bila ponosna na njega: Majka hrabrost odbila da prima hemoterapiju da bi na svijet donijela Nikolu - FOTO - PrijedorDanas.com - Prijedorski gradski portal","og_description":"U \u017eivotu je najva\u017enija posljednja, ka\u017ee na\u0161 narod, tvrde\u0107i tako da upravo posljednje u\u010dinjeno djelo \u010dovjeka mo\u017ee da uzdigne ili da izbri\u0161e sve ono \u0161to je do svog ovozemaljskog kraja [&hellip;]","og_url":"https:\/\/www.prijedordanas.com\/?p=194369","og_site_name":"PrijedorDanas.com - Prijedorski gradski portal","article_publisher":"https:\/\/www.facebook.com\/PrijedorDanasCom\/","article_published_time":"2022-11-01T15:53:20+00:00","article_modified_time":"2022-11-01T15:56:34+00:00","og_image":[{"url":"https:\/\/www.prijedordanas.com\/wp-content\/uploads\/2022\/11\/goran-dunovic-nikola-300x222.jpg"}],"author":"admin","twitter_card":"summary_large_image","twitter_misc":{"Written by":"admin","Est. reading time":"6 minutes"},"schema":{"@context":"https:\/\/schema.org","@graph":[{"@type":"Article","@id":"https:\/\/www.prijedordanas.com\/?p=194369#article","isPartOf":{"@id":"https:\/\/www.prijedordanas.com\/?p=194369"},"author":{"name":"admin","@id":"https:\/\/www.prijedordanas.com\/#\/schema\/person\/4e08ccf29b506ca916ff86d46bb700e6"},"headline":"Jelena bi danas bila ponosna na njega: Majka hrabrost odbila da prima hemoterapiju da bi na svijet donijela Nikolu &#8211; FOTO","datePublished":"2022-11-01T15:53:20+00:00","dateModified":"2022-11-01T15:56:34+00:00","mainEntityOfPage":{"@id":"https:\/\/www.prijedordanas.com\/?p=194369"},"wordCount":1117,"publisher":{"@id":"https:\/\/www.prijedordanas.com\/#organization"},"articleSection":["\u017divot"],"inLanguage":"en-US"},{"@type":"WebPage","@id":"https:\/\/www.prijedordanas.com\/?p=194369","url":"https:\/\/www.prijedordanas.com\/?p=194369","name":"Jelena bi danas bila ponosna na njega: Majka hrabrost odbila da prima hemoterapiju da bi na svijet donijela Nikolu - FOTO - PrijedorDanas.com - Prijedorski gradski portal","isPartOf":{"@id":"https:\/\/www.prijedordanas.com\/#website"},"datePublished":"2022-11-01T15:53:20+00:00","dateModified":"2022-11-01T15:56:34+00:00","breadcrumb":{"@id":"https:\/\/www.prijedordanas.com\/?p=194369#breadcrumb"},"inLanguage":"en-US","potentialAction":[{"@type":"ReadAction","target":["https:\/\/www.prijedordanas.com\/?p=194369"]}]},{"@type":"BreadcrumbList","@id":"https:\/\/www.prijedordanas.com\/?p=194369#breadcrumb","itemListElement":[{"@type":"ListItem","position":1,"name":"Home","item":"https:\/\/www.prijedordanas.com\/"},{"@type":"ListItem","position":2,"name":"Jelena bi danas bila ponosna na njega: Majka hrabrost odbila da prima hemoterapiju da bi na svijet donijela Nikolu &#8211; FOTO"}]},{"@type":"WebSite","@id":"https:\/\/www.prijedordanas.com\/#website","url":"https:\/\/www.prijedordanas.com\/","name":"PrijedorDanas.com - Prijedorski gradski portal","description":"Portal o doga\u0111anjima u gradu Prijedoru","publisher":{"@id":"https:\/\/www.prijedordanas.com\/#organization"},"potentialAction":[{"@type":"SearchAction","target":{"@type":"EntryPoint","urlTemplate":"https:\/\/www.prijedordanas.com\/?s={search_term_string}"},"query-input":"required name=search_term_string"}],"inLanguage":"en-US"},{"@type":"Organization","@id":"https:\/\/www.prijedordanas.com\/#organization","name":"PrijedorDanas.com","url":"https:\/\/www.prijedordanas.com\/","logo":{"@type":"ImageObject","inLanguage":"en-US","@id":"https:\/\/www.prijedordanas.com\/#\/schema\/logo\/image\/","url":"http:\/\/www.prijedordanas.com\/wp-content\/uploads\/2021\/12\/logopng.png","contentUrl":"http:\/\/www.prijedordanas.com\/wp-content\/uploads\/2021\/12\/logopng.png","width":1019,"height":776,"caption":"PrijedorDanas.com"},"image":{"@id":"https:\/\/www.prijedordanas.com\/#\/schema\/logo\/image\/"},"sameAs":["https:\/\/www.facebook.com\/PrijedorDanasCom\/"]},{"@type":"Person","@id":"https:\/\/www.prijedordanas.com\/#\/schema\/person\/4e08ccf29b506ca916ff86d46bb700e6","name":"admin","image":{"@type":"ImageObject","inLanguage":"en-US","@id":"https:\/\/www.prijedordanas.com\/#\/schema\/person\/image\/","url":"https:\/\/secure.gravatar.com\/avatar\/1d3fc949d550f0b53a5f0d51e06dfd79?s=96&d=mm&r=g","contentUrl":"https:\/\/secure.gravatar.com\/avatar\/1d3fc949d550f0b53a5f0d51e06dfd79?s=96&d=mm&r=g","caption":"admin"},"url":"https:\/\/www.prijedordanas.com\/?author=1"}]}},"_links":{"self":[{"href":"https:\/\/www.prijedordanas.com\/index.php?rest_route=\/wp\/v2\/posts\/194369"}],"collection":[{"href":"https:\/\/www.prijedordanas.com\/index.php?rest_route=\/wp\/v2\/posts"}],"about":[{"href":"https:\/\/www.prijedordanas.com\/index.php?rest_route=\/wp\/v2\/types\/post"}],"author":[{"embeddable":true,"href":"https:\/\/www.prijedordanas.com\/index.php?rest_route=\/wp\/v2\/users\/1"}],"replies":[{"embeddable":true,"href":"https:\/\/www.prijedordanas.com\/index.php?rest_route=%2Fwp%2Fv2%2Fcomments&post=194369"}],"version-history":[{"count":3,"href":"https:\/\/www.prijedordanas.com\/index.php?rest_route=\/wp\/v2\/posts\/194369\/revisions"}],"predecessor-version":[{"id":194377,"href":"https:\/\/www.prijedordanas.com\/index.php?rest_route=\/wp\/v2\/posts\/194369\/revisions\/194377"}],"wp:attachment":[{"href":"https:\/\/www.prijedordanas.com\/index.php?rest_route=%2Fwp%2Fv2%2Fmedia&parent=194369"}],"wp:term":[{"taxonomy":"category","embeddable":true,"href":"https:\/\/www.prijedordanas.com\/index.php?rest_route=%2Fwp%2Fv2%2Fcategories&post=194369"},{"taxonomy":"post_tag","embeddable":true,"href":"https:\/\/www.prijedordanas.com\/index.php?rest_route=%2Fwp%2Fv2%2Ftags&post=194369"}],"curies":[{"name":"wp","href":"https:\/\/api.w.org\/{rel}","templated":true}]}}