{"id":194348,"date":"2022-11-01T12:02:14","date_gmt":"2022-11-01T11:02:14","guid":{"rendered":"https:\/\/www.prijedordanas.com\/?p=194348"},"modified":"2022-11-01T12:07:47","modified_gmt":"2022-11-01T11:07:47","slug":"javna-kuhinja-u-ljubiji-danas-prestaje-sa-radom","status":"publish","type":"post","link":"https:\/\/www.prijedordanas.com\/?p=194348","title":{"rendered":"Javna kuhinja u Ljubiji danas prestaje sa radom"},"content":{"rendered":"<p><a href=\"https:\/\/www.prijedordanas.com\/wp-content\/uploads\/2022\/02\/ljubija-javna-kuhinja.jpg\"><img loading=\"lazy\" decoding=\"async\" src=\"https:\/\/www.prijedordanas.com\/wp-content\/uploads\/2022\/02\/ljubija-javna-kuhinja-300x225.jpg\" alt=\"\" width=\"300\" height=\"225\" class=\"alignleft size-medium wp-image-180941\" srcset=\"https:\/\/www.prijedordanas.com\/wp-content\/uploads\/2022\/02\/ljubija-javna-kuhinja-300x225.jpg 300w, https:\/\/www.prijedordanas.com\/wp-content\/uploads\/2022\/02\/ljubija-javna-kuhinja-640x480.jpg 640w, https:\/\/www.prijedordanas.com\/wp-content\/uploads\/2022\/02\/ljubija-javna-kuhinja.jpg 667w\" sizes=\"(max-width: 300px) 100vw, 300px\" \/><\/a>Javna kuhinja u LJubiji danas prestaje s radom, dok se u javnoj kuhinji u Prijedoru, koju tako\u0111e vodi Hri\u0161\u0107anska humanitarna organizacija &#8220;Hljeb \u017eivota&#8221;, broj korisnika smanjuje, izjavio je danas Srni predsjednik ovog udru\u017eenja Danko Male\u0161evi\u0107.<\/p>\n<p>On je naveo da je razlog prestanak sufinansiranja iz bud\u017eeta grada kojim je snabdijevano 90 od ukupno 150 korisnika koliko se posredstvom ovog udru\u017eenja hrani.<\/p>\n<p>&#8220;U LJubiji smo imali 40 korisnika i za njih od danas ne dijelimo obroke, a u Prijedoru smo imali 110 o taj broj od danas smanjujemo na 60, koje finansiraju donatori&#8221;, rekao je Male\u0161evi\u0107.<\/p>\n<p>Male\u0161evi\u0107 je podsjetio da za septembar i oktobar potra\u017euje od grada oko 15.000 KM za 90 korisnika s cijenom obroka od 2,60 KM koja je ugovorena na po\u010detku godine i koja se nije mijenjala.<\/p>\n<p>&#8220;Mi mo\u017eemo nastaviti sa radom ako grad refundira ta dva mjeseca i ako je izvjesno da \u0107e nastaviti sufinansiranje do kraja godine&#8221;, dodao je Male\u0161evi\u0107.<\/p>\n<p>Javnu kuhinju u Prijedoru vodi i Udru\u017eenje gra\u0111ana &#8220;Optimisti&#8221; koje, prema evidenciji Centra za socijalni rad, ima 207 korisnika s pravom na ishranu, od kojih 172 svakodnevno dolazi po obroke, a za 35 se dostavljaju prehrambeni paketi zbog toga \u0161to \u017eive u udaljenijim podru\u010djima grada, o \u010demu se sedmi\u010dno izvje\u0161tava Centar za socijalni rad.<\/p>\n<p>Zijad \u010cani\u0107 iz &#8220;Optimista&#8221; ka\u017ee za Srnu da je za svoje korisnike od po\u010detka godina do danas udru\u017eenje uplatilo 13.966 KM za struju i vodu, za donacije i stipendije obezbijedilo 20.600 KM, a privuklo ukupno 97.000 KM sredstava za rad mimo bud\u017eeta grada.<\/p>\n<p>&#8220;Imamo i 27 korisnika koji ne ispunjavaju uslove za ostvarivanje ovog pro\u0161irenog prava iz bud\u017eeta grada, ali i za njih i za sve druge na\u0161e aktivnosti mi imamo stalnu komunikaciju sa donatorima i privrednicima. Grad pokriva 35 do 40 odsto na\u0161ih potreba, a ostalo su drugi izvori finansiranja&#8221;, istakao je \u010cani\u0107.<\/p>\n<p>On je podsjetio da je, zahvaljuju\u0107i donaciji Vlade Republike Srpske, skladi\u0161te ove javne kuhinje snabdjeveno za do kraja godine sa 90 odsto potrep\u0161tina i da \u0107e, bez obzira na prestanak finansiranja iz bud\u017eeta grada, udru\u017eenje iza\u0107i iz ove situacije.<\/p>\n<p>&#8220;Pozivamo i korisnike iz LJubije da nam se obrate jer mo\u017eemo podijeliti pakete hrane za mjesec dana, da se nekako prebrodi ova situacija&#8221;, poru\u010dio je \u010cani\u0107.<\/p>\n<p>Gradona\u010delnik Prijedora Slobodan Javor pro\u0161le sedmice je u izjavi za Srnu podsjetio da je bud\u017eetska stavka za sufinansiranje javnih kuhinja za ovu godinu rekordnih 150.000 KM i da je za tu namjenu intervenisano sa dodatnih 20.000 KM.<\/p>\n<p>Prema podacima Centra za socijalni rad Prijedor, po\u010detkom godine 259 korisnika imalo je pravo na javnu kuhinju. S cijenom obroka od 2,60 KM taj bi broj korisnika na godi\u0161njem nivou iziskivao vi\u0161e od 240.000 KM. <\/p>\n<p>SRNA<\/p>\n","protected":false},"excerpt":{"rendered":"<p>Javna kuhinja u LJubiji danas prestaje s radom, dok se u javnoj kuhinji u Prijedoru, koju tako\u0111e vodi Hri\u0161\u0107anska humanitarna organizacija &#8220;Hljeb \u017eivota&#8221;, broj korisnika smanjuje, izjavio je danas Srni [&hellip;]<\/p>\n","protected":false},"author":1,"featured_media":0,"comment_status":"closed","ping_status":"open","sticky":false,"template":"","format":"standard","meta":{"_monsterinsights_skip_tracking":false,"_monsterinsights_sitenote_active":false,"_monsterinsights_sitenote_note":"","_monsterinsights_sitenote_category":0,"footnotes":""},"categories":[4],"tags":[],"yoast_head":"<!-- This site is optimized with the Yoast SEO plugin v21.6 - https:\/\/yoast.com\/wordpress\/plugins\/seo\/ -->\n<title>Javna kuhinja u Ljubiji danas prestaje sa radom - PrijedorDanas.com - Prijedorski gradski portal<\/title>\n<meta name=\"robots\" content=\"index, follow, max-snippet:-1, max-image-preview:large, max-video-preview:-1\" \/>\n<link rel=\"canonical\" href=\"https:\/\/www.prijedordanas.com\/?p=194348\" \/>\n<meta property=\"og:locale\" content=\"en_US\" \/>\n<meta property=\"og:type\" content=\"article\" \/>\n<meta property=\"og:title\" content=\"Javna kuhinja u Ljubiji danas prestaje sa radom - PrijedorDanas.com - Prijedorski gradski portal\" \/>\n<meta property=\"og:description\" content=\"Javna kuhinja u LJubiji danas prestaje s radom, dok se u javnoj kuhinji u Prijedoru, koju tako\u0111e vodi Hri\u0161\u0107anska humanitarna organizacija &#8220;Hljeb \u017eivota&#8221;, broj korisnika smanjuje, izjavio je danas Srni [&hellip;]\" \/>\n<meta property=\"og:url\" content=\"https:\/\/www.prijedordanas.com\/?p=194348\" \/>\n<meta property=\"og:site_name\" content=\"PrijedorDanas.com - Prijedorski gradski portal\" \/>\n<meta property=\"article:publisher\" content=\"https:\/\/www.facebook.com\/PrijedorDanasCom\/\" \/>\n<meta property=\"article:published_time\" content=\"2022-11-01T11:02:14+00:00\" \/>\n<meta property=\"article:modified_time\" content=\"2022-11-01T11:07:47+00:00\" \/>\n<meta property=\"og:image\" content=\"https:\/\/www.prijedordanas.com\/wp-content\/uploads\/2022\/02\/ljubija-javna-kuhinja-300x225.jpg\" \/>\n<meta name=\"author\" content=\"admin\" \/>\n<meta name=\"twitter:card\" content=\"summary_large_image\" \/>\n<meta name=\"twitter:label1\" content=\"Written by\" \/>\n\t<meta name=\"twitter:data1\" content=\"admin\" \/>\n\t<meta name=\"twitter:label2\" content=\"Est. reading time\" \/>\n\t<meta name=\"twitter:data2\" content=\"3 minutes\" \/>\n<script type=\"application\/ld+json\" class=\"yoast-schema-graph\">{\"@context\":\"https:\/\/schema.org\",\"@graph\":[{\"@type\":\"Article\",\"@id\":\"https:\/\/www.prijedordanas.com\/?p=194348#article\",\"isPartOf\":{\"@id\":\"https:\/\/www.prijedordanas.com\/?p=194348\"},\"author\":{\"name\":\"admin\",\"@id\":\"https:\/\/www.prijedordanas.com\/#\/schema\/person\/4e08ccf29b506ca916ff86d46bb700e6\"},\"headline\":\"Javna kuhinja u Ljubiji danas prestaje sa radom\",\"datePublished\":\"2022-11-01T11:02:14+00:00\",\"dateModified\":\"2022-11-01T11:07:47+00:00\",\"mainEntityOfPage\":{\"@id\":\"https:\/\/www.prijedordanas.com\/?p=194348\"},\"wordCount\":463,\"publisher\":{\"@id\":\"https:\/\/www.prijedordanas.com\/#organization\"},\"articleSection\":[\"Dru\u0161tvo\"],\"inLanguage\":\"en-US\"},{\"@type\":\"WebPage\",\"@id\":\"https:\/\/www.prijedordanas.com\/?p=194348\",\"url\":\"https:\/\/www.prijedordanas.com\/?p=194348\",\"name\":\"Javna kuhinja u Ljubiji danas prestaje sa radom - PrijedorDanas.com - Prijedorski gradski portal\",\"isPartOf\":{\"@id\":\"https:\/\/www.prijedordanas.com\/#website\"},\"datePublished\":\"2022-11-01T11:02:14+00:00\",\"dateModified\":\"2022-11-01T11:07:47+00:00\",\"breadcrumb\":{\"@id\":\"https:\/\/www.prijedordanas.com\/?p=194348#breadcrumb\"},\"inLanguage\":\"en-US\",\"potentialAction\":[{\"@type\":\"ReadAction\",\"target\":[\"https:\/\/www.prijedordanas.com\/?p=194348\"]}]},{\"@type\":\"BreadcrumbList\",\"@id\":\"https:\/\/www.prijedordanas.com\/?p=194348#breadcrumb\",\"itemListElement\":[{\"@type\":\"ListItem\",\"position\":1,\"name\":\"Home\",\"item\":\"https:\/\/www.prijedordanas.com\/\"},{\"@type\":\"ListItem\",\"position\":2,\"name\":\"Javna kuhinja u Ljubiji danas prestaje sa radom\"}]},{\"@type\":\"WebSite\",\"@id\":\"https:\/\/www.prijedordanas.com\/#website\",\"url\":\"https:\/\/www.prijedordanas.com\/\",\"name\":\"PrijedorDanas.com - Prijedorski gradski portal\",\"description\":\"Portal o doga\u0111anjima u gradu Prijedoru\",\"publisher\":{\"@id\":\"https:\/\/www.prijedordanas.com\/#organization\"},\"potentialAction\":[{\"@type\":\"SearchAction\",\"target\":{\"@type\":\"EntryPoint\",\"urlTemplate\":\"https:\/\/www.prijedordanas.com\/?s={search_term_string}\"},\"query-input\":\"required name=search_term_string\"}],\"inLanguage\":\"en-US\"},{\"@type\":\"Organization\",\"@id\":\"https:\/\/www.prijedordanas.com\/#organization\",\"name\":\"PrijedorDanas.com\",\"url\":\"https:\/\/www.prijedordanas.com\/\",\"logo\":{\"@type\":\"ImageObject\",\"inLanguage\":\"en-US\",\"@id\":\"https:\/\/www.prijedordanas.com\/#\/schema\/logo\/image\/\",\"url\":\"http:\/\/www.prijedordanas.com\/wp-content\/uploads\/2021\/12\/logopng.png\",\"contentUrl\":\"http:\/\/www.prijedordanas.com\/wp-content\/uploads\/2021\/12\/logopng.png\",\"width\":1019,\"height\":776,\"caption\":\"PrijedorDanas.com\"},\"image\":{\"@id\":\"https:\/\/www.prijedordanas.com\/#\/schema\/logo\/image\/\"},\"sameAs\":[\"https:\/\/www.facebook.com\/PrijedorDanasCom\/\"]},{\"@type\":\"Person\",\"@id\":\"https:\/\/www.prijedordanas.com\/#\/schema\/person\/4e08ccf29b506ca916ff86d46bb700e6\",\"name\":\"admin\",\"image\":{\"@type\":\"ImageObject\",\"inLanguage\":\"en-US\",\"@id\":\"https:\/\/www.prijedordanas.com\/#\/schema\/person\/image\/\",\"url\":\"https:\/\/secure.gravatar.com\/avatar\/1d3fc949d550f0b53a5f0d51e06dfd79?s=96&d=mm&r=g\",\"contentUrl\":\"https:\/\/secure.gravatar.com\/avatar\/1d3fc949d550f0b53a5f0d51e06dfd79?s=96&d=mm&r=g\",\"caption\":\"admin\"},\"url\":\"https:\/\/www.prijedordanas.com\/?author=1\"}]}<\/script>\n<!-- \/ Yoast SEO plugin. -->","yoast_head_json":{"title":"Javna kuhinja u Ljubiji danas prestaje sa radom - PrijedorDanas.com - Prijedorski gradski portal","robots":{"index":"index","follow":"follow","max-snippet":"max-snippet:-1","max-image-preview":"max-image-preview:large","max-video-preview":"max-video-preview:-1"},"canonical":"https:\/\/www.prijedordanas.com\/?p=194348","og_locale":"en_US","og_type":"article","og_title":"Javna kuhinja u Ljubiji danas prestaje sa radom - PrijedorDanas.com - Prijedorski gradski portal","og_description":"Javna kuhinja u LJubiji danas prestaje s radom, dok se u javnoj kuhinji u Prijedoru, koju tako\u0111e vodi Hri\u0161\u0107anska humanitarna organizacija &#8220;Hljeb \u017eivota&#8221;, broj korisnika smanjuje, izjavio je danas Srni [&hellip;]","og_url":"https:\/\/www.prijedordanas.com\/?p=194348","og_site_name":"PrijedorDanas.com - Prijedorski gradski portal","article_publisher":"https:\/\/www.facebook.com\/PrijedorDanasCom\/","article_published_time":"2022-11-01T11:02:14+00:00","article_modified_time":"2022-11-01T11:07:47+00:00","og_image":[{"url":"https:\/\/www.prijedordanas.com\/wp-content\/uploads\/2022\/02\/ljubija-javna-kuhinja-300x225.jpg"}],"author":"admin","twitter_card":"summary_large_image","twitter_misc":{"Written by":"admin","Est. reading time":"3 minutes"},"schema":{"@context":"https:\/\/schema.org","@graph":[{"@type":"Article","@id":"https:\/\/www.prijedordanas.com\/?p=194348#article","isPartOf":{"@id":"https:\/\/www.prijedordanas.com\/?p=194348"},"author":{"name":"admin","@id":"https:\/\/www.prijedordanas.com\/#\/schema\/person\/4e08ccf29b506ca916ff86d46bb700e6"},"headline":"Javna kuhinja u Ljubiji danas prestaje sa radom","datePublished":"2022-11-01T11:02:14+00:00","dateModified":"2022-11-01T11:07:47+00:00","mainEntityOfPage":{"@id":"https:\/\/www.prijedordanas.com\/?p=194348"},"wordCount":463,"publisher":{"@id":"https:\/\/www.prijedordanas.com\/#organization"},"articleSection":["Dru\u0161tvo"],"inLanguage":"en-US"},{"@type":"WebPage","@id":"https:\/\/www.prijedordanas.com\/?p=194348","url":"https:\/\/www.prijedordanas.com\/?p=194348","name":"Javna kuhinja u Ljubiji danas prestaje sa radom - PrijedorDanas.com - Prijedorski gradski portal","isPartOf":{"@id":"https:\/\/www.prijedordanas.com\/#website"},"datePublished":"2022-11-01T11:02:14+00:00","dateModified":"2022-11-01T11:07:47+00:00","breadcrumb":{"@id":"https:\/\/www.prijedordanas.com\/?p=194348#breadcrumb"},"inLanguage":"en-US","potentialAction":[{"@type":"ReadAction","target":["https:\/\/www.prijedordanas.com\/?p=194348"]}]},{"@type":"BreadcrumbList","@id":"https:\/\/www.prijedordanas.com\/?p=194348#breadcrumb","itemListElement":[{"@type":"ListItem","position":1,"name":"Home","item":"https:\/\/www.prijedordanas.com\/"},{"@type":"ListItem","position":2,"name":"Javna kuhinja u Ljubiji danas prestaje sa radom"}]},{"@type":"WebSite","@id":"https:\/\/www.prijedordanas.com\/#website","url":"https:\/\/www.prijedordanas.com\/","name":"PrijedorDanas.com - Prijedorski gradski portal","description":"Portal o doga\u0111anjima u gradu Prijedoru","publisher":{"@id":"https:\/\/www.prijedordanas.com\/#organization"},"potentialAction":[{"@type":"SearchAction","target":{"@type":"EntryPoint","urlTemplate":"https:\/\/www.prijedordanas.com\/?s={search_term_string}"},"query-input":"required name=search_term_string"}],"inLanguage":"en-US"},{"@type":"Organization","@id":"https:\/\/www.prijedordanas.com\/#organization","name":"PrijedorDanas.com","url":"https:\/\/www.prijedordanas.com\/","logo":{"@type":"ImageObject","inLanguage":"en-US","@id":"https:\/\/www.prijedordanas.com\/#\/schema\/logo\/image\/","url":"http:\/\/www.prijedordanas.com\/wp-content\/uploads\/2021\/12\/logopng.png","contentUrl":"http:\/\/www.prijedordanas.com\/wp-content\/uploads\/2021\/12\/logopng.png","width":1019,"height":776,"caption":"PrijedorDanas.com"},"image":{"@id":"https:\/\/www.prijedordanas.com\/#\/schema\/logo\/image\/"},"sameAs":["https:\/\/www.facebook.com\/PrijedorDanasCom\/"]},{"@type":"Person","@id":"https:\/\/www.prijedordanas.com\/#\/schema\/person\/4e08ccf29b506ca916ff86d46bb700e6","name":"admin","image":{"@type":"ImageObject","inLanguage":"en-US","@id":"https:\/\/www.prijedordanas.com\/#\/schema\/person\/image\/","url":"https:\/\/secure.gravatar.com\/avatar\/1d3fc949d550f0b53a5f0d51e06dfd79?s=96&d=mm&r=g","contentUrl":"https:\/\/secure.gravatar.com\/avatar\/1d3fc949d550f0b53a5f0d51e06dfd79?s=96&d=mm&r=g","caption":"admin"},"url":"https:\/\/www.prijedordanas.com\/?author=1"}]}},"_links":{"self":[{"href":"https:\/\/www.prijedordanas.com\/index.php?rest_route=\/wp\/v2\/posts\/194348"}],"collection":[{"href":"https:\/\/www.prijedordanas.com\/index.php?rest_route=\/wp\/v2\/posts"}],"about":[{"href":"https:\/\/www.prijedordanas.com\/index.php?rest_route=\/wp\/v2\/types\/post"}],"author":[{"embeddable":true,"href":"https:\/\/www.prijedordanas.com\/index.php?rest_route=\/wp\/v2\/users\/1"}],"replies":[{"embeddable":true,"href":"https:\/\/www.prijedordanas.com\/index.php?rest_route=%2Fwp%2Fv2%2Fcomments&post=194348"}],"version-history":[{"count":3,"href":"https:\/\/www.prijedordanas.com\/index.php?rest_route=\/wp\/v2\/posts\/194348\/revisions"}],"predecessor-version":[{"id":194351,"href":"https:\/\/www.prijedordanas.com\/index.php?rest_route=\/wp\/v2\/posts\/194348\/revisions\/194351"}],"wp:attachment":[{"href":"https:\/\/www.prijedordanas.com\/index.php?rest_route=%2Fwp%2Fv2%2Fmedia&parent=194348"}],"wp:term":[{"taxonomy":"category","embeddable":true,"href":"https:\/\/www.prijedordanas.com\/index.php?rest_route=%2Fwp%2Fv2%2Fcategories&post=194348"},{"taxonomy":"post_tag","embeddable":true,"href":"https:\/\/www.prijedordanas.com\/index.php?rest_route=%2Fwp%2Fv2%2Ftags&post=194348"}],"curies":[{"name":"wp","href":"https:\/\/api.w.org\/{rel}","templated":true}]}}