{"id":194319,"date":"2022-10-31T02:39:22","date_gmt":"2022-10-31T01:39:22","guid":{"rendered":"https:\/\/www.prijedordanas.com\/?p=194319"},"modified":"2022-10-31T02:39:22","modified_gmt":"2022-10-31T01:39:22","slug":"sudenje-milunic-i-ostali-prisjetili-se-zena-i-djece-iz-zapaljene-kuce","status":"publish","type":"post","link":"https:\/\/www.prijedordanas.com\/?p=194319","title":{"rendered":"Su\u0111enje Miluni\u0107 i ostali: Prisjetili se \u017eena i djece iz zapaljene ku\u0107e"},"content":{"rendered":"<p><a href=\"https:\/\/www.prijedordanas.com\/wp-content\/uploads\/2017\/10\/sud-bih-11.jpg\"><img loading=\"lazy\" decoding=\"async\" src=\"https:\/\/www.prijedordanas.com\/wp-content\/uploads\/2017\/10\/sud-bih-11-300x222.jpg\" alt=\"\" width=\"300\" height=\"222\" class=\"alignleft size-medium wp-image-90928\" srcset=\"https:\/\/www.prijedordanas.com\/wp-content\/uploads\/2017\/10\/sud-bih-11-300x222.jpg 300w, https:\/\/www.prijedordanas.com\/wp-content\/uploads\/2017\/10\/sud-bih-11-100x74.jpg 100w, https:\/\/www.prijedordanas.com\/wp-content\/uploads\/2017\/10\/sud-bih-11.jpg 675w\" sizes=\"(max-width: 300px) 100vw, 300px\" \/><\/a>U nastavku su\u0111enja za zlo\u010dine po\u010dinjene u prijedorskom selu Zecovi, svjedoci Tu\u017eila\u0161tva Bosne i Hercegovine govorili su o zapaljenoj ku\u0107i u kojoj su se na dan napada, 23. jula 1992., skrivali prete\u017eno \u017eene i djeca.<\/p>\n<p>Tu\u017eila\u0161tvo je u replici na dokaze Odbrane optu\u017eenog Bo\u0161ka Gruji\u010di\u0107a pozvalo svjedoke Faruka Ferizovi\u0107a i Seada Brdara. Ferizovi\u0107 se prisjetio kako se sa svojom porodicom i drugim mje\u0161tanima skrivao u podrumu ku\u0107e Safeta Hopovca nakon dolaska vojske i pucnjave u Zecovima.<\/p>\n<p>On je rekao da su do\u0161li vojnici i, uz psovke i uvrede, istjerali ih, a potom ponovo vratili u podrum.<\/p>\n<p>\u201c\u010culo se ne\u0161to lupa, vidimo pada crijep, vru\u0107e\u2026\u201d, kazao je Ferizovi\u0107, dodav\u0161i da ih je gu\u0161io dim.<\/p>\n<p>On je rekao da su uspjeli iza\u0107i i da je ku\u0107a bila zapaljena, a napolju su bili vojnici. Prema njegovim rije\u010dima, sve se odigravalo u no\u0107nim satima.<\/p>\n<p>Ferizovi\u0107, koji je u to vrijeme imao 16 godina, kazao je da je sa ljudima koji su iza\u0161li iz podruma oti\u0161ao pred Dom u \u010carakovo, odakle su autobusima odvezeni u \u201cTrnopolje\u201d.<\/p>\n<p>Na pitanje Odbrane, on je rekao da je bila no\u0107 i da nije bilo osvjetljenja, ali je vidio da vojnici imaju crvene trake oko rukava i glave, kao i da nisu imali maske.<\/p>\n<p>Za u\u010de\u0161\u0107e u ubistvima najmanje 150 civila bo\u0161nja\u010dke nacionalnosti po\u010dinjenim u julu 1992. u Zecovima optu\u017eeni su Du\u0161an Miluni\u0107, Radovan \u010ceti\u0107, Du\u0161ko Zori\u0107, Zoran Stojni\u0107, Ilija Zori\u0107, \u017deljko Grbi\u0107, Zoran Miluni\u0107, Bo\u0161ko Gruji\u010di\u0107, Ljubi\u0161a \u010ceti\u0107, Rade i Uro\u0161 Gruj\u010di\u0107 te Rajko Gnjatovi\u0107.<\/p>\n<p>Prema optu\u017enici, oni su bili pripadnici Rasava\u010dke \u010dete 6. bataljona 43. brigade Vojske Republike Srpske (VRS), rezervne milicije i drugih formacija.<\/p>\n<p>Svjedok Brdar je rekao da je pobjegao u \u0161umu na dan napada na Zecove i da se skrivao s nekolicinom ljudi. Ispri\u010dao je kako je vidio \u017eene i djecu koji su plakali kod zapaljene ku\u0107e Safeta Hopovca. On je precizirao da je bilo oko 16 sati kada ih je vidio. Kazao je da nije bilo vojnika, ali da su \u017eene rekle da je bio Mi\u0107a Radulovi\u0107.<\/p>\n<p>\u201cPitali smo: \u2018\u0160ta je?\u2019, ka\u017eu: \u2018Ugurali nas u ku\u0107u, zapalili.\u2019 Ko je? Oni samo toga Mi\u0107u Radulovi\u0107a poznaju\u201d, prisjetio se Brdar, dodav\u0161i da su oni oti\u0161li, a \u017eene i djeca ostali.<\/p>\n<p>Prema njegovim saznanjima, \u017eene i djeca su oti\u0161li u \u010carakovo poslije nekoliko dana.<\/p>\n<p>Sudija \u0160aban Maksumi\u0107 rekao je da je Vije\u0107e odbilo druge prijedloge dokaza Tu\u017eila\u0161tva. Objasnio je da je odbijen prijedlog za pozivanje svjedoka Mustafe Hopovca radi pobijanja njegovog iskaza koji je pro\u010ditan na pro\u0161lom ro\u010di\u0161tu. Odbijena je i replika na dokaze Odbrana Radeta i Uro\u0161a Gruj\u010di\u0107a, jer kako je rekao Maksumi\u0107, one nisu ni pozivale svjedoke.<\/p>\n<p>U ovom predmetu preostalo je saslu\u0161anje jo\u0161 dva svjedoka ili eventualno \u010ditanje njihovih iskaza, a nastavak su\u0111enja zakazan je za 11. novembar.<\/p>\n<p>detektor.ba<\/p>\n","protected":false},"excerpt":{"rendered":"<p>U nastavku su\u0111enja za zlo\u010dine po\u010dinjene u prijedorskom selu Zecovi, svjedoci Tu\u017eila\u0161tva Bosne i Hercegovine govorili su o zapaljenoj ku\u0107i u kojoj su se na dan napada, 23. jula 1992., [&hellip;]<\/p>\n","protected":false},"author":1,"featured_media":0,"comment_status":"closed","ping_status":"open","sticky":false,"template":"","format":"standard","meta":{"_monsterinsights_skip_tracking":false,"_monsterinsights_sitenote_active":false,"_monsterinsights_sitenote_note":"","_monsterinsights_sitenote_category":0,"footnotes":""},"categories":[5],"tags":[],"yoast_head":"<!-- This site is optimized with the Yoast SEO plugin v21.6 - https:\/\/yoast.com\/wordpress\/plugins\/seo\/ -->\n<title>Su\u0111enje Miluni\u0107 i ostali: Prisjetili se \u017eena i djece iz zapaljene ku\u0107e - PrijedorDanas.com - Prijedorski gradski portal<\/title>\n<meta name=\"robots\" content=\"index, follow, max-snippet:-1, max-image-preview:large, max-video-preview:-1\" \/>\n<link rel=\"canonical\" href=\"https:\/\/www.prijedordanas.com\/?p=194319\" \/>\n<meta property=\"og:locale\" content=\"en_US\" \/>\n<meta property=\"og:type\" content=\"article\" \/>\n<meta property=\"og:title\" content=\"Su\u0111enje Miluni\u0107 i ostali: Prisjetili se \u017eena i djece iz zapaljene ku\u0107e - PrijedorDanas.com - Prijedorski gradski portal\" \/>\n<meta property=\"og:description\" content=\"U nastavku su\u0111enja za zlo\u010dine po\u010dinjene u prijedorskom selu Zecovi, svjedoci Tu\u017eila\u0161tva Bosne i Hercegovine govorili su o zapaljenoj ku\u0107i u kojoj su se na dan napada, 23. jula 1992., [&hellip;]\" \/>\n<meta property=\"og:url\" content=\"https:\/\/www.prijedordanas.com\/?p=194319\" \/>\n<meta property=\"og:site_name\" content=\"PrijedorDanas.com - Prijedorski gradski portal\" \/>\n<meta property=\"article:publisher\" content=\"https:\/\/www.facebook.com\/PrijedorDanasCom\/\" \/>\n<meta property=\"article:published_time\" content=\"2022-10-31T01:39:22+00:00\" \/>\n<meta property=\"og:image\" content=\"https:\/\/www.prijedordanas.com\/wp-content\/uploads\/2017\/10\/sud-bih-11-300x222.jpg\" \/>\n<meta name=\"author\" content=\"admin\" \/>\n<meta name=\"twitter:card\" content=\"summary_large_image\" \/>\n<meta name=\"twitter:label1\" content=\"Written by\" \/>\n\t<meta name=\"twitter:data1\" content=\"admin\" \/>\n<script type=\"application\/ld+json\" class=\"yoast-schema-graph\">{\"@context\":\"https:\/\/schema.org\",\"@graph\":[{\"@type\":\"Article\",\"@id\":\"https:\/\/www.prijedordanas.com\/?p=194319#article\",\"isPartOf\":{\"@id\":\"https:\/\/www.prijedordanas.com\/?p=194319\"},\"author\":{\"name\":\"admin\",\"@id\":\"https:\/\/www.prijedordanas.com\/#\/schema\/person\/4e08ccf29b506ca916ff86d46bb700e6\"},\"headline\":\"Su\u0111enje Miluni\u0107 i ostali: Prisjetili se \u017eena i djece iz zapaljene ku\u0107e\",\"datePublished\":\"2022-10-31T01:39:22+00:00\",\"dateModified\":\"2022-10-31T01:39:22+00:00\",\"mainEntityOfPage\":{\"@id\":\"https:\/\/www.prijedordanas.com\/?p=194319\"},\"wordCount\":524,\"publisher\":{\"@id\":\"https:\/\/www.prijedordanas.com\/#organization\"},\"articleSection\":[\"Hronika\"],\"inLanguage\":\"en-US\"},{\"@type\":\"WebPage\",\"@id\":\"https:\/\/www.prijedordanas.com\/?p=194319\",\"url\":\"https:\/\/www.prijedordanas.com\/?p=194319\",\"name\":\"Su\u0111enje Miluni\u0107 i ostali: Prisjetili se \u017eena i djece iz zapaljene ku\u0107e - PrijedorDanas.com - Prijedorski gradski portal\",\"isPartOf\":{\"@id\":\"https:\/\/www.prijedordanas.com\/#website\"},\"datePublished\":\"2022-10-31T01:39:22+00:00\",\"dateModified\":\"2022-10-31T01:39:22+00:00\",\"breadcrumb\":{\"@id\":\"https:\/\/www.prijedordanas.com\/?p=194319#breadcrumb\"},\"inLanguage\":\"en-US\",\"potentialAction\":[{\"@type\":\"ReadAction\",\"target\":[\"https:\/\/www.prijedordanas.com\/?p=194319\"]}]},{\"@type\":\"BreadcrumbList\",\"@id\":\"https:\/\/www.prijedordanas.com\/?p=194319#breadcrumb\",\"itemListElement\":[{\"@type\":\"ListItem\",\"position\":1,\"name\":\"Home\",\"item\":\"https:\/\/www.prijedordanas.com\/\"},{\"@type\":\"ListItem\",\"position\":2,\"name\":\"Su\u0111enje Miluni\u0107 i ostali: Prisjetili se \u017eena i djece iz zapaljene ku\u0107e\"}]},{\"@type\":\"WebSite\",\"@id\":\"https:\/\/www.prijedordanas.com\/#website\",\"url\":\"https:\/\/www.prijedordanas.com\/\",\"name\":\"PrijedorDanas.com - Prijedorski gradski portal\",\"description\":\"Portal o doga\u0111anjima u gradu Prijedoru\",\"publisher\":{\"@id\":\"https:\/\/www.prijedordanas.com\/#organization\"},\"potentialAction\":[{\"@type\":\"SearchAction\",\"target\":{\"@type\":\"EntryPoint\",\"urlTemplate\":\"https:\/\/www.prijedordanas.com\/?s={search_term_string}\"},\"query-input\":\"required name=search_term_string\"}],\"inLanguage\":\"en-US\"},{\"@type\":\"Organization\",\"@id\":\"https:\/\/www.prijedordanas.com\/#organization\",\"name\":\"PrijedorDanas.com\",\"url\":\"https:\/\/www.prijedordanas.com\/\",\"logo\":{\"@type\":\"ImageObject\",\"inLanguage\":\"en-US\",\"@id\":\"https:\/\/www.prijedordanas.com\/#\/schema\/logo\/image\/\",\"url\":\"http:\/\/www.prijedordanas.com\/wp-content\/uploads\/2021\/12\/logopng.png\",\"contentUrl\":\"http:\/\/www.prijedordanas.com\/wp-content\/uploads\/2021\/12\/logopng.png\",\"width\":1019,\"height\":776,\"caption\":\"PrijedorDanas.com\"},\"image\":{\"@id\":\"https:\/\/www.prijedordanas.com\/#\/schema\/logo\/image\/\"},\"sameAs\":[\"https:\/\/www.facebook.com\/PrijedorDanasCom\/\"]},{\"@type\":\"Person\",\"@id\":\"https:\/\/www.prijedordanas.com\/#\/schema\/person\/4e08ccf29b506ca916ff86d46bb700e6\",\"name\":\"admin\",\"image\":{\"@type\":\"ImageObject\",\"inLanguage\":\"en-US\",\"@id\":\"https:\/\/www.prijedordanas.com\/#\/schema\/person\/image\/\",\"url\":\"https:\/\/secure.gravatar.com\/avatar\/1d3fc949d550f0b53a5f0d51e06dfd79?s=96&d=mm&r=g\",\"contentUrl\":\"https:\/\/secure.gravatar.com\/avatar\/1d3fc949d550f0b53a5f0d51e06dfd79?s=96&d=mm&r=g\",\"caption\":\"admin\"},\"url\":\"https:\/\/www.prijedordanas.com\/?author=1\"}]}<\/script>\n<!-- \/ Yoast SEO plugin. -->","yoast_head_json":{"title":"Su\u0111enje Miluni\u0107 i ostali: Prisjetili se \u017eena i djece iz zapaljene ku\u0107e - PrijedorDanas.com - Prijedorski gradski portal","robots":{"index":"index","follow":"follow","max-snippet":"max-snippet:-1","max-image-preview":"max-image-preview:large","max-video-preview":"max-video-preview:-1"},"canonical":"https:\/\/www.prijedordanas.com\/?p=194319","og_locale":"en_US","og_type":"article","og_title":"Su\u0111enje Miluni\u0107 i ostali: Prisjetili se \u017eena i djece iz zapaljene ku\u0107e - PrijedorDanas.com - Prijedorski gradski portal","og_description":"U nastavku su\u0111enja za zlo\u010dine po\u010dinjene u prijedorskom selu Zecovi, svjedoci Tu\u017eila\u0161tva Bosne i Hercegovine govorili su o zapaljenoj ku\u0107i u kojoj su se na dan napada, 23. jula 1992., [&hellip;]","og_url":"https:\/\/www.prijedordanas.com\/?p=194319","og_site_name":"PrijedorDanas.com - Prijedorski gradski portal","article_publisher":"https:\/\/www.facebook.com\/PrijedorDanasCom\/","article_published_time":"2022-10-31T01:39:22+00:00","og_image":[{"url":"https:\/\/www.prijedordanas.com\/wp-content\/uploads\/2017\/10\/sud-bih-11-300x222.jpg"}],"author":"admin","twitter_card":"summary_large_image","twitter_misc":{"Written by":"admin"},"schema":{"@context":"https:\/\/schema.org","@graph":[{"@type":"Article","@id":"https:\/\/www.prijedordanas.com\/?p=194319#article","isPartOf":{"@id":"https:\/\/www.prijedordanas.com\/?p=194319"},"author":{"name":"admin","@id":"https:\/\/www.prijedordanas.com\/#\/schema\/person\/4e08ccf29b506ca916ff86d46bb700e6"},"headline":"Su\u0111enje Miluni\u0107 i ostali: Prisjetili se \u017eena i djece iz zapaljene ku\u0107e","datePublished":"2022-10-31T01:39:22+00:00","dateModified":"2022-10-31T01:39:22+00:00","mainEntityOfPage":{"@id":"https:\/\/www.prijedordanas.com\/?p=194319"},"wordCount":524,"publisher":{"@id":"https:\/\/www.prijedordanas.com\/#organization"},"articleSection":["Hronika"],"inLanguage":"en-US"},{"@type":"WebPage","@id":"https:\/\/www.prijedordanas.com\/?p=194319","url":"https:\/\/www.prijedordanas.com\/?p=194319","name":"Su\u0111enje Miluni\u0107 i ostali: Prisjetili se \u017eena i djece iz zapaljene ku\u0107e - PrijedorDanas.com - Prijedorski gradski portal","isPartOf":{"@id":"https:\/\/www.prijedordanas.com\/#website"},"datePublished":"2022-10-31T01:39:22+00:00","dateModified":"2022-10-31T01:39:22+00:00","breadcrumb":{"@id":"https:\/\/www.prijedordanas.com\/?p=194319#breadcrumb"},"inLanguage":"en-US","potentialAction":[{"@type":"ReadAction","target":["https:\/\/www.prijedordanas.com\/?p=194319"]}]},{"@type":"BreadcrumbList","@id":"https:\/\/www.prijedordanas.com\/?p=194319#breadcrumb","itemListElement":[{"@type":"ListItem","position":1,"name":"Home","item":"https:\/\/www.prijedordanas.com\/"},{"@type":"ListItem","position":2,"name":"Su\u0111enje Miluni\u0107 i ostali: Prisjetili se \u017eena i djece iz zapaljene ku\u0107e"}]},{"@type":"WebSite","@id":"https:\/\/www.prijedordanas.com\/#website","url":"https:\/\/www.prijedordanas.com\/","name":"PrijedorDanas.com - Prijedorski gradski portal","description":"Portal o doga\u0111anjima u gradu Prijedoru","publisher":{"@id":"https:\/\/www.prijedordanas.com\/#organization"},"potentialAction":[{"@type":"SearchAction","target":{"@type":"EntryPoint","urlTemplate":"https:\/\/www.prijedordanas.com\/?s={search_term_string}"},"query-input":"required name=search_term_string"}],"inLanguage":"en-US"},{"@type":"Organization","@id":"https:\/\/www.prijedordanas.com\/#organization","name":"PrijedorDanas.com","url":"https:\/\/www.prijedordanas.com\/","logo":{"@type":"ImageObject","inLanguage":"en-US","@id":"https:\/\/www.prijedordanas.com\/#\/schema\/logo\/image\/","url":"http:\/\/www.prijedordanas.com\/wp-content\/uploads\/2021\/12\/logopng.png","contentUrl":"http:\/\/www.prijedordanas.com\/wp-content\/uploads\/2021\/12\/logopng.png","width":1019,"height":776,"caption":"PrijedorDanas.com"},"image":{"@id":"https:\/\/www.prijedordanas.com\/#\/schema\/logo\/image\/"},"sameAs":["https:\/\/www.facebook.com\/PrijedorDanasCom\/"]},{"@type":"Person","@id":"https:\/\/www.prijedordanas.com\/#\/schema\/person\/4e08ccf29b506ca916ff86d46bb700e6","name":"admin","image":{"@type":"ImageObject","inLanguage":"en-US","@id":"https:\/\/www.prijedordanas.com\/#\/schema\/person\/image\/","url":"https:\/\/secure.gravatar.com\/avatar\/1d3fc949d550f0b53a5f0d51e06dfd79?s=96&d=mm&r=g","contentUrl":"https:\/\/secure.gravatar.com\/avatar\/1d3fc949d550f0b53a5f0d51e06dfd79?s=96&d=mm&r=g","caption":"admin"},"url":"https:\/\/www.prijedordanas.com\/?author=1"}]}},"_links":{"self":[{"href":"https:\/\/www.prijedordanas.com\/index.php?rest_route=\/wp\/v2\/posts\/194319"}],"collection":[{"href":"https:\/\/www.prijedordanas.com\/index.php?rest_route=\/wp\/v2\/posts"}],"about":[{"href":"https:\/\/www.prijedordanas.com\/index.php?rest_route=\/wp\/v2\/types\/post"}],"author":[{"embeddable":true,"href":"https:\/\/www.prijedordanas.com\/index.php?rest_route=\/wp\/v2\/users\/1"}],"replies":[{"embeddable":true,"href":"https:\/\/www.prijedordanas.com\/index.php?rest_route=%2Fwp%2Fv2%2Fcomments&post=194319"}],"version-history":[{"count":1,"href":"https:\/\/www.prijedordanas.com\/index.php?rest_route=\/wp\/v2\/posts\/194319\/revisions"}],"predecessor-version":[{"id":194320,"href":"https:\/\/www.prijedordanas.com\/index.php?rest_route=\/wp\/v2\/posts\/194319\/revisions\/194320"}],"wp:attachment":[{"href":"https:\/\/www.prijedordanas.com\/index.php?rest_route=%2Fwp%2Fv2%2Fmedia&parent=194319"}],"wp:term":[{"taxonomy":"category","embeddable":true,"href":"https:\/\/www.prijedordanas.com\/index.php?rest_route=%2Fwp%2Fv2%2Fcategories&post=194319"},{"taxonomy":"post_tag","embeddable":true,"href":"https:\/\/www.prijedordanas.com\/index.php?rest_route=%2Fwp%2Fv2%2Ftags&post=194319"}],"curies":[{"name":"wp","href":"https:\/\/api.w.org\/{rel}","templated":true}]}}