{"id":194261,"date":"2022-10-29T17:48:22","date_gmt":"2022-10-29T15:48:22","guid":{"rendered":"https:\/\/www.prijedordanas.com\/?p=194261"},"modified":"2022-10-29T17:48:22","modified_gmt":"2022-10-29T15:48:22","slug":"manifestacija-basta-brankovog-zivota-posvecena-branku-copicu-u-muzeju-kozare","status":"publish","type":"post","link":"https:\/\/www.prijedordanas.com\/?p=194261","title":{"rendered":"Manifestacija &#8220;Ba\u0161ta Brankovog \u017eivota&#8221; posve\u0107ena Branku \u0106opi\u0107u u Muzeju Kozare"},"content":{"rendered":"<p><a href=\"https:\/\/www.prijedordanas.com\/wp-content\/uploads\/2022\/10\/basta-brankovog-zivota-plakat.jpg\"><img loading=\"lazy\" decoding=\"async\" src=\"https:\/\/www.prijedordanas.com\/wp-content\/uploads\/2022\/10\/basta-brankovog-zivota-plakat-214x300.jpg\" alt=\"\" width=\"214\" height=\"300\" class=\"alignleft size-medium wp-image-194262\" srcset=\"https:\/\/www.prijedordanas.com\/wp-content\/uploads\/2022\/10\/basta-brankovog-zivota-plakat-214x300.jpg 214w, https:\/\/www.prijedordanas.com\/wp-content\/uploads\/2022\/10\/basta-brankovog-zivota-plakat.jpg 450w\" sizes=\"(max-width: 214px) 100vw, 214px\" \/><\/a>Po\u010detak manifestacije zakazan je za 29. oktobar ove godine u 19 \u010dasova u Muzeju Kozare. <\/p>\n<p>Izlo\u017eba fotografija Branka \u0106opi\u0107a bi\u0107e dostupna do 9. novembra 2022. godine.<\/p>\n<p>O \u017eivotu i stavarala\u010dkom opusu \u010duvenog knji\u017eevnika iz Ha\u0161ana govori\u0107e prof. dr Mirjana Stojisavljevi\u0107, predsjednica Fondacije Branko \u0106opi\u0107 Banja Luka i etnolog Muzeja Republike Srpske Vladimir \u0110ukanovi\u0107. U muzi\u010dko &#8211; poetsko- dramskom dijelu manifestacije u\u010destvova\u0107e Vasilije Rakanovi\u0107, Sre\u0107ko Mar\u010deta, Anela Sejari\u0107 Vujinovi\u0107, Nikolina Milivoj\u0161a, Milica Dragi\u0107, Marko \u0160alabalija i \u017deljko Kasap. Voditelj programa je Branko Radinovi\u0107.<br \/>\nAutor manifestacije je Dragana \u017duji\u0107, v.d. direktora JU Muzej Kozare.<\/p>\n<p>Program posve\u0107en Branku \u0106opi\u0107u podr\u017eali su Ministarstvo prosvjete i kulture Republike Srpske i NB &#8220;\u0106irilo i Metodije&#8221; Prijedor.<\/p>\n","protected":false},"excerpt":{"rendered":"<p>Po\u010detak manifestacije zakazan je za 29. oktobar ove godine u 19 \u010dasova u Muzeju Kozare. Izlo\u017eba fotografija Branka \u0106opi\u0107a bi\u0107e dostupna do 9. novembra 2022. godine. O \u017eivotu i stavarala\u010dkom [&hellip;]<\/p>\n","protected":false},"author":1,"featured_media":0,"comment_status":"closed","ping_status":"open","sticky":false,"template":"","format":"standard","meta":{"_monsterinsights_skip_tracking":false,"_monsterinsights_sitenote_active":false,"_monsterinsights_sitenote_note":"","_monsterinsights_sitenote_category":0,"footnotes":""},"categories":[6],"tags":[],"yoast_head":"<!-- This site is optimized with the Yoast SEO plugin v21.6 - https:\/\/yoast.com\/wordpress\/plugins\/seo\/ -->\n<title>Manifestacija &quot;Ba\u0161ta Brankovog \u017eivota&quot; posve\u0107ena Branku \u0106opi\u0107u u Muzeju Kozare - PrijedorDanas.com - Prijedorski gradski portal<\/title>\n<meta name=\"robots\" content=\"index, follow, max-snippet:-1, max-image-preview:large, max-video-preview:-1\" \/>\n<link rel=\"canonical\" href=\"https:\/\/www.prijedordanas.com\/?p=194261\" \/>\n<meta property=\"og:locale\" content=\"en_US\" \/>\n<meta property=\"og:type\" content=\"article\" \/>\n<meta property=\"og:title\" content=\"Manifestacija &quot;Ba\u0161ta Brankovog \u017eivota&quot; posve\u0107ena Branku \u0106opi\u0107u u Muzeju Kozare - PrijedorDanas.com - Prijedorski gradski portal\" \/>\n<meta property=\"og:description\" content=\"Po\u010detak manifestacije zakazan je za 29. oktobar ove godine u 19 \u010dasova u Muzeju Kozare. Izlo\u017eba fotografija Branka \u0106opi\u0107a bi\u0107e dostupna do 9. novembra 2022. godine. O \u017eivotu i stavarala\u010dkom [&hellip;]\" \/>\n<meta property=\"og:url\" content=\"https:\/\/www.prijedordanas.com\/?p=194261\" \/>\n<meta property=\"og:site_name\" content=\"PrijedorDanas.com - Prijedorski gradski portal\" \/>\n<meta property=\"article:publisher\" content=\"https:\/\/www.facebook.com\/PrijedorDanasCom\/\" \/>\n<meta property=\"article:published_time\" content=\"2022-10-29T15:48:22+00:00\" \/>\n<meta property=\"og:image\" content=\"https:\/\/www.prijedordanas.com\/wp-content\/uploads\/2022\/10\/basta-brankovog-zivota-plakat-214x300.jpg\" \/>\n<meta name=\"author\" content=\"admin\" \/>\n<meta name=\"twitter:card\" content=\"summary_large_image\" \/>\n<meta name=\"twitter:label1\" content=\"Written by\" \/>\n\t<meta name=\"twitter:data1\" content=\"admin\" \/>\n<script type=\"application\/ld+json\" class=\"yoast-schema-graph\">{\"@context\":\"https:\/\/schema.org\",\"@graph\":[{\"@type\":\"Article\",\"@id\":\"https:\/\/www.prijedordanas.com\/?p=194261#article\",\"isPartOf\":{\"@id\":\"https:\/\/www.prijedordanas.com\/?p=194261\"},\"author\":{\"name\":\"admin\",\"@id\":\"https:\/\/www.prijedordanas.com\/#\/schema\/person\/4e08ccf29b506ca916ff86d46bb700e6\"},\"headline\":\"Manifestacija &#8220;Ba\u0161ta Brankovog \u017eivota&#8221; posve\u0107ena Branku \u0106opi\u0107u u Muzeju Kozare\",\"datePublished\":\"2022-10-29T15:48:22+00:00\",\"dateModified\":\"2022-10-29T15:48:22+00:00\",\"mainEntityOfPage\":{\"@id\":\"https:\/\/www.prijedordanas.com\/?p=194261\"},\"wordCount\":137,\"publisher\":{\"@id\":\"https:\/\/www.prijedordanas.com\/#organization\"},\"articleSection\":[\"Kultura\"],\"inLanguage\":\"en-US\"},{\"@type\":\"WebPage\",\"@id\":\"https:\/\/www.prijedordanas.com\/?p=194261\",\"url\":\"https:\/\/www.prijedordanas.com\/?p=194261\",\"name\":\"Manifestacija \\\"Ba\u0161ta Brankovog \u017eivota\\\" posve\u0107ena Branku \u0106opi\u0107u u Muzeju Kozare - PrijedorDanas.com - Prijedorski gradski portal\",\"isPartOf\":{\"@id\":\"https:\/\/www.prijedordanas.com\/#website\"},\"datePublished\":\"2022-10-29T15:48:22+00:00\",\"dateModified\":\"2022-10-29T15:48:22+00:00\",\"breadcrumb\":{\"@id\":\"https:\/\/www.prijedordanas.com\/?p=194261#breadcrumb\"},\"inLanguage\":\"en-US\",\"potentialAction\":[{\"@type\":\"ReadAction\",\"target\":[\"https:\/\/www.prijedordanas.com\/?p=194261\"]}]},{\"@type\":\"BreadcrumbList\",\"@id\":\"https:\/\/www.prijedordanas.com\/?p=194261#breadcrumb\",\"itemListElement\":[{\"@type\":\"ListItem\",\"position\":1,\"name\":\"Home\",\"item\":\"https:\/\/www.prijedordanas.com\/\"},{\"@type\":\"ListItem\",\"position\":2,\"name\":\"Manifestacija &#8220;Ba\u0161ta Brankovog \u017eivota&#8221; posve\u0107ena Branku \u0106opi\u0107u u Muzeju Kozare\"}]},{\"@type\":\"WebSite\",\"@id\":\"https:\/\/www.prijedordanas.com\/#website\",\"url\":\"https:\/\/www.prijedordanas.com\/\",\"name\":\"PrijedorDanas.com - Prijedorski gradski portal\",\"description\":\"Portal o doga\u0111anjima u gradu Prijedoru\",\"publisher\":{\"@id\":\"https:\/\/www.prijedordanas.com\/#organization\"},\"potentialAction\":[{\"@type\":\"SearchAction\",\"target\":{\"@type\":\"EntryPoint\",\"urlTemplate\":\"https:\/\/www.prijedordanas.com\/?s={search_term_string}\"},\"query-input\":\"required name=search_term_string\"}],\"inLanguage\":\"en-US\"},{\"@type\":\"Organization\",\"@id\":\"https:\/\/www.prijedordanas.com\/#organization\",\"name\":\"PrijedorDanas.com\",\"url\":\"https:\/\/www.prijedordanas.com\/\",\"logo\":{\"@type\":\"ImageObject\",\"inLanguage\":\"en-US\",\"@id\":\"https:\/\/www.prijedordanas.com\/#\/schema\/logo\/image\/\",\"url\":\"http:\/\/www.prijedordanas.com\/wp-content\/uploads\/2021\/12\/logopng.png\",\"contentUrl\":\"http:\/\/www.prijedordanas.com\/wp-content\/uploads\/2021\/12\/logopng.png\",\"width\":1019,\"height\":776,\"caption\":\"PrijedorDanas.com\"},\"image\":{\"@id\":\"https:\/\/www.prijedordanas.com\/#\/schema\/logo\/image\/\"},\"sameAs\":[\"https:\/\/www.facebook.com\/PrijedorDanasCom\/\"]},{\"@type\":\"Person\",\"@id\":\"https:\/\/www.prijedordanas.com\/#\/schema\/person\/4e08ccf29b506ca916ff86d46bb700e6\",\"name\":\"admin\",\"image\":{\"@type\":\"ImageObject\",\"inLanguage\":\"en-US\",\"@id\":\"https:\/\/www.prijedordanas.com\/#\/schema\/person\/image\/\",\"url\":\"https:\/\/secure.gravatar.com\/avatar\/1d3fc949d550f0b53a5f0d51e06dfd79?s=96&d=mm&r=g\",\"contentUrl\":\"https:\/\/secure.gravatar.com\/avatar\/1d3fc949d550f0b53a5f0d51e06dfd79?s=96&d=mm&r=g\",\"caption\":\"admin\"},\"url\":\"https:\/\/www.prijedordanas.com\/?author=1\"}]}<\/script>\n<!-- \/ Yoast SEO plugin. -->","yoast_head_json":{"title":"Manifestacija \"Ba\u0161ta Brankovog \u017eivota\" posve\u0107ena Branku \u0106opi\u0107u u Muzeju Kozare - PrijedorDanas.com - Prijedorski gradski portal","robots":{"index":"index","follow":"follow","max-snippet":"max-snippet:-1","max-image-preview":"max-image-preview:large","max-video-preview":"max-video-preview:-1"},"canonical":"https:\/\/www.prijedordanas.com\/?p=194261","og_locale":"en_US","og_type":"article","og_title":"Manifestacija \"Ba\u0161ta Brankovog \u017eivota\" posve\u0107ena Branku \u0106opi\u0107u u Muzeju Kozare - PrijedorDanas.com - Prijedorski gradski portal","og_description":"Po\u010detak manifestacije zakazan je za 29. oktobar ove godine u 19 \u010dasova u Muzeju Kozare. Izlo\u017eba fotografija Branka \u0106opi\u0107a bi\u0107e dostupna do 9. novembra 2022. godine. O \u017eivotu i stavarala\u010dkom [&hellip;]","og_url":"https:\/\/www.prijedordanas.com\/?p=194261","og_site_name":"PrijedorDanas.com - Prijedorski gradski portal","article_publisher":"https:\/\/www.facebook.com\/PrijedorDanasCom\/","article_published_time":"2022-10-29T15:48:22+00:00","og_image":[{"url":"https:\/\/www.prijedordanas.com\/wp-content\/uploads\/2022\/10\/basta-brankovog-zivota-plakat-214x300.jpg"}],"author":"admin","twitter_card":"summary_large_image","twitter_misc":{"Written by":"admin"},"schema":{"@context":"https:\/\/schema.org","@graph":[{"@type":"Article","@id":"https:\/\/www.prijedordanas.com\/?p=194261#article","isPartOf":{"@id":"https:\/\/www.prijedordanas.com\/?p=194261"},"author":{"name":"admin","@id":"https:\/\/www.prijedordanas.com\/#\/schema\/person\/4e08ccf29b506ca916ff86d46bb700e6"},"headline":"Manifestacija &#8220;Ba\u0161ta Brankovog \u017eivota&#8221; posve\u0107ena Branku \u0106opi\u0107u u Muzeju Kozare","datePublished":"2022-10-29T15:48:22+00:00","dateModified":"2022-10-29T15:48:22+00:00","mainEntityOfPage":{"@id":"https:\/\/www.prijedordanas.com\/?p=194261"},"wordCount":137,"publisher":{"@id":"https:\/\/www.prijedordanas.com\/#organization"},"articleSection":["Kultura"],"inLanguage":"en-US"},{"@type":"WebPage","@id":"https:\/\/www.prijedordanas.com\/?p=194261","url":"https:\/\/www.prijedordanas.com\/?p=194261","name":"Manifestacija \"Ba\u0161ta Brankovog \u017eivota\" posve\u0107ena Branku \u0106opi\u0107u u Muzeju Kozare - PrijedorDanas.com - Prijedorski gradski portal","isPartOf":{"@id":"https:\/\/www.prijedordanas.com\/#website"},"datePublished":"2022-10-29T15:48:22+00:00","dateModified":"2022-10-29T15:48:22+00:00","breadcrumb":{"@id":"https:\/\/www.prijedordanas.com\/?p=194261#breadcrumb"},"inLanguage":"en-US","potentialAction":[{"@type":"ReadAction","target":["https:\/\/www.prijedordanas.com\/?p=194261"]}]},{"@type":"BreadcrumbList","@id":"https:\/\/www.prijedordanas.com\/?p=194261#breadcrumb","itemListElement":[{"@type":"ListItem","position":1,"name":"Home","item":"https:\/\/www.prijedordanas.com\/"},{"@type":"ListItem","position":2,"name":"Manifestacija &#8220;Ba\u0161ta Brankovog \u017eivota&#8221; posve\u0107ena Branku \u0106opi\u0107u u Muzeju Kozare"}]},{"@type":"WebSite","@id":"https:\/\/www.prijedordanas.com\/#website","url":"https:\/\/www.prijedordanas.com\/","name":"PrijedorDanas.com - Prijedorski gradski portal","description":"Portal o doga\u0111anjima u gradu Prijedoru","publisher":{"@id":"https:\/\/www.prijedordanas.com\/#organization"},"potentialAction":[{"@type":"SearchAction","target":{"@type":"EntryPoint","urlTemplate":"https:\/\/www.prijedordanas.com\/?s={search_term_string}"},"query-input":"required name=search_term_string"}],"inLanguage":"en-US"},{"@type":"Organization","@id":"https:\/\/www.prijedordanas.com\/#organization","name":"PrijedorDanas.com","url":"https:\/\/www.prijedordanas.com\/","logo":{"@type":"ImageObject","inLanguage":"en-US","@id":"https:\/\/www.prijedordanas.com\/#\/schema\/logo\/image\/","url":"http:\/\/www.prijedordanas.com\/wp-content\/uploads\/2021\/12\/logopng.png","contentUrl":"http:\/\/www.prijedordanas.com\/wp-content\/uploads\/2021\/12\/logopng.png","width":1019,"height":776,"caption":"PrijedorDanas.com"},"image":{"@id":"https:\/\/www.prijedordanas.com\/#\/schema\/logo\/image\/"},"sameAs":["https:\/\/www.facebook.com\/PrijedorDanasCom\/"]},{"@type":"Person","@id":"https:\/\/www.prijedordanas.com\/#\/schema\/person\/4e08ccf29b506ca916ff86d46bb700e6","name":"admin","image":{"@type":"ImageObject","inLanguage":"en-US","@id":"https:\/\/www.prijedordanas.com\/#\/schema\/person\/image\/","url":"https:\/\/secure.gravatar.com\/avatar\/1d3fc949d550f0b53a5f0d51e06dfd79?s=96&d=mm&r=g","contentUrl":"https:\/\/secure.gravatar.com\/avatar\/1d3fc949d550f0b53a5f0d51e06dfd79?s=96&d=mm&r=g","caption":"admin"},"url":"https:\/\/www.prijedordanas.com\/?author=1"}]}},"_links":{"self":[{"href":"https:\/\/www.prijedordanas.com\/index.php?rest_route=\/wp\/v2\/posts\/194261"}],"collection":[{"href":"https:\/\/www.prijedordanas.com\/index.php?rest_route=\/wp\/v2\/posts"}],"about":[{"href":"https:\/\/www.prijedordanas.com\/index.php?rest_route=\/wp\/v2\/types\/post"}],"author":[{"embeddable":true,"href":"https:\/\/www.prijedordanas.com\/index.php?rest_route=\/wp\/v2\/users\/1"}],"replies":[{"embeddable":true,"href":"https:\/\/www.prijedordanas.com\/index.php?rest_route=%2Fwp%2Fv2%2Fcomments&post=194261"}],"version-history":[{"count":1,"href":"https:\/\/www.prijedordanas.com\/index.php?rest_route=\/wp\/v2\/posts\/194261\/revisions"}],"predecessor-version":[{"id":194263,"href":"https:\/\/www.prijedordanas.com\/index.php?rest_route=\/wp\/v2\/posts\/194261\/revisions\/194263"}],"wp:attachment":[{"href":"https:\/\/www.prijedordanas.com\/index.php?rest_route=%2Fwp%2Fv2%2Fmedia&parent=194261"}],"wp:term":[{"taxonomy":"category","embeddable":true,"href":"https:\/\/www.prijedordanas.com\/index.php?rest_route=%2Fwp%2Fv2%2Fcategories&post=194261"},{"taxonomy":"post_tag","embeddable":true,"href":"https:\/\/www.prijedordanas.com\/index.php?rest_route=%2Fwp%2Fv2%2Ftags&post=194261"}],"curies":[{"name":"wp","href":"https:\/\/api.w.org\/{rel}","templated":true}]}}