{"id":193578,"date":"2022-10-05T19:43:34","date_gmt":"2022-10-05T17:43:34","guid":{"rendered":"https:\/\/www.prijedordanas.com\/?p=193578"},"modified":"2022-10-15T19:46:48","modified_gmt":"2022-10-15T17:46:48","slug":"prijedor-druzenje-malisana-s-piscem-stefanom-miticem","status":"publish","type":"post","link":"https:\/\/www.prijedordanas.com\/?p=193578","title":{"rendered":"Prijedor: Dru\u017eenje mali\u0161ana s piscem Stefanom Miti\u0107em"},"content":{"rendered":"<p><a href=\"https:\/\/www.prijedordanas.com\/wp-content\/uploads\/2022\/10\/kozarski-druzenje-malisani-stefan-mitic.jpg\"><img loading=\"lazy\" decoding=\"async\" src=\"https:\/\/www.prijedordanas.com\/wp-content\/uploads\/2022\/10\/kozarski-druzenje-malisani-stefan-mitic-300x225.jpg\" alt=\"\" width=\"300\" height=\"225\" class=\"alignleft size-medium wp-image-193579\" srcset=\"https:\/\/www.prijedordanas.com\/wp-content\/uploads\/2022\/10\/kozarski-druzenje-malisani-stefan-mitic-300x225.jpg 300w, https:\/\/www.prijedordanas.com\/wp-content\/uploads\/2022\/10\/kozarski-druzenje-malisani-stefan-mitic-640x480.jpg 640w, https:\/\/www.prijedordanas.com\/wp-content\/uploads\/2022\/10\/kozarski-druzenje-malisani-stefan-mitic.jpg 667w\" sizes=\"(max-width: 300px) 100vw, 300px\" \/><\/a>Sa srpskim piscem trenutno najpopularnijih knjiga za djecu Stefanom Miti\u0107em-Ti\u0107mijem upoznali su se i sjajno zabavili najmla\u0111i Prijedor\u010dani. Mali\u0161ani su sa pa\u017enjom slu\u0161ali njegova djela, a posebno ih je zanimalo kako se postaje pisac. <\/p>\n<p>\u201cLijepo nam je bilo na ovom dru\u017eenju. Jedva \u010dekam da nau\u010dim da \u010ditam, da pro\u010ditam \u0161to vi\u0161e knjiga\u201d, rekao je Gor\u010din \u0160obot.  <\/p>\n<p> \u201cJa sam Akiko\u201d i \u201cKaput od mahovine\u201d samo su neka od nagra\u0111ivanih knjiga Stefana Miti\u0107a, koje su osvojile srca mali\u0161ana \u0161irom regiona. Ovaj mladi pisac iz Leskovca \u010desto voli da ka\u017ee da pi\u0161e za djecu i osjetljive. Kako isti\u010de, ne propu\u0161ta priliku da se dru\u017ei sa najmla\u0111ima.<\/p>\n<p>\u201cVolim i pozori\u0161te i film, a ovo dru\u017eenje je jedna vrsta literarne lepote. Dru\u017eenja sa klincima zaista prijaju. Divna prilika da do\u0111em u Prijedor i da obele\u017eavanje Nedelje deteta u\u010dinimo \u0161to lep\u0161im\u201d, rekao je Miti\u0107.<\/p>\n<p>Miti\u0107eve knjige su me\u0111u naj\u010ditanijim i u Narodnoj biblioteci \u201c\u0106irilo i Metodije\u201d, koja je organizovala knji\u017eevno ve\u010de za najmla\u0111e.<\/p>\n<p>\u201cNjegova biografija je impresivna, a on je heroj ulice, to djeca koja prate njegov rad sigurno znaju. Njegove knjige za djecu su zaista naj\u010ditanije, zato smo ovo dru\u017eenje sa najmla\u0111ima priredili u okviru obilje\u017eavanja Nedjelje djeteta. Ovom prilikom pozivamo najmla\u0111e sugra\u0111ane da sutra posjete \u201cKarneval zabave\u201d u Pozori\u0161tu Prijedor, gdje \u0107e se predstaviti i na\u0161a biblioteka\u201d, rekla je Gordana Vila, direktor Narodne biblioteke \u201c\u0106irilo i Metodije\u201d.<\/p>\n<p>kozarski.com<\/p>\n","protected":false},"excerpt":{"rendered":"<p>Sa srpskim piscem trenutno najpopularnijih knjiga za djecu Stefanom Miti\u0107em-Ti\u0107mijem upoznali su se i sjajno zabavili najmla\u0111i Prijedor\u010dani. Mali\u0161ani su sa pa\u017enjom slu\u0161ali njegova djela, a posebno ih je zanimalo [&hellip;]<\/p>\n","protected":false},"author":1,"featured_media":0,"comment_status":"closed","ping_status":"open","sticky":false,"template":"","format":"standard","meta":{"_monsterinsights_skip_tracking":false,"_monsterinsights_sitenote_active":false,"_monsterinsights_sitenote_note":"","_monsterinsights_sitenote_category":0,"footnotes":""},"categories":[6,7518],"tags":[],"yoast_head":"<!-- This site is optimized with the Yoast SEO plugin v21.6 - https:\/\/yoast.com\/wordpress\/plugins\/seo\/ -->\n<title>Prijedor: Dru\u017eenje mali\u0161ana s piscem Stefanom Miti\u0107em - PrijedorDanas.com - Prijedorski gradski portal<\/title>\n<meta name=\"robots\" content=\"index, follow, max-snippet:-1, max-image-preview:large, max-video-preview:-1\" \/>\n<link rel=\"canonical\" href=\"https:\/\/www.prijedordanas.com\/?p=193578\" \/>\n<meta property=\"og:locale\" content=\"en_US\" \/>\n<meta property=\"og:type\" content=\"article\" \/>\n<meta property=\"og:title\" content=\"Prijedor: Dru\u017eenje mali\u0161ana s piscem Stefanom Miti\u0107em - PrijedorDanas.com - Prijedorski gradski portal\" \/>\n<meta property=\"og:description\" content=\"Sa srpskim piscem trenutno najpopularnijih knjiga za djecu Stefanom Miti\u0107em-Ti\u0107mijem upoznali su se i sjajno zabavili najmla\u0111i Prijedor\u010dani. Mali\u0161ani su sa pa\u017enjom slu\u0161ali njegova djela, a posebno ih je zanimalo [&hellip;]\" \/>\n<meta property=\"og:url\" content=\"https:\/\/www.prijedordanas.com\/?p=193578\" \/>\n<meta property=\"og:site_name\" content=\"PrijedorDanas.com - Prijedorski gradski portal\" \/>\n<meta property=\"article:publisher\" content=\"https:\/\/www.facebook.com\/PrijedorDanasCom\/\" \/>\n<meta property=\"article:published_time\" content=\"2022-10-05T17:43:34+00:00\" \/>\n<meta property=\"article:modified_time\" content=\"2022-10-15T17:46:48+00:00\" \/>\n<meta property=\"og:image\" content=\"https:\/\/www.prijedordanas.com\/wp-content\/uploads\/2022\/10\/kozarski-druzenje-malisani-stefan-mitic-300x225.jpg\" \/>\n<meta name=\"author\" content=\"admin\" \/>\n<meta name=\"twitter:card\" content=\"summary_large_image\" \/>\n<meta name=\"twitter:label1\" content=\"Written by\" \/>\n\t<meta name=\"twitter:data1\" content=\"admin\" \/>\n<script type=\"application\/ld+json\" class=\"yoast-schema-graph\">{\"@context\":\"https:\/\/schema.org\",\"@graph\":[{\"@type\":\"Article\",\"@id\":\"https:\/\/www.prijedordanas.com\/?p=193578#article\",\"isPartOf\":{\"@id\":\"https:\/\/www.prijedordanas.com\/?p=193578\"},\"author\":{\"name\":\"admin\",\"@id\":\"https:\/\/www.prijedordanas.com\/#\/schema\/person\/4e08ccf29b506ca916ff86d46bb700e6\"},\"headline\":\"Prijedor: Dru\u017eenje mali\u0161ana s piscem Stefanom Miti\u0107em\",\"datePublished\":\"2022-10-05T17:43:34+00:00\",\"dateModified\":\"2022-10-15T17:46:48+00:00\",\"mainEntityOfPage\":{\"@id\":\"https:\/\/www.prijedordanas.com\/?p=193578\"},\"wordCount\":277,\"publisher\":{\"@id\":\"https:\/\/www.prijedordanas.com\/#organization\"},\"articleSection\":[\"Kultura\",\"Mladi\"],\"inLanguage\":\"en-US\"},{\"@type\":\"WebPage\",\"@id\":\"https:\/\/www.prijedordanas.com\/?p=193578\",\"url\":\"https:\/\/www.prijedordanas.com\/?p=193578\",\"name\":\"Prijedor: Dru\u017eenje mali\u0161ana s piscem Stefanom Miti\u0107em - PrijedorDanas.com - Prijedorski gradski portal\",\"isPartOf\":{\"@id\":\"https:\/\/www.prijedordanas.com\/#website\"},\"datePublished\":\"2022-10-05T17:43:34+00:00\",\"dateModified\":\"2022-10-15T17:46:48+00:00\",\"breadcrumb\":{\"@id\":\"https:\/\/www.prijedordanas.com\/?p=193578#breadcrumb\"},\"inLanguage\":\"en-US\",\"potentialAction\":[{\"@type\":\"ReadAction\",\"target\":[\"https:\/\/www.prijedordanas.com\/?p=193578\"]}]},{\"@type\":\"BreadcrumbList\",\"@id\":\"https:\/\/www.prijedordanas.com\/?p=193578#breadcrumb\",\"itemListElement\":[{\"@type\":\"ListItem\",\"position\":1,\"name\":\"Home\",\"item\":\"https:\/\/www.prijedordanas.com\/\"},{\"@type\":\"ListItem\",\"position\":2,\"name\":\"Prijedor: Dru\u017eenje mali\u0161ana s piscem Stefanom Miti\u0107em\"}]},{\"@type\":\"WebSite\",\"@id\":\"https:\/\/www.prijedordanas.com\/#website\",\"url\":\"https:\/\/www.prijedordanas.com\/\",\"name\":\"PrijedorDanas.com - Prijedorski gradski portal\",\"description\":\"Portal o doga\u0111anjima u gradu Prijedoru\",\"publisher\":{\"@id\":\"https:\/\/www.prijedordanas.com\/#organization\"},\"potentialAction\":[{\"@type\":\"SearchAction\",\"target\":{\"@type\":\"EntryPoint\",\"urlTemplate\":\"https:\/\/www.prijedordanas.com\/?s={search_term_string}\"},\"query-input\":\"required name=search_term_string\"}],\"inLanguage\":\"en-US\"},{\"@type\":\"Organization\",\"@id\":\"https:\/\/www.prijedordanas.com\/#organization\",\"name\":\"PrijedorDanas.com\",\"url\":\"https:\/\/www.prijedordanas.com\/\",\"logo\":{\"@type\":\"ImageObject\",\"inLanguage\":\"en-US\",\"@id\":\"https:\/\/www.prijedordanas.com\/#\/schema\/logo\/image\/\",\"url\":\"http:\/\/www.prijedordanas.com\/wp-content\/uploads\/2021\/12\/logopng.png\",\"contentUrl\":\"http:\/\/www.prijedordanas.com\/wp-content\/uploads\/2021\/12\/logopng.png\",\"width\":1019,\"height\":776,\"caption\":\"PrijedorDanas.com\"},\"image\":{\"@id\":\"https:\/\/www.prijedordanas.com\/#\/schema\/logo\/image\/\"},\"sameAs\":[\"https:\/\/www.facebook.com\/PrijedorDanasCom\/\"]},{\"@type\":\"Person\",\"@id\":\"https:\/\/www.prijedordanas.com\/#\/schema\/person\/4e08ccf29b506ca916ff86d46bb700e6\",\"name\":\"admin\",\"image\":{\"@type\":\"ImageObject\",\"inLanguage\":\"en-US\",\"@id\":\"https:\/\/www.prijedordanas.com\/#\/schema\/person\/image\/\",\"url\":\"https:\/\/secure.gravatar.com\/avatar\/1d3fc949d550f0b53a5f0d51e06dfd79?s=96&d=mm&r=g\",\"contentUrl\":\"https:\/\/secure.gravatar.com\/avatar\/1d3fc949d550f0b53a5f0d51e06dfd79?s=96&d=mm&r=g\",\"caption\":\"admin\"},\"url\":\"https:\/\/www.prijedordanas.com\/?author=1\"}]}<\/script>\n<!-- \/ Yoast SEO plugin. -->","yoast_head_json":{"title":"Prijedor: Dru\u017eenje mali\u0161ana s piscem Stefanom Miti\u0107em - PrijedorDanas.com - Prijedorski gradski portal","robots":{"index":"index","follow":"follow","max-snippet":"max-snippet:-1","max-image-preview":"max-image-preview:large","max-video-preview":"max-video-preview:-1"},"canonical":"https:\/\/www.prijedordanas.com\/?p=193578","og_locale":"en_US","og_type":"article","og_title":"Prijedor: Dru\u017eenje mali\u0161ana s piscem Stefanom Miti\u0107em - PrijedorDanas.com - Prijedorski gradski portal","og_description":"Sa srpskim piscem trenutno najpopularnijih knjiga za djecu Stefanom Miti\u0107em-Ti\u0107mijem upoznali su se i sjajno zabavili najmla\u0111i Prijedor\u010dani. Mali\u0161ani su sa pa\u017enjom slu\u0161ali njegova djela, a posebno ih je zanimalo [&hellip;]","og_url":"https:\/\/www.prijedordanas.com\/?p=193578","og_site_name":"PrijedorDanas.com - Prijedorski gradski portal","article_publisher":"https:\/\/www.facebook.com\/PrijedorDanasCom\/","article_published_time":"2022-10-05T17:43:34+00:00","article_modified_time":"2022-10-15T17:46:48+00:00","og_image":[{"url":"https:\/\/www.prijedordanas.com\/wp-content\/uploads\/2022\/10\/kozarski-druzenje-malisani-stefan-mitic-300x225.jpg"}],"author":"admin","twitter_card":"summary_large_image","twitter_misc":{"Written by":"admin"},"schema":{"@context":"https:\/\/schema.org","@graph":[{"@type":"Article","@id":"https:\/\/www.prijedordanas.com\/?p=193578#article","isPartOf":{"@id":"https:\/\/www.prijedordanas.com\/?p=193578"},"author":{"name":"admin","@id":"https:\/\/www.prijedordanas.com\/#\/schema\/person\/4e08ccf29b506ca916ff86d46bb700e6"},"headline":"Prijedor: Dru\u017eenje mali\u0161ana s piscem Stefanom Miti\u0107em","datePublished":"2022-10-05T17:43:34+00:00","dateModified":"2022-10-15T17:46:48+00:00","mainEntityOfPage":{"@id":"https:\/\/www.prijedordanas.com\/?p=193578"},"wordCount":277,"publisher":{"@id":"https:\/\/www.prijedordanas.com\/#organization"},"articleSection":["Kultura","Mladi"],"inLanguage":"en-US"},{"@type":"WebPage","@id":"https:\/\/www.prijedordanas.com\/?p=193578","url":"https:\/\/www.prijedordanas.com\/?p=193578","name":"Prijedor: Dru\u017eenje mali\u0161ana s piscem Stefanom Miti\u0107em - PrijedorDanas.com - Prijedorski gradski portal","isPartOf":{"@id":"https:\/\/www.prijedordanas.com\/#website"},"datePublished":"2022-10-05T17:43:34+00:00","dateModified":"2022-10-15T17:46:48+00:00","breadcrumb":{"@id":"https:\/\/www.prijedordanas.com\/?p=193578#breadcrumb"},"inLanguage":"en-US","potentialAction":[{"@type":"ReadAction","target":["https:\/\/www.prijedordanas.com\/?p=193578"]}]},{"@type":"BreadcrumbList","@id":"https:\/\/www.prijedordanas.com\/?p=193578#breadcrumb","itemListElement":[{"@type":"ListItem","position":1,"name":"Home","item":"https:\/\/www.prijedordanas.com\/"},{"@type":"ListItem","position":2,"name":"Prijedor: Dru\u017eenje mali\u0161ana s piscem Stefanom Miti\u0107em"}]},{"@type":"WebSite","@id":"https:\/\/www.prijedordanas.com\/#website","url":"https:\/\/www.prijedordanas.com\/","name":"PrijedorDanas.com - Prijedorski gradski portal","description":"Portal o doga\u0111anjima u gradu Prijedoru","publisher":{"@id":"https:\/\/www.prijedordanas.com\/#organization"},"potentialAction":[{"@type":"SearchAction","target":{"@type":"EntryPoint","urlTemplate":"https:\/\/www.prijedordanas.com\/?s={search_term_string}"},"query-input":"required name=search_term_string"}],"inLanguage":"en-US"},{"@type":"Organization","@id":"https:\/\/www.prijedordanas.com\/#organization","name":"PrijedorDanas.com","url":"https:\/\/www.prijedordanas.com\/","logo":{"@type":"ImageObject","inLanguage":"en-US","@id":"https:\/\/www.prijedordanas.com\/#\/schema\/logo\/image\/","url":"http:\/\/www.prijedordanas.com\/wp-content\/uploads\/2021\/12\/logopng.png","contentUrl":"http:\/\/www.prijedordanas.com\/wp-content\/uploads\/2021\/12\/logopng.png","width":1019,"height":776,"caption":"PrijedorDanas.com"},"image":{"@id":"https:\/\/www.prijedordanas.com\/#\/schema\/logo\/image\/"},"sameAs":["https:\/\/www.facebook.com\/PrijedorDanasCom\/"]},{"@type":"Person","@id":"https:\/\/www.prijedordanas.com\/#\/schema\/person\/4e08ccf29b506ca916ff86d46bb700e6","name":"admin","image":{"@type":"ImageObject","inLanguage":"en-US","@id":"https:\/\/www.prijedordanas.com\/#\/schema\/person\/image\/","url":"https:\/\/secure.gravatar.com\/avatar\/1d3fc949d550f0b53a5f0d51e06dfd79?s=96&d=mm&r=g","contentUrl":"https:\/\/secure.gravatar.com\/avatar\/1d3fc949d550f0b53a5f0d51e06dfd79?s=96&d=mm&r=g","caption":"admin"},"url":"https:\/\/www.prijedordanas.com\/?author=1"}]}},"_links":{"self":[{"href":"https:\/\/www.prijedordanas.com\/index.php?rest_route=\/wp\/v2\/posts\/193578"}],"collection":[{"href":"https:\/\/www.prijedordanas.com\/index.php?rest_route=\/wp\/v2\/posts"}],"about":[{"href":"https:\/\/www.prijedordanas.com\/index.php?rest_route=\/wp\/v2\/types\/post"}],"author":[{"embeddable":true,"href":"https:\/\/www.prijedordanas.com\/index.php?rest_route=\/wp\/v2\/users\/1"}],"replies":[{"embeddable":true,"href":"https:\/\/www.prijedordanas.com\/index.php?rest_route=%2Fwp%2Fv2%2Fcomments&post=193578"}],"version-history":[{"count":1,"href":"https:\/\/www.prijedordanas.com\/index.php?rest_route=\/wp\/v2\/posts\/193578\/revisions"}],"predecessor-version":[{"id":193580,"href":"https:\/\/www.prijedordanas.com\/index.php?rest_route=\/wp\/v2\/posts\/193578\/revisions\/193580"}],"wp:attachment":[{"href":"https:\/\/www.prijedordanas.com\/index.php?rest_route=%2Fwp%2Fv2%2Fmedia&parent=193578"}],"wp:term":[{"taxonomy":"category","embeddable":true,"href":"https:\/\/www.prijedordanas.com\/index.php?rest_route=%2Fwp%2Fv2%2Fcategories&post=193578"},{"taxonomy":"post_tag","embeddable":true,"href":"https:\/\/www.prijedordanas.com\/index.php?rest_route=%2Fwp%2Fv2%2Ftags&post=193578"}],"curies":[{"name":"wp","href":"https:\/\/api.w.org\/{rel}","templated":true}]}}