{"id":193570,"date":"2022-10-15T13:46:24","date_gmt":"2022-10-15T11:46:24","guid":{"rendered":"https:\/\/www.prijedordanas.com\/?p=193570"},"modified":"2022-10-15T13:46:24","modified_gmt":"2022-10-15T11:46:24","slug":"obracanje-javnosti-bivseg-trenera-rudar-prijedora-zorana-bujica-niko-me-nece-ponizavati-jer-moja-karijera-nema-nijednu-mrlju","status":"publish","type":"post","link":"https:\/\/www.prijedordanas.com\/?p=193570","title":{"rendered":"Obra\u0107anje javnosti biv\u0161eg trenera Rudar-Prijedora Zorana Buji\u0107a: Niko me ne\u0107e poni\u017eavati jer moja karijera nema nijednu mrlju"},"content":{"rendered":"<p><a href=\"https:\/\/www.prijedordanas.com\/wp-content\/uploads\/2022\/06\/zoran-bujic.jpg\"><img loading=\"lazy\" decoding=\"async\" src=\"https:\/\/www.prijedordanas.com\/wp-content\/uploads\/2022\/06\/zoran-bujic-300x225.jpg\" alt=\"\" width=\"300\" height=\"225\" class=\"alignleft size-medium wp-image-186935\" srcset=\"https:\/\/www.prijedordanas.com\/wp-content\/uploads\/2022\/06\/zoran-bujic-300x225.jpg 300w, https:\/\/www.prijedordanas.com\/wp-content\/uploads\/2022\/06\/zoran-bujic-640x480.jpg 640w, https:\/\/www.prijedordanas.com\/wp-content\/uploads\/2022\/06\/zoran-bujic.jpg 668w\" sizes=\"(max-width: 300px) 100vw, 300px\" \/><\/a>Nekoliko dana nakon \u0161to je napustio klupu Rudar-Prijedora, trener Zoran Buji\u0107 se na svom Facebook profilu jako emotivno osvrnuo na protekli period.<\/p>\n<p>Njegovu objavu prenosimo u cijelosti.<\/p>\n<p>Nikad nisam mogao ni pomisliti da \u0107u se na ovaj na\u010din morati obra\u0107ati javnosti,ali primoren sam i znam da mi ne prili\u010di ali moram.Prvi put sam uveo Rudar-Prijedor u PL i poslije toga kao nagradu morao sam da napustim klub i tad sam oti\u0161ao gospodski i 7 godina trenirao okolne klubove pravio rezultate i u\u017eivao u fudbalu i za to vrijeme sam gledao \u0161ta se radi od nekada\u0161njeg brenda grada Prijedora,tugovao i sanjao o \u0161ansi da ponovim 2015&#8230;&#8230;&#8230;&#8230;&#8230;.<br \/>\nOvom prilikom ne\u0107u spominjati imena sem predsjednika Stanka Vujkovi\u0107a koji je u tom momentu spasio klub propasti a ostali \u0107e se prepoznati.U klub sam do\u0161ao vo\u0111enj ljubavlju prema svom klubu i nisam ni na \u0161ta drugo gledao a posebno pare.U klubu sam zatekao 2 igra\u010da(Pekiju i Mari\u0107a) i 2 polu uga\u0161ena talenta Bilbiju i Marmata &#8230;&#8230;.<br \/>\nDogovor je bio da se napravi borbena ekipa koja \u0107e biti konkurentna ekipama iz vrha jer zbog situacije odlaska 20 igra\u010da od kojih je vi\u0161e od 10 extra \u0161to se vidi po anga\u017emanima u Premijer Ligi,i da se pravi ekipa od bar 50% doma\u0107i igra\u010da &#8230;&#8230;..<br \/>\nPredsjednik Vujkovi\u0107 je sve obezbjedio \u0161to se ti\u010de para i uslova za treniranje ali najve\u010da njegova gre\u0161ka je \u0161to nije imao svoj stav i pao je pod uticaj pojedini \u010dlanova upravnog odbora i neki ljudi kojima i neznam funkcije a kojima je najve\u0107i uspjeh gledanje finala zimskog turnira u dvorani Mladost&#8230;&#8230;.<br \/>\nProblem u svemu tome \u0161to sam ja osoba koja radi po\u0161teno,ne tali se ,ne gura tatine sinove i koja ima svoj stav,nema dlake na jeziku i sa kim se ne mo\u017ee manipulisati.Krenuo sam davno iz sela Sani\u010dana na \u0161to sam ponosan jer sve sam sam stvorio i nikad se nikom nisam ulizivao za razliku od nekih kojima samo noge vire iz dupeta oni od koji mogu imati koristi&#8230;..<br \/>\nJedna od gre\u0161aka predsjednika Vujkovi\u0107a je \u0161to je za neznam \u0161ta anga\u017eovao ,,kugla\u0161a&#8221;koji je fudbal ostavio u 27 godini jer je \u0161to bi n\u00e0\u0161 narod rekao ,,beter\u010dina&#8221;i nije mu se dalo trenirati i od tad nije pogledao utakmicu na tv a kamoli na\u0161eg Rudara jer ne sti\u017ee ,po\u0161to do 5 razvozi vodu a od sedam je u kuglani pa me zanima kako sti\u017ee obavljati posao i u Rudaru ,a za sistem igre i postavku je tata mata mada ne prati fudbal &#x1f60a; (al tu je da oja\u010da klan koji je otjerao Nikicu ,Sr\u0111u i sad mene)&#8230;..<br \/>\nIna\u010de ko u\u0111e u upravu Rudara automatski dobija A licencu a vremenom gledaju\u0107i utakmice prevazi\u0111u trenerovo znanje(\u010dast izuzecima)&#8230;&#8230;.<br \/>\nIskreno i naivno sam u\u0161ao u sve ovo i kad mi je uprava poru\u010dila preko \u010dlana komiteta za saradnju 5 kolo kad smo zaostajali 2 boda za Krupom po\u010deo sam da kontam \u0161ta se de\u0161ava.U Derventi kad smo pobijedili i takti\u010dki odigrali najbolju utakmicu ,pojedinci su postavili pitanje kakva je ovo igra a taj ina\u010de bio sudija u poku\u0161aju,vodi \u017eenski klub,bavi se politikom ,neznam mo\u017eda jo\u0161 u sloobodno vrijeme svira harmoniku negdje na svadbama &#8230;&#8230;<br \/>\nOd tad po\u010dinje agonija i mo\u017eete zamisliti pod kakvim sam pritiskom radio.Sad \u0107u se vratiti na po\u010detak i postaviti pitanje za\u0161to je na\u0161 najbolji igra\u010d i mo\u017eda igra\u010d lige pu\u0161ten u Krupu samo desetak dana pred utakmicu sa Krupom iako se znalo da ga oni ho\u0107e ,jedini igra\u010d koji je htjeo da ostane a prelazni rok trajao do 7 kola &#x1f606;&#8230;&#8230;..<br \/>\nKako to tuma\u010diti???Poku\u0161a\u0107u ovo sve da skratim jer ima materijala da se roman napi\u0161e oa \u0107u navesti neke detalje .Pred utakmicu sa \u017deljezni\u010darom koji igra na umjetnoj travi mi smo trebali da odradimo trening u Gomjenici da bi se prilagodili na tu podlogu i kad smo krenuli na trening re\u010deneno nam je da moramo na suvi jer tamo kadeti imaju trening hahahaha&#8230;&#8230;<br \/>\nOd 5 kola kad su ki\u0161e po\u010dele mi smo trenirali u Ljubiji da sa\u010duvamo teren dok smo u povratku zaticali poslije ki\u0161e \u0161ezdesetak djece na glavnom a u junu nismo htjeli trenirati na njemu da ga sa\u010duvamo&#8230;.<br \/>\nKad se naslutilo da ja trebam do\u0107i za trenera mog sina su okrivili za incident u Bijeljini iako je on tad radio u cafe Pla\u017ea a sve da poku\u0161aju da osujete moj dolazak&#8230;..<br \/>\nPostavi\u0107u pojdincu pitanje koji dr\u017ei do ne\u010dega ,\u0161ta je sa obe\u0107anjem da ako Stanko do\u0111e ti momentalno napu\u0161ta\u0161 klub i odvodi\u0161 svoju grupu dje\u010daka jer sa takvim ne\u0107e\u0161 da radi\u0161 ni da bude\u0161 u klubu koji on vodi? Jo\u0161 dosta toga ima ali ovaj primjer kad Rudarova FB stranica u nedelju (niste mogli sa\u010dekati ni ponedeljak)objavljuje tekst \u017deljezni\u010dara da da od 20 igra\u010da oni su imali 19 ispod 21 ,a ne spominje to da je tu utakmicu po\u010delo 10 od 11 igra\u010da iz omladinskog pogona Rudara sve govori,JADNO I BIJEDNO kao \u0161to ste i vi pojedinci sami&#8230;&#8230;<br \/>\nKo je \u0160andor ?Osoba koja ,,vodi&#8221;Omladinski pogon i dolazi jednom mjese\u010dno za dobru ,al ba\u0161 dobru platu i daje sebi za pravo da komentari\u0161e prvu ekipu&#8230;..imamo vi\u0161e kordinatora nego neke ekipe trenera hahaha.Ali neka nama \u0160andora jer u Rudaru najbolje prolaze prodava\u010di magle \u0161to se vidilo u dosada\u0161njem periodu a trend se nastavio a ovi \u0161to ho\u0107e da rade njih \u0107e ekipa za brza bu\u0161enja izbu\u0161iti za dobrobit Rudara da bi oni do\u0161li tu i spasili \u0161to se vidjelo u primjeru gospodina Nikice Milenkovi\u0107a&#8230;..<br \/>\n\u0160ta mislite da li bi onaj drim tim kojeg niko nije nadigrao sem Zrinjskog ostao u ligi?Postavi\u0107u pitanje jednom \u010dlanu upravnog odbora jako je ovako glasan protiv mene i odjednom se tako razumije u fudbal a gledao sam ga kako je bio jadan kad ga je predsjednik ribao kao malo dijete,a sje\u0107a\u0161 se kako sam te rad branio jer bilo mi te tad \u017eao &#8230;&#8230;.<br \/>\n\u017dao mi je samo navija\u010da Alkohol Bojsa koji nas bodre od Trebinja do Novog o svom tro\u0161ku a oni jadni skupljaju za prevoz dok se vi rasipate i bahatite al \u0161ta re\u0107i osim to je sada\u0161nji Rudar&#8230;&#8230;&#8230;&#8230;&#8230;..<br \/>\nZapamtite da Buju ne\u0107e niko poni\u017eavati i jer moja karijera i fudbalska i trenerska nema ni jednu mrlju &#8230;&#8230;&#8230;a \u0161to se ti\u010de plate pola \u0107e te dati Alkohol Bojsima za prevoz a pola uzmite sebi da imate za tuborg i ro\u0161tilj plate i \u0161to reko na\u0161 Matija Be\u0107kovi\u0107 ,,\u0106era\u0107emo se jo\u0161&#8221;&#8230;&#8230;&#8230;&#8230;&#8230;.<\/p>\n<p>RUDARE VOLIM TE<\/p>\n","protected":false},"excerpt":{"rendered":"<p>Nekoliko dana nakon \u0161to je napustio klupu Rudar-Prijedora, trener Zoran Buji\u0107 se na svom Facebook profilu jako emotivno osvrnuo na protekli period. Njegovu objavu prenosimo u cijelosti. Nikad nisam mogao [&hellip;]<\/p>\n","protected":false},"author":1,"featured_media":0,"comment_status":"closed","ping_status":"open","sticky":false,"template":"","format":"standard","meta":{"_monsterinsights_skip_tracking":false,"_monsterinsights_sitenote_active":false,"_monsterinsights_sitenote_note":"","_monsterinsights_sitenote_category":0,"footnotes":""},"categories":[4],"tags":[],"yoast_head":"<!-- This site is optimized with the Yoast SEO plugin v21.6 - https:\/\/yoast.com\/wordpress\/plugins\/seo\/ -->\n<title>Obra\u0107anje javnosti biv\u0161eg trenera Rudar-Prijedora Zorana Buji\u0107a: Niko me ne\u0107e poni\u017eavati jer moja karijera nema nijednu mrlju - PrijedorDanas.com - Prijedorski gradski portal<\/title>\n<meta name=\"robots\" content=\"index, follow, max-snippet:-1, max-image-preview:large, max-video-preview:-1\" \/>\n<link rel=\"canonical\" href=\"https:\/\/www.prijedordanas.com\/?p=193570\" \/>\n<meta property=\"og:locale\" content=\"en_US\" \/>\n<meta property=\"og:type\" content=\"article\" \/>\n<meta property=\"og:title\" content=\"Obra\u0107anje javnosti biv\u0161eg trenera Rudar-Prijedora Zorana Buji\u0107a: Niko me ne\u0107e poni\u017eavati jer moja karijera nema nijednu mrlju - PrijedorDanas.com - Prijedorski gradski portal\" \/>\n<meta property=\"og:description\" content=\"Nekoliko dana nakon \u0161to je napustio klupu Rudar-Prijedora, trener Zoran Buji\u0107 se na svom Facebook profilu jako emotivno osvrnuo na protekli period. Njegovu objavu prenosimo u cijelosti. Nikad nisam mogao [&hellip;]\" \/>\n<meta property=\"og:url\" content=\"https:\/\/www.prijedordanas.com\/?p=193570\" \/>\n<meta property=\"og:site_name\" content=\"PrijedorDanas.com - Prijedorski gradski portal\" \/>\n<meta property=\"article:publisher\" content=\"https:\/\/www.facebook.com\/PrijedorDanasCom\/\" \/>\n<meta property=\"article:published_time\" content=\"2022-10-15T11:46:24+00:00\" \/>\n<meta property=\"og:image\" content=\"https:\/\/www.prijedordanas.com\/wp-content\/uploads\/2022\/06\/zoran-bujic-300x225.jpg\" \/>\n<meta name=\"author\" content=\"admin\" \/>\n<meta name=\"twitter:card\" content=\"summary_large_image\" \/>\n<meta name=\"twitter:label1\" content=\"Written by\" \/>\n\t<meta name=\"twitter:data1\" content=\"admin\" \/>\n\t<meta name=\"twitter:label2\" content=\"Est. reading time\" \/>\n\t<meta name=\"twitter:data2\" content=\"5 minutes\" \/>\n<script type=\"application\/ld+json\" class=\"yoast-schema-graph\">{\"@context\":\"https:\/\/schema.org\",\"@graph\":[{\"@type\":\"Article\",\"@id\":\"https:\/\/www.prijedordanas.com\/?p=193570#article\",\"isPartOf\":{\"@id\":\"https:\/\/www.prijedordanas.com\/?p=193570\"},\"author\":{\"name\":\"admin\",\"@id\":\"https:\/\/www.prijedordanas.com\/#\/schema\/person\/4e08ccf29b506ca916ff86d46bb700e6\"},\"headline\":\"Obra\u0107anje javnosti biv\u0161eg trenera Rudar-Prijedora Zorana Buji\u0107a: Niko me ne\u0107e poni\u017eavati jer moja karijera nema nijednu mrlju\",\"datePublished\":\"2022-10-15T11:46:24+00:00\",\"dateModified\":\"2022-10-15T11:46:24+00:00\",\"mainEntityOfPage\":{\"@id\":\"https:\/\/www.prijedordanas.com\/?p=193570\"},\"wordCount\":1177,\"publisher\":{\"@id\":\"https:\/\/www.prijedordanas.com\/#organization\"},\"articleSection\":[\"Dru\u0161tvo\"],\"inLanguage\":\"en-US\"},{\"@type\":\"WebPage\",\"@id\":\"https:\/\/www.prijedordanas.com\/?p=193570\",\"url\":\"https:\/\/www.prijedordanas.com\/?p=193570\",\"name\":\"Obra\u0107anje javnosti biv\u0161eg trenera Rudar-Prijedora Zorana Buji\u0107a: Niko me ne\u0107e poni\u017eavati jer moja karijera nema nijednu mrlju - PrijedorDanas.com - Prijedorski gradski portal\",\"isPartOf\":{\"@id\":\"https:\/\/www.prijedordanas.com\/#website\"},\"datePublished\":\"2022-10-15T11:46:24+00:00\",\"dateModified\":\"2022-10-15T11:46:24+00:00\",\"breadcrumb\":{\"@id\":\"https:\/\/www.prijedordanas.com\/?p=193570#breadcrumb\"},\"inLanguage\":\"en-US\",\"potentialAction\":[{\"@type\":\"ReadAction\",\"target\":[\"https:\/\/www.prijedordanas.com\/?p=193570\"]}]},{\"@type\":\"BreadcrumbList\",\"@id\":\"https:\/\/www.prijedordanas.com\/?p=193570#breadcrumb\",\"itemListElement\":[{\"@type\":\"ListItem\",\"position\":1,\"name\":\"Home\",\"item\":\"https:\/\/www.prijedordanas.com\/\"},{\"@type\":\"ListItem\",\"position\":2,\"name\":\"Obra\u0107anje javnosti biv\u0161eg trenera Rudar-Prijedora Zorana Buji\u0107a: Niko me ne\u0107e poni\u017eavati jer moja karijera nema nijednu mrlju\"}]},{\"@type\":\"WebSite\",\"@id\":\"https:\/\/www.prijedordanas.com\/#website\",\"url\":\"https:\/\/www.prijedordanas.com\/\",\"name\":\"PrijedorDanas.com - Prijedorski gradski portal\",\"description\":\"Portal o doga\u0111anjima u gradu Prijedoru\",\"publisher\":{\"@id\":\"https:\/\/www.prijedordanas.com\/#organization\"},\"potentialAction\":[{\"@type\":\"SearchAction\",\"target\":{\"@type\":\"EntryPoint\",\"urlTemplate\":\"https:\/\/www.prijedordanas.com\/?s={search_term_string}\"},\"query-input\":\"required name=search_term_string\"}],\"inLanguage\":\"en-US\"},{\"@type\":\"Organization\",\"@id\":\"https:\/\/www.prijedordanas.com\/#organization\",\"name\":\"PrijedorDanas.com\",\"url\":\"https:\/\/www.prijedordanas.com\/\",\"logo\":{\"@type\":\"ImageObject\",\"inLanguage\":\"en-US\",\"@id\":\"https:\/\/www.prijedordanas.com\/#\/schema\/logo\/image\/\",\"url\":\"http:\/\/www.prijedordanas.com\/wp-content\/uploads\/2021\/12\/logopng.png\",\"contentUrl\":\"http:\/\/www.prijedordanas.com\/wp-content\/uploads\/2021\/12\/logopng.png\",\"width\":1019,\"height\":776,\"caption\":\"PrijedorDanas.com\"},\"image\":{\"@id\":\"https:\/\/www.prijedordanas.com\/#\/schema\/logo\/image\/\"},\"sameAs\":[\"https:\/\/www.facebook.com\/PrijedorDanasCom\/\"]},{\"@type\":\"Person\",\"@id\":\"https:\/\/www.prijedordanas.com\/#\/schema\/person\/4e08ccf29b506ca916ff86d46bb700e6\",\"name\":\"admin\",\"image\":{\"@type\":\"ImageObject\",\"inLanguage\":\"en-US\",\"@id\":\"https:\/\/www.prijedordanas.com\/#\/schema\/person\/image\/\",\"url\":\"https:\/\/secure.gravatar.com\/avatar\/1d3fc949d550f0b53a5f0d51e06dfd79?s=96&d=mm&r=g\",\"contentUrl\":\"https:\/\/secure.gravatar.com\/avatar\/1d3fc949d550f0b53a5f0d51e06dfd79?s=96&d=mm&r=g\",\"caption\":\"admin\"},\"url\":\"https:\/\/www.prijedordanas.com\/?author=1\"}]}<\/script>\n<!-- \/ Yoast SEO plugin. -->","yoast_head_json":{"title":"Obra\u0107anje javnosti biv\u0161eg trenera Rudar-Prijedora Zorana Buji\u0107a: Niko me ne\u0107e poni\u017eavati jer moja karijera nema nijednu mrlju - PrijedorDanas.com - Prijedorski gradski portal","robots":{"index":"index","follow":"follow","max-snippet":"max-snippet:-1","max-image-preview":"max-image-preview:large","max-video-preview":"max-video-preview:-1"},"canonical":"https:\/\/www.prijedordanas.com\/?p=193570","og_locale":"en_US","og_type":"article","og_title":"Obra\u0107anje javnosti biv\u0161eg trenera Rudar-Prijedora Zorana Buji\u0107a: Niko me ne\u0107e poni\u017eavati jer moja karijera nema nijednu mrlju - PrijedorDanas.com - Prijedorski gradski portal","og_description":"Nekoliko dana nakon \u0161to je napustio klupu Rudar-Prijedora, trener Zoran Buji\u0107 se na svom Facebook profilu jako emotivno osvrnuo na protekli period. Njegovu objavu prenosimo u cijelosti. Nikad nisam mogao [&hellip;]","og_url":"https:\/\/www.prijedordanas.com\/?p=193570","og_site_name":"PrijedorDanas.com - Prijedorski gradski portal","article_publisher":"https:\/\/www.facebook.com\/PrijedorDanasCom\/","article_published_time":"2022-10-15T11:46:24+00:00","og_image":[{"url":"https:\/\/www.prijedordanas.com\/wp-content\/uploads\/2022\/06\/zoran-bujic-300x225.jpg"}],"author":"admin","twitter_card":"summary_large_image","twitter_misc":{"Written by":"admin","Est. reading time":"5 minutes"},"schema":{"@context":"https:\/\/schema.org","@graph":[{"@type":"Article","@id":"https:\/\/www.prijedordanas.com\/?p=193570#article","isPartOf":{"@id":"https:\/\/www.prijedordanas.com\/?p=193570"},"author":{"name":"admin","@id":"https:\/\/www.prijedordanas.com\/#\/schema\/person\/4e08ccf29b506ca916ff86d46bb700e6"},"headline":"Obra\u0107anje javnosti biv\u0161eg trenera Rudar-Prijedora Zorana Buji\u0107a: Niko me ne\u0107e poni\u017eavati jer moja karijera nema nijednu mrlju","datePublished":"2022-10-15T11:46:24+00:00","dateModified":"2022-10-15T11:46:24+00:00","mainEntityOfPage":{"@id":"https:\/\/www.prijedordanas.com\/?p=193570"},"wordCount":1177,"publisher":{"@id":"https:\/\/www.prijedordanas.com\/#organization"},"articleSection":["Dru\u0161tvo"],"inLanguage":"en-US"},{"@type":"WebPage","@id":"https:\/\/www.prijedordanas.com\/?p=193570","url":"https:\/\/www.prijedordanas.com\/?p=193570","name":"Obra\u0107anje javnosti biv\u0161eg trenera Rudar-Prijedora Zorana Buji\u0107a: Niko me ne\u0107e poni\u017eavati jer moja karijera nema nijednu mrlju - PrijedorDanas.com - Prijedorski gradski portal","isPartOf":{"@id":"https:\/\/www.prijedordanas.com\/#website"},"datePublished":"2022-10-15T11:46:24+00:00","dateModified":"2022-10-15T11:46:24+00:00","breadcrumb":{"@id":"https:\/\/www.prijedordanas.com\/?p=193570#breadcrumb"},"inLanguage":"en-US","potentialAction":[{"@type":"ReadAction","target":["https:\/\/www.prijedordanas.com\/?p=193570"]}]},{"@type":"BreadcrumbList","@id":"https:\/\/www.prijedordanas.com\/?p=193570#breadcrumb","itemListElement":[{"@type":"ListItem","position":1,"name":"Home","item":"https:\/\/www.prijedordanas.com\/"},{"@type":"ListItem","position":2,"name":"Obra\u0107anje javnosti biv\u0161eg trenera Rudar-Prijedora Zorana Buji\u0107a: Niko me ne\u0107e poni\u017eavati jer moja karijera nema nijednu mrlju"}]},{"@type":"WebSite","@id":"https:\/\/www.prijedordanas.com\/#website","url":"https:\/\/www.prijedordanas.com\/","name":"PrijedorDanas.com - Prijedorski gradski portal","description":"Portal o doga\u0111anjima u gradu Prijedoru","publisher":{"@id":"https:\/\/www.prijedordanas.com\/#organization"},"potentialAction":[{"@type":"SearchAction","target":{"@type":"EntryPoint","urlTemplate":"https:\/\/www.prijedordanas.com\/?s={search_term_string}"},"query-input":"required name=search_term_string"}],"inLanguage":"en-US"},{"@type":"Organization","@id":"https:\/\/www.prijedordanas.com\/#organization","name":"PrijedorDanas.com","url":"https:\/\/www.prijedordanas.com\/","logo":{"@type":"ImageObject","inLanguage":"en-US","@id":"https:\/\/www.prijedordanas.com\/#\/schema\/logo\/image\/","url":"http:\/\/www.prijedordanas.com\/wp-content\/uploads\/2021\/12\/logopng.png","contentUrl":"http:\/\/www.prijedordanas.com\/wp-content\/uploads\/2021\/12\/logopng.png","width":1019,"height":776,"caption":"PrijedorDanas.com"},"image":{"@id":"https:\/\/www.prijedordanas.com\/#\/schema\/logo\/image\/"},"sameAs":["https:\/\/www.facebook.com\/PrijedorDanasCom\/"]},{"@type":"Person","@id":"https:\/\/www.prijedordanas.com\/#\/schema\/person\/4e08ccf29b506ca916ff86d46bb700e6","name":"admin","image":{"@type":"ImageObject","inLanguage":"en-US","@id":"https:\/\/www.prijedordanas.com\/#\/schema\/person\/image\/","url":"https:\/\/secure.gravatar.com\/avatar\/1d3fc949d550f0b53a5f0d51e06dfd79?s=96&d=mm&r=g","contentUrl":"https:\/\/secure.gravatar.com\/avatar\/1d3fc949d550f0b53a5f0d51e06dfd79?s=96&d=mm&r=g","caption":"admin"},"url":"https:\/\/www.prijedordanas.com\/?author=1"}]}},"_links":{"self":[{"href":"https:\/\/www.prijedordanas.com\/index.php?rest_route=\/wp\/v2\/posts\/193570"}],"collection":[{"href":"https:\/\/www.prijedordanas.com\/index.php?rest_route=\/wp\/v2\/posts"}],"about":[{"href":"https:\/\/www.prijedordanas.com\/index.php?rest_route=\/wp\/v2\/types\/post"}],"author":[{"embeddable":true,"href":"https:\/\/www.prijedordanas.com\/index.php?rest_route=\/wp\/v2\/users\/1"}],"replies":[{"embeddable":true,"href":"https:\/\/www.prijedordanas.com\/index.php?rest_route=%2Fwp%2Fv2%2Fcomments&post=193570"}],"version-history":[{"count":1,"href":"https:\/\/www.prijedordanas.com\/index.php?rest_route=\/wp\/v2\/posts\/193570\/revisions"}],"predecessor-version":[{"id":193571,"href":"https:\/\/www.prijedordanas.com\/index.php?rest_route=\/wp\/v2\/posts\/193570\/revisions\/193571"}],"wp:attachment":[{"href":"https:\/\/www.prijedordanas.com\/index.php?rest_route=%2Fwp%2Fv2%2Fmedia&parent=193570"}],"wp:term":[{"taxonomy":"category","embeddable":true,"href":"https:\/\/www.prijedordanas.com\/index.php?rest_route=%2Fwp%2Fv2%2Fcategories&post=193570"},{"taxonomy":"post_tag","embeddable":true,"href":"https:\/\/www.prijedordanas.com\/index.php?rest_route=%2Fwp%2Fv2%2Ftags&post=193570"}],"curies":[{"name":"wp","href":"https:\/\/api.w.org\/{rel}","templated":true}]}}