{"id":193542,"date":"2022-10-14T20:12:18","date_gmt":"2022-10-14T18:12:18","guid":{"rendered":"https:\/\/www.prijedordanas.com\/?p=193542"},"modified":"2022-10-14T20:12:18","modified_gmt":"2022-10-14T18:12:18","slug":"ministar-coric-obisao-gradiliste-kampa-za-radnike-koji-ce-graditi-autoput-banjaluka-prijedor","status":"publish","type":"post","link":"https:\/\/www.prijedordanas.com\/?p=193542","title":{"rendered":"Ministar \u0106ori\u0107 obi\u0161ao gradili\u0161te kampa za radnike koji \u0107e graditi autoput Banjaluka-Prijedor"},"content":{"rendered":"<p><a href=\"https:\/\/www.prijedordanas.com\/wp-content\/uploads\/2022\/10\/rtrs-ministar-coric-obilazak-kamp-autoput-bl-pd.jpg\"><img loading=\"lazy\" decoding=\"async\" src=\"https:\/\/www.prijedordanas.com\/wp-content\/uploads\/2022\/10\/rtrs-ministar-coric-obilazak-kamp-autoput-bl-pd-300x225.jpg\" alt=\"\" width=\"300\" height=\"225\" class=\"alignleft size-medium wp-image-193540\" srcset=\"https:\/\/www.prijedordanas.com\/wp-content\/uploads\/2022\/10\/rtrs-ministar-coric-obilazak-kamp-autoput-bl-pd-300x225.jpg 300w, https:\/\/www.prijedordanas.com\/wp-content\/uploads\/2022\/10\/rtrs-ministar-coric-obilazak-kamp-autoput-bl-pd-640x480.jpg 640w, https:\/\/www.prijedordanas.com\/wp-content\/uploads\/2022\/10\/rtrs-ministar-coric-obilazak-kamp-autoput-bl-pd.jpg 667w\" sizes=\"(max-width: 300px) 100vw, 300px\" \/><\/a>Ministar saobra\u0107aja i veza Republike Srpske Nedeljko \u0106ori\u0107 rekao je danas da je izgradnja savremenih puteva od vitalnog interesa za razvoj Srpske.<\/p>\n<p>&#8211; U toku su gra\u0111evinski radovi na glavnoj trasi auto-puta i dijelom na lokaciji petlje Prijedor. Zadovoljan sam dosada\u0161njom dinamikom radova. Nepovoljni vremenski uslovi su kratkotrajno usporili zemljane radove, ali se u narednom periodu o\u010dekuje nastavak aktivnosti, nakon \u0161to se podtlo isu\u0161i i ponovo ispita. I glavni izvo\u0111a\u010d i koncesionar uvjerili su me da sve te\u010de predvi\u0111enom dinamikom, te u narednom periodu mo\u017eemo o\u010dekivati intenziviranje aktivnosti &#8211; izjavio je \u0106ori\u0107.<\/p>\n<p>Ministar je podsjetio na zna\u010daj ove investicije kako za prijedorsku regiju, tako i za \u010ditavu Republiku Srpsku.<\/p>\n<p>&#8211; Izgradnja savremenih puteva je od vitalnog interesa za privredni razvoj zemlje. Svjesni toga, preuzeli smo na sebe obavezu izgradnje mre\u017ee modernih puteva u Republici Srpskoj, a auto-put Prijedor \u2013 Banja Luka je dio te mre\u017ee. Pokretanje javnih radova u jednoj lokalnoj zajednici, ve\u0107 u samoj fazi izgradnje doprinosi privrednom i socijalnom ambijentu, jer se dobar dio podizvo\u0111a\u010da, radnika i logistike oslanja na doma\u0107e kapacitete &#8211; istakao je \u0106ori\u0107.<\/p>\n<p>U prethodnom periodu izvr\u0161eni su geodetski radovi, ispitivanje nosivosti podtla, kao i ispitivanje i odobravanje kamenog materijala iz obli\u017enjeg kamenoloma, koji \u0107e se koristiti za izradu nasipa petlje, a u toku je i kr\u010denje visokog rastinja na nastavku trase.<\/p>\n<p>U naselju Ivanjska, u toku je izgradnja kamp naselja privremenog tipa za rukovodstvo i radnike, koje \u0107e sadr\u017eavati kancelarije, spavaone, parking i drugo.<\/p>\n<p>Ministar \u0106ori\u0107 je sa rukovodstvom Autoputeva Republike Srpske i delegacijom kompanije \u0160angdong obi\u0161ao i gradili\u0161te kampa, \u010diji zavr\u0161etak se o\u010dekuje do kraja ovog mjeseca.<\/p>\n<p>&#8211; Izgradnja privremenog kamp naselja sa prate\u0107im objektima bi\u0107e prava baza za radnike, koja bi radnicima i osoblju trebala obezbijediti adekvatne uslove za \u017eivot i rad tokom izgradnje autoputa &#8211; zaklju\u010dio je \u0106ori\u0107.<\/p>\n<p>RTRS<\/p>\n","protected":false},"excerpt":{"rendered":"<p>Ministar saobra\u0107aja i veza Republike Srpske Nedeljko \u0106ori\u0107 rekao je danas da je izgradnja savremenih puteva od vitalnog interesa za razvoj Srpske. &#8211; U toku su gra\u0111evinski radovi na glavnoj [&hellip;]<\/p>\n","protected":false},"author":1,"featured_media":0,"comment_status":"closed","ping_status":"open","sticky":false,"template":"","format":"standard","meta":{"_monsterinsights_skip_tracking":false,"_monsterinsights_sitenote_active":false,"_monsterinsights_sitenote_note":"","_monsterinsights_sitenote_category":0,"footnotes":""},"categories":[4],"tags":[],"yoast_head":"<!-- This site is optimized with the Yoast SEO plugin v21.6 - https:\/\/yoast.com\/wordpress\/plugins\/seo\/ -->\n<title>Ministar \u0106ori\u0107 obi\u0161ao gradili\u0161te kampa za radnike koji \u0107e graditi autoput Banjaluka-Prijedor - PrijedorDanas.com - Prijedorski gradski portal<\/title>\n<meta name=\"robots\" content=\"index, follow, max-snippet:-1, max-image-preview:large, max-video-preview:-1\" \/>\n<link rel=\"canonical\" href=\"https:\/\/www.prijedordanas.com\/?p=193542\" \/>\n<meta property=\"og:locale\" content=\"en_US\" \/>\n<meta property=\"og:type\" content=\"article\" \/>\n<meta property=\"og:title\" content=\"Ministar \u0106ori\u0107 obi\u0161ao gradili\u0161te kampa za radnike koji \u0107e graditi autoput Banjaluka-Prijedor - PrijedorDanas.com - Prijedorski gradski portal\" \/>\n<meta property=\"og:description\" content=\"Ministar saobra\u0107aja i veza Republike Srpske Nedeljko \u0106ori\u0107 rekao je danas da je izgradnja savremenih puteva od vitalnog interesa za razvoj Srpske. &#8211; U toku su gra\u0111evinski radovi na glavnoj [&hellip;]\" \/>\n<meta property=\"og:url\" content=\"https:\/\/www.prijedordanas.com\/?p=193542\" \/>\n<meta property=\"og:site_name\" content=\"PrijedorDanas.com - Prijedorski gradski portal\" \/>\n<meta property=\"article:publisher\" content=\"https:\/\/www.facebook.com\/PrijedorDanasCom\/\" \/>\n<meta property=\"article:published_time\" content=\"2022-10-14T18:12:18+00:00\" \/>\n<meta property=\"og:image\" content=\"https:\/\/www.prijedordanas.com\/wp-content\/uploads\/2022\/10\/rtrs-ministar-coric-obilazak-kamp-autoput-bl-pd-300x225.jpg\" \/>\n<meta name=\"author\" content=\"admin\" \/>\n<meta name=\"twitter:card\" content=\"summary_large_image\" \/>\n<meta name=\"twitter:label1\" content=\"Written by\" \/>\n\t<meta name=\"twitter:data1\" content=\"admin\" \/>\n<script type=\"application\/ld+json\" class=\"yoast-schema-graph\">{\"@context\":\"https:\/\/schema.org\",\"@graph\":[{\"@type\":\"Article\",\"@id\":\"https:\/\/www.prijedordanas.com\/?p=193542#article\",\"isPartOf\":{\"@id\":\"https:\/\/www.prijedordanas.com\/?p=193542\"},\"author\":{\"name\":\"admin\",\"@id\":\"https:\/\/www.prijedordanas.com\/#\/schema\/person\/4e08ccf29b506ca916ff86d46bb700e6\"},\"headline\":\"Ministar \u0106ori\u0107 obi\u0161ao gradili\u0161te kampa za radnike koji \u0107e graditi autoput Banjaluka-Prijedor\",\"datePublished\":\"2022-10-14T18:12:18+00:00\",\"dateModified\":\"2022-10-14T18:12:18+00:00\",\"mainEntityOfPage\":{\"@id\":\"https:\/\/www.prijedordanas.com\/?p=193542\"},\"wordCount\":338,\"publisher\":{\"@id\":\"https:\/\/www.prijedordanas.com\/#organization\"},\"articleSection\":[\"Dru\u0161tvo\"],\"inLanguage\":\"en-US\"},{\"@type\":\"WebPage\",\"@id\":\"https:\/\/www.prijedordanas.com\/?p=193542\",\"url\":\"https:\/\/www.prijedordanas.com\/?p=193542\",\"name\":\"Ministar \u0106ori\u0107 obi\u0161ao gradili\u0161te kampa za radnike koji \u0107e graditi autoput Banjaluka-Prijedor - PrijedorDanas.com - Prijedorski gradski portal\",\"isPartOf\":{\"@id\":\"https:\/\/www.prijedordanas.com\/#website\"},\"datePublished\":\"2022-10-14T18:12:18+00:00\",\"dateModified\":\"2022-10-14T18:12:18+00:00\",\"breadcrumb\":{\"@id\":\"https:\/\/www.prijedordanas.com\/?p=193542#breadcrumb\"},\"inLanguage\":\"en-US\",\"potentialAction\":[{\"@type\":\"ReadAction\",\"target\":[\"https:\/\/www.prijedordanas.com\/?p=193542\"]}]},{\"@type\":\"BreadcrumbList\",\"@id\":\"https:\/\/www.prijedordanas.com\/?p=193542#breadcrumb\",\"itemListElement\":[{\"@type\":\"ListItem\",\"position\":1,\"name\":\"Home\",\"item\":\"https:\/\/www.prijedordanas.com\/\"},{\"@type\":\"ListItem\",\"position\":2,\"name\":\"Ministar \u0106ori\u0107 obi\u0161ao gradili\u0161te kampa za radnike koji \u0107e graditi autoput Banjaluka-Prijedor\"}]},{\"@type\":\"WebSite\",\"@id\":\"https:\/\/www.prijedordanas.com\/#website\",\"url\":\"https:\/\/www.prijedordanas.com\/\",\"name\":\"PrijedorDanas.com - Prijedorski gradski portal\",\"description\":\"Portal o doga\u0111anjima u gradu Prijedoru\",\"publisher\":{\"@id\":\"https:\/\/www.prijedordanas.com\/#organization\"},\"potentialAction\":[{\"@type\":\"SearchAction\",\"target\":{\"@type\":\"EntryPoint\",\"urlTemplate\":\"https:\/\/www.prijedordanas.com\/?s={search_term_string}\"},\"query-input\":\"required name=search_term_string\"}],\"inLanguage\":\"en-US\"},{\"@type\":\"Organization\",\"@id\":\"https:\/\/www.prijedordanas.com\/#organization\",\"name\":\"PrijedorDanas.com\",\"url\":\"https:\/\/www.prijedordanas.com\/\",\"logo\":{\"@type\":\"ImageObject\",\"inLanguage\":\"en-US\",\"@id\":\"https:\/\/www.prijedordanas.com\/#\/schema\/logo\/image\/\",\"url\":\"http:\/\/www.prijedordanas.com\/wp-content\/uploads\/2021\/12\/logopng.png\",\"contentUrl\":\"http:\/\/www.prijedordanas.com\/wp-content\/uploads\/2021\/12\/logopng.png\",\"width\":1019,\"height\":776,\"caption\":\"PrijedorDanas.com\"},\"image\":{\"@id\":\"https:\/\/www.prijedordanas.com\/#\/schema\/logo\/image\/\"},\"sameAs\":[\"https:\/\/www.facebook.com\/PrijedorDanasCom\/\"]},{\"@type\":\"Person\",\"@id\":\"https:\/\/www.prijedordanas.com\/#\/schema\/person\/4e08ccf29b506ca916ff86d46bb700e6\",\"name\":\"admin\",\"image\":{\"@type\":\"ImageObject\",\"inLanguage\":\"en-US\",\"@id\":\"https:\/\/www.prijedordanas.com\/#\/schema\/person\/image\/\",\"url\":\"https:\/\/secure.gravatar.com\/avatar\/1d3fc949d550f0b53a5f0d51e06dfd79?s=96&d=mm&r=g\",\"contentUrl\":\"https:\/\/secure.gravatar.com\/avatar\/1d3fc949d550f0b53a5f0d51e06dfd79?s=96&d=mm&r=g\",\"caption\":\"admin\"},\"url\":\"https:\/\/www.prijedordanas.com\/?author=1\"}]}<\/script>\n<!-- \/ Yoast SEO plugin. -->","yoast_head_json":{"title":"Ministar \u0106ori\u0107 obi\u0161ao gradili\u0161te kampa za radnike koji \u0107e graditi autoput Banjaluka-Prijedor - PrijedorDanas.com - Prijedorski gradski portal","robots":{"index":"index","follow":"follow","max-snippet":"max-snippet:-1","max-image-preview":"max-image-preview:large","max-video-preview":"max-video-preview:-1"},"canonical":"https:\/\/www.prijedordanas.com\/?p=193542","og_locale":"en_US","og_type":"article","og_title":"Ministar \u0106ori\u0107 obi\u0161ao gradili\u0161te kampa za radnike koji \u0107e graditi autoput Banjaluka-Prijedor - PrijedorDanas.com - Prijedorski gradski portal","og_description":"Ministar saobra\u0107aja i veza Republike Srpske Nedeljko \u0106ori\u0107 rekao je danas da je izgradnja savremenih puteva od vitalnog interesa za razvoj Srpske. &#8211; U toku su gra\u0111evinski radovi na glavnoj [&hellip;]","og_url":"https:\/\/www.prijedordanas.com\/?p=193542","og_site_name":"PrijedorDanas.com - Prijedorski gradski portal","article_publisher":"https:\/\/www.facebook.com\/PrijedorDanasCom\/","article_published_time":"2022-10-14T18:12:18+00:00","og_image":[{"url":"https:\/\/www.prijedordanas.com\/wp-content\/uploads\/2022\/10\/rtrs-ministar-coric-obilazak-kamp-autoput-bl-pd-300x225.jpg"}],"author":"admin","twitter_card":"summary_large_image","twitter_misc":{"Written by":"admin"},"schema":{"@context":"https:\/\/schema.org","@graph":[{"@type":"Article","@id":"https:\/\/www.prijedordanas.com\/?p=193542#article","isPartOf":{"@id":"https:\/\/www.prijedordanas.com\/?p=193542"},"author":{"name":"admin","@id":"https:\/\/www.prijedordanas.com\/#\/schema\/person\/4e08ccf29b506ca916ff86d46bb700e6"},"headline":"Ministar \u0106ori\u0107 obi\u0161ao gradili\u0161te kampa za radnike koji \u0107e graditi autoput Banjaluka-Prijedor","datePublished":"2022-10-14T18:12:18+00:00","dateModified":"2022-10-14T18:12:18+00:00","mainEntityOfPage":{"@id":"https:\/\/www.prijedordanas.com\/?p=193542"},"wordCount":338,"publisher":{"@id":"https:\/\/www.prijedordanas.com\/#organization"},"articleSection":["Dru\u0161tvo"],"inLanguage":"en-US"},{"@type":"WebPage","@id":"https:\/\/www.prijedordanas.com\/?p=193542","url":"https:\/\/www.prijedordanas.com\/?p=193542","name":"Ministar \u0106ori\u0107 obi\u0161ao gradili\u0161te kampa za radnike koji \u0107e graditi autoput Banjaluka-Prijedor - PrijedorDanas.com - Prijedorski gradski portal","isPartOf":{"@id":"https:\/\/www.prijedordanas.com\/#website"},"datePublished":"2022-10-14T18:12:18+00:00","dateModified":"2022-10-14T18:12:18+00:00","breadcrumb":{"@id":"https:\/\/www.prijedordanas.com\/?p=193542#breadcrumb"},"inLanguage":"en-US","potentialAction":[{"@type":"ReadAction","target":["https:\/\/www.prijedordanas.com\/?p=193542"]}]},{"@type":"BreadcrumbList","@id":"https:\/\/www.prijedordanas.com\/?p=193542#breadcrumb","itemListElement":[{"@type":"ListItem","position":1,"name":"Home","item":"https:\/\/www.prijedordanas.com\/"},{"@type":"ListItem","position":2,"name":"Ministar \u0106ori\u0107 obi\u0161ao gradili\u0161te kampa za radnike koji \u0107e graditi autoput Banjaluka-Prijedor"}]},{"@type":"WebSite","@id":"https:\/\/www.prijedordanas.com\/#website","url":"https:\/\/www.prijedordanas.com\/","name":"PrijedorDanas.com - Prijedorski gradski portal","description":"Portal o doga\u0111anjima u gradu Prijedoru","publisher":{"@id":"https:\/\/www.prijedordanas.com\/#organization"},"potentialAction":[{"@type":"SearchAction","target":{"@type":"EntryPoint","urlTemplate":"https:\/\/www.prijedordanas.com\/?s={search_term_string}"},"query-input":"required name=search_term_string"}],"inLanguage":"en-US"},{"@type":"Organization","@id":"https:\/\/www.prijedordanas.com\/#organization","name":"PrijedorDanas.com","url":"https:\/\/www.prijedordanas.com\/","logo":{"@type":"ImageObject","inLanguage":"en-US","@id":"https:\/\/www.prijedordanas.com\/#\/schema\/logo\/image\/","url":"http:\/\/www.prijedordanas.com\/wp-content\/uploads\/2021\/12\/logopng.png","contentUrl":"http:\/\/www.prijedordanas.com\/wp-content\/uploads\/2021\/12\/logopng.png","width":1019,"height":776,"caption":"PrijedorDanas.com"},"image":{"@id":"https:\/\/www.prijedordanas.com\/#\/schema\/logo\/image\/"},"sameAs":["https:\/\/www.facebook.com\/PrijedorDanasCom\/"]},{"@type":"Person","@id":"https:\/\/www.prijedordanas.com\/#\/schema\/person\/4e08ccf29b506ca916ff86d46bb700e6","name":"admin","image":{"@type":"ImageObject","inLanguage":"en-US","@id":"https:\/\/www.prijedordanas.com\/#\/schema\/person\/image\/","url":"https:\/\/secure.gravatar.com\/avatar\/1d3fc949d550f0b53a5f0d51e06dfd79?s=96&d=mm&r=g","contentUrl":"https:\/\/secure.gravatar.com\/avatar\/1d3fc949d550f0b53a5f0d51e06dfd79?s=96&d=mm&r=g","caption":"admin"},"url":"https:\/\/www.prijedordanas.com\/?author=1"}]}},"_links":{"self":[{"href":"https:\/\/www.prijedordanas.com\/index.php?rest_route=\/wp\/v2\/posts\/193542"}],"collection":[{"href":"https:\/\/www.prijedordanas.com\/index.php?rest_route=\/wp\/v2\/posts"}],"about":[{"href":"https:\/\/www.prijedordanas.com\/index.php?rest_route=\/wp\/v2\/types\/post"}],"author":[{"embeddable":true,"href":"https:\/\/www.prijedordanas.com\/index.php?rest_route=\/wp\/v2\/users\/1"}],"replies":[{"embeddable":true,"href":"https:\/\/www.prijedordanas.com\/index.php?rest_route=%2Fwp%2Fv2%2Fcomments&post=193542"}],"version-history":[{"count":1,"href":"https:\/\/www.prijedordanas.com\/index.php?rest_route=\/wp\/v2\/posts\/193542\/revisions"}],"predecessor-version":[{"id":193543,"href":"https:\/\/www.prijedordanas.com\/index.php?rest_route=\/wp\/v2\/posts\/193542\/revisions\/193543"}],"wp:attachment":[{"href":"https:\/\/www.prijedordanas.com\/index.php?rest_route=%2Fwp%2Fv2%2Fmedia&parent=193542"}],"wp:term":[{"taxonomy":"category","embeddable":true,"href":"https:\/\/www.prijedordanas.com\/index.php?rest_route=%2Fwp%2Fv2%2Fcategories&post=193542"},{"taxonomy":"post_tag","embeddable":true,"href":"https:\/\/www.prijedordanas.com\/index.php?rest_route=%2Fwp%2Fv2%2Ftags&post=193542"}],"curies":[{"name":"wp","href":"https:\/\/api.w.org\/{rel}","templated":true}]}}