{"id":192974,"date":"2022-10-02T20:26:59","date_gmt":"2022-10-02T18:26:59","guid":{"rendered":"https:\/\/www.prijedordanas.com\/?p=192974"},"modified":"2022-10-02T20:26:59","modified_gmt":"2022-10-02T18:26:59","slug":"udruzenje-za-ocuvanje-tradicije-prijedor-koncert-za-korisnike-doma-za-starija-lica-video","status":"publish","type":"post","link":"https:\/\/www.prijedordanas.com\/?p=192974","title":{"rendered":"Udru\u017eenje za o\u010duvanje tradicije Prijedor: Koncert za korisnike Doma za starija lica &#8211; VIDEO"},"content":{"rendered":"<p><img loading=\"lazy\" decoding=\"async\" class=\"alignleft size-medium wp-image-192975\" src=\"https:\/\/www.prijedordanas.com\/wp-content\/uploads\/2022\/10\/kozarski-koncert-dom-za-starija-lica-1-300x222.jpg\" alt=\"\" width=\"300\" height=\"222\" srcset=\"https:\/\/www.prijedordanas.com\/wp-content\/uploads\/2022\/10\/kozarski-koncert-dom-za-starija-lica-1-300x222.jpg 300w, https:\/\/www.prijedordanas.com\/wp-content\/uploads\/2022\/10\/kozarski-koncert-dom-za-starija-lica-1.jpg 675w\" sizes=\"(max-width: 300px) 100vw, 300px\" \/>Prijedorsko Udru\u017eenja za o\u010duvanje tradicije priredilo je mini-koncert u Domu za starija lica povodom 1. oktobra, Me\u0111unarodnog dana starijih osoba. \u010clanovi mu\u0161ke pjeva\u010dke i folklorne grupe izveli su kra\u0107i program u kome su u\u017eivali njihovi stariji sugra\u0111ani. Nada Milutinovi\u0107 ve\u0107 \u010detiri godine boravi u ovoj ustanovi, a, kako ka\u017ee, raduje se svakoj posjeti mladih. Po\u0161to se prostorije Udru\u017eenje za o\u010duvanje tradicije nalaze preko puta Doma, Nada ponekad gleda kada uvje\u017ebavaju repertoar.<\/p>\n<p>\u201cFino mi je ovdje, a volim kad mladi do\u0111u da nam igraju i pjevaju. Sa svog balkona rado ih gledam kada u\u010de za svoje nastupe\u201d, rekla je Milutinovi\u0107eva.<\/p>\n<p>U Udru\u017eenju za o\u010duvanje tradicije isti\u010du da se, povodom svjetskih datuma, uvijek trude da budu dru\u0161tveno odgovorni, pa su na 1. oktobar, Me\u0111unarodni dan starijih osoba, imali nastupe u privatnom i javnom domu za stare u Prijedoru.<\/p>\n<p><img loading=\"lazy\" decoding=\"async\" src=\"https:\/\/www.prijedordanas.com\/wp-content\/uploads\/2022\/10\/kozarski-koncert-dom-za-starija-lica-2-300x169.jpg\" alt=\"\" width=\"300\" height=\"169\" class=\"alignleft size-medium wp-image-192976\" srcset=\"https:\/\/www.prijedordanas.com\/wp-content\/uploads\/2022\/10\/kozarski-koncert-dom-za-starija-lica-2-300x169.jpg 300w, https:\/\/www.prijedordanas.com\/wp-content\/uploads\/2022\/10\/kozarski-koncert-dom-za-starija-lica-2.jpg 600w\" sizes=\"(max-width: 300px) 100vw, 300px\" \/>\u201cIza\u0161li smo u susret onima koji su nas pozvali da razveselimo korisnike njihovih usluga i da im poka\u017eemo dio svog programa, odnosno ono \u0161to mi ina\u010de radimo u okviru na\u0161eg udru\u017eenja. Tako da smo priredili nekoliko mini-koncerata u tim ustanovama\u201d, rekao je \u017deljko \u0160ormaz, direktor Udru\u017eenja za o\u010duvanje tradicije.<\/p>\n<p>Ovo je samo jedna od aktivnosti kojima su u Domu za starija lica obilje\u017eili ovaj datum. Prethodno su ugostili mali\u0161ane iz prijedorskog vrti\u0107a \u201cRadost\u201d, priredili prodajnu izlo\u017ebu rukotvorina korisnika Doma na gradskom trgu te mjerili pritisak i \u0161e\u0107er starijim sugra\u0111anima.<\/p>\n<p>\u201cOvo je jedna u nizu manifestacija kojom \u017eelimo da skrenemo pa\u017enju na polo\u017eaj starijih osoba u na\u0161em dru\u0161tvu. \u017delimo da oni imaju sve ono \u0161to je prilago\u0111eno njihovim mogu\u0107nostima i potrebama\u201d, rekla je Marija Li\u010danin, v.d. direktora Doma za starija lica Prijedor, koji ima 165 korisnika.<\/p>\n<p>kozarski.com<\/p>\n<p><iframe loading=\"lazy\" title=\"KONCERT ZA KORISNIKE DOMA ZA STARIJA LICA\" width=\"500\" height=\"281\" src=\"https:\/\/www.youtube.com\/embed\/pH8kEfPZWpo?feature=oembed\" frameborder=\"0\" allow=\"accelerometer; autoplay; clipboard-write; encrypted-media; gyroscope; picture-in-picture\" allowfullscreen><\/iframe><\/p>\n","protected":false},"excerpt":{"rendered":"<p>Prijedorsko Udru\u017eenja za o\u010duvanje tradicije priredilo je mini-koncert u Domu za starija lica povodom 1. oktobra, Me\u0111unarodnog dana starijih osoba. \u010clanovi mu\u0161ke pjeva\u010dke i folklorne grupe izveli su kra\u0107i program [&hellip;]<\/p>\n","protected":false},"author":1,"featured_media":0,"comment_status":"closed","ping_status":"open","sticky":false,"template":"","format":"standard","meta":{"_monsterinsights_skip_tracking":false,"_monsterinsights_sitenote_active":false,"_monsterinsights_sitenote_note":"","_monsterinsights_sitenote_category":0,"footnotes":""},"categories":[3],"tags":[],"yoast_head":"<!-- This site is optimized with the Yoast SEO plugin v21.6 - https:\/\/yoast.com\/wordpress\/plugins\/seo\/ -->\n<title>Udru\u017eenje za o\u010duvanje tradicije Prijedor: Koncert za korisnike Doma za starija lica - VIDEO - PrijedorDanas.com - Prijedorski gradski portal<\/title>\n<meta name=\"robots\" content=\"index, follow, max-snippet:-1, max-image-preview:large, max-video-preview:-1\" \/>\n<link rel=\"canonical\" href=\"https:\/\/www.prijedordanas.com\/?p=192974\" \/>\n<meta property=\"og:locale\" content=\"en_US\" \/>\n<meta property=\"og:type\" content=\"article\" \/>\n<meta property=\"og:title\" content=\"Udru\u017eenje za o\u010duvanje tradicije Prijedor: Koncert za korisnike Doma za starija lica - VIDEO - PrijedorDanas.com - Prijedorski gradski portal\" \/>\n<meta property=\"og:description\" content=\"Prijedorsko Udru\u017eenja za o\u010duvanje tradicije priredilo je mini-koncert u Domu za starija lica povodom 1. oktobra, Me\u0111unarodnog dana starijih osoba. \u010clanovi mu\u0161ke pjeva\u010dke i folklorne grupe izveli su kra\u0107i program [&hellip;]\" \/>\n<meta property=\"og:url\" content=\"https:\/\/www.prijedordanas.com\/?p=192974\" \/>\n<meta property=\"og:site_name\" content=\"PrijedorDanas.com - Prijedorski gradski portal\" \/>\n<meta property=\"article:publisher\" content=\"https:\/\/www.facebook.com\/PrijedorDanasCom\/\" \/>\n<meta property=\"article:published_time\" content=\"2022-10-02T18:26:59+00:00\" \/>\n<meta property=\"og:image\" content=\"https:\/\/www.prijedordanas.com\/wp-content\/uploads\/2022\/10\/kozarski-koncert-dom-za-starija-lica-1-300x222.jpg\" \/>\n<meta name=\"author\" content=\"admin\" \/>\n<meta name=\"twitter:card\" content=\"summary_large_image\" \/>\n<meta name=\"twitter:label1\" content=\"Written by\" \/>\n\t<meta name=\"twitter:data1\" content=\"admin\" \/>\n\t<meta name=\"twitter:label2\" content=\"Est. reading time\" \/>\n\t<meta name=\"twitter:data2\" content=\"2 minutes\" \/>\n<script type=\"application\/ld+json\" class=\"yoast-schema-graph\">{\"@context\":\"https:\/\/schema.org\",\"@graph\":[{\"@type\":\"Article\",\"@id\":\"https:\/\/www.prijedordanas.com\/?p=192974#article\",\"isPartOf\":{\"@id\":\"https:\/\/www.prijedordanas.com\/?p=192974\"},\"author\":{\"name\":\"admin\",\"@id\":\"https:\/\/www.prijedordanas.com\/#\/schema\/person\/4e08ccf29b506ca916ff86d46bb700e6\"},\"headline\":\"Udru\u017eenje za o\u010duvanje tradicije Prijedor: Koncert za korisnike Doma za starija lica &#8211; VIDEO\",\"datePublished\":\"2022-10-02T18:26:59+00:00\",\"dateModified\":\"2022-10-02T18:26:59+00:00\",\"mainEntityOfPage\":{\"@id\":\"https:\/\/www.prijedordanas.com\/?p=192974\"},\"wordCount\":333,\"publisher\":{\"@id\":\"https:\/\/www.prijedordanas.com\/#organization\"},\"articleSection\":[\"\u017divot\"],\"inLanguage\":\"en-US\"},{\"@type\":\"WebPage\",\"@id\":\"https:\/\/www.prijedordanas.com\/?p=192974\",\"url\":\"https:\/\/www.prijedordanas.com\/?p=192974\",\"name\":\"Udru\u017eenje za o\u010duvanje tradicije Prijedor: Koncert za korisnike Doma za starija lica - VIDEO - PrijedorDanas.com - Prijedorski gradski portal\",\"isPartOf\":{\"@id\":\"https:\/\/www.prijedordanas.com\/#website\"},\"datePublished\":\"2022-10-02T18:26:59+00:00\",\"dateModified\":\"2022-10-02T18:26:59+00:00\",\"breadcrumb\":{\"@id\":\"https:\/\/www.prijedordanas.com\/?p=192974#breadcrumb\"},\"inLanguage\":\"en-US\",\"potentialAction\":[{\"@type\":\"ReadAction\",\"target\":[\"https:\/\/www.prijedordanas.com\/?p=192974\"]}]},{\"@type\":\"BreadcrumbList\",\"@id\":\"https:\/\/www.prijedordanas.com\/?p=192974#breadcrumb\",\"itemListElement\":[{\"@type\":\"ListItem\",\"position\":1,\"name\":\"Home\",\"item\":\"https:\/\/www.prijedordanas.com\/\"},{\"@type\":\"ListItem\",\"position\":2,\"name\":\"Udru\u017eenje za o\u010duvanje tradicije Prijedor: Koncert za korisnike Doma za starija lica &#8211; VIDEO\"}]},{\"@type\":\"WebSite\",\"@id\":\"https:\/\/www.prijedordanas.com\/#website\",\"url\":\"https:\/\/www.prijedordanas.com\/\",\"name\":\"PrijedorDanas.com - Prijedorski gradski portal\",\"description\":\"Portal o doga\u0111anjima u gradu Prijedoru\",\"publisher\":{\"@id\":\"https:\/\/www.prijedordanas.com\/#organization\"},\"potentialAction\":[{\"@type\":\"SearchAction\",\"target\":{\"@type\":\"EntryPoint\",\"urlTemplate\":\"https:\/\/www.prijedordanas.com\/?s={search_term_string}\"},\"query-input\":\"required name=search_term_string\"}],\"inLanguage\":\"en-US\"},{\"@type\":\"Organization\",\"@id\":\"https:\/\/www.prijedordanas.com\/#organization\",\"name\":\"PrijedorDanas.com\",\"url\":\"https:\/\/www.prijedordanas.com\/\",\"logo\":{\"@type\":\"ImageObject\",\"inLanguage\":\"en-US\",\"@id\":\"https:\/\/www.prijedordanas.com\/#\/schema\/logo\/image\/\",\"url\":\"http:\/\/www.prijedordanas.com\/wp-content\/uploads\/2021\/12\/logopng.png\",\"contentUrl\":\"http:\/\/www.prijedordanas.com\/wp-content\/uploads\/2021\/12\/logopng.png\",\"width\":1019,\"height\":776,\"caption\":\"PrijedorDanas.com\"},\"image\":{\"@id\":\"https:\/\/www.prijedordanas.com\/#\/schema\/logo\/image\/\"},\"sameAs\":[\"https:\/\/www.facebook.com\/PrijedorDanasCom\/\"]},{\"@type\":\"Person\",\"@id\":\"https:\/\/www.prijedordanas.com\/#\/schema\/person\/4e08ccf29b506ca916ff86d46bb700e6\",\"name\":\"admin\",\"image\":{\"@type\":\"ImageObject\",\"inLanguage\":\"en-US\",\"@id\":\"https:\/\/www.prijedordanas.com\/#\/schema\/person\/image\/\",\"url\":\"https:\/\/secure.gravatar.com\/avatar\/1d3fc949d550f0b53a5f0d51e06dfd79?s=96&d=mm&r=g\",\"contentUrl\":\"https:\/\/secure.gravatar.com\/avatar\/1d3fc949d550f0b53a5f0d51e06dfd79?s=96&d=mm&r=g\",\"caption\":\"admin\"},\"url\":\"https:\/\/www.prijedordanas.com\/?author=1\"}]}<\/script>\n<!-- \/ Yoast SEO plugin. -->","yoast_head_json":{"title":"Udru\u017eenje za o\u010duvanje tradicije Prijedor: Koncert za korisnike Doma za starija lica - VIDEO - PrijedorDanas.com - Prijedorski gradski portal","robots":{"index":"index","follow":"follow","max-snippet":"max-snippet:-1","max-image-preview":"max-image-preview:large","max-video-preview":"max-video-preview:-1"},"canonical":"https:\/\/www.prijedordanas.com\/?p=192974","og_locale":"en_US","og_type":"article","og_title":"Udru\u017eenje za o\u010duvanje tradicije Prijedor: Koncert za korisnike Doma za starija lica - VIDEO - PrijedorDanas.com - Prijedorski gradski portal","og_description":"Prijedorsko Udru\u017eenja za o\u010duvanje tradicije priredilo je mini-koncert u Domu za starija lica povodom 1. oktobra, Me\u0111unarodnog dana starijih osoba. \u010clanovi mu\u0161ke pjeva\u010dke i folklorne grupe izveli su kra\u0107i program [&hellip;]","og_url":"https:\/\/www.prijedordanas.com\/?p=192974","og_site_name":"PrijedorDanas.com - Prijedorski gradski portal","article_publisher":"https:\/\/www.facebook.com\/PrijedorDanasCom\/","article_published_time":"2022-10-02T18:26:59+00:00","og_image":[{"url":"https:\/\/www.prijedordanas.com\/wp-content\/uploads\/2022\/10\/kozarski-koncert-dom-za-starija-lica-1-300x222.jpg"}],"author":"admin","twitter_card":"summary_large_image","twitter_misc":{"Written by":"admin","Est. reading time":"2 minutes"},"schema":{"@context":"https:\/\/schema.org","@graph":[{"@type":"Article","@id":"https:\/\/www.prijedordanas.com\/?p=192974#article","isPartOf":{"@id":"https:\/\/www.prijedordanas.com\/?p=192974"},"author":{"name":"admin","@id":"https:\/\/www.prijedordanas.com\/#\/schema\/person\/4e08ccf29b506ca916ff86d46bb700e6"},"headline":"Udru\u017eenje za o\u010duvanje tradicije Prijedor: Koncert za korisnike Doma za starija lica &#8211; VIDEO","datePublished":"2022-10-02T18:26:59+00:00","dateModified":"2022-10-02T18:26:59+00:00","mainEntityOfPage":{"@id":"https:\/\/www.prijedordanas.com\/?p=192974"},"wordCount":333,"publisher":{"@id":"https:\/\/www.prijedordanas.com\/#organization"},"articleSection":["\u017divot"],"inLanguage":"en-US"},{"@type":"WebPage","@id":"https:\/\/www.prijedordanas.com\/?p=192974","url":"https:\/\/www.prijedordanas.com\/?p=192974","name":"Udru\u017eenje za o\u010duvanje tradicije Prijedor: Koncert za korisnike Doma za starija lica - VIDEO - PrijedorDanas.com - Prijedorski gradski portal","isPartOf":{"@id":"https:\/\/www.prijedordanas.com\/#website"},"datePublished":"2022-10-02T18:26:59+00:00","dateModified":"2022-10-02T18:26:59+00:00","breadcrumb":{"@id":"https:\/\/www.prijedordanas.com\/?p=192974#breadcrumb"},"inLanguage":"en-US","potentialAction":[{"@type":"ReadAction","target":["https:\/\/www.prijedordanas.com\/?p=192974"]}]},{"@type":"BreadcrumbList","@id":"https:\/\/www.prijedordanas.com\/?p=192974#breadcrumb","itemListElement":[{"@type":"ListItem","position":1,"name":"Home","item":"https:\/\/www.prijedordanas.com\/"},{"@type":"ListItem","position":2,"name":"Udru\u017eenje za o\u010duvanje tradicije Prijedor: Koncert za korisnike Doma za starija lica &#8211; VIDEO"}]},{"@type":"WebSite","@id":"https:\/\/www.prijedordanas.com\/#website","url":"https:\/\/www.prijedordanas.com\/","name":"PrijedorDanas.com - Prijedorski gradski portal","description":"Portal o doga\u0111anjima u gradu Prijedoru","publisher":{"@id":"https:\/\/www.prijedordanas.com\/#organization"},"potentialAction":[{"@type":"SearchAction","target":{"@type":"EntryPoint","urlTemplate":"https:\/\/www.prijedordanas.com\/?s={search_term_string}"},"query-input":"required name=search_term_string"}],"inLanguage":"en-US"},{"@type":"Organization","@id":"https:\/\/www.prijedordanas.com\/#organization","name":"PrijedorDanas.com","url":"https:\/\/www.prijedordanas.com\/","logo":{"@type":"ImageObject","inLanguage":"en-US","@id":"https:\/\/www.prijedordanas.com\/#\/schema\/logo\/image\/","url":"http:\/\/www.prijedordanas.com\/wp-content\/uploads\/2021\/12\/logopng.png","contentUrl":"http:\/\/www.prijedordanas.com\/wp-content\/uploads\/2021\/12\/logopng.png","width":1019,"height":776,"caption":"PrijedorDanas.com"},"image":{"@id":"https:\/\/www.prijedordanas.com\/#\/schema\/logo\/image\/"},"sameAs":["https:\/\/www.facebook.com\/PrijedorDanasCom\/"]},{"@type":"Person","@id":"https:\/\/www.prijedordanas.com\/#\/schema\/person\/4e08ccf29b506ca916ff86d46bb700e6","name":"admin","image":{"@type":"ImageObject","inLanguage":"en-US","@id":"https:\/\/www.prijedordanas.com\/#\/schema\/person\/image\/","url":"https:\/\/secure.gravatar.com\/avatar\/1d3fc949d550f0b53a5f0d51e06dfd79?s=96&d=mm&r=g","contentUrl":"https:\/\/secure.gravatar.com\/avatar\/1d3fc949d550f0b53a5f0d51e06dfd79?s=96&d=mm&r=g","caption":"admin"},"url":"https:\/\/www.prijedordanas.com\/?author=1"}]}},"_links":{"self":[{"href":"https:\/\/www.prijedordanas.com\/index.php?rest_route=\/wp\/v2\/posts\/192974"}],"collection":[{"href":"https:\/\/www.prijedordanas.com\/index.php?rest_route=\/wp\/v2\/posts"}],"about":[{"href":"https:\/\/www.prijedordanas.com\/index.php?rest_route=\/wp\/v2\/types\/post"}],"author":[{"embeddable":true,"href":"https:\/\/www.prijedordanas.com\/index.php?rest_route=\/wp\/v2\/users\/1"}],"replies":[{"embeddable":true,"href":"https:\/\/www.prijedordanas.com\/index.php?rest_route=%2Fwp%2Fv2%2Fcomments&post=192974"}],"version-history":[{"count":1,"href":"https:\/\/www.prijedordanas.com\/index.php?rest_route=\/wp\/v2\/posts\/192974\/revisions"}],"predecessor-version":[{"id":192977,"href":"https:\/\/www.prijedordanas.com\/index.php?rest_route=\/wp\/v2\/posts\/192974\/revisions\/192977"}],"wp:attachment":[{"href":"https:\/\/www.prijedordanas.com\/index.php?rest_route=%2Fwp%2Fv2%2Fmedia&parent=192974"}],"wp:term":[{"taxonomy":"category","embeddable":true,"href":"https:\/\/www.prijedordanas.com\/index.php?rest_route=%2Fwp%2Fv2%2Fcategories&post=192974"},{"taxonomy":"post_tag","embeddable":true,"href":"https:\/\/www.prijedordanas.com\/index.php?rest_route=%2Fwp%2Fv2%2Ftags&post=192974"}],"curies":[{"name":"wp","href":"https:\/\/api.w.org\/{rel}","templated":true}]}}