{"id":192784,"date":"2022-09-28T13:38:31","date_gmt":"2022-09-28T11:38:31","guid":{"rendered":"https:\/\/www.prijedordanas.com\/?p=192784"},"modified":"2022-09-28T13:38:31","modified_gmt":"2022-09-28T11:38:31","slug":"gradonacelnik-javor-razgovarao-sa-privatnim-prevoznicima-gdje-ima-komunikacije-ima-i-dogovora-i-realizacije","status":"publish","type":"post","link":"https:\/\/www.prijedordanas.com\/?p=192784","title":{"rendered":"Gradona\u010delnik Javor razgovarao sa privatnim prevoznicima: Gdje ima komunikacije ima i dogovora i realizacije"},"content":{"rendered":"<p><img loading=\"lazy\" decoding=\"async\" src=\"https:\/\/www.prijedordanas.com\/wp-content\/uploads\/2022\/09\/prijedorgrad-javor-prevoznici-300x225.jpg\" alt=\"\" width=\"300\" height=\"225\" class=\"alignleft size-medium wp-image-192785\" srcset=\"https:\/\/www.prijedordanas.com\/wp-content\/uploads\/2022\/09\/prijedorgrad-javor-prevoznici-300x225.jpg 300w, https:\/\/www.prijedordanas.com\/wp-content\/uploads\/2022\/09\/prijedorgrad-javor-prevoznici-640x480.jpg 640w, https:\/\/www.prijedordanas.com\/wp-content\/uploads\/2022\/09\/prijedorgrad-javor-prevoznici.jpg 667w\" sizes=\"(max-width: 300px) 100vw, 300px\" \/>Gradona\u010delnik Prijedora Slobodan Javor izjavio je da \u0107e privatnim prevoznicima koji vr\u0161e usluge javnog prevoza na podru\u010dju Prijedora danas biti ispla\u0107eno 20.100 KM subvencije iz bud\u017eeta grada, samim tim ukupno u ovoj godini 63.000 KM, a u pro\u0161loj godini 96.000 KM.<\/p>\n<p>&#8220;Meni je \u017eao \u0161to rad ovih prevoznika nije bio prepoznat i prethodnih godina. Jednostavno, nisu imali podr\u0161ku, nisu imali saradnju, to je ne\u0161to \u0161to moramo mijenjati i svakako to nije samo njihova problematika ve\u0107 zajedno i sistemski moramo rje\u0161avati ovaj problem&#8221;, rekao je Javor novinarima nakon \u0161to je odr\u017eao sastanak sa 13 prevoznika koji u Prijedoru obavljaju javni prevoz.<\/p>\n<p>On je naveo da postoji dosta neprofitabilnih linija kao i da je poskupljenje naftnih derivata dovelo do pote\u0161ko\u0107a u radu.<\/p>\n<p>&#8220;Mi \u0107emo se obavezati da ispo\u0161tujemo svoje obaveze prema njima , a to je 20.100 KM svaki mjesec i do kraja godine \u0107emo sjesti u istom sastavu da se dogovorimo za subvenciju za narednu godinu&#8221;, rekao je Javor.<\/p>\n<p>On je dodao da posebno raduje \u010dinjenica da na\u0161i sugra\u0111ani ne\u0107e ostati bez svog prevoza, a prevoznicima se zahvalio na razumijevanju \u0161to su , kada nije bilo mogu\u0107nosti da im se isplati bilo kakva pomo\u0107, oni nastavili da obavljaju svoju djelatnost.<\/p>\n<p>&#8220;Posebno raduje \u0161to je iz dana u dan sve manje problema i gdje ima komunikacije ima i dogovora i realizacije i ovo je jedan o\u010digledan primjer te dobre komunikacije prevoznika i Gradske uprave&#8221;, istakao je Javor.<\/p>\n<p>Predsjednik Udru\u017eenja autobuskih prevoznika Prijedor Zoran Grbi\u0107 rekao je da ranije nije bilo razumijevanja iz Gradske uprave i zahvalio se \u010delnim ljudima grada na podr\u0161ci.<\/p>\n<p>Prevoznik Neboj\u0161a Trkulja izrazio je nadu da se do\u0161lo do sistemskog rje\u0161enja i da se o tome ne\u0107e morati iznova razgovarati, nego da \u0107e se samo unapre\u0111ivati odnosi.<\/p>\n<p>&#8220;Ovo smo tra\u017eili zadnjih deset godina i nikad nismo mogli dobiti ni\u0161ta, a sad smo do\u0161li do rje\u0161enja jer ovo je djelatnost op\u0161tedru\u0161tvenog zna\u010daja&#8221;, poru\u010dio je Trkulja. <\/p>\n<p><a href=\"https:\/\/prijedorgrad.org\/sr-EU\/vijesti-sadrzaj.html?vid=16314\" rel=\"noopener\" target=\"_blank\">prijedorgrad.org<\/a><\/p>\n","protected":false},"excerpt":{"rendered":"<p>Gradona\u010delnik Prijedora Slobodan Javor izjavio je da \u0107e privatnim prevoznicima koji vr\u0161e usluge javnog prevoza na podru\u010dju Prijedora danas biti ispla\u0107eno 20.100 KM subvencije iz bud\u017eeta grada, samim tim ukupno [&hellip;]<\/p>\n","protected":false},"author":1,"featured_media":0,"comment_status":"closed","ping_status":"open","sticky":false,"template":"","format":"standard","meta":{"_monsterinsights_skip_tracking":false,"_monsterinsights_sitenote_active":false,"_monsterinsights_sitenote_note":"","_monsterinsights_sitenote_category":0,"footnotes":""},"categories":[8],"tags":[],"yoast_head":"<!-- This site is optimized with the Yoast SEO plugin v21.6 - https:\/\/yoast.com\/wordpress\/plugins\/seo\/ -->\n<title>Gradona\u010delnik Javor razgovarao sa privatnim prevoznicima: Gdje ima komunikacije ima i dogovora i realizacije - PrijedorDanas.com - Prijedorski gradski portal<\/title>\n<meta name=\"robots\" content=\"index, follow, max-snippet:-1, max-image-preview:large, max-video-preview:-1\" \/>\n<link rel=\"canonical\" href=\"https:\/\/www.prijedordanas.com\/?p=192784\" \/>\n<meta property=\"og:locale\" content=\"en_US\" \/>\n<meta property=\"og:type\" content=\"article\" \/>\n<meta property=\"og:title\" content=\"Gradona\u010delnik Javor razgovarao sa privatnim prevoznicima: Gdje ima komunikacije ima i dogovora i realizacije - PrijedorDanas.com - Prijedorski gradski portal\" \/>\n<meta property=\"og:description\" content=\"Gradona\u010delnik Prijedora Slobodan Javor izjavio je da \u0107e privatnim prevoznicima koji vr\u0161e usluge javnog prevoza na podru\u010dju Prijedora danas biti ispla\u0107eno 20.100 KM subvencije iz bud\u017eeta grada, samim tim ukupno [&hellip;]\" \/>\n<meta property=\"og:url\" content=\"https:\/\/www.prijedordanas.com\/?p=192784\" \/>\n<meta property=\"og:site_name\" content=\"PrijedorDanas.com - Prijedorski gradski portal\" \/>\n<meta property=\"article:publisher\" content=\"https:\/\/www.facebook.com\/PrijedorDanasCom\/\" \/>\n<meta property=\"article:published_time\" content=\"2022-09-28T11:38:31+00:00\" \/>\n<meta property=\"og:image\" content=\"https:\/\/www.prijedordanas.com\/wp-content\/uploads\/2022\/09\/prijedorgrad-javor-prevoznici-300x225.jpg\" \/>\n<meta name=\"author\" content=\"admin\" \/>\n<meta name=\"twitter:card\" content=\"summary_large_image\" \/>\n<meta name=\"twitter:label1\" content=\"Written by\" \/>\n\t<meta name=\"twitter:data1\" content=\"admin\" \/>\n<script type=\"application\/ld+json\" class=\"yoast-schema-graph\">{\"@context\":\"https:\/\/schema.org\",\"@graph\":[{\"@type\":\"Article\",\"@id\":\"https:\/\/www.prijedordanas.com\/?p=192784#article\",\"isPartOf\":{\"@id\":\"https:\/\/www.prijedordanas.com\/?p=192784\"},\"author\":{\"name\":\"admin\",\"@id\":\"https:\/\/www.prijedordanas.com\/#\/schema\/person\/4e08ccf29b506ca916ff86d46bb700e6\"},\"headline\":\"Gradona\u010delnik Javor razgovarao sa privatnim prevoznicima: Gdje ima komunikacije ima i dogovora i realizacije\",\"datePublished\":\"2022-09-28T11:38:31+00:00\",\"dateModified\":\"2022-09-28T11:38:31+00:00\",\"mainEntityOfPage\":{\"@id\":\"https:\/\/www.prijedordanas.com\/?p=192784\"},\"wordCount\":358,\"publisher\":{\"@id\":\"https:\/\/www.prijedordanas.com\/#organization\"},\"articleSection\":[\"Svakodnevno\"],\"inLanguage\":\"en-US\"},{\"@type\":\"WebPage\",\"@id\":\"https:\/\/www.prijedordanas.com\/?p=192784\",\"url\":\"https:\/\/www.prijedordanas.com\/?p=192784\",\"name\":\"Gradona\u010delnik Javor razgovarao sa privatnim prevoznicima: Gdje ima komunikacije ima i dogovora i realizacije - PrijedorDanas.com - Prijedorski gradski portal\",\"isPartOf\":{\"@id\":\"https:\/\/www.prijedordanas.com\/#website\"},\"datePublished\":\"2022-09-28T11:38:31+00:00\",\"dateModified\":\"2022-09-28T11:38:31+00:00\",\"breadcrumb\":{\"@id\":\"https:\/\/www.prijedordanas.com\/?p=192784#breadcrumb\"},\"inLanguage\":\"en-US\",\"potentialAction\":[{\"@type\":\"ReadAction\",\"target\":[\"https:\/\/www.prijedordanas.com\/?p=192784\"]}]},{\"@type\":\"BreadcrumbList\",\"@id\":\"https:\/\/www.prijedordanas.com\/?p=192784#breadcrumb\",\"itemListElement\":[{\"@type\":\"ListItem\",\"position\":1,\"name\":\"Home\",\"item\":\"https:\/\/www.prijedordanas.com\/\"},{\"@type\":\"ListItem\",\"position\":2,\"name\":\"Gradona\u010delnik Javor razgovarao sa privatnim prevoznicima: Gdje ima komunikacije ima i dogovora i realizacije\"}]},{\"@type\":\"WebSite\",\"@id\":\"https:\/\/www.prijedordanas.com\/#website\",\"url\":\"https:\/\/www.prijedordanas.com\/\",\"name\":\"PrijedorDanas.com - Prijedorski gradski portal\",\"description\":\"Portal o doga\u0111anjima u gradu Prijedoru\",\"publisher\":{\"@id\":\"https:\/\/www.prijedordanas.com\/#organization\"},\"potentialAction\":[{\"@type\":\"SearchAction\",\"target\":{\"@type\":\"EntryPoint\",\"urlTemplate\":\"https:\/\/www.prijedordanas.com\/?s={search_term_string}\"},\"query-input\":\"required name=search_term_string\"}],\"inLanguage\":\"en-US\"},{\"@type\":\"Organization\",\"@id\":\"https:\/\/www.prijedordanas.com\/#organization\",\"name\":\"PrijedorDanas.com\",\"url\":\"https:\/\/www.prijedordanas.com\/\",\"logo\":{\"@type\":\"ImageObject\",\"inLanguage\":\"en-US\",\"@id\":\"https:\/\/www.prijedordanas.com\/#\/schema\/logo\/image\/\",\"url\":\"http:\/\/www.prijedordanas.com\/wp-content\/uploads\/2021\/12\/logopng.png\",\"contentUrl\":\"http:\/\/www.prijedordanas.com\/wp-content\/uploads\/2021\/12\/logopng.png\",\"width\":1019,\"height\":776,\"caption\":\"PrijedorDanas.com\"},\"image\":{\"@id\":\"https:\/\/www.prijedordanas.com\/#\/schema\/logo\/image\/\"},\"sameAs\":[\"https:\/\/www.facebook.com\/PrijedorDanasCom\/\"]},{\"@type\":\"Person\",\"@id\":\"https:\/\/www.prijedordanas.com\/#\/schema\/person\/4e08ccf29b506ca916ff86d46bb700e6\",\"name\":\"admin\",\"image\":{\"@type\":\"ImageObject\",\"inLanguage\":\"en-US\",\"@id\":\"https:\/\/www.prijedordanas.com\/#\/schema\/person\/image\/\",\"url\":\"https:\/\/secure.gravatar.com\/avatar\/1d3fc949d550f0b53a5f0d51e06dfd79?s=96&d=mm&r=g\",\"contentUrl\":\"https:\/\/secure.gravatar.com\/avatar\/1d3fc949d550f0b53a5f0d51e06dfd79?s=96&d=mm&r=g\",\"caption\":\"admin\"},\"url\":\"https:\/\/www.prijedordanas.com\/?author=1\"}]}<\/script>\n<!-- \/ Yoast SEO plugin. -->","yoast_head_json":{"title":"Gradona\u010delnik Javor razgovarao sa privatnim prevoznicima: Gdje ima komunikacije ima i dogovora i realizacije - PrijedorDanas.com - Prijedorski gradski portal","robots":{"index":"index","follow":"follow","max-snippet":"max-snippet:-1","max-image-preview":"max-image-preview:large","max-video-preview":"max-video-preview:-1"},"canonical":"https:\/\/www.prijedordanas.com\/?p=192784","og_locale":"en_US","og_type":"article","og_title":"Gradona\u010delnik Javor razgovarao sa privatnim prevoznicima: Gdje ima komunikacije ima i dogovora i realizacije - PrijedorDanas.com - Prijedorski gradski portal","og_description":"Gradona\u010delnik Prijedora Slobodan Javor izjavio je da \u0107e privatnim prevoznicima koji vr\u0161e usluge javnog prevoza na podru\u010dju Prijedora danas biti ispla\u0107eno 20.100 KM subvencije iz bud\u017eeta grada, samim tim ukupno [&hellip;]","og_url":"https:\/\/www.prijedordanas.com\/?p=192784","og_site_name":"PrijedorDanas.com - Prijedorski gradski portal","article_publisher":"https:\/\/www.facebook.com\/PrijedorDanasCom\/","article_published_time":"2022-09-28T11:38:31+00:00","og_image":[{"url":"https:\/\/www.prijedordanas.com\/wp-content\/uploads\/2022\/09\/prijedorgrad-javor-prevoznici-300x225.jpg"}],"author":"admin","twitter_card":"summary_large_image","twitter_misc":{"Written by":"admin"},"schema":{"@context":"https:\/\/schema.org","@graph":[{"@type":"Article","@id":"https:\/\/www.prijedordanas.com\/?p=192784#article","isPartOf":{"@id":"https:\/\/www.prijedordanas.com\/?p=192784"},"author":{"name":"admin","@id":"https:\/\/www.prijedordanas.com\/#\/schema\/person\/4e08ccf29b506ca916ff86d46bb700e6"},"headline":"Gradona\u010delnik Javor razgovarao sa privatnim prevoznicima: Gdje ima komunikacije ima i dogovora i realizacije","datePublished":"2022-09-28T11:38:31+00:00","dateModified":"2022-09-28T11:38:31+00:00","mainEntityOfPage":{"@id":"https:\/\/www.prijedordanas.com\/?p=192784"},"wordCount":358,"publisher":{"@id":"https:\/\/www.prijedordanas.com\/#organization"},"articleSection":["Svakodnevno"],"inLanguage":"en-US"},{"@type":"WebPage","@id":"https:\/\/www.prijedordanas.com\/?p=192784","url":"https:\/\/www.prijedordanas.com\/?p=192784","name":"Gradona\u010delnik Javor razgovarao sa privatnim prevoznicima: Gdje ima komunikacije ima i dogovora i realizacije - PrijedorDanas.com - Prijedorski gradski portal","isPartOf":{"@id":"https:\/\/www.prijedordanas.com\/#website"},"datePublished":"2022-09-28T11:38:31+00:00","dateModified":"2022-09-28T11:38:31+00:00","breadcrumb":{"@id":"https:\/\/www.prijedordanas.com\/?p=192784#breadcrumb"},"inLanguage":"en-US","potentialAction":[{"@type":"ReadAction","target":["https:\/\/www.prijedordanas.com\/?p=192784"]}]},{"@type":"BreadcrumbList","@id":"https:\/\/www.prijedordanas.com\/?p=192784#breadcrumb","itemListElement":[{"@type":"ListItem","position":1,"name":"Home","item":"https:\/\/www.prijedordanas.com\/"},{"@type":"ListItem","position":2,"name":"Gradona\u010delnik Javor razgovarao sa privatnim prevoznicima: Gdje ima komunikacije ima i dogovora i realizacije"}]},{"@type":"WebSite","@id":"https:\/\/www.prijedordanas.com\/#website","url":"https:\/\/www.prijedordanas.com\/","name":"PrijedorDanas.com - Prijedorski gradski portal","description":"Portal o doga\u0111anjima u gradu Prijedoru","publisher":{"@id":"https:\/\/www.prijedordanas.com\/#organization"},"potentialAction":[{"@type":"SearchAction","target":{"@type":"EntryPoint","urlTemplate":"https:\/\/www.prijedordanas.com\/?s={search_term_string}"},"query-input":"required name=search_term_string"}],"inLanguage":"en-US"},{"@type":"Organization","@id":"https:\/\/www.prijedordanas.com\/#organization","name":"PrijedorDanas.com","url":"https:\/\/www.prijedordanas.com\/","logo":{"@type":"ImageObject","inLanguage":"en-US","@id":"https:\/\/www.prijedordanas.com\/#\/schema\/logo\/image\/","url":"http:\/\/www.prijedordanas.com\/wp-content\/uploads\/2021\/12\/logopng.png","contentUrl":"http:\/\/www.prijedordanas.com\/wp-content\/uploads\/2021\/12\/logopng.png","width":1019,"height":776,"caption":"PrijedorDanas.com"},"image":{"@id":"https:\/\/www.prijedordanas.com\/#\/schema\/logo\/image\/"},"sameAs":["https:\/\/www.facebook.com\/PrijedorDanasCom\/"]},{"@type":"Person","@id":"https:\/\/www.prijedordanas.com\/#\/schema\/person\/4e08ccf29b506ca916ff86d46bb700e6","name":"admin","image":{"@type":"ImageObject","inLanguage":"en-US","@id":"https:\/\/www.prijedordanas.com\/#\/schema\/person\/image\/","url":"https:\/\/secure.gravatar.com\/avatar\/1d3fc949d550f0b53a5f0d51e06dfd79?s=96&d=mm&r=g","contentUrl":"https:\/\/secure.gravatar.com\/avatar\/1d3fc949d550f0b53a5f0d51e06dfd79?s=96&d=mm&r=g","caption":"admin"},"url":"https:\/\/www.prijedordanas.com\/?author=1"}]}},"_links":{"self":[{"href":"https:\/\/www.prijedordanas.com\/index.php?rest_route=\/wp\/v2\/posts\/192784"}],"collection":[{"href":"https:\/\/www.prijedordanas.com\/index.php?rest_route=\/wp\/v2\/posts"}],"about":[{"href":"https:\/\/www.prijedordanas.com\/index.php?rest_route=\/wp\/v2\/types\/post"}],"author":[{"embeddable":true,"href":"https:\/\/www.prijedordanas.com\/index.php?rest_route=\/wp\/v2\/users\/1"}],"replies":[{"embeddable":true,"href":"https:\/\/www.prijedordanas.com\/index.php?rest_route=%2Fwp%2Fv2%2Fcomments&post=192784"}],"version-history":[{"count":1,"href":"https:\/\/www.prijedordanas.com\/index.php?rest_route=\/wp\/v2\/posts\/192784\/revisions"}],"predecessor-version":[{"id":192786,"href":"https:\/\/www.prijedordanas.com\/index.php?rest_route=\/wp\/v2\/posts\/192784\/revisions\/192786"}],"wp:attachment":[{"href":"https:\/\/www.prijedordanas.com\/index.php?rest_route=%2Fwp%2Fv2%2Fmedia&parent=192784"}],"wp:term":[{"taxonomy":"category","embeddable":true,"href":"https:\/\/www.prijedordanas.com\/index.php?rest_route=%2Fwp%2Fv2%2Fcategories&post=192784"},{"taxonomy":"post_tag","embeddable":true,"href":"https:\/\/www.prijedordanas.com\/index.php?rest_route=%2Fwp%2Fv2%2Ftags&post=192784"}],"curies":[{"name":"wp","href":"https:\/\/api.w.org\/{rel}","templated":true}]}}