{"id":192717,"date":"2022-09-26T17:50:44","date_gmt":"2022-09-26T15:50:44","guid":{"rendered":"https:\/\/www.prijedordanas.com\/?p=192717"},"modified":"2022-09-26T17:50:44","modified_gmt":"2022-09-26T15:50:44","slug":"propali-pregovori-radnici-arcelormittala-prijedor-od-sutra-strajkuju","status":"publish","type":"post","link":"https:\/\/www.prijedordanas.com\/?p=192717","title":{"rendered":"Propali pregovori: Radnici ArcelorMittala Prijedor od sutra \u0161trajkuju"},"content":{"rendered":"<p><img loading=\"lazy\" decoding=\"async\" src=\"https:\/\/www.prijedordanas.com\/wp-content\/uploads\/2019\/06\/rtrs-strajk-arselor-mital-300x225.jpg\" alt=\"\" width=\"300\" height=\"225\" class=\"alignleft size-medium wp-image-129566\" srcset=\"https:\/\/www.prijedordanas.com\/wp-content\/uploads\/2019\/06\/rtrs-strajk-arselor-mital-300x225.jpg 300w, https:\/\/www.prijedordanas.com\/wp-content\/uploads\/2019\/06\/rtrs-strajk-arselor-mital-100x75.jpg 100w, https:\/\/www.prijedordanas.com\/wp-content\/uploads\/2019\/06\/rtrs-strajk-arselor-mital-640x480.jpg 640w, https:\/\/www.prijedordanas.com\/wp-content\/uploads\/2019\/06\/rtrs-strajk-arselor-mital.jpg 666w\" sizes=\"(max-width: 300px) 100vw, 300px\" \/>Radnici \u201cArcelor Mittala\u201d stupi\u0107e u jedno\u010dasovni \u0161trajk upozorenja u utorak u 11 \u010dasova zbog neispunjavanja zahtjeva uprave da se radnicima isplati po 1.100 KM, koliko bi trebalo da dobiju njihove kolege u Zenici kao mjeru pomo\u0107i za prevazila\u017eenje posljedica inflacije.<\/p>\n<p>Predsjednik Sindikalne organizacije ove kompanije Dario Antoni\u0107 za portal CAPITAL je rekao da nije postignut nikakav napredak i da je predsjednik Upravnog odbora Nikhil Mehta odbio njihove zahtjeve, zbog \u010dega \u0107e radnici sutra na jedan \u010das prekinuti rad.<\/p>\n<p>\u201cPredsjednik Upravnog odbora Nikhil Mehta je odbio da uva\u017ei na\u0161e zahtjeve i jo\u0161 jednom se ma\u0107ehinski ponio prema prijedorskom dijelu kompanije. Pravdao se trenutnom krizom, po\u010detkom recesije, ulaganjem u koksaru, pritiscima u Zenici zbog grijanja i tako dalje. Prema nama se odnose uvijek tako: Zenica donosi pare, a da smo mi smo im samo tro\u0161ak. To se danas moglo vidjeti i na ovom sastanku, zbog \u010dega smo odlu\u010dili da krenemo sa \u0161trajkovima po organizacionim jedinicama\u201d, rekao je Antoni\u0107.<\/p>\n<p>Tako \u0107e sutra u 11 \u010dasova, na sat vremena stati radionica i radnici u kopu Omarska, a tokom dana dogovori\u0107e se koji sektor \u0107e \u0161trajkovati u srijedu, \u010detvrtak i tako dalje.<\/p>\n<p>\u201cSve najavljujemo kako bi \u0161trajk realizovali u skladu sa zakonom. Tako\u0111e, \u017eelimo radnicima prenijeti iz prve ruke sva saznanja koja imamo i da se sa njima dogovorimo o daljim koracima, kao i skup\u0161tini koja \u0107e odlu\u010divati ho\u0107emo li i kada stupiti u generalni \u0161trajk. Mi smo tra\u017eili samo da se pokrije inflacija, dogovorili smo se da ne tra\u017eimo vi\u0161e nego \u0161to je obe\u0107ano kolegama iz Zenice. Dakle, na\u0161 zahtjev je jednokratna pomo\u0107 koja bi bila oko deset odsto na trenutnu visinu plate\u201d, ka\u017ee Antoni\u0107.<\/p>\n<p>Glavni sindikalac \u201cMittala\u201d ka\u017ee da je njihov zahtjev daleko ni\u017ei od visine zvani\u010dne inflacije koja je navodno 16 odsto, iako svi mi vide da je ona daleko vi\u0161a.<\/p>\n<p>\u201cOni se i dalje dr\u017ee za 500 maraka jednokratne pomo\u0107i radnicima. Mi smo rekli da nismo socijalna ustanova, ne\u0107emo ni\u0161ta \u0161to nije dodijeljeno i drugima. \u010cak nismo tra\u017eili pove\u0107anje, ve\u0107 zahtijevamo samo da sa svojim platama budemo na nuli gubitka. Ranije smo imali sasvim solidnu platu, ali to vi\u0161e nije slu\u010daj. Realni sektor, \u010diji smo mi sastavni dio, platio je sve, i pandemiju i ovu krizu\u201d, ka\u017ee Antoni\u0107.<\/p>\n<p>Ovaj \u0161trajk \u0107e, ka\u017ee, omogu\u0107iti da radnici dogovore svoje stavove i zatra\u017ee od poslodavca da malo preispita svoje stavove i iza\u0111e sa nekom ponudom prema radnicima.<\/p>\n<p>\u201c\u010cak su naknadno u Zenici nudili ni\u017ei iznos, ali su oni to kategori\u010dno odbili. Prijete nam pri\u010dom o zatvaranju kompanije, ali svi mi znamo da to ne stoji, jer je \u201cArcelor Mittal\u201d imalo u 2021. godini i u prvoj polovini 2022. godine najve\u0107i profit od svog osnivanja. Na kakvoj oni muci prave profit, a radnicima prodaju uvijek istu pri\u010du o te\u0161kim vremenima\u201d, ka\u017ee Antoni\u0107.<\/p>\n<p>Ina\u010de, uprava je ranije radnicima u Zenici obe\u0107ala 1.100 maraka pomo\u0107i jer im je to omogu\u0107eno da urade bez pla\u0107anja da\u017ebina na taj iznos.<\/p>\n<p>Radnici su vi\u0161e puta poku\u0161avali da se sastanu sa upravo, ali im to nije po\u0161lo za rukom sve dok nisu najavili \u0161trajk.<\/p>\n<p><a href=\"https:\/\/www.capital.ba\/propali-pregovori-radnici-arcelor-mittala-od-sutra-strajkuju\/\" rel=\"noopener\" target=\"_blank\">capital.ba<\/a><\/p>\n","protected":false},"excerpt":{"rendered":"<p>Radnici \u201cArcelor Mittala\u201d stupi\u0107e u jedno\u010dasovni \u0161trajk upozorenja u utorak u 11 \u010dasova zbog neispunjavanja zahtjeva uprave da se radnicima isplati po 1.100 KM, koliko bi trebalo da dobiju njihove [&hellip;]<\/p>\n","protected":false},"author":1,"featured_media":0,"comment_status":"closed","ping_status":"open","sticky":false,"template":"","format":"standard","meta":{"_monsterinsights_skip_tracking":false,"_monsterinsights_sitenote_active":false,"_monsterinsights_sitenote_note":"","_monsterinsights_sitenote_category":0,"footnotes":""},"categories":[4],"tags":[],"yoast_head":"<!-- This site is optimized with the Yoast SEO plugin v21.6 - https:\/\/yoast.com\/wordpress\/plugins\/seo\/ -->\n<title>Propali pregovori: Radnici ArcelorMittala Prijedor od sutra \u0161trajkuju - PrijedorDanas.com - Prijedorski gradski portal<\/title>\n<meta name=\"robots\" content=\"index, follow, max-snippet:-1, max-image-preview:large, max-video-preview:-1\" \/>\n<link rel=\"canonical\" href=\"https:\/\/www.prijedordanas.com\/?p=192717\" \/>\n<meta property=\"og:locale\" content=\"en_US\" \/>\n<meta property=\"og:type\" content=\"article\" \/>\n<meta property=\"og:title\" content=\"Propali pregovori: Radnici ArcelorMittala Prijedor od sutra \u0161trajkuju - PrijedorDanas.com - Prijedorski gradski portal\" \/>\n<meta property=\"og:description\" content=\"Radnici \u201cArcelor Mittala\u201d stupi\u0107e u jedno\u010dasovni \u0161trajk upozorenja u utorak u 11 \u010dasova zbog neispunjavanja zahtjeva uprave da se radnicima isplati po 1.100 KM, koliko bi trebalo da dobiju njihove [&hellip;]\" \/>\n<meta property=\"og:url\" content=\"https:\/\/www.prijedordanas.com\/?p=192717\" \/>\n<meta property=\"og:site_name\" content=\"PrijedorDanas.com - Prijedorski gradski portal\" \/>\n<meta property=\"article:publisher\" content=\"https:\/\/www.facebook.com\/PrijedorDanasCom\/\" \/>\n<meta property=\"article:published_time\" content=\"2022-09-26T15:50:44+00:00\" \/>\n<meta property=\"og:image\" content=\"https:\/\/www.prijedordanas.com\/wp-content\/uploads\/2019\/06\/rtrs-strajk-arselor-mital-300x225.jpg\" \/>\n<meta name=\"author\" content=\"admin\" \/>\n<meta name=\"twitter:card\" content=\"summary_large_image\" \/>\n<meta name=\"twitter:label1\" content=\"Written by\" \/>\n\t<meta name=\"twitter:data1\" content=\"admin\" \/>\n<script type=\"application\/ld+json\" class=\"yoast-schema-graph\">{\"@context\":\"https:\/\/schema.org\",\"@graph\":[{\"@type\":\"Article\",\"@id\":\"https:\/\/www.prijedordanas.com\/?p=192717#article\",\"isPartOf\":{\"@id\":\"https:\/\/www.prijedordanas.com\/?p=192717\"},\"author\":{\"name\":\"admin\",\"@id\":\"https:\/\/www.prijedordanas.com\/#\/schema\/person\/4e08ccf29b506ca916ff86d46bb700e6\"},\"headline\":\"Propali pregovori: Radnici ArcelorMittala Prijedor od sutra \u0161trajkuju\",\"datePublished\":\"2022-09-26T15:50:44+00:00\",\"dateModified\":\"2022-09-26T15:50:44+00:00\",\"mainEntityOfPage\":{\"@id\":\"https:\/\/www.prijedordanas.com\/?p=192717\"},\"wordCount\":558,\"publisher\":{\"@id\":\"https:\/\/www.prijedordanas.com\/#organization\"},\"articleSection\":[\"Dru\u0161tvo\"],\"inLanguage\":\"en-US\"},{\"@type\":\"WebPage\",\"@id\":\"https:\/\/www.prijedordanas.com\/?p=192717\",\"url\":\"https:\/\/www.prijedordanas.com\/?p=192717\",\"name\":\"Propali pregovori: Radnici ArcelorMittala Prijedor od sutra \u0161trajkuju - PrijedorDanas.com - Prijedorski gradski portal\",\"isPartOf\":{\"@id\":\"https:\/\/www.prijedordanas.com\/#website\"},\"datePublished\":\"2022-09-26T15:50:44+00:00\",\"dateModified\":\"2022-09-26T15:50:44+00:00\",\"breadcrumb\":{\"@id\":\"https:\/\/www.prijedordanas.com\/?p=192717#breadcrumb\"},\"inLanguage\":\"en-US\",\"potentialAction\":[{\"@type\":\"ReadAction\",\"target\":[\"https:\/\/www.prijedordanas.com\/?p=192717\"]}]},{\"@type\":\"BreadcrumbList\",\"@id\":\"https:\/\/www.prijedordanas.com\/?p=192717#breadcrumb\",\"itemListElement\":[{\"@type\":\"ListItem\",\"position\":1,\"name\":\"Home\",\"item\":\"https:\/\/www.prijedordanas.com\/\"},{\"@type\":\"ListItem\",\"position\":2,\"name\":\"Propali pregovori: Radnici ArcelorMittala Prijedor od sutra \u0161trajkuju\"}]},{\"@type\":\"WebSite\",\"@id\":\"https:\/\/www.prijedordanas.com\/#website\",\"url\":\"https:\/\/www.prijedordanas.com\/\",\"name\":\"PrijedorDanas.com - Prijedorski gradski portal\",\"description\":\"Portal o doga\u0111anjima u gradu Prijedoru\",\"publisher\":{\"@id\":\"https:\/\/www.prijedordanas.com\/#organization\"},\"potentialAction\":[{\"@type\":\"SearchAction\",\"target\":{\"@type\":\"EntryPoint\",\"urlTemplate\":\"https:\/\/www.prijedordanas.com\/?s={search_term_string}\"},\"query-input\":\"required name=search_term_string\"}],\"inLanguage\":\"en-US\"},{\"@type\":\"Organization\",\"@id\":\"https:\/\/www.prijedordanas.com\/#organization\",\"name\":\"PrijedorDanas.com\",\"url\":\"https:\/\/www.prijedordanas.com\/\",\"logo\":{\"@type\":\"ImageObject\",\"inLanguage\":\"en-US\",\"@id\":\"https:\/\/www.prijedordanas.com\/#\/schema\/logo\/image\/\",\"url\":\"http:\/\/www.prijedordanas.com\/wp-content\/uploads\/2021\/12\/logopng.png\",\"contentUrl\":\"http:\/\/www.prijedordanas.com\/wp-content\/uploads\/2021\/12\/logopng.png\",\"width\":1019,\"height\":776,\"caption\":\"PrijedorDanas.com\"},\"image\":{\"@id\":\"https:\/\/www.prijedordanas.com\/#\/schema\/logo\/image\/\"},\"sameAs\":[\"https:\/\/www.facebook.com\/PrijedorDanasCom\/\"]},{\"@type\":\"Person\",\"@id\":\"https:\/\/www.prijedordanas.com\/#\/schema\/person\/4e08ccf29b506ca916ff86d46bb700e6\",\"name\":\"admin\",\"image\":{\"@type\":\"ImageObject\",\"inLanguage\":\"en-US\",\"@id\":\"https:\/\/www.prijedordanas.com\/#\/schema\/person\/image\/\",\"url\":\"https:\/\/secure.gravatar.com\/avatar\/1d3fc949d550f0b53a5f0d51e06dfd79?s=96&d=mm&r=g\",\"contentUrl\":\"https:\/\/secure.gravatar.com\/avatar\/1d3fc949d550f0b53a5f0d51e06dfd79?s=96&d=mm&r=g\",\"caption\":\"admin\"},\"url\":\"https:\/\/www.prijedordanas.com\/?author=1\"}]}<\/script>\n<!-- \/ Yoast SEO plugin. -->","yoast_head_json":{"title":"Propali pregovori: Radnici ArcelorMittala Prijedor od sutra \u0161trajkuju - PrijedorDanas.com - Prijedorski gradski portal","robots":{"index":"index","follow":"follow","max-snippet":"max-snippet:-1","max-image-preview":"max-image-preview:large","max-video-preview":"max-video-preview:-1"},"canonical":"https:\/\/www.prijedordanas.com\/?p=192717","og_locale":"en_US","og_type":"article","og_title":"Propali pregovori: Radnici ArcelorMittala Prijedor od sutra \u0161trajkuju - PrijedorDanas.com - Prijedorski gradski portal","og_description":"Radnici \u201cArcelor Mittala\u201d stupi\u0107e u jedno\u010dasovni \u0161trajk upozorenja u utorak u 11 \u010dasova zbog neispunjavanja zahtjeva uprave da se radnicima isplati po 1.100 KM, koliko bi trebalo da dobiju njihove [&hellip;]","og_url":"https:\/\/www.prijedordanas.com\/?p=192717","og_site_name":"PrijedorDanas.com - Prijedorski gradski portal","article_publisher":"https:\/\/www.facebook.com\/PrijedorDanasCom\/","article_published_time":"2022-09-26T15:50:44+00:00","og_image":[{"url":"https:\/\/www.prijedordanas.com\/wp-content\/uploads\/2019\/06\/rtrs-strajk-arselor-mital-300x225.jpg"}],"author":"admin","twitter_card":"summary_large_image","twitter_misc":{"Written by":"admin"},"schema":{"@context":"https:\/\/schema.org","@graph":[{"@type":"Article","@id":"https:\/\/www.prijedordanas.com\/?p=192717#article","isPartOf":{"@id":"https:\/\/www.prijedordanas.com\/?p=192717"},"author":{"name":"admin","@id":"https:\/\/www.prijedordanas.com\/#\/schema\/person\/4e08ccf29b506ca916ff86d46bb700e6"},"headline":"Propali pregovori: Radnici ArcelorMittala Prijedor od sutra \u0161trajkuju","datePublished":"2022-09-26T15:50:44+00:00","dateModified":"2022-09-26T15:50:44+00:00","mainEntityOfPage":{"@id":"https:\/\/www.prijedordanas.com\/?p=192717"},"wordCount":558,"publisher":{"@id":"https:\/\/www.prijedordanas.com\/#organization"},"articleSection":["Dru\u0161tvo"],"inLanguage":"en-US"},{"@type":"WebPage","@id":"https:\/\/www.prijedordanas.com\/?p=192717","url":"https:\/\/www.prijedordanas.com\/?p=192717","name":"Propali pregovori: Radnici ArcelorMittala Prijedor od sutra \u0161trajkuju - PrijedorDanas.com - Prijedorski gradski portal","isPartOf":{"@id":"https:\/\/www.prijedordanas.com\/#website"},"datePublished":"2022-09-26T15:50:44+00:00","dateModified":"2022-09-26T15:50:44+00:00","breadcrumb":{"@id":"https:\/\/www.prijedordanas.com\/?p=192717#breadcrumb"},"inLanguage":"en-US","potentialAction":[{"@type":"ReadAction","target":["https:\/\/www.prijedordanas.com\/?p=192717"]}]},{"@type":"BreadcrumbList","@id":"https:\/\/www.prijedordanas.com\/?p=192717#breadcrumb","itemListElement":[{"@type":"ListItem","position":1,"name":"Home","item":"https:\/\/www.prijedordanas.com\/"},{"@type":"ListItem","position":2,"name":"Propali pregovori: Radnici ArcelorMittala Prijedor od sutra \u0161trajkuju"}]},{"@type":"WebSite","@id":"https:\/\/www.prijedordanas.com\/#website","url":"https:\/\/www.prijedordanas.com\/","name":"PrijedorDanas.com - Prijedorski gradski portal","description":"Portal o doga\u0111anjima u gradu Prijedoru","publisher":{"@id":"https:\/\/www.prijedordanas.com\/#organization"},"potentialAction":[{"@type":"SearchAction","target":{"@type":"EntryPoint","urlTemplate":"https:\/\/www.prijedordanas.com\/?s={search_term_string}"},"query-input":"required name=search_term_string"}],"inLanguage":"en-US"},{"@type":"Organization","@id":"https:\/\/www.prijedordanas.com\/#organization","name":"PrijedorDanas.com","url":"https:\/\/www.prijedordanas.com\/","logo":{"@type":"ImageObject","inLanguage":"en-US","@id":"https:\/\/www.prijedordanas.com\/#\/schema\/logo\/image\/","url":"http:\/\/www.prijedordanas.com\/wp-content\/uploads\/2021\/12\/logopng.png","contentUrl":"http:\/\/www.prijedordanas.com\/wp-content\/uploads\/2021\/12\/logopng.png","width":1019,"height":776,"caption":"PrijedorDanas.com"},"image":{"@id":"https:\/\/www.prijedordanas.com\/#\/schema\/logo\/image\/"},"sameAs":["https:\/\/www.facebook.com\/PrijedorDanasCom\/"]},{"@type":"Person","@id":"https:\/\/www.prijedordanas.com\/#\/schema\/person\/4e08ccf29b506ca916ff86d46bb700e6","name":"admin","image":{"@type":"ImageObject","inLanguage":"en-US","@id":"https:\/\/www.prijedordanas.com\/#\/schema\/person\/image\/","url":"https:\/\/secure.gravatar.com\/avatar\/1d3fc949d550f0b53a5f0d51e06dfd79?s=96&d=mm&r=g","contentUrl":"https:\/\/secure.gravatar.com\/avatar\/1d3fc949d550f0b53a5f0d51e06dfd79?s=96&d=mm&r=g","caption":"admin"},"url":"https:\/\/www.prijedordanas.com\/?author=1"}]}},"_links":{"self":[{"href":"https:\/\/www.prijedordanas.com\/index.php?rest_route=\/wp\/v2\/posts\/192717"}],"collection":[{"href":"https:\/\/www.prijedordanas.com\/index.php?rest_route=\/wp\/v2\/posts"}],"about":[{"href":"https:\/\/www.prijedordanas.com\/index.php?rest_route=\/wp\/v2\/types\/post"}],"author":[{"embeddable":true,"href":"https:\/\/www.prijedordanas.com\/index.php?rest_route=\/wp\/v2\/users\/1"}],"replies":[{"embeddable":true,"href":"https:\/\/www.prijedordanas.com\/index.php?rest_route=%2Fwp%2Fv2%2Fcomments&post=192717"}],"version-history":[{"count":1,"href":"https:\/\/www.prijedordanas.com\/index.php?rest_route=\/wp\/v2\/posts\/192717\/revisions"}],"predecessor-version":[{"id":192718,"href":"https:\/\/www.prijedordanas.com\/index.php?rest_route=\/wp\/v2\/posts\/192717\/revisions\/192718"}],"wp:attachment":[{"href":"https:\/\/www.prijedordanas.com\/index.php?rest_route=%2Fwp%2Fv2%2Fmedia&parent=192717"}],"wp:term":[{"taxonomy":"category","embeddable":true,"href":"https:\/\/www.prijedordanas.com\/index.php?rest_route=%2Fwp%2Fv2%2Fcategories&post=192717"},{"taxonomy":"post_tag","embeddable":true,"href":"https:\/\/www.prijedordanas.com\/index.php?rest_route=%2Fwp%2Fv2%2Ftags&post=192717"}],"curies":[{"name":"wp","href":"https:\/\/api.w.org\/{rel}","templated":true}]}}