{"id":192530,"date":"2022-09-22T17:33:07","date_gmt":"2022-09-22T15:33:07","guid":{"rendered":"https:\/\/www.prijedordanas.com\/?p=192530"},"modified":"2022-09-22T17:33:07","modified_gmt":"2022-09-22T15:33:07","slug":"gradonacelnik-javor-razgovarao-sa-ministrom-lukacem-do-kraja-godine-65-kamera-u-sistemu-video-nadzora-u-prijedoru-foto","status":"publish","type":"post","link":"https:\/\/www.prijedordanas.com\/?p=192530","title":{"rendered":"Gradona\u010delnik Javor razgovarao sa ministrom Luka\u010dem: Do kraja godine 65 kamera u sistemu video nadzora u Prijedoru &#8211; FOTO"},"content":{"rendered":"<p><img loading=\"lazy\" decoding=\"async\" class=\"alignleft size-medium wp-image-192523\" src=\"https:\/\/www.prijedordanas.com\/wp-content\/uploads\/2022\/09\/javor-lukac-sastanak-1-300x225.jpg\" alt=\"\" width=\"300\" height=\"225\" srcset=\"https:\/\/www.prijedordanas.com\/wp-content\/uploads\/2022\/09\/javor-lukac-sastanak-1-300x225.jpg 300w, https:\/\/www.prijedordanas.com\/wp-content\/uploads\/2022\/09\/javor-lukac-sastanak-1-640x480.jpg 640w, https:\/\/www.prijedordanas.com\/wp-content\/uploads\/2022\/09\/javor-lukac-sastanak-1.jpg 667w\" sizes=\"(max-width: 300px) 100vw, 300px\" \/>Ministar unutra\u0161njih poslova Republike Srpske Dragan Luka\u010d najavio je danas da bi do kraja godine na podru\u010dju Prijedora trebalo da bude instalisano oko 65 kamera u okviru projekta uspostavljanja video nadzora u lokalnim zajednicama koji MUP provodi unazad nekoliko godina.<\/p>\n<p>On je naveo da je do sada video nadzor uspostavljen ili je u zavr\u0161noj fazi u 53 lokalne zajednice, a da je u planu da u Prijedoru bude stotinu kamera u ovoj prvoj fazi.<\/p>\n<p>&#8220;Svakako \u0107emo u narednim godinama raditi na pro\u0161irenju video nadzora, jer nam se pokazalo kao veoma dobra stvar u svim na\u0161im gradovima gdje dolazi do smanjenja krivi\u010dnih djela, do prevencije izvr\u0161enja krivi\u010dnih djela i pomo\u0107i polciji u samoj istrazi ako se ve\u0107 desi neko krivi\u010dno djelo&#8221;, rekao je Luka\u010d novinarima u Prijedoru gdje se danas sastao sa rukovodstvom Gradske i Policijske uprave \/PU\/.<\/p>\n<p><img loading=\"lazy\" decoding=\"async\" class=\"alignleft size-medium wp-image-192524\" src=\"https:\/\/www.prijedordanas.com\/wp-content\/uploads\/2022\/09\/javor-lukac-sastanak-2-300x225.jpg\" alt=\"\" width=\"300\" height=\"225\" srcset=\"https:\/\/www.prijedordanas.com\/wp-content\/uploads\/2022\/09\/javor-lukac-sastanak-2-300x225.jpg 300w, https:\/\/www.prijedordanas.com\/wp-content\/uploads\/2022\/09\/javor-lukac-sastanak-2-640x480.jpg 640w, https:\/\/www.prijedordanas.com\/wp-content\/uploads\/2022\/09\/javor-lukac-sastanak-2.jpg 667w\" sizes=\"(max-width: 300px) 100vw, 300px\" \/>On je izrazio zadovoljstvo \u0161to je gradona\u010delnik sa saradncima dao veoma visoke ocjene o dobroj saradnji administracije grada i PU Prijedor.<\/p>\n<p>&#8220;Veoma je bitno da saradnja bude u koordinaciji \u0161to se ti\u010de same bezbjednosti gra\u0111ana. Na kraju krajeva, svi smo mi servis gra\u0111ana i gra\u0111ani znaju da u toj koordinaciji mogu da se obrate i jednima i drugima i da \u0107e njihovi problemi biti rije\u0161eni&#8221;, zaklju\u010dio je Luka\u010d.<\/p>\n<p>On je naveo da je u radnoj posjeti PU Prijedor konstatovano da je stanje bezbjednosti na zadovoljavaju\u0107em nivou, a da je u prethodnom periodu bilo nekoliko krivi\u010dnih djela koja su optere\u0107ivala ovu lokalnu zajednicu, kao \u0161to je ubistvo na\u010delnika krim policije Radenka Ba\u0161i\u0107a.<\/p>\n<p><img loading=\"lazy\" decoding=\"async\" class=\"alignleft size-medium wp-image-192525\" src=\"https:\/\/www.prijedordanas.com\/wp-content\/uploads\/2022\/09\/javor-lukac-sastanak-3-300x200.jpg\" alt=\"\" width=\"300\" height=\"200\" srcset=\"https:\/\/www.prijedordanas.com\/wp-content\/uploads\/2022\/09\/javor-lukac-sastanak-3-300x200.jpg 300w, https:\/\/www.prijedordanas.com\/wp-content\/uploads\/2022\/09\/javor-lukac-sastanak-3-480x320.jpg 480w, https:\/\/www.prijedordanas.com\/wp-content\/uploads\/2022\/09\/javor-lukac-sastanak-3.jpg 600w\" sizes=\"(max-width: 300px) 100vw, 300px\" \/>&#8220;To smo rasvijetlili i dalje radimo po tome da u potpunosti rasvijetlimo ulogu bilo koga ko je imao bilo \u0161ta sa tim gnusnim i brutalnim ubistvom, tako da se odre\u0111ene stvari i dalje vode \u0161to se ti\u010de same istrage u vezi tog slu\u010daja&#8221;, istakao je Luka\u010d.<\/p>\n<p>On je dodao da je jo\u0161 jedan slu\u010daj, u pitanju je \u010dedomorstvo, izazvao uznemirenost i zabrinutost gra\u0111ana, a da su sva druga de\u0161avanja, mo\u017ee se re\u0107i, na zadovoljavaju\u0107em nivou jer se ne de\u0161avaju razbojni\u0161tva, razbojni\u010dke kra\u0111e, te\u0161ke kra\u0111e i kra\u0111e vozila odnosno de\u0161avaju se u normalnim okvirima i policija dobro radi svoj dio posla.<\/p>\n<p><img loading=\"lazy\" decoding=\"async\" class=\"alignleft size-medium wp-image-192526\" src=\"https:\/\/www.prijedordanas.com\/wp-content\/uploads\/2022\/09\/javor-lukac-sastanak-4-300x200.jpg\" alt=\"\" width=\"300\" height=\"200\" srcset=\"https:\/\/www.prijedordanas.com\/wp-content\/uploads\/2022\/09\/javor-lukac-sastanak-4-300x200.jpg 300w, https:\/\/www.prijedordanas.com\/wp-content\/uploads\/2022\/09\/javor-lukac-sastanak-4-480x320.jpg 480w, https:\/\/www.prijedordanas.com\/wp-content\/uploads\/2022\/09\/javor-lukac-sastanak-4.jpg 600w\" sizes=\"(max-width: 300px) 100vw, 300px\" \/>Gradona\u010delnik Prijedora Slobodan Javor pohvalio je odli\u010dnu saradnju i dobru komunikaciju sa PU Prijedor i na\u010delnikom Sretojom Vujanovi\u0107em, rekav\u0161i da je na najvi\u0161em mogu\u0107em nivou.<\/p>\n<p>&#8220;Tema jeste i videonadzor. \u017dao mi je \u0161to godinama unazad nije se posvetilo vi\u0161e pa\u017enje toj problematici. Smatram, iskreno, da bismo mnogo krivi\u010dnih djela br\u017ee i lak\u0161e rije\u0161ili&#8221;, poru\u010dio je Javor.<\/p>\n<p>On je podsjetio da je 2019. godine zaklju\u010den i potpisan sporazum sa MUP-om o video nadzoru, da je u maju ove godine napravljen aneks tog sporazuma i da je grad ovo shvatio ozbiljno.<\/p>\n<p>&#8220;Raspisali smo tri tendera koji su zavr\u0161eni, a odnose se na nabavku tehni\u010dke opreme, na telekomunikacije i, naravno, na pripremne radove. Grad Prijedor je samo u ovoj godini izdvojio 125.000 KM, a Vlada Republike Srpske 100.000 KM&#8221;, naglasio je Javor.<\/p>\n<p>On je najavio da za narednu godinu grad Prijedor planira izdvojiti 100.000 KM, a krajem 2023-24.godine i dodatna sredstva za te svrhe.<\/p>\n<p><a href=\"https:\/\/prijedorgrad.org\/sr-EU\/vijesti-sadrzaj.html?vid=16299\" target=\"_blank\" rel=\"noopener\">prijedorgrad.org<\/a><\/p>\n<p><img loading=\"lazy\" decoding=\"async\" src=\"https:\/\/www.prijedordanas.com\/wp-content\/uploads\/2022\/09\/javor-lukac-sastanak-6-300x200.jpg\" alt=\"\" width=\"300\" height=\"200\" class=\"alignleft size-medium wp-image-192527\" srcset=\"https:\/\/www.prijedordanas.com\/wp-content\/uploads\/2022\/09\/javor-lukac-sastanak-6-300x200.jpg 300w, https:\/\/www.prijedordanas.com\/wp-content\/uploads\/2022\/09\/javor-lukac-sastanak-6-480x320.jpg 480w, https:\/\/www.prijedordanas.com\/wp-content\/uploads\/2022\/09\/javor-lukac-sastanak-6.jpg 600w\" sizes=\"(max-width: 300px) 100vw, 300px\" \/> <img loading=\"lazy\" decoding=\"async\" src=\"https:\/\/www.prijedordanas.com\/wp-content\/uploads\/2022\/09\/javor-lukac-sastanak-5-300x193.jpg\" alt=\"\" width=\"300\" height=\"193\" class=\"alignleft size-medium wp-image-192528\" srcset=\"https:\/\/www.prijedordanas.com\/wp-content\/uploads\/2022\/09\/javor-lukac-sastanak-5-300x193.jpg 300w, https:\/\/www.prijedordanas.com\/wp-content\/uploads\/2022\/09\/javor-lukac-sastanak-5.jpg 600w\" sizes=\"(max-width: 300px) 100vw, 300px\" \/><\/p>\n","protected":false},"excerpt":{"rendered":"<p>Ministar unutra\u0161njih poslova Republike Srpske Dragan Luka\u010d najavio je danas da bi do kraja godine na podru\u010dju Prijedora trebalo da bude instalisano oko 65 kamera u okviru projekta uspostavljanja video [&hellip;]<\/p>\n","protected":false},"author":1,"featured_media":0,"comment_status":"closed","ping_status":"open","sticky":false,"template":"","format":"standard","meta":{"_monsterinsights_skip_tracking":false,"_monsterinsights_sitenote_active":false,"_monsterinsights_sitenote_note":"","_monsterinsights_sitenote_category":0,"footnotes":""},"categories":[4],"tags":[],"yoast_head":"<!-- This site is optimized with the Yoast SEO plugin v21.6 - https:\/\/yoast.com\/wordpress\/plugins\/seo\/ -->\n<title>Gradona\u010delnik Javor razgovarao sa ministrom Luka\u010dem: Do kraja godine 65 kamera u sistemu video nadzora u Prijedoru - FOTO - PrijedorDanas.com - Prijedorski gradski portal<\/title>\n<meta name=\"robots\" content=\"index, follow, max-snippet:-1, max-image-preview:large, max-video-preview:-1\" \/>\n<link rel=\"canonical\" href=\"https:\/\/www.prijedordanas.com\/?p=192530\" \/>\n<meta property=\"og:locale\" content=\"en_US\" \/>\n<meta property=\"og:type\" content=\"article\" \/>\n<meta property=\"og:title\" content=\"Gradona\u010delnik Javor razgovarao sa ministrom Luka\u010dem: Do kraja godine 65 kamera u sistemu video nadzora u Prijedoru - FOTO - PrijedorDanas.com - Prijedorski gradski portal\" \/>\n<meta property=\"og:description\" content=\"Ministar unutra\u0161njih poslova Republike Srpske Dragan Luka\u010d najavio je danas da bi do kraja godine na podru\u010dju Prijedora trebalo da bude instalisano oko 65 kamera u okviru projekta uspostavljanja video [&hellip;]\" \/>\n<meta property=\"og:url\" content=\"https:\/\/www.prijedordanas.com\/?p=192530\" \/>\n<meta property=\"og:site_name\" content=\"PrijedorDanas.com - Prijedorski gradski portal\" \/>\n<meta property=\"article:publisher\" content=\"https:\/\/www.facebook.com\/PrijedorDanasCom\/\" \/>\n<meta property=\"article:published_time\" content=\"2022-09-22T15:33:07+00:00\" \/>\n<meta property=\"og:image\" content=\"https:\/\/www.prijedordanas.com\/wp-content\/uploads\/2022\/09\/javor-lukac-sastanak-1-300x225.jpg\" \/>\n<meta name=\"author\" content=\"admin\" \/>\n<meta name=\"twitter:card\" content=\"summary_large_image\" \/>\n<meta name=\"twitter:label1\" content=\"Written by\" \/>\n\t<meta name=\"twitter:data1\" content=\"admin\" \/>\n<script type=\"application\/ld+json\" class=\"yoast-schema-graph\">{\"@context\":\"https:\/\/schema.org\",\"@graph\":[{\"@type\":\"Article\",\"@id\":\"https:\/\/www.prijedordanas.com\/?p=192530#article\",\"isPartOf\":{\"@id\":\"https:\/\/www.prijedordanas.com\/?p=192530\"},\"author\":{\"name\":\"admin\",\"@id\":\"https:\/\/www.prijedordanas.com\/#\/schema\/person\/4e08ccf29b506ca916ff86d46bb700e6\"},\"headline\":\"Gradona\u010delnik Javor razgovarao sa ministrom Luka\u010dem: Do kraja godine 65 kamera u sistemu video nadzora u Prijedoru &#8211; FOTO\",\"datePublished\":\"2022-09-22T15:33:07+00:00\",\"dateModified\":\"2022-09-22T15:33:07+00:00\",\"mainEntityOfPage\":{\"@id\":\"https:\/\/www.prijedordanas.com\/?p=192530\"},\"wordCount\":573,\"publisher\":{\"@id\":\"https:\/\/www.prijedordanas.com\/#organization\"},\"articleSection\":[\"Dru\u0161tvo\"],\"inLanguage\":\"en-US\"},{\"@type\":\"WebPage\",\"@id\":\"https:\/\/www.prijedordanas.com\/?p=192530\",\"url\":\"https:\/\/www.prijedordanas.com\/?p=192530\",\"name\":\"Gradona\u010delnik Javor razgovarao sa ministrom Luka\u010dem: Do kraja godine 65 kamera u sistemu video nadzora u Prijedoru - FOTO - PrijedorDanas.com - Prijedorski gradski portal\",\"isPartOf\":{\"@id\":\"https:\/\/www.prijedordanas.com\/#website\"},\"datePublished\":\"2022-09-22T15:33:07+00:00\",\"dateModified\":\"2022-09-22T15:33:07+00:00\",\"breadcrumb\":{\"@id\":\"https:\/\/www.prijedordanas.com\/?p=192530#breadcrumb\"},\"inLanguage\":\"en-US\",\"potentialAction\":[{\"@type\":\"ReadAction\",\"target\":[\"https:\/\/www.prijedordanas.com\/?p=192530\"]}]},{\"@type\":\"BreadcrumbList\",\"@id\":\"https:\/\/www.prijedordanas.com\/?p=192530#breadcrumb\",\"itemListElement\":[{\"@type\":\"ListItem\",\"position\":1,\"name\":\"Home\",\"item\":\"https:\/\/www.prijedordanas.com\/\"},{\"@type\":\"ListItem\",\"position\":2,\"name\":\"Gradona\u010delnik Javor razgovarao sa ministrom Luka\u010dem: Do kraja godine 65 kamera u sistemu video nadzora u Prijedoru &#8211; FOTO\"}]},{\"@type\":\"WebSite\",\"@id\":\"https:\/\/www.prijedordanas.com\/#website\",\"url\":\"https:\/\/www.prijedordanas.com\/\",\"name\":\"PrijedorDanas.com - Prijedorski gradski portal\",\"description\":\"Portal o doga\u0111anjima u gradu Prijedoru\",\"publisher\":{\"@id\":\"https:\/\/www.prijedordanas.com\/#organization\"},\"potentialAction\":[{\"@type\":\"SearchAction\",\"target\":{\"@type\":\"EntryPoint\",\"urlTemplate\":\"https:\/\/www.prijedordanas.com\/?s={search_term_string}\"},\"query-input\":\"required name=search_term_string\"}],\"inLanguage\":\"en-US\"},{\"@type\":\"Organization\",\"@id\":\"https:\/\/www.prijedordanas.com\/#organization\",\"name\":\"PrijedorDanas.com\",\"url\":\"https:\/\/www.prijedordanas.com\/\",\"logo\":{\"@type\":\"ImageObject\",\"inLanguage\":\"en-US\",\"@id\":\"https:\/\/www.prijedordanas.com\/#\/schema\/logo\/image\/\",\"url\":\"http:\/\/www.prijedordanas.com\/wp-content\/uploads\/2021\/12\/logopng.png\",\"contentUrl\":\"http:\/\/www.prijedordanas.com\/wp-content\/uploads\/2021\/12\/logopng.png\",\"width\":1019,\"height\":776,\"caption\":\"PrijedorDanas.com\"},\"image\":{\"@id\":\"https:\/\/www.prijedordanas.com\/#\/schema\/logo\/image\/\"},\"sameAs\":[\"https:\/\/www.facebook.com\/PrijedorDanasCom\/\"]},{\"@type\":\"Person\",\"@id\":\"https:\/\/www.prijedordanas.com\/#\/schema\/person\/4e08ccf29b506ca916ff86d46bb700e6\",\"name\":\"admin\",\"image\":{\"@type\":\"ImageObject\",\"inLanguage\":\"en-US\",\"@id\":\"https:\/\/www.prijedordanas.com\/#\/schema\/person\/image\/\",\"url\":\"https:\/\/secure.gravatar.com\/avatar\/1d3fc949d550f0b53a5f0d51e06dfd79?s=96&d=mm&r=g\",\"contentUrl\":\"https:\/\/secure.gravatar.com\/avatar\/1d3fc949d550f0b53a5f0d51e06dfd79?s=96&d=mm&r=g\",\"caption\":\"admin\"},\"url\":\"https:\/\/www.prijedordanas.com\/?author=1\"}]}<\/script>\n<!-- \/ Yoast SEO plugin. -->","yoast_head_json":{"title":"Gradona\u010delnik Javor razgovarao sa ministrom Luka\u010dem: Do kraja godine 65 kamera u sistemu video nadzora u Prijedoru - FOTO - PrijedorDanas.com - Prijedorski gradski portal","robots":{"index":"index","follow":"follow","max-snippet":"max-snippet:-1","max-image-preview":"max-image-preview:large","max-video-preview":"max-video-preview:-1"},"canonical":"https:\/\/www.prijedordanas.com\/?p=192530","og_locale":"en_US","og_type":"article","og_title":"Gradona\u010delnik Javor razgovarao sa ministrom Luka\u010dem: Do kraja godine 65 kamera u sistemu video nadzora u Prijedoru - FOTO - PrijedorDanas.com - Prijedorski gradski portal","og_description":"Ministar unutra\u0161njih poslova Republike Srpske Dragan Luka\u010d najavio je danas da bi do kraja godine na podru\u010dju Prijedora trebalo da bude instalisano oko 65 kamera u okviru projekta uspostavljanja video [&hellip;]","og_url":"https:\/\/www.prijedordanas.com\/?p=192530","og_site_name":"PrijedorDanas.com - Prijedorski gradski portal","article_publisher":"https:\/\/www.facebook.com\/PrijedorDanasCom\/","article_published_time":"2022-09-22T15:33:07+00:00","og_image":[{"url":"https:\/\/www.prijedordanas.com\/wp-content\/uploads\/2022\/09\/javor-lukac-sastanak-1-300x225.jpg"}],"author":"admin","twitter_card":"summary_large_image","twitter_misc":{"Written by":"admin"},"schema":{"@context":"https:\/\/schema.org","@graph":[{"@type":"Article","@id":"https:\/\/www.prijedordanas.com\/?p=192530#article","isPartOf":{"@id":"https:\/\/www.prijedordanas.com\/?p=192530"},"author":{"name":"admin","@id":"https:\/\/www.prijedordanas.com\/#\/schema\/person\/4e08ccf29b506ca916ff86d46bb700e6"},"headline":"Gradona\u010delnik Javor razgovarao sa ministrom Luka\u010dem: Do kraja godine 65 kamera u sistemu video nadzora u Prijedoru &#8211; FOTO","datePublished":"2022-09-22T15:33:07+00:00","dateModified":"2022-09-22T15:33:07+00:00","mainEntityOfPage":{"@id":"https:\/\/www.prijedordanas.com\/?p=192530"},"wordCount":573,"publisher":{"@id":"https:\/\/www.prijedordanas.com\/#organization"},"articleSection":["Dru\u0161tvo"],"inLanguage":"en-US"},{"@type":"WebPage","@id":"https:\/\/www.prijedordanas.com\/?p=192530","url":"https:\/\/www.prijedordanas.com\/?p=192530","name":"Gradona\u010delnik Javor razgovarao sa ministrom Luka\u010dem: Do kraja godine 65 kamera u sistemu video nadzora u Prijedoru - FOTO - PrijedorDanas.com - Prijedorski gradski portal","isPartOf":{"@id":"https:\/\/www.prijedordanas.com\/#website"},"datePublished":"2022-09-22T15:33:07+00:00","dateModified":"2022-09-22T15:33:07+00:00","breadcrumb":{"@id":"https:\/\/www.prijedordanas.com\/?p=192530#breadcrumb"},"inLanguage":"en-US","potentialAction":[{"@type":"ReadAction","target":["https:\/\/www.prijedordanas.com\/?p=192530"]}]},{"@type":"BreadcrumbList","@id":"https:\/\/www.prijedordanas.com\/?p=192530#breadcrumb","itemListElement":[{"@type":"ListItem","position":1,"name":"Home","item":"https:\/\/www.prijedordanas.com\/"},{"@type":"ListItem","position":2,"name":"Gradona\u010delnik Javor razgovarao sa ministrom Luka\u010dem: Do kraja godine 65 kamera u sistemu video nadzora u Prijedoru &#8211; FOTO"}]},{"@type":"WebSite","@id":"https:\/\/www.prijedordanas.com\/#website","url":"https:\/\/www.prijedordanas.com\/","name":"PrijedorDanas.com - Prijedorski gradski portal","description":"Portal o doga\u0111anjima u gradu Prijedoru","publisher":{"@id":"https:\/\/www.prijedordanas.com\/#organization"},"potentialAction":[{"@type":"SearchAction","target":{"@type":"EntryPoint","urlTemplate":"https:\/\/www.prijedordanas.com\/?s={search_term_string}"},"query-input":"required name=search_term_string"}],"inLanguage":"en-US"},{"@type":"Organization","@id":"https:\/\/www.prijedordanas.com\/#organization","name":"PrijedorDanas.com","url":"https:\/\/www.prijedordanas.com\/","logo":{"@type":"ImageObject","inLanguage":"en-US","@id":"https:\/\/www.prijedordanas.com\/#\/schema\/logo\/image\/","url":"http:\/\/www.prijedordanas.com\/wp-content\/uploads\/2021\/12\/logopng.png","contentUrl":"http:\/\/www.prijedordanas.com\/wp-content\/uploads\/2021\/12\/logopng.png","width":1019,"height":776,"caption":"PrijedorDanas.com"},"image":{"@id":"https:\/\/www.prijedordanas.com\/#\/schema\/logo\/image\/"},"sameAs":["https:\/\/www.facebook.com\/PrijedorDanasCom\/"]},{"@type":"Person","@id":"https:\/\/www.prijedordanas.com\/#\/schema\/person\/4e08ccf29b506ca916ff86d46bb700e6","name":"admin","image":{"@type":"ImageObject","inLanguage":"en-US","@id":"https:\/\/www.prijedordanas.com\/#\/schema\/person\/image\/","url":"https:\/\/secure.gravatar.com\/avatar\/1d3fc949d550f0b53a5f0d51e06dfd79?s=96&d=mm&r=g","contentUrl":"https:\/\/secure.gravatar.com\/avatar\/1d3fc949d550f0b53a5f0d51e06dfd79?s=96&d=mm&r=g","caption":"admin"},"url":"https:\/\/www.prijedordanas.com\/?author=1"}]}},"_links":{"self":[{"href":"https:\/\/www.prijedordanas.com\/index.php?rest_route=\/wp\/v2\/posts\/192530"}],"collection":[{"href":"https:\/\/www.prijedordanas.com\/index.php?rest_route=\/wp\/v2\/posts"}],"about":[{"href":"https:\/\/www.prijedordanas.com\/index.php?rest_route=\/wp\/v2\/types\/post"}],"author":[{"embeddable":true,"href":"https:\/\/www.prijedordanas.com\/index.php?rest_route=\/wp\/v2\/users\/1"}],"replies":[{"embeddable":true,"href":"https:\/\/www.prijedordanas.com\/index.php?rest_route=%2Fwp%2Fv2%2Fcomments&post=192530"}],"version-history":[{"count":1,"href":"https:\/\/www.prijedordanas.com\/index.php?rest_route=\/wp\/v2\/posts\/192530\/revisions"}],"predecessor-version":[{"id":192533,"href":"https:\/\/www.prijedordanas.com\/index.php?rest_route=\/wp\/v2\/posts\/192530\/revisions\/192533"}],"wp:attachment":[{"href":"https:\/\/www.prijedordanas.com\/index.php?rest_route=%2Fwp%2Fv2%2Fmedia&parent=192530"}],"wp:term":[{"taxonomy":"category","embeddable":true,"href":"https:\/\/www.prijedordanas.com\/index.php?rest_route=%2Fwp%2Fv2%2Fcategories&post=192530"},{"taxonomy":"post_tag","embeddable":true,"href":"https:\/\/www.prijedordanas.com\/index.php?rest_route=%2Fwp%2Fv2%2Ftags&post=192530"}],"curies":[{"name":"wp","href":"https:\/\/api.w.org\/{rel}","templated":true}]}}