{"id":192405,"date":"2022-09-19T22:10:27","date_gmt":"2022-09-19T20:10:27","guid":{"rendered":"https:\/\/www.prijedordanas.com\/?p=192405"},"modified":"2022-09-19T22:10:27","modified_gmt":"2022-09-19T20:10:27","slug":"cetrdeset-ucesnika-na-dvodnevnoj-konferenciji-u-prijedoru-podrska-kreativnoj-industriji-foto-video","status":"publish","type":"post","link":"https:\/\/www.prijedordanas.com\/?p=192405","title":{"rendered":"\u010cetrdeset u\u010desnika na dvodnevnoj konferenciji u Prijedoru: Podr\u0161ka kreativnoj industriji &#8211; FOTO\/VIDEO"},"content":{"rendered":"<p><img loading=\"lazy\" decoding=\"async\" class=\"alignleft size-medium wp-image-192406\" src=\"https:\/\/www.prijedordanas.com\/wp-content\/uploads\/2022\/09\/konferencija-prijedor-kreativna-industrija-podrska-1-300x225.jpg\" alt=\"\" width=\"300\" height=\"225\" srcset=\"https:\/\/www.prijedordanas.com\/wp-content\/uploads\/2022\/09\/konferencija-prijedor-kreativna-industrija-podrska-1-300x225.jpg 300w, https:\/\/www.prijedordanas.com\/wp-content\/uploads\/2022\/09\/konferencija-prijedor-kreativna-industrija-podrska-1-640x480.jpg 640w, https:\/\/www.prijedordanas.com\/wp-content\/uploads\/2022\/09\/konferencija-prijedor-kreativna-industrija-podrska-1.jpg 666w\" sizes=\"(max-width: 300px) 100vw, 300px\" \/>U Prijedoru je po\u010dela dvodnevna Konferencija za podr\u0161ku kreativnoj industriji, koja je okupila oko \u010detrdeset u\u010desnika te petnaest predava\u010da iz Srbije i Hrvatske. Neke od tema bile su posve\u0107ene gejming industriji i razvoju eko-sistema kao osnovi digitalne ekonomije i inovacionog rasta.<\/p>\n<p>\u201cTu smo da podijelimo znanje i na\u0161a iskustva iz Srbije, kako je nastala Asocijacija industrije video-igara Srbije, \u010dime se bavimo te na koji na\u010din poma\u017eemo na\u0161im \u010dlanovima. U dana\u0161nje vrijeme, sve je vi\u0161e kompanija, timova i studija koje se bave proizvodnjom video-igara. U Srbiji je to eksplodiralo u proteklih pet godina, tako\u0111e u Hrvatskoj, a nadamo se da sli\u010dno slijedi i ovdje\u201d, rekla je Kristina Jankovi\u0107 Obu\u0107ina, predava\u010d iz Srbije.<\/p>\n<p><img loading=\"lazy\" decoding=\"async\" class=\"alignleft size-medium wp-image-192407\" src=\"https:\/\/www.prijedordanas.com\/wp-content\/uploads\/2022\/09\/konferencija-prijedor-kreativna-industrija-podrska-2-300x225.jpg\" alt=\"\" width=\"300\" height=\"225\" srcset=\"https:\/\/www.prijedordanas.com\/wp-content\/uploads\/2022\/09\/konferencija-prijedor-kreativna-industrija-podrska-2-300x225.jpg 300w, https:\/\/www.prijedordanas.com\/wp-content\/uploads\/2022\/09\/konferencija-prijedor-kreativna-industrija-podrska-2-640x480.jpg 640w, https:\/\/www.prijedordanas.com\/wp-content\/uploads\/2022\/09\/konferencija-prijedor-kreativna-industrija-podrska-2.jpg 666w\" sizes=\"(max-width: 300px) 100vw, 300px\" \/>Dijana Grbi\u0107, koordinator Savjeta za kreativne industrije RS, podsjetila je da je ovo druga po redu konferencija, a da je prva odr\u017eana na Jahorini, na inicijativu predsjednice RS \u017deljke Cvijanovi\u0107, kako bi se sagledalo koliko ljudi radi u sektoru kreativne industrije u Srpskoj. Grbi\u0107eva je naglasila da dotad nije postojala sistemska podr\u0161ka ovoj oblasti.<\/p>\n<p>\u201cCilj nam je da ovom konferencijom osna\u017eimo neke pokreta\u010de, otvorimo nova pitanja, te pru\u017eimo informacije ljudima gdje mogu prona\u0107i podr\u0161ku za svoje ideje i razvoj u ovoj oblasti\u201d, rekla je Grbi\u0107eva.<\/p>\n<p>Po njenim rije\u010dima, kreativna i kulturna industrija generalno je jedan od velikih ekonomskih pokreta\u010da privrede u zemljama regiona.<\/p>\n<p><img loading=\"lazy\" decoding=\"async\" src=\"https:\/\/www.prijedordanas.com\/wp-content\/uploads\/2022\/09\/konferencija-prijedor-kreativna-industrija-podrska-3-300x225.jpg\" alt=\"\" width=\"300\" height=\"225\" class=\"alignleft size-medium wp-image-192408\" srcset=\"https:\/\/www.prijedordanas.com\/wp-content\/uploads\/2022\/09\/konferencija-prijedor-kreativna-industrija-podrska-3-300x225.jpg 300w, https:\/\/www.prijedordanas.com\/wp-content\/uploads\/2022\/09\/konferencija-prijedor-kreativna-industrija-podrska-3-640x480.jpg 640w, https:\/\/www.prijedordanas.com\/wp-content\/uploads\/2022\/09\/konferencija-prijedor-kreativna-industrija-podrska-3.jpg 666w\" sizes=\"(max-width: 300px) 100vw, 300px\" \/>\u201cJedan od zaklju\u010daka nakon prve konferencije bio je da je potrebna ja\u010da i sna\u017enija institucionalna podr\u0161ka ovoj vrsti industrije koja je u za\u010detku, odnosno svim pojedincima koji se time bave, kao i njihovom umre\u017eavanju, nizom poreskih olak\u0161ica i dono\u0161enjem zakona\u201d, izjavila je Dijana Grbi\u0107, sve u cilju da oni koji aktivno stvaraju u Republici Srpskoj ne bi vi\u0161e odlazili vani i radili za nekog drugog.<\/p>\n<p>Konferencija se odr\u017eava pod pokroviteljstvom predsjednice Republike Srpske \u017deljke Cvijanovi\u0107 i Grada Prijedora. Prijedor, kao \u010dlan Savjeta za kulturu i kreativne industrije Republike Srpske, drugu je godinu u projektu Kreativna (R)evolucija.<\/p>\n<p>\u201cKao predstavnik jedne od institucija sistema, mogu da izrazim zadovoljstvo \u0161to Republika Srpska, kao i gradovi i op\u0161tine u njoj, prepoznaju zna\u010daj kreativnih radionica i talenata mladih ljudi. Nadam se da \u0107e, jednog dana, od mnogih njihovih ideja nastati neki konkretni proizvodi koji \u0107e doprinijeti svima nama\u201d, rekao je zamjenik gradona\u010delnika Prijedora \u017darko Kova\u010devi\u0107.<\/p>\n<p>kozarski.com<\/p>\n<p><iframe loading=\"lazy\" title=\"\u010cETRDESET U\u010cESNIKA NA DVODNEVNOJ KONFERENCIJI U PRIJEDORU: PODR\u0160KA KREATIVNOJ INDUSTRIJI\" width=\"500\" height=\"281\" src=\"https:\/\/www.youtube.com\/embed\/0XxhUs3wc9Q?feature=oembed\" frameborder=\"0\" allow=\"accelerometer; autoplay; clipboard-write; encrypted-media; gyroscope; picture-in-picture\" allowfullscreen><\/iframe><\/p>\n","protected":false},"excerpt":{"rendered":"<p>U Prijedoru je po\u010dela dvodnevna Konferencija za podr\u0161ku kreativnoj industriji, koja je okupila oko \u010detrdeset u\u010desnika te petnaest predava\u010da iz Srbije i Hrvatske. Neke od tema bile su posve\u0107ene gejming [&hellip;]<\/p>\n","protected":false},"author":1,"featured_media":0,"comment_status":"closed","ping_status":"open","sticky":false,"template":"","format":"standard","meta":{"_monsterinsights_skip_tracking":false,"_monsterinsights_sitenote_active":false,"_monsterinsights_sitenote_note":"","_monsterinsights_sitenote_category":0,"footnotes":""},"categories":[4],"tags":[],"yoast_head":"<!-- This site is optimized with the Yoast SEO plugin v21.6 - https:\/\/yoast.com\/wordpress\/plugins\/seo\/ -->\n<title>\u010cetrdeset u\u010desnika na dvodnevnoj konferenciji u Prijedoru: Podr\u0161ka kreativnoj industriji - FOTO\/VIDEO - PrijedorDanas.com - Prijedorski gradski portal<\/title>\n<meta name=\"robots\" content=\"index, follow, max-snippet:-1, max-image-preview:large, max-video-preview:-1\" \/>\n<link rel=\"canonical\" href=\"https:\/\/www.prijedordanas.com\/?p=192405\" \/>\n<meta property=\"og:locale\" content=\"en_US\" \/>\n<meta property=\"og:type\" content=\"article\" \/>\n<meta property=\"og:title\" content=\"\u010cetrdeset u\u010desnika na dvodnevnoj konferenciji u Prijedoru: Podr\u0161ka kreativnoj industriji - FOTO\/VIDEO - PrijedorDanas.com - Prijedorski gradski portal\" \/>\n<meta property=\"og:description\" content=\"U Prijedoru je po\u010dela dvodnevna Konferencija za podr\u0161ku kreativnoj industriji, koja je okupila oko \u010detrdeset u\u010desnika te petnaest predava\u010da iz Srbije i Hrvatske. Neke od tema bile su posve\u0107ene gejming [&hellip;]\" \/>\n<meta property=\"og:url\" content=\"https:\/\/www.prijedordanas.com\/?p=192405\" \/>\n<meta property=\"og:site_name\" content=\"PrijedorDanas.com - Prijedorski gradski portal\" \/>\n<meta property=\"article:publisher\" content=\"https:\/\/www.facebook.com\/PrijedorDanasCom\/\" \/>\n<meta property=\"article:published_time\" content=\"2022-09-19T20:10:27+00:00\" \/>\n<meta property=\"og:image\" content=\"https:\/\/www.prijedordanas.com\/wp-content\/uploads\/2022\/09\/konferencija-prijedor-kreativna-industrija-podrska-1-300x225.jpg\" \/>\n<meta name=\"author\" content=\"admin\" \/>\n<meta name=\"twitter:card\" content=\"summary_large_image\" \/>\n<meta name=\"twitter:label1\" content=\"Written by\" \/>\n\t<meta name=\"twitter:data1\" content=\"admin\" \/>\n\t<meta name=\"twitter:label2\" content=\"Est. reading time\" \/>\n\t<meta name=\"twitter:data2\" content=\"3 minutes\" \/>\n<script type=\"application\/ld+json\" class=\"yoast-schema-graph\">{\"@context\":\"https:\/\/schema.org\",\"@graph\":[{\"@type\":\"Article\",\"@id\":\"https:\/\/www.prijedordanas.com\/?p=192405#article\",\"isPartOf\":{\"@id\":\"https:\/\/www.prijedordanas.com\/?p=192405\"},\"author\":{\"name\":\"admin\",\"@id\":\"https:\/\/www.prijedordanas.com\/#\/schema\/person\/4e08ccf29b506ca916ff86d46bb700e6\"},\"headline\":\"\u010cetrdeset u\u010desnika na dvodnevnoj konferenciji u Prijedoru: Podr\u0161ka kreativnoj industriji &#8211; FOTO\/VIDEO\",\"datePublished\":\"2022-09-19T20:10:27+00:00\",\"dateModified\":\"2022-09-19T20:10:27+00:00\",\"mainEntityOfPage\":{\"@id\":\"https:\/\/www.prijedordanas.com\/?p=192405\"},\"wordCount\":427,\"publisher\":{\"@id\":\"https:\/\/www.prijedordanas.com\/#organization\"},\"articleSection\":[\"Dru\u0161tvo\"],\"inLanguage\":\"en-US\"},{\"@type\":\"WebPage\",\"@id\":\"https:\/\/www.prijedordanas.com\/?p=192405\",\"url\":\"https:\/\/www.prijedordanas.com\/?p=192405\",\"name\":\"\u010cetrdeset u\u010desnika na dvodnevnoj konferenciji u Prijedoru: Podr\u0161ka kreativnoj industriji - FOTO\/VIDEO - PrijedorDanas.com - Prijedorski gradski portal\",\"isPartOf\":{\"@id\":\"https:\/\/www.prijedordanas.com\/#website\"},\"datePublished\":\"2022-09-19T20:10:27+00:00\",\"dateModified\":\"2022-09-19T20:10:27+00:00\",\"breadcrumb\":{\"@id\":\"https:\/\/www.prijedordanas.com\/?p=192405#breadcrumb\"},\"inLanguage\":\"en-US\",\"potentialAction\":[{\"@type\":\"ReadAction\",\"target\":[\"https:\/\/www.prijedordanas.com\/?p=192405\"]}]},{\"@type\":\"BreadcrumbList\",\"@id\":\"https:\/\/www.prijedordanas.com\/?p=192405#breadcrumb\",\"itemListElement\":[{\"@type\":\"ListItem\",\"position\":1,\"name\":\"Home\",\"item\":\"https:\/\/www.prijedordanas.com\/\"},{\"@type\":\"ListItem\",\"position\":2,\"name\":\"\u010cetrdeset u\u010desnika na dvodnevnoj konferenciji u Prijedoru: Podr\u0161ka kreativnoj industriji &#8211; FOTO\/VIDEO\"}]},{\"@type\":\"WebSite\",\"@id\":\"https:\/\/www.prijedordanas.com\/#website\",\"url\":\"https:\/\/www.prijedordanas.com\/\",\"name\":\"PrijedorDanas.com - Prijedorski gradski portal\",\"description\":\"Portal o doga\u0111anjima u gradu Prijedoru\",\"publisher\":{\"@id\":\"https:\/\/www.prijedordanas.com\/#organization\"},\"potentialAction\":[{\"@type\":\"SearchAction\",\"target\":{\"@type\":\"EntryPoint\",\"urlTemplate\":\"https:\/\/www.prijedordanas.com\/?s={search_term_string}\"},\"query-input\":\"required name=search_term_string\"}],\"inLanguage\":\"en-US\"},{\"@type\":\"Organization\",\"@id\":\"https:\/\/www.prijedordanas.com\/#organization\",\"name\":\"PrijedorDanas.com\",\"url\":\"https:\/\/www.prijedordanas.com\/\",\"logo\":{\"@type\":\"ImageObject\",\"inLanguage\":\"en-US\",\"@id\":\"https:\/\/www.prijedordanas.com\/#\/schema\/logo\/image\/\",\"url\":\"http:\/\/www.prijedordanas.com\/wp-content\/uploads\/2021\/12\/logopng.png\",\"contentUrl\":\"http:\/\/www.prijedordanas.com\/wp-content\/uploads\/2021\/12\/logopng.png\",\"width\":1019,\"height\":776,\"caption\":\"PrijedorDanas.com\"},\"image\":{\"@id\":\"https:\/\/www.prijedordanas.com\/#\/schema\/logo\/image\/\"},\"sameAs\":[\"https:\/\/www.facebook.com\/PrijedorDanasCom\/\"]},{\"@type\":\"Person\",\"@id\":\"https:\/\/www.prijedordanas.com\/#\/schema\/person\/4e08ccf29b506ca916ff86d46bb700e6\",\"name\":\"admin\",\"image\":{\"@type\":\"ImageObject\",\"inLanguage\":\"en-US\",\"@id\":\"https:\/\/www.prijedordanas.com\/#\/schema\/person\/image\/\",\"url\":\"https:\/\/secure.gravatar.com\/avatar\/1d3fc949d550f0b53a5f0d51e06dfd79?s=96&d=mm&r=g\",\"contentUrl\":\"https:\/\/secure.gravatar.com\/avatar\/1d3fc949d550f0b53a5f0d51e06dfd79?s=96&d=mm&r=g\",\"caption\":\"admin\"},\"url\":\"https:\/\/www.prijedordanas.com\/?author=1\"}]}<\/script>\n<!-- \/ Yoast SEO plugin. -->","yoast_head_json":{"title":"\u010cetrdeset u\u010desnika na dvodnevnoj konferenciji u Prijedoru: Podr\u0161ka kreativnoj industriji - FOTO\/VIDEO - PrijedorDanas.com - Prijedorski gradski portal","robots":{"index":"index","follow":"follow","max-snippet":"max-snippet:-1","max-image-preview":"max-image-preview:large","max-video-preview":"max-video-preview:-1"},"canonical":"https:\/\/www.prijedordanas.com\/?p=192405","og_locale":"en_US","og_type":"article","og_title":"\u010cetrdeset u\u010desnika na dvodnevnoj konferenciji u Prijedoru: Podr\u0161ka kreativnoj industriji - FOTO\/VIDEO - PrijedorDanas.com - Prijedorski gradski portal","og_description":"U Prijedoru je po\u010dela dvodnevna Konferencija za podr\u0161ku kreativnoj industriji, koja je okupila oko \u010detrdeset u\u010desnika te petnaest predava\u010da iz Srbije i Hrvatske. Neke od tema bile su posve\u0107ene gejming [&hellip;]","og_url":"https:\/\/www.prijedordanas.com\/?p=192405","og_site_name":"PrijedorDanas.com - Prijedorski gradski portal","article_publisher":"https:\/\/www.facebook.com\/PrijedorDanasCom\/","article_published_time":"2022-09-19T20:10:27+00:00","og_image":[{"url":"https:\/\/www.prijedordanas.com\/wp-content\/uploads\/2022\/09\/konferencija-prijedor-kreativna-industrija-podrska-1-300x225.jpg"}],"author":"admin","twitter_card":"summary_large_image","twitter_misc":{"Written by":"admin","Est. reading time":"3 minutes"},"schema":{"@context":"https:\/\/schema.org","@graph":[{"@type":"Article","@id":"https:\/\/www.prijedordanas.com\/?p=192405#article","isPartOf":{"@id":"https:\/\/www.prijedordanas.com\/?p=192405"},"author":{"name":"admin","@id":"https:\/\/www.prijedordanas.com\/#\/schema\/person\/4e08ccf29b506ca916ff86d46bb700e6"},"headline":"\u010cetrdeset u\u010desnika na dvodnevnoj konferenciji u Prijedoru: Podr\u0161ka kreativnoj industriji &#8211; FOTO\/VIDEO","datePublished":"2022-09-19T20:10:27+00:00","dateModified":"2022-09-19T20:10:27+00:00","mainEntityOfPage":{"@id":"https:\/\/www.prijedordanas.com\/?p=192405"},"wordCount":427,"publisher":{"@id":"https:\/\/www.prijedordanas.com\/#organization"},"articleSection":["Dru\u0161tvo"],"inLanguage":"en-US"},{"@type":"WebPage","@id":"https:\/\/www.prijedordanas.com\/?p=192405","url":"https:\/\/www.prijedordanas.com\/?p=192405","name":"\u010cetrdeset u\u010desnika na dvodnevnoj konferenciji u Prijedoru: Podr\u0161ka kreativnoj industriji - FOTO\/VIDEO - PrijedorDanas.com - Prijedorski gradski portal","isPartOf":{"@id":"https:\/\/www.prijedordanas.com\/#website"},"datePublished":"2022-09-19T20:10:27+00:00","dateModified":"2022-09-19T20:10:27+00:00","breadcrumb":{"@id":"https:\/\/www.prijedordanas.com\/?p=192405#breadcrumb"},"inLanguage":"en-US","potentialAction":[{"@type":"ReadAction","target":["https:\/\/www.prijedordanas.com\/?p=192405"]}]},{"@type":"BreadcrumbList","@id":"https:\/\/www.prijedordanas.com\/?p=192405#breadcrumb","itemListElement":[{"@type":"ListItem","position":1,"name":"Home","item":"https:\/\/www.prijedordanas.com\/"},{"@type":"ListItem","position":2,"name":"\u010cetrdeset u\u010desnika na dvodnevnoj konferenciji u Prijedoru: Podr\u0161ka kreativnoj industriji &#8211; FOTO\/VIDEO"}]},{"@type":"WebSite","@id":"https:\/\/www.prijedordanas.com\/#website","url":"https:\/\/www.prijedordanas.com\/","name":"PrijedorDanas.com - Prijedorski gradski portal","description":"Portal o doga\u0111anjima u gradu Prijedoru","publisher":{"@id":"https:\/\/www.prijedordanas.com\/#organization"},"potentialAction":[{"@type":"SearchAction","target":{"@type":"EntryPoint","urlTemplate":"https:\/\/www.prijedordanas.com\/?s={search_term_string}"},"query-input":"required name=search_term_string"}],"inLanguage":"en-US"},{"@type":"Organization","@id":"https:\/\/www.prijedordanas.com\/#organization","name":"PrijedorDanas.com","url":"https:\/\/www.prijedordanas.com\/","logo":{"@type":"ImageObject","inLanguage":"en-US","@id":"https:\/\/www.prijedordanas.com\/#\/schema\/logo\/image\/","url":"http:\/\/www.prijedordanas.com\/wp-content\/uploads\/2021\/12\/logopng.png","contentUrl":"http:\/\/www.prijedordanas.com\/wp-content\/uploads\/2021\/12\/logopng.png","width":1019,"height":776,"caption":"PrijedorDanas.com"},"image":{"@id":"https:\/\/www.prijedordanas.com\/#\/schema\/logo\/image\/"},"sameAs":["https:\/\/www.facebook.com\/PrijedorDanasCom\/"]},{"@type":"Person","@id":"https:\/\/www.prijedordanas.com\/#\/schema\/person\/4e08ccf29b506ca916ff86d46bb700e6","name":"admin","image":{"@type":"ImageObject","inLanguage":"en-US","@id":"https:\/\/www.prijedordanas.com\/#\/schema\/person\/image\/","url":"https:\/\/secure.gravatar.com\/avatar\/1d3fc949d550f0b53a5f0d51e06dfd79?s=96&d=mm&r=g","contentUrl":"https:\/\/secure.gravatar.com\/avatar\/1d3fc949d550f0b53a5f0d51e06dfd79?s=96&d=mm&r=g","caption":"admin"},"url":"https:\/\/www.prijedordanas.com\/?author=1"}]}},"_links":{"self":[{"href":"https:\/\/www.prijedordanas.com\/index.php?rest_route=\/wp\/v2\/posts\/192405"}],"collection":[{"href":"https:\/\/www.prijedordanas.com\/index.php?rest_route=\/wp\/v2\/posts"}],"about":[{"href":"https:\/\/www.prijedordanas.com\/index.php?rest_route=\/wp\/v2\/types\/post"}],"author":[{"embeddable":true,"href":"https:\/\/www.prijedordanas.com\/index.php?rest_route=\/wp\/v2\/users\/1"}],"replies":[{"embeddable":true,"href":"https:\/\/www.prijedordanas.com\/index.php?rest_route=%2Fwp%2Fv2%2Fcomments&post=192405"}],"version-history":[{"count":1,"href":"https:\/\/www.prijedordanas.com\/index.php?rest_route=\/wp\/v2\/posts\/192405\/revisions"}],"predecessor-version":[{"id":192409,"href":"https:\/\/www.prijedordanas.com\/index.php?rest_route=\/wp\/v2\/posts\/192405\/revisions\/192409"}],"wp:attachment":[{"href":"https:\/\/www.prijedordanas.com\/index.php?rest_route=%2Fwp%2Fv2%2Fmedia&parent=192405"}],"wp:term":[{"taxonomy":"category","embeddable":true,"href":"https:\/\/www.prijedordanas.com\/index.php?rest_route=%2Fwp%2Fv2%2Fcategories&post=192405"},{"taxonomy":"post_tag","embeddable":true,"href":"https:\/\/www.prijedordanas.com\/index.php?rest_route=%2Fwp%2Fv2%2Ftags&post=192405"}],"curies":[{"name":"wp","href":"https:\/\/api.w.org\/{rel}","templated":true}]}}