{"id":191681,"date":"2022-09-04T23:45:25","date_gmt":"2022-09-04T21:45:25","guid":{"rendered":"https:\/\/www.prijedordanas.com\/?p=191681"},"modified":"2022-09-05T08:10:48","modified_gmt":"2022-09-05T06:10:48","slug":"nps-darko-banjac-cuvamo-sjecanje-na-heroje-karanskog-bataljona-foto-video","status":"publish","type":"post","link":"https:\/\/www.prijedordanas.com\/?p=191681","title":{"rendered":"NPS &#8211; Darko Banjac: \u010cuvamo sje\u0107anje na heroje Karanskog bataljona &#8211; FOTO\/VIDEO"},"content":{"rendered":"<p><img loading=\"lazy\" decoding=\"async\" class=\"alignleft size-medium wp-image-191682\" src=\"https:\/\/www.prijedordanas.com\/wp-content\/uploads\/2022\/09\/nps-karanski-bataljon-godisnjica-1-300x225.jpg\" alt=\"\" width=\"300\" height=\"225\" srcset=\"https:\/\/www.prijedordanas.com\/wp-content\/uploads\/2022\/09\/nps-karanski-bataljon-godisnjica-1-300x225.jpg 300w, https:\/\/www.prijedordanas.com\/wp-content\/uploads\/2022\/09\/nps-karanski-bataljon-godisnjica-1-640x480.jpg 640w, https:\/\/www.prijedordanas.com\/wp-content\/uploads\/2022\/09\/nps-karanski-bataljon-godisnjica-1.jpg 667w\" sizes=\"(max-width: 300px) 100vw, 300px\" \/>Danas je delegacija Gradskog odbora Narodne partije Srpske Prijedor povodom 81. godi\u0161njice formiranja Karanskog bataljona polo\u017eila vijence svim palim herojima ovog bataljona u Drugom svjetskom ratu.<\/p>\n<p>\u010cuveni Karanski bataljon bio je Prvi bataljon u Drugom kozarskom partizanskom odredu. Za vrijeme Drugog svjetskog rata iz ovog bataljona do\u0161lo je \u010dak 15 narodnih heroja i jedan general generala. Poznato je tako\u0111e da su upravo borci ovog bataljona u\u010destvovali u odbrani ostalih op\u0161tina Potkozarja, kao i u borbama protiv okupatora u skoro svim republikama biv\u0161e Jugoslavije.<\/p>\n<p>Upravo ovdje na Karanu narod je odlu\u010dno i hrabro krenuo u odbranu Kozare i taj \u010din isti\u010demo sa ponosom. Ne mo\u017eemo i nec\u0301emo zaboraviti ni velike \u017ertve i zato se na ovom velikom mjestu sjec\u0301amo tih dana kada je formiran Karanski bataljon koji je krenuo na svoj put ka slobodi Potkozarja i na\u0161eg naroda. Neka je svim herojima Karanskog odreda vje\u010dna slava i hvala!<\/p>\n<p><iframe loading=\"lazy\" style=\"border: none; overflow: hidden;\" src=\"https:\/\/www.facebook.com\/plugins\/video.php?height=314&amp;href=https%3A%2F%2Fwww.facebook.com%2Fnarodnapartijasrpskepd%2Fvideos%2F872625240811505%2F&amp;show_text=false&amp;width=560&amp;t=0\" width=\"560\" height=\"314\" frameborder=\"0\" scrolling=\"no\" allowfullscreen=\"allowfullscreen\"><\/iframe><\/p>\n<p><img loading=\"lazy\" decoding=\"async\" class=\"alignleft size-medium wp-image-191683\" src=\"https:\/\/www.prijedordanas.com\/wp-content\/uploads\/2022\/09\/nps-karanski-bataljon-godisnjica-2-300x225.jpg\" alt=\"\" width=\"300\" height=\"225\" srcset=\"https:\/\/www.prijedordanas.com\/wp-content\/uploads\/2022\/09\/nps-karanski-bataljon-godisnjica-2-300x225.jpg 300w, https:\/\/www.prijedordanas.com\/wp-content\/uploads\/2022\/09\/nps-karanski-bataljon-godisnjica-2-640x480.jpg 640w, https:\/\/www.prijedordanas.com\/wp-content\/uploads\/2022\/09\/nps-karanski-bataljon-godisnjica-2.jpg 666w\" sizes=\"(max-width: 300px) 100vw, 300px\" \/> <img loading=\"lazy\" decoding=\"async\" class=\"alignleft size-medium wp-image-191684\" src=\"https:\/\/www.prijedordanas.com\/wp-content\/uploads\/2022\/09\/nps-karanski-bataljon-godisnjica-3-300x225.jpg\" alt=\"\" width=\"300\" height=\"225\" srcset=\"https:\/\/www.prijedordanas.com\/wp-content\/uploads\/2022\/09\/nps-karanski-bataljon-godisnjica-3-300x225.jpg 300w, https:\/\/www.prijedordanas.com\/wp-content\/uploads\/2022\/09\/nps-karanski-bataljon-godisnjica-3-640x480.jpg 640w, https:\/\/www.prijedordanas.com\/wp-content\/uploads\/2022\/09\/nps-karanski-bataljon-godisnjica-3.jpg 666w\" sizes=\"(max-width: 300px) 100vw, 300px\" \/><\/p>\n<p>***Sponzorisana objava***<\/p>\n","protected":false},"excerpt":{"rendered":"<p>Danas je delegacija Gradskog odbora Narodne partije Srpske Prijedor povodom 81. godi\u0161njice formiranja Karanskog bataljona polo\u017eila vijence svim palim herojima ovog bataljona u Drugom svjetskom ratu. \u010cuveni Karanski bataljon bio [&hellip;]<\/p>\n","protected":false},"author":1,"featured_media":0,"comment_status":"closed","ping_status":"open","sticky":false,"template":"","format":"standard","meta":{"_monsterinsights_skip_tracking":false,"_monsterinsights_sitenote_active":false,"_monsterinsights_sitenote_note":"","_monsterinsights_sitenote_category":0,"footnotes":""},"categories":[11585],"tags":[],"yoast_head":"<!-- This site is optimized with the Yoast SEO plugin v21.6 - https:\/\/yoast.com\/wordpress\/plugins\/seo\/ -->\n<title>NPS - Darko Banjac: \u010cuvamo sje\u0107anje na heroje Karanskog bataljona - FOTO\/VIDEO - PrijedorDanas.com - Prijedorski gradski portal<\/title>\n<meta name=\"robots\" content=\"index, follow, max-snippet:-1, max-image-preview:large, max-video-preview:-1\" \/>\n<link rel=\"canonical\" href=\"https:\/\/www.prijedordanas.com\/?p=191681\" \/>\n<meta property=\"og:locale\" content=\"en_US\" \/>\n<meta property=\"og:type\" content=\"article\" \/>\n<meta property=\"og:title\" content=\"NPS - Darko Banjac: \u010cuvamo sje\u0107anje na heroje Karanskog bataljona - FOTO\/VIDEO - PrijedorDanas.com - Prijedorski gradski portal\" \/>\n<meta property=\"og:description\" content=\"Danas je delegacija Gradskog odbora Narodne partije Srpske Prijedor povodom 81. godi\u0161njice formiranja Karanskog bataljona polo\u017eila vijence svim palim herojima ovog bataljona u Drugom svjetskom ratu. \u010cuveni Karanski bataljon bio [&hellip;]\" \/>\n<meta property=\"og:url\" content=\"https:\/\/www.prijedordanas.com\/?p=191681\" \/>\n<meta property=\"og:site_name\" content=\"PrijedorDanas.com - Prijedorski gradski portal\" \/>\n<meta property=\"article:publisher\" content=\"https:\/\/www.facebook.com\/PrijedorDanasCom\/\" \/>\n<meta property=\"article:published_time\" content=\"2022-09-04T21:45:25+00:00\" \/>\n<meta property=\"article:modified_time\" content=\"2022-09-05T06:10:48+00:00\" \/>\n<meta property=\"og:image\" content=\"https:\/\/www.prijedordanas.com\/wp-content\/uploads\/2022\/09\/nps-karanski-bataljon-godisnjica-1-300x225.jpg\" \/>\n<meta name=\"author\" content=\"admin\" \/>\n<meta name=\"twitter:card\" content=\"summary_large_image\" \/>\n<meta name=\"twitter:label1\" content=\"Written by\" \/>\n\t<meta name=\"twitter:data1\" content=\"admin\" \/>\n\t<meta name=\"twitter:label2\" content=\"Est. reading time\" \/>\n\t<meta name=\"twitter:data2\" content=\"2 minutes\" \/>\n<script type=\"application\/ld+json\" class=\"yoast-schema-graph\">{\"@context\":\"https:\/\/schema.org\",\"@graph\":[{\"@type\":\"Article\",\"@id\":\"https:\/\/www.prijedordanas.com\/?p=191681#article\",\"isPartOf\":{\"@id\":\"https:\/\/www.prijedordanas.com\/?p=191681\"},\"author\":{\"name\":\"admin\",\"@id\":\"https:\/\/www.prijedordanas.com\/#\/schema\/person\/4e08ccf29b506ca916ff86d46bb700e6\"},\"headline\":\"NPS &#8211; Darko Banjac: \u010cuvamo sje\u0107anje na heroje Karanskog bataljona &#8211; FOTO\/VIDEO\",\"datePublished\":\"2022-09-04T21:45:25+00:00\",\"dateModified\":\"2022-09-05T06:10:48+00:00\",\"mainEntityOfPage\":{\"@id\":\"https:\/\/www.prijedordanas.com\/?p=191681\"},\"wordCount\":175,\"publisher\":{\"@id\":\"https:\/\/www.prijedordanas.com\/#organization\"},\"articleSection\":[\"Izbori\"],\"inLanguage\":\"en-US\"},{\"@type\":\"WebPage\",\"@id\":\"https:\/\/www.prijedordanas.com\/?p=191681\",\"url\":\"https:\/\/www.prijedordanas.com\/?p=191681\",\"name\":\"NPS - Darko Banjac: \u010cuvamo sje\u0107anje na heroje Karanskog bataljona - FOTO\/VIDEO - PrijedorDanas.com - Prijedorski gradski portal\",\"isPartOf\":{\"@id\":\"https:\/\/www.prijedordanas.com\/#website\"},\"datePublished\":\"2022-09-04T21:45:25+00:00\",\"dateModified\":\"2022-09-05T06:10:48+00:00\",\"breadcrumb\":{\"@id\":\"https:\/\/www.prijedordanas.com\/?p=191681#breadcrumb\"},\"inLanguage\":\"en-US\",\"potentialAction\":[{\"@type\":\"ReadAction\",\"target\":[\"https:\/\/www.prijedordanas.com\/?p=191681\"]}]},{\"@type\":\"BreadcrumbList\",\"@id\":\"https:\/\/www.prijedordanas.com\/?p=191681#breadcrumb\",\"itemListElement\":[{\"@type\":\"ListItem\",\"position\":1,\"name\":\"Home\",\"item\":\"https:\/\/www.prijedordanas.com\/\"},{\"@type\":\"ListItem\",\"position\":2,\"name\":\"NPS &#8211; Darko Banjac: \u010cuvamo sje\u0107anje na heroje Karanskog bataljona &#8211; FOTO\/VIDEO\"}]},{\"@type\":\"WebSite\",\"@id\":\"https:\/\/www.prijedordanas.com\/#website\",\"url\":\"https:\/\/www.prijedordanas.com\/\",\"name\":\"PrijedorDanas.com - Prijedorski gradski portal\",\"description\":\"Portal o doga\u0111anjima u gradu Prijedoru\",\"publisher\":{\"@id\":\"https:\/\/www.prijedordanas.com\/#organization\"},\"potentialAction\":[{\"@type\":\"SearchAction\",\"target\":{\"@type\":\"EntryPoint\",\"urlTemplate\":\"https:\/\/www.prijedordanas.com\/?s={search_term_string}\"},\"query-input\":\"required name=search_term_string\"}],\"inLanguage\":\"en-US\"},{\"@type\":\"Organization\",\"@id\":\"https:\/\/www.prijedordanas.com\/#organization\",\"name\":\"PrijedorDanas.com\",\"url\":\"https:\/\/www.prijedordanas.com\/\",\"logo\":{\"@type\":\"ImageObject\",\"inLanguage\":\"en-US\",\"@id\":\"https:\/\/www.prijedordanas.com\/#\/schema\/logo\/image\/\",\"url\":\"http:\/\/www.prijedordanas.com\/wp-content\/uploads\/2021\/12\/logopng.png\",\"contentUrl\":\"http:\/\/www.prijedordanas.com\/wp-content\/uploads\/2021\/12\/logopng.png\",\"width\":1019,\"height\":776,\"caption\":\"PrijedorDanas.com\"},\"image\":{\"@id\":\"https:\/\/www.prijedordanas.com\/#\/schema\/logo\/image\/\"},\"sameAs\":[\"https:\/\/www.facebook.com\/PrijedorDanasCom\/\"]},{\"@type\":\"Person\",\"@id\":\"https:\/\/www.prijedordanas.com\/#\/schema\/person\/4e08ccf29b506ca916ff86d46bb700e6\",\"name\":\"admin\",\"image\":{\"@type\":\"ImageObject\",\"inLanguage\":\"en-US\",\"@id\":\"https:\/\/www.prijedordanas.com\/#\/schema\/person\/image\/\",\"url\":\"https:\/\/secure.gravatar.com\/avatar\/1d3fc949d550f0b53a5f0d51e06dfd79?s=96&d=mm&r=g\",\"contentUrl\":\"https:\/\/secure.gravatar.com\/avatar\/1d3fc949d550f0b53a5f0d51e06dfd79?s=96&d=mm&r=g\",\"caption\":\"admin\"},\"url\":\"https:\/\/www.prijedordanas.com\/?author=1\"}]}<\/script>\n<!-- \/ Yoast SEO plugin. -->","yoast_head_json":{"title":"NPS - Darko Banjac: \u010cuvamo sje\u0107anje na heroje Karanskog bataljona - FOTO\/VIDEO - PrijedorDanas.com - Prijedorski gradski portal","robots":{"index":"index","follow":"follow","max-snippet":"max-snippet:-1","max-image-preview":"max-image-preview:large","max-video-preview":"max-video-preview:-1"},"canonical":"https:\/\/www.prijedordanas.com\/?p=191681","og_locale":"en_US","og_type":"article","og_title":"NPS - Darko Banjac: \u010cuvamo sje\u0107anje na heroje Karanskog bataljona - FOTO\/VIDEO - PrijedorDanas.com - Prijedorski gradski portal","og_description":"Danas je delegacija Gradskog odbora Narodne partije Srpske Prijedor povodom 81. godi\u0161njice formiranja Karanskog bataljona polo\u017eila vijence svim palim herojima ovog bataljona u Drugom svjetskom ratu. \u010cuveni Karanski bataljon bio [&hellip;]","og_url":"https:\/\/www.prijedordanas.com\/?p=191681","og_site_name":"PrijedorDanas.com - Prijedorski gradski portal","article_publisher":"https:\/\/www.facebook.com\/PrijedorDanasCom\/","article_published_time":"2022-09-04T21:45:25+00:00","article_modified_time":"2022-09-05T06:10:48+00:00","og_image":[{"url":"https:\/\/www.prijedordanas.com\/wp-content\/uploads\/2022\/09\/nps-karanski-bataljon-godisnjica-1-300x225.jpg"}],"author":"admin","twitter_card":"summary_large_image","twitter_misc":{"Written by":"admin","Est. reading time":"2 minutes"},"schema":{"@context":"https:\/\/schema.org","@graph":[{"@type":"Article","@id":"https:\/\/www.prijedordanas.com\/?p=191681#article","isPartOf":{"@id":"https:\/\/www.prijedordanas.com\/?p=191681"},"author":{"name":"admin","@id":"https:\/\/www.prijedordanas.com\/#\/schema\/person\/4e08ccf29b506ca916ff86d46bb700e6"},"headline":"NPS &#8211; Darko Banjac: \u010cuvamo sje\u0107anje na heroje Karanskog bataljona &#8211; FOTO\/VIDEO","datePublished":"2022-09-04T21:45:25+00:00","dateModified":"2022-09-05T06:10:48+00:00","mainEntityOfPage":{"@id":"https:\/\/www.prijedordanas.com\/?p=191681"},"wordCount":175,"publisher":{"@id":"https:\/\/www.prijedordanas.com\/#organization"},"articleSection":["Izbori"],"inLanguage":"en-US"},{"@type":"WebPage","@id":"https:\/\/www.prijedordanas.com\/?p=191681","url":"https:\/\/www.prijedordanas.com\/?p=191681","name":"NPS - Darko Banjac: \u010cuvamo sje\u0107anje na heroje Karanskog bataljona - FOTO\/VIDEO - PrijedorDanas.com - Prijedorski gradski portal","isPartOf":{"@id":"https:\/\/www.prijedordanas.com\/#website"},"datePublished":"2022-09-04T21:45:25+00:00","dateModified":"2022-09-05T06:10:48+00:00","breadcrumb":{"@id":"https:\/\/www.prijedordanas.com\/?p=191681#breadcrumb"},"inLanguage":"en-US","potentialAction":[{"@type":"ReadAction","target":["https:\/\/www.prijedordanas.com\/?p=191681"]}]},{"@type":"BreadcrumbList","@id":"https:\/\/www.prijedordanas.com\/?p=191681#breadcrumb","itemListElement":[{"@type":"ListItem","position":1,"name":"Home","item":"https:\/\/www.prijedordanas.com\/"},{"@type":"ListItem","position":2,"name":"NPS &#8211; Darko Banjac: \u010cuvamo sje\u0107anje na heroje Karanskog bataljona &#8211; FOTO\/VIDEO"}]},{"@type":"WebSite","@id":"https:\/\/www.prijedordanas.com\/#website","url":"https:\/\/www.prijedordanas.com\/","name":"PrijedorDanas.com - Prijedorski gradski portal","description":"Portal o doga\u0111anjima u gradu Prijedoru","publisher":{"@id":"https:\/\/www.prijedordanas.com\/#organization"},"potentialAction":[{"@type":"SearchAction","target":{"@type":"EntryPoint","urlTemplate":"https:\/\/www.prijedordanas.com\/?s={search_term_string}"},"query-input":"required name=search_term_string"}],"inLanguage":"en-US"},{"@type":"Organization","@id":"https:\/\/www.prijedordanas.com\/#organization","name":"PrijedorDanas.com","url":"https:\/\/www.prijedordanas.com\/","logo":{"@type":"ImageObject","inLanguage":"en-US","@id":"https:\/\/www.prijedordanas.com\/#\/schema\/logo\/image\/","url":"http:\/\/www.prijedordanas.com\/wp-content\/uploads\/2021\/12\/logopng.png","contentUrl":"http:\/\/www.prijedordanas.com\/wp-content\/uploads\/2021\/12\/logopng.png","width":1019,"height":776,"caption":"PrijedorDanas.com"},"image":{"@id":"https:\/\/www.prijedordanas.com\/#\/schema\/logo\/image\/"},"sameAs":["https:\/\/www.facebook.com\/PrijedorDanasCom\/"]},{"@type":"Person","@id":"https:\/\/www.prijedordanas.com\/#\/schema\/person\/4e08ccf29b506ca916ff86d46bb700e6","name":"admin","image":{"@type":"ImageObject","inLanguage":"en-US","@id":"https:\/\/www.prijedordanas.com\/#\/schema\/person\/image\/","url":"https:\/\/secure.gravatar.com\/avatar\/1d3fc949d550f0b53a5f0d51e06dfd79?s=96&d=mm&r=g","contentUrl":"https:\/\/secure.gravatar.com\/avatar\/1d3fc949d550f0b53a5f0d51e06dfd79?s=96&d=mm&r=g","caption":"admin"},"url":"https:\/\/www.prijedordanas.com\/?author=1"}]}},"_links":{"self":[{"href":"https:\/\/www.prijedordanas.com\/index.php?rest_route=\/wp\/v2\/posts\/191681"}],"collection":[{"href":"https:\/\/www.prijedordanas.com\/index.php?rest_route=\/wp\/v2\/posts"}],"about":[{"href":"https:\/\/www.prijedordanas.com\/index.php?rest_route=\/wp\/v2\/types\/post"}],"author":[{"embeddable":true,"href":"https:\/\/www.prijedordanas.com\/index.php?rest_route=\/wp\/v2\/users\/1"}],"replies":[{"embeddable":true,"href":"https:\/\/www.prijedordanas.com\/index.php?rest_route=%2Fwp%2Fv2%2Fcomments&post=191681"}],"version-history":[{"count":1,"href":"https:\/\/www.prijedordanas.com\/index.php?rest_route=\/wp\/v2\/posts\/191681\/revisions"}],"predecessor-version":[{"id":191685,"href":"https:\/\/www.prijedordanas.com\/index.php?rest_route=\/wp\/v2\/posts\/191681\/revisions\/191685"}],"wp:attachment":[{"href":"https:\/\/www.prijedordanas.com\/index.php?rest_route=%2Fwp%2Fv2%2Fmedia&parent=191681"}],"wp:term":[{"taxonomy":"category","embeddable":true,"href":"https:\/\/www.prijedordanas.com\/index.php?rest_route=%2Fwp%2Fv2%2Fcategories&post=191681"},{"taxonomy":"post_tag","embeddable":true,"href":"https:\/\/www.prijedordanas.com\/index.php?rest_route=%2Fwp%2Fv2%2Ftags&post=191681"}],"curies":[{"name":"wp","href":"https:\/\/api.w.org\/{rel}","templated":true}]}}