{"id":191675,"date":"2022-09-04T15:39:33","date_gmt":"2022-09-04T13:39:33","guid":{"rendered":"https:\/\/www.prijedordanas.com\/?p=191675"},"modified":"2022-09-04T15:39:33","modified_gmt":"2022-09-04T13:39:33","slug":"obiljezena-30-godisnjica-od-formiranja-omarskog-bataljona","status":"publish","type":"post","link":"https:\/\/www.prijedordanas.com\/?p=191675","title":{"rendered":"Obilje\u017eena 30. godi\u0161njica od formiranja Omarskog bataljona"},"content":{"rendered":"<p><img loading=\"lazy\" decoding=\"async\" src=\"https:\/\/www.prijedordanas.com\/wp-content\/uploads\/2022\/09\/kozarski-30godisnjica-omarski-bataljon-300x225.jpg\" alt=\"\" width=\"300\" height=\"225\" class=\"alignleft size-medium wp-image-191677\" srcset=\"https:\/\/www.prijedordanas.com\/wp-content\/uploads\/2022\/09\/kozarski-30godisnjica-omarski-bataljon-300x225.jpg 300w, https:\/\/www.prijedordanas.com\/wp-content\/uploads\/2022\/09\/kozarski-30godisnjica-omarski-bataljon-640x480.jpg 640w, https:\/\/www.prijedordanas.com\/wp-content\/uploads\/2022\/09\/kozarski-30godisnjica-omarski-bataljon.jpg 667w\" sizes=\"(max-width: 300px) 100vw, 300px\" \/>U Omarskoj je danas obilje\u017eena 30. godi\u0161njica od formiranja Tre\u0107eg bataljona, poznatijeg kao Omarski bataljon, koji je djelovao u sastavu Pete kozarske lake pje\u0161adijske brigade i 43. prijedorske motorizovane brigade Vojske Republike Srpske. Evocirane su uspomene na ratni put ovog bataljona i 120 poginulih boraca.<\/p>\n<p>\u201cOstaje nam obaveza da se sje\u0107amo na\u0161ih poginulih boraca. Da o njihovim porodicama vodimo ra\u010duna onoliko koliko mo\u017eemo. Sigurno, da je ovo obilje\u017eavanje velika stvar iz razloga \u0161to pru\u017ea priliku da se okupimo svake godine, da evociramo uspomene na ratni put bataljona, koji je dao doprinos stvaranju Republike Srpske\u201d, rekao je Radovan Ili\u0107, ratni komandant Tre\u0107eg bataljona.<\/p>\n<p>U Hramu Svetog velikomu\u010denika Lazara slu\u017een je parastos, a brojne delegacije polo\u017eile su vijence na spomenik posve\u0107en poginulim borcima sa podru\u010dja Omarske i okolnih sela. Me\u0111u njima i predstavnici Grada Prijedora.<\/p>\n<p><img loading=\"lazy\" decoding=\"async\" src=\"https:\/\/www.prijedordanas.com\/wp-content\/uploads\/2022\/09\/rtrs-30godisnjica-omarski-bataljon-300x225.jpg\" alt=\"\" width=\"300\" height=\"225\" class=\"alignleft size-medium wp-image-191678\" srcset=\"https:\/\/www.prijedordanas.com\/wp-content\/uploads\/2022\/09\/rtrs-30godisnjica-omarski-bataljon-300x225.jpg 300w, https:\/\/www.prijedordanas.com\/wp-content\/uploads\/2022\/09\/rtrs-30godisnjica-omarski-bataljon-640x480.jpg 640w, https:\/\/www.prijedordanas.com\/wp-content\/uploads\/2022\/09\/rtrs-30godisnjica-omarski-bataljon.jpg 667w\" sizes=\"(max-width: 300px) 100vw, 300px\" \/>\u201cSje\u0107amo se onih koji su \u017eivote dali za Republiku Srpsku. Svake godine okupljamo se ovdje u Omarskoj i tako \u0107e biti i ubudu\u0107e. Sa ovog mjesta, \u0161aljemo poruke mira i tolerancije\u201d, rekao je Ranko Kolar, vr\u0161ilac du\u017enosti na\u010delnika Odjeljenja za bora\u010dko-invalidsku za\u0161titu grada Prijedora.<\/p>\n<p>Vijence je polo\u017eio i Du\u0161ko Milunovi\u0107, ministar rada i bora\u010dko-invalidske za\u0161tite Republike Srpske, koji je istakao da je doprinos ovog bataljona u Odbrambeno-otad\u017ebinskom ratu ogroman, te da to nikad ne smijemo da zaboravimo.<\/p>\n<p>\u201cKroz ovaj bataljon pro\u0161lo je oko 1.800 vojnika. Ako se uzme u obzir broj poginulih i ranjenih, stradao je ili bio van stroja svaki \u010detvrti borac. Ali, bili smo spremni da podnesemo \u017ertvu, da nam se ne bi ponovilo ono \u0161to se de\u0161avalo u Drugom svjetskom ratu. Ovo je herojski bataljon\u201d, rekao je Milunovi\u0107.<\/p>\n<p>Obilje\u017eavanje 30. godi\u0161njice od formiranja Omarskog bataljona, odr\u017eano je u organizaciji Tre\u0107eg pje\u0161adijskog Republika Srpska puka.<\/p>\n<p>kozarski.com<\/p>\n","protected":false},"excerpt":{"rendered":"<p>U Omarskoj je danas obilje\u017eena 30. godi\u0161njica od formiranja Tre\u0107eg bataljona, poznatijeg kao Omarski bataljon, koji je djelovao u sastavu Pete kozarske lake pje\u0161adijske brigade i 43. prijedorske motorizovane brigade [&hellip;]<\/p>\n","protected":false},"author":1,"featured_media":0,"comment_status":"closed","ping_status":"open","sticky":false,"template":"","format":"standard","meta":{"_monsterinsights_skip_tracking":false,"_monsterinsights_sitenote_active":false,"_monsterinsights_sitenote_note":"","_monsterinsights_sitenote_category":0,"footnotes":""},"categories":[8],"tags":[],"yoast_head":"<!-- This site is optimized with the Yoast SEO plugin v21.6 - https:\/\/yoast.com\/wordpress\/plugins\/seo\/ -->\n<title>Obilje\u017eena 30. godi\u0161njica od formiranja Omarskog bataljona - PrijedorDanas.com - Prijedorski gradski portal<\/title>\n<meta name=\"robots\" content=\"index, follow, max-snippet:-1, max-image-preview:large, max-video-preview:-1\" \/>\n<link rel=\"canonical\" href=\"https:\/\/www.prijedordanas.com\/?p=191675\" \/>\n<meta property=\"og:locale\" content=\"en_US\" \/>\n<meta property=\"og:type\" content=\"article\" \/>\n<meta property=\"og:title\" content=\"Obilje\u017eena 30. godi\u0161njica od formiranja Omarskog bataljona - PrijedorDanas.com - Prijedorski gradski portal\" \/>\n<meta property=\"og:description\" content=\"U Omarskoj je danas obilje\u017eena 30. godi\u0161njica od formiranja Tre\u0107eg bataljona, poznatijeg kao Omarski bataljon, koji je djelovao u sastavu Pete kozarske lake pje\u0161adijske brigade i 43. prijedorske motorizovane brigade [&hellip;]\" \/>\n<meta property=\"og:url\" content=\"https:\/\/www.prijedordanas.com\/?p=191675\" \/>\n<meta property=\"og:site_name\" content=\"PrijedorDanas.com - Prijedorski gradski portal\" \/>\n<meta property=\"article:publisher\" content=\"https:\/\/www.facebook.com\/PrijedorDanasCom\/\" \/>\n<meta property=\"article:published_time\" content=\"2022-09-04T13:39:33+00:00\" \/>\n<meta property=\"og:image\" content=\"https:\/\/www.prijedordanas.com\/wp-content\/uploads\/2022\/09\/kozarski-30godisnjica-omarski-bataljon-300x225.jpg\" \/>\n<meta name=\"author\" content=\"admin\" \/>\n<meta name=\"twitter:card\" content=\"summary_large_image\" \/>\n<meta name=\"twitter:label1\" content=\"Written by\" \/>\n\t<meta name=\"twitter:data1\" content=\"admin\" \/>\n\t<meta name=\"twitter:label2\" content=\"Est. reading time\" \/>\n\t<meta name=\"twitter:data2\" content=\"2 minutes\" \/>\n<script type=\"application\/ld+json\" class=\"yoast-schema-graph\">{\"@context\":\"https:\/\/schema.org\",\"@graph\":[{\"@type\":\"Article\",\"@id\":\"https:\/\/www.prijedordanas.com\/?p=191675#article\",\"isPartOf\":{\"@id\":\"https:\/\/www.prijedordanas.com\/?p=191675\"},\"author\":{\"name\":\"admin\",\"@id\":\"https:\/\/www.prijedordanas.com\/#\/schema\/person\/4e08ccf29b506ca916ff86d46bb700e6\"},\"headline\":\"Obilje\u017eena 30. godi\u0161njica od formiranja Omarskog bataljona\",\"datePublished\":\"2022-09-04T13:39:33+00:00\",\"dateModified\":\"2022-09-04T13:39:33+00:00\",\"mainEntityOfPage\":{\"@id\":\"https:\/\/www.prijedordanas.com\/?p=191675\"},\"wordCount\":321,\"publisher\":{\"@id\":\"https:\/\/www.prijedordanas.com\/#organization\"},\"articleSection\":[\"Svakodnevno\"],\"inLanguage\":\"en-US\"},{\"@type\":\"WebPage\",\"@id\":\"https:\/\/www.prijedordanas.com\/?p=191675\",\"url\":\"https:\/\/www.prijedordanas.com\/?p=191675\",\"name\":\"Obilje\u017eena 30. godi\u0161njica od formiranja Omarskog bataljona - PrijedorDanas.com - Prijedorski gradski portal\",\"isPartOf\":{\"@id\":\"https:\/\/www.prijedordanas.com\/#website\"},\"datePublished\":\"2022-09-04T13:39:33+00:00\",\"dateModified\":\"2022-09-04T13:39:33+00:00\",\"breadcrumb\":{\"@id\":\"https:\/\/www.prijedordanas.com\/?p=191675#breadcrumb\"},\"inLanguage\":\"en-US\",\"potentialAction\":[{\"@type\":\"ReadAction\",\"target\":[\"https:\/\/www.prijedordanas.com\/?p=191675\"]}]},{\"@type\":\"BreadcrumbList\",\"@id\":\"https:\/\/www.prijedordanas.com\/?p=191675#breadcrumb\",\"itemListElement\":[{\"@type\":\"ListItem\",\"position\":1,\"name\":\"Home\",\"item\":\"https:\/\/www.prijedordanas.com\/\"},{\"@type\":\"ListItem\",\"position\":2,\"name\":\"Obilje\u017eena 30. godi\u0161njica od formiranja Omarskog bataljona\"}]},{\"@type\":\"WebSite\",\"@id\":\"https:\/\/www.prijedordanas.com\/#website\",\"url\":\"https:\/\/www.prijedordanas.com\/\",\"name\":\"PrijedorDanas.com - Prijedorski gradski portal\",\"description\":\"Portal o doga\u0111anjima u gradu Prijedoru\",\"publisher\":{\"@id\":\"https:\/\/www.prijedordanas.com\/#organization\"},\"potentialAction\":[{\"@type\":\"SearchAction\",\"target\":{\"@type\":\"EntryPoint\",\"urlTemplate\":\"https:\/\/www.prijedordanas.com\/?s={search_term_string}\"},\"query-input\":\"required name=search_term_string\"}],\"inLanguage\":\"en-US\"},{\"@type\":\"Organization\",\"@id\":\"https:\/\/www.prijedordanas.com\/#organization\",\"name\":\"PrijedorDanas.com\",\"url\":\"https:\/\/www.prijedordanas.com\/\",\"logo\":{\"@type\":\"ImageObject\",\"inLanguage\":\"en-US\",\"@id\":\"https:\/\/www.prijedordanas.com\/#\/schema\/logo\/image\/\",\"url\":\"http:\/\/www.prijedordanas.com\/wp-content\/uploads\/2021\/12\/logopng.png\",\"contentUrl\":\"http:\/\/www.prijedordanas.com\/wp-content\/uploads\/2021\/12\/logopng.png\",\"width\":1019,\"height\":776,\"caption\":\"PrijedorDanas.com\"},\"image\":{\"@id\":\"https:\/\/www.prijedordanas.com\/#\/schema\/logo\/image\/\"},\"sameAs\":[\"https:\/\/www.facebook.com\/PrijedorDanasCom\/\"]},{\"@type\":\"Person\",\"@id\":\"https:\/\/www.prijedordanas.com\/#\/schema\/person\/4e08ccf29b506ca916ff86d46bb700e6\",\"name\":\"admin\",\"image\":{\"@type\":\"ImageObject\",\"inLanguage\":\"en-US\",\"@id\":\"https:\/\/www.prijedordanas.com\/#\/schema\/person\/image\/\",\"url\":\"https:\/\/secure.gravatar.com\/avatar\/1d3fc949d550f0b53a5f0d51e06dfd79?s=96&d=mm&r=g\",\"contentUrl\":\"https:\/\/secure.gravatar.com\/avatar\/1d3fc949d550f0b53a5f0d51e06dfd79?s=96&d=mm&r=g\",\"caption\":\"admin\"},\"url\":\"https:\/\/www.prijedordanas.com\/?author=1\"}]}<\/script>\n<!-- \/ Yoast SEO plugin. -->","yoast_head_json":{"title":"Obilje\u017eena 30. godi\u0161njica od formiranja Omarskog bataljona - PrijedorDanas.com - Prijedorski gradski portal","robots":{"index":"index","follow":"follow","max-snippet":"max-snippet:-1","max-image-preview":"max-image-preview:large","max-video-preview":"max-video-preview:-1"},"canonical":"https:\/\/www.prijedordanas.com\/?p=191675","og_locale":"en_US","og_type":"article","og_title":"Obilje\u017eena 30. godi\u0161njica od formiranja Omarskog bataljona - PrijedorDanas.com - Prijedorski gradski portal","og_description":"U Omarskoj je danas obilje\u017eena 30. godi\u0161njica od formiranja Tre\u0107eg bataljona, poznatijeg kao Omarski bataljon, koji je djelovao u sastavu Pete kozarske lake pje\u0161adijske brigade i 43. prijedorske motorizovane brigade [&hellip;]","og_url":"https:\/\/www.prijedordanas.com\/?p=191675","og_site_name":"PrijedorDanas.com - Prijedorski gradski portal","article_publisher":"https:\/\/www.facebook.com\/PrijedorDanasCom\/","article_published_time":"2022-09-04T13:39:33+00:00","og_image":[{"url":"https:\/\/www.prijedordanas.com\/wp-content\/uploads\/2022\/09\/kozarski-30godisnjica-omarski-bataljon-300x225.jpg"}],"author":"admin","twitter_card":"summary_large_image","twitter_misc":{"Written by":"admin","Est. reading time":"2 minutes"},"schema":{"@context":"https:\/\/schema.org","@graph":[{"@type":"Article","@id":"https:\/\/www.prijedordanas.com\/?p=191675#article","isPartOf":{"@id":"https:\/\/www.prijedordanas.com\/?p=191675"},"author":{"name":"admin","@id":"https:\/\/www.prijedordanas.com\/#\/schema\/person\/4e08ccf29b506ca916ff86d46bb700e6"},"headline":"Obilje\u017eena 30. godi\u0161njica od formiranja Omarskog bataljona","datePublished":"2022-09-04T13:39:33+00:00","dateModified":"2022-09-04T13:39:33+00:00","mainEntityOfPage":{"@id":"https:\/\/www.prijedordanas.com\/?p=191675"},"wordCount":321,"publisher":{"@id":"https:\/\/www.prijedordanas.com\/#organization"},"articleSection":["Svakodnevno"],"inLanguage":"en-US"},{"@type":"WebPage","@id":"https:\/\/www.prijedordanas.com\/?p=191675","url":"https:\/\/www.prijedordanas.com\/?p=191675","name":"Obilje\u017eena 30. godi\u0161njica od formiranja Omarskog bataljona - PrijedorDanas.com - Prijedorski gradski portal","isPartOf":{"@id":"https:\/\/www.prijedordanas.com\/#website"},"datePublished":"2022-09-04T13:39:33+00:00","dateModified":"2022-09-04T13:39:33+00:00","breadcrumb":{"@id":"https:\/\/www.prijedordanas.com\/?p=191675#breadcrumb"},"inLanguage":"en-US","potentialAction":[{"@type":"ReadAction","target":["https:\/\/www.prijedordanas.com\/?p=191675"]}]},{"@type":"BreadcrumbList","@id":"https:\/\/www.prijedordanas.com\/?p=191675#breadcrumb","itemListElement":[{"@type":"ListItem","position":1,"name":"Home","item":"https:\/\/www.prijedordanas.com\/"},{"@type":"ListItem","position":2,"name":"Obilje\u017eena 30. godi\u0161njica od formiranja Omarskog bataljona"}]},{"@type":"WebSite","@id":"https:\/\/www.prijedordanas.com\/#website","url":"https:\/\/www.prijedordanas.com\/","name":"PrijedorDanas.com - Prijedorski gradski portal","description":"Portal o doga\u0111anjima u gradu Prijedoru","publisher":{"@id":"https:\/\/www.prijedordanas.com\/#organization"},"potentialAction":[{"@type":"SearchAction","target":{"@type":"EntryPoint","urlTemplate":"https:\/\/www.prijedordanas.com\/?s={search_term_string}"},"query-input":"required name=search_term_string"}],"inLanguage":"en-US"},{"@type":"Organization","@id":"https:\/\/www.prijedordanas.com\/#organization","name":"PrijedorDanas.com","url":"https:\/\/www.prijedordanas.com\/","logo":{"@type":"ImageObject","inLanguage":"en-US","@id":"https:\/\/www.prijedordanas.com\/#\/schema\/logo\/image\/","url":"http:\/\/www.prijedordanas.com\/wp-content\/uploads\/2021\/12\/logopng.png","contentUrl":"http:\/\/www.prijedordanas.com\/wp-content\/uploads\/2021\/12\/logopng.png","width":1019,"height":776,"caption":"PrijedorDanas.com"},"image":{"@id":"https:\/\/www.prijedordanas.com\/#\/schema\/logo\/image\/"},"sameAs":["https:\/\/www.facebook.com\/PrijedorDanasCom\/"]},{"@type":"Person","@id":"https:\/\/www.prijedordanas.com\/#\/schema\/person\/4e08ccf29b506ca916ff86d46bb700e6","name":"admin","image":{"@type":"ImageObject","inLanguage":"en-US","@id":"https:\/\/www.prijedordanas.com\/#\/schema\/person\/image\/","url":"https:\/\/secure.gravatar.com\/avatar\/1d3fc949d550f0b53a5f0d51e06dfd79?s=96&d=mm&r=g","contentUrl":"https:\/\/secure.gravatar.com\/avatar\/1d3fc949d550f0b53a5f0d51e06dfd79?s=96&d=mm&r=g","caption":"admin"},"url":"https:\/\/www.prijedordanas.com\/?author=1"}]}},"_links":{"self":[{"href":"https:\/\/www.prijedordanas.com\/index.php?rest_route=\/wp\/v2\/posts\/191675"}],"collection":[{"href":"https:\/\/www.prijedordanas.com\/index.php?rest_route=\/wp\/v2\/posts"}],"about":[{"href":"https:\/\/www.prijedordanas.com\/index.php?rest_route=\/wp\/v2\/types\/post"}],"author":[{"embeddable":true,"href":"https:\/\/www.prijedordanas.com\/index.php?rest_route=\/wp\/v2\/users\/1"}],"replies":[{"embeddable":true,"href":"https:\/\/www.prijedordanas.com\/index.php?rest_route=%2Fwp%2Fv2%2Fcomments&post=191675"}],"version-history":[{"count":2,"href":"https:\/\/www.prijedordanas.com\/index.php?rest_route=\/wp\/v2\/posts\/191675\/revisions"}],"predecessor-version":[{"id":191679,"href":"https:\/\/www.prijedordanas.com\/index.php?rest_route=\/wp\/v2\/posts\/191675\/revisions\/191679"}],"wp:attachment":[{"href":"https:\/\/www.prijedordanas.com\/index.php?rest_route=%2Fwp%2Fv2%2Fmedia&parent=191675"}],"wp:term":[{"taxonomy":"category","embeddable":true,"href":"https:\/\/www.prijedordanas.com\/index.php?rest_route=%2Fwp%2Fv2%2Fcategories&post=191675"},{"taxonomy":"post_tag","embeddable":true,"href":"https:\/\/www.prijedordanas.com\/index.php?rest_route=%2Fwp%2Fv2%2Ftags&post=191675"}],"curies":[{"name":"wp","href":"https:\/\/api.w.org\/{rel}","templated":true}]}}