{"id":191597,"date":"2022-09-03T10:39:31","date_gmt":"2022-09-03T08:39:31","guid":{"rendered":"https:\/\/www.prijedordanas.com\/?p=191597"},"modified":"2022-09-03T10:39:31","modified_gmt":"2022-09-03T08:39:31","slug":"otcjepljenje-omarske-moguce-vec-dogodine","status":"publish","type":"post","link":"https:\/\/www.prijedordanas.com\/?p=191597","title":{"rendered":"\u201cOtcjepljenje\u201d Omarske mogu\u0107e ve\u0107 dogodine"},"content":{"rendered":"<p><img loading=\"lazy\" decoding=\"async\" src=\"https:\/\/www.prijedordanas.com\/wp-content\/uploads\/2021\/05\/blic-omarska-1-300x225.jpg\" alt=\"\" width=\"300\" height=\"225\" class=\"alignleft size-medium wp-image-167549\" srcset=\"https:\/\/www.prijedordanas.com\/wp-content\/uploads\/2021\/05\/blic-omarska-1-300x225.jpg 300w, https:\/\/www.prijedordanas.com\/wp-content\/uploads\/2021\/05\/blic-omarska-1-640x480.jpg 640w, https:\/\/www.prijedordanas.com\/wp-content\/uploads\/2021\/05\/blic-omarska-1.jpg 667w\" sizes=\"(max-width: 300px) 100vw, 300px\" \/>Nakon \u0161to je nadle\u017ena komisija dala zeleno svjetlo da Omarska postane op\u0161tina, ovo mjesto moglo bi ve\u0107 dogodine da se \u201cotcijepi\u201d od grada Prijedora i postane najmla\u0111a lokalna zajednica u Srpskoj.<\/p>\n<p>Komisija za davanje mi\u0161ljenja o ispunjenosti uslova za osnivanje op\u0161tine Omarska dala je ove sedmice pozitivno mi\u0161ljenje za ovu inicijativu, te pozitivno mi\u0161ljenje na elaborat o teritorijalnoj promjeni grada Prijedora.<\/p>\n<p>Gradona\u010delnik Prijedora Slobodan Javor rekao je za \u201cGlas Srpske\u201d da ovu odluku podr\u017eava, dodaju\u0107i da se godinama pri\u010da o toj inicijativi.<\/p>\n<p>&#8211; Sa srpskim \u010dlanom Predsjedni\u0161tva BiH Miloradom Dodikom vi\u0161e puta smo razgovarali na tu temu i on je pru\u017eio punu podr\u0161ku &#8211; rekao je Javor.<\/p>\n<p>Dodao je da gradska vlast apsolutno podr\u017eava \u017eelju sugra\u0111ana iz tog dijela grada i nada se da \u0107e se ispuniti u \u0161to kra\u0107em periodu, a to bi ve\u0107, kako ka\u017ee, moglo da se dogodi idu\u0107e godine.<\/p>\n<p>&#8211; Nakon \u0161to se poslije op\u0161tih izbora formiraju novi sazivi Vlade RS i Narodne skup\u0161tine RS o\u010dekujemo da \u0107e se ta ta\u010dka na\u0107i na dnevnom redu &#8211; kazao je Javor, dodaju\u0107i kako se nadaju da \u0107e se odre\u0111ene zakonske procedure zavr\u0161iti do kraja godine.<\/p>\n<p>S druge strane, dodao je, nije isklju\u010deno da \u0107e i Kozarac u narednom periodu opet potegnuti ovo pitanje.<\/p>\n<p>&#8211; To se gotovo sigurno mo\u017ee o\u010dekivati, s tim \u0161to tu nemamo \u010distu situaciju, jer mnogo mjesnih zajednica gdje je ve\u0107insko stanovni\u0161tvo srpsko gravitira ka Kozarcu. Tu je specifi\u010dnija situacija u odnosu na Omarsku &#8211; rekao je Javor.<\/p>\n<p>Objasnio je da u Omarskoj uglavnom \u017eivi srpsko stanovni\u0161tvo, koje je jednoglasno donijelo odluku da idu u osnivanje op\u0161tine, dok u Kozarcu dio mje\u0161tana to \u017eeli, a dio ne.<\/p>\n<p>&#8211; U narednom periodu vidje\u0107emo \u0161ta \u0107e se tu dalje odvijati i kako \u0107e to pro\u0107i &#8211; kazao je Javor, dodaju\u0107i da je njihovo samo da podr\u017ee, ali kada dobiju zahtjev sa 7.000 potpisa, kao \u0161to je bio slu\u010daj sa Omarskom.<\/p>\n<p>Inicijativni odbor za vra\u0107anje statusa op\u0161tine Omarskoj izrazio je zadovoljstvo zbog pozitivnog mi\u0161ljenja Komisije za davanje mi\u0161ljenja o ispunjenosti uslova za osnivanje op\u0161tine, ali su istakli da se ne\u0107e dalje ogla\u0161avati, dok ne dogovore naredne korake sa Vladom RS.<\/p>\n<p>Oko 13.000 mje\u0161tana i tri osnovne \u0161kole sa vi\u0161e od 700 u\u010denika, te rudna bogatstva, argumenti su koji su i\u0161li naruku pokreta\u010dima inicijative da Omarska dobije status op\u0161tine.<\/p>\n<p>Najmla\u0111a op\u0161tina<\/p>\n<p>Stanari su trenutno najmla\u0111a op\u0161tina u Srpskoj. Taj status dobili su u septembru 2014. godine kada je u republi\u010dkom parlamentu jednoglasno podr\u017eano njihovo odvajanje od Doboja. Nakon toga prva op\u0161tinska vlast je birana na prijevremenim izborima po\u010detkom 2015. godine.<\/p>\n<p>Glas Srpske<\/p>\n","protected":false},"excerpt":{"rendered":"<p>Nakon \u0161to je nadle\u017ena komisija dala zeleno svjetlo da Omarska postane op\u0161tina, ovo mjesto moglo bi ve\u0107 dogodine da se \u201cotcijepi\u201d od grada Prijedora i postane najmla\u0111a lokalna zajednica u [&hellip;]<\/p>\n","protected":false},"author":1,"featured_media":0,"comment_status":"closed","ping_status":"open","sticky":false,"template":"","format":"standard","meta":{"_monsterinsights_skip_tracking":false,"_monsterinsights_sitenote_active":false,"_monsterinsights_sitenote_note":"","_monsterinsights_sitenote_category":0,"footnotes":""},"categories":[4],"tags":[],"yoast_head":"<!-- This site is optimized with the Yoast SEO plugin v21.6 - https:\/\/yoast.com\/wordpress\/plugins\/seo\/ -->\n<title>\u201cOtcjepljenje\u201d Omarske mogu\u0107e ve\u0107 dogodine - PrijedorDanas.com - Prijedorski gradski portal<\/title>\n<meta name=\"robots\" content=\"index, follow, max-snippet:-1, max-image-preview:large, max-video-preview:-1\" \/>\n<link rel=\"canonical\" href=\"https:\/\/www.prijedordanas.com\/?p=191597\" \/>\n<meta property=\"og:locale\" content=\"en_US\" \/>\n<meta property=\"og:type\" content=\"article\" \/>\n<meta property=\"og:title\" content=\"\u201cOtcjepljenje\u201d Omarske mogu\u0107e ve\u0107 dogodine - PrijedorDanas.com - Prijedorski gradski portal\" \/>\n<meta property=\"og:description\" content=\"Nakon \u0161to je nadle\u017ena komisija dala zeleno svjetlo da Omarska postane op\u0161tina, ovo mjesto moglo bi ve\u0107 dogodine da se \u201cotcijepi\u201d od grada Prijedora i postane najmla\u0111a lokalna zajednica u [&hellip;]\" \/>\n<meta property=\"og:url\" content=\"https:\/\/www.prijedordanas.com\/?p=191597\" \/>\n<meta property=\"og:site_name\" content=\"PrijedorDanas.com - Prijedorski gradski portal\" \/>\n<meta property=\"article:publisher\" content=\"https:\/\/www.facebook.com\/PrijedorDanasCom\/\" \/>\n<meta property=\"article:published_time\" content=\"2022-09-03T08:39:31+00:00\" \/>\n<meta property=\"og:image\" content=\"https:\/\/www.prijedordanas.com\/wp-content\/uploads\/2021\/05\/blic-omarska-1-300x225.jpg\" \/>\n<meta name=\"author\" content=\"admin\" \/>\n<meta name=\"twitter:card\" content=\"summary_large_image\" \/>\n<meta name=\"twitter:label1\" content=\"Written by\" \/>\n\t<meta name=\"twitter:data1\" content=\"admin\" \/>\n<script type=\"application\/ld+json\" class=\"yoast-schema-graph\">{\"@context\":\"https:\/\/schema.org\",\"@graph\":[{\"@type\":\"Article\",\"@id\":\"https:\/\/www.prijedordanas.com\/?p=191597#article\",\"isPartOf\":{\"@id\":\"https:\/\/www.prijedordanas.com\/?p=191597\"},\"author\":{\"name\":\"admin\",\"@id\":\"https:\/\/www.prijedordanas.com\/#\/schema\/person\/4e08ccf29b506ca916ff86d46bb700e6\"},\"headline\":\"\u201cOtcjepljenje\u201d Omarske mogu\u0107e ve\u0107 dogodine\",\"datePublished\":\"2022-09-03T08:39:31+00:00\",\"dateModified\":\"2022-09-03T08:39:31+00:00\",\"mainEntityOfPage\":{\"@id\":\"https:\/\/www.prijedordanas.com\/?p=191597\"},\"wordCount\":487,\"publisher\":{\"@id\":\"https:\/\/www.prijedordanas.com\/#organization\"},\"articleSection\":[\"Dru\u0161tvo\"],\"inLanguage\":\"en-US\"},{\"@type\":\"WebPage\",\"@id\":\"https:\/\/www.prijedordanas.com\/?p=191597\",\"url\":\"https:\/\/www.prijedordanas.com\/?p=191597\",\"name\":\"\u201cOtcjepljenje\u201d Omarske mogu\u0107e ve\u0107 dogodine - PrijedorDanas.com - Prijedorski gradski portal\",\"isPartOf\":{\"@id\":\"https:\/\/www.prijedordanas.com\/#website\"},\"datePublished\":\"2022-09-03T08:39:31+00:00\",\"dateModified\":\"2022-09-03T08:39:31+00:00\",\"breadcrumb\":{\"@id\":\"https:\/\/www.prijedordanas.com\/?p=191597#breadcrumb\"},\"inLanguage\":\"en-US\",\"potentialAction\":[{\"@type\":\"ReadAction\",\"target\":[\"https:\/\/www.prijedordanas.com\/?p=191597\"]}]},{\"@type\":\"BreadcrumbList\",\"@id\":\"https:\/\/www.prijedordanas.com\/?p=191597#breadcrumb\",\"itemListElement\":[{\"@type\":\"ListItem\",\"position\":1,\"name\":\"Home\",\"item\":\"https:\/\/www.prijedordanas.com\/\"},{\"@type\":\"ListItem\",\"position\":2,\"name\":\"\u201cOtcjepljenje\u201d Omarske mogu\u0107e ve\u0107 dogodine\"}]},{\"@type\":\"WebSite\",\"@id\":\"https:\/\/www.prijedordanas.com\/#website\",\"url\":\"https:\/\/www.prijedordanas.com\/\",\"name\":\"PrijedorDanas.com - Prijedorski gradski portal\",\"description\":\"Portal o doga\u0111anjima u gradu Prijedoru\",\"publisher\":{\"@id\":\"https:\/\/www.prijedordanas.com\/#organization\"},\"potentialAction\":[{\"@type\":\"SearchAction\",\"target\":{\"@type\":\"EntryPoint\",\"urlTemplate\":\"https:\/\/www.prijedordanas.com\/?s={search_term_string}\"},\"query-input\":\"required name=search_term_string\"}],\"inLanguage\":\"en-US\"},{\"@type\":\"Organization\",\"@id\":\"https:\/\/www.prijedordanas.com\/#organization\",\"name\":\"PrijedorDanas.com\",\"url\":\"https:\/\/www.prijedordanas.com\/\",\"logo\":{\"@type\":\"ImageObject\",\"inLanguage\":\"en-US\",\"@id\":\"https:\/\/www.prijedordanas.com\/#\/schema\/logo\/image\/\",\"url\":\"http:\/\/www.prijedordanas.com\/wp-content\/uploads\/2021\/12\/logopng.png\",\"contentUrl\":\"http:\/\/www.prijedordanas.com\/wp-content\/uploads\/2021\/12\/logopng.png\",\"width\":1019,\"height\":776,\"caption\":\"PrijedorDanas.com\"},\"image\":{\"@id\":\"https:\/\/www.prijedordanas.com\/#\/schema\/logo\/image\/\"},\"sameAs\":[\"https:\/\/www.facebook.com\/PrijedorDanasCom\/\"]},{\"@type\":\"Person\",\"@id\":\"https:\/\/www.prijedordanas.com\/#\/schema\/person\/4e08ccf29b506ca916ff86d46bb700e6\",\"name\":\"admin\",\"image\":{\"@type\":\"ImageObject\",\"inLanguage\":\"en-US\",\"@id\":\"https:\/\/www.prijedordanas.com\/#\/schema\/person\/image\/\",\"url\":\"https:\/\/secure.gravatar.com\/avatar\/1d3fc949d550f0b53a5f0d51e06dfd79?s=96&d=mm&r=g\",\"contentUrl\":\"https:\/\/secure.gravatar.com\/avatar\/1d3fc949d550f0b53a5f0d51e06dfd79?s=96&d=mm&r=g\",\"caption\":\"admin\"},\"url\":\"https:\/\/www.prijedordanas.com\/?author=1\"}]}<\/script>\n<!-- \/ Yoast SEO plugin. -->","yoast_head_json":{"title":"\u201cOtcjepljenje\u201d Omarske mogu\u0107e ve\u0107 dogodine - PrijedorDanas.com - Prijedorski gradski portal","robots":{"index":"index","follow":"follow","max-snippet":"max-snippet:-1","max-image-preview":"max-image-preview:large","max-video-preview":"max-video-preview:-1"},"canonical":"https:\/\/www.prijedordanas.com\/?p=191597","og_locale":"en_US","og_type":"article","og_title":"\u201cOtcjepljenje\u201d Omarske mogu\u0107e ve\u0107 dogodine - PrijedorDanas.com - Prijedorski gradski portal","og_description":"Nakon \u0161to je nadle\u017ena komisija dala zeleno svjetlo da Omarska postane op\u0161tina, ovo mjesto moglo bi ve\u0107 dogodine da se \u201cotcijepi\u201d od grada Prijedora i postane najmla\u0111a lokalna zajednica u [&hellip;]","og_url":"https:\/\/www.prijedordanas.com\/?p=191597","og_site_name":"PrijedorDanas.com - Prijedorski gradski portal","article_publisher":"https:\/\/www.facebook.com\/PrijedorDanasCom\/","article_published_time":"2022-09-03T08:39:31+00:00","og_image":[{"url":"https:\/\/www.prijedordanas.com\/wp-content\/uploads\/2021\/05\/blic-omarska-1-300x225.jpg"}],"author":"admin","twitter_card":"summary_large_image","twitter_misc":{"Written by":"admin"},"schema":{"@context":"https:\/\/schema.org","@graph":[{"@type":"Article","@id":"https:\/\/www.prijedordanas.com\/?p=191597#article","isPartOf":{"@id":"https:\/\/www.prijedordanas.com\/?p=191597"},"author":{"name":"admin","@id":"https:\/\/www.prijedordanas.com\/#\/schema\/person\/4e08ccf29b506ca916ff86d46bb700e6"},"headline":"\u201cOtcjepljenje\u201d Omarske mogu\u0107e ve\u0107 dogodine","datePublished":"2022-09-03T08:39:31+00:00","dateModified":"2022-09-03T08:39:31+00:00","mainEntityOfPage":{"@id":"https:\/\/www.prijedordanas.com\/?p=191597"},"wordCount":487,"publisher":{"@id":"https:\/\/www.prijedordanas.com\/#organization"},"articleSection":["Dru\u0161tvo"],"inLanguage":"en-US"},{"@type":"WebPage","@id":"https:\/\/www.prijedordanas.com\/?p=191597","url":"https:\/\/www.prijedordanas.com\/?p=191597","name":"\u201cOtcjepljenje\u201d Omarske mogu\u0107e ve\u0107 dogodine - PrijedorDanas.com - Prijedorski gradski portal","isPartOf":{"@id":"https:\/\/www.prijedordanas.com\/#website"},"datePublished":"2022-09-03T08:39:31+00:00","dateModified":"2022-09-03T08:39:31+00:00","breadcrumb":{"@id":"https:\/\/www.prijedordanas.com\/?p=191597#breadcrumb"},"inLanguage":"en-US","potentialAction":[{"@type":"ReadAction","target":["https:\/\/www.prijedordanas.com\/?p=191597"]}]},{"@type":"BreadcrumbList","@id":"https:\/\/www.prijedordanas.com\/?p=191597#breadcrumb","itemListElement":[{"@type":"ListItem","position":1,"name":"Home","item":"https:\/\/www.prijedordanas.com\/"},{"@type":"ListItem","position":2,"name":"\u201cOtcjepljenje\u201d Omarske mogu\u0107e ve\u0107 dogodine"}]},{"@type":"WebSite","@id":"https:\/\/www.prijedordanas.com\/#website","url":"https:\/\/www.prijedordanas.com\/","name":"PrijedorDanas.com - Prijedorski gradski portal","description":"Portal o doga\u0111anjima u gradu Prijedoru","publisher":{"@id":"https:\/\/www.prijedordanas.com\/#organization"},"potentialAction":[{"@type":"SearchAction","target":{"@type":"EntryPoint","urlTemplate":"https:\/\/www.prijedordanas.com\/?s={search_term_string}"},"query-input":"required name=search_term_string"}],"inLanguage":"en-US"},{"@type":"Organization","@id":"https:\/\/www.prijedordanas.com\/#organization","name":"PrijedorDanas.com","url":"https:\/\/www.prijedordanas.com\/","logo":{"@type":"ImageObject","inLanguage":"en-US","@id":"https:\/\/www.prijedordanas.com\/#\/schema\/logo\/image\/","url":"http:\/\/www.prijedordanas.com\/wp-content\/uploads\/2021\/12\/logopng.png","contentUrl":"http:\/\/www.prijedordanas.com\/wp-content\/uploads\/2021\/12\/logopng.png","width":1019,"height":776,"caption":"PrijedorDanas.com"},"image":{"@id":"https:\/\/www.prijedordanas.com\/#\/schema\/logo\/image\/"},"sameAs":["https:\/\/www.facebook.com\/PrijedorDanasCom\/"]},{"@type":"Person","@id":"https:\/\/www.prijedordanas.com\/#\/schema\/person\/4e08ccf29b506ca916ff86d46bb700e6","name":"admin","image":{"@type":"ImageObject","inLanguage":"en-US","@id":"https:\/\/www.prijedordanas.com\/#\/schema\/person\/image\/","url":"https:\/\/secure.gravatar.com\/avatar\/1d3fc949d550f0b53a5f0d51e06dfd79?s=96&d=mm&r=g","contentUrl":"https:\/\/secure.gravatar.com\/avatar\/1d3fc949d550f0b53a5f0d51e06dfd79?s=96&d=mm&r=g","caption":"admin"},"url":"https:\/\/www.prijedordanas.com\/?author=1"}]}},"_links":{"self":[{"href":"https:\/\/www.prijedordanas.com\/index.php?rest_route=\/wp\/v2\/posts\/191597"}],"collection":[{"href":"https:\/\/www.prijedordanas.com\/index.php?rest_route=\/wp\/v2\/posts"}],"about":[{"href":"https:\/\/www.prijedordanas.com\/index.php?rest_route=\/wp\/v2\/types\/post"}],"author":[{"embeddable":true,"href":"https:\/\/www.prijedordanas.com\/index.php?rest_route=\/wp\/v2\/users\/1"}],"replies":[{"embeddable":true,"href":"https:\/\/www.prijedordanas.com\/index.php?rest_route=%2Fwp%2Fv2%2Fcomments&post=191597"}],"version-history":[{"count":1,"href":"https:\/\/www.prijedordanas.com\/index.php?rest_route=\/wp\/v2\/posts\/191597\/revisions"}],"predecessor-version":[{"id":191598,"href":"https:\/\/www.prijedordanas.com\/index.php?rest_route=\/wp\/v2\/posts\/191597\/revisions\/191598"}],"wp:attachment":[{"href":"https:\/\/www.prijedordanas.com\/index.php?rest_route=%2Fwp%2Fv2%2Fmedia&parent=191597"}],"wp:term":[{"taxonomy":"category","embeddable":true,"href":"https:\/\/www.prijedordanas.com\/index.php?rest_route=%2Fwp%2Fv2%2Fcategories&post=191597"},{"taxonomy":"post_tag","embeddable":true,"href":"https:\/\/www.prijedordanas.com\/index.php?rest_route=%2Fwp%2Fv2%2Ftags&post=191597"}],"curies":[{"name":"wp","href":"https:\/\/api.w.org\/{rel}","templated":true}]}}