{"id":191478,"date":"2022-09-01T23:53:52","date_gmt":"2022-09-01T21:53:52","guid":{"rendered":"https:\/\/www.prijedordanas.com\/?p=191478"},"modified":"2022-09-01T23:53:52","modified_gmt":"2022-09-01T21:53:52","slug":"prijedor-ucenici-ponovo-u-skolskim-klupama-prvacica-vise-nego-lani-video","status":"publish","type":"post","link":"https:\/\/www.prijedordanas.com\/?p=191478","title":{"rendered":"Prijedor: U\u010denici ponovo u \u0161kolskim klupama, prva\u010di\u0107a vi\u0161e nego lani &#8211; VIDEO"},"content":{"rendered":"<p><a href=\"https:\/\/www.prijedordanas.com\/wp-content\/uploads\/2022\/09\/kozarski-pocela-skolska-godina.jpg\"><img loading=\"lazy\" decoding=\"async\" src=\"https:\/\/www.prijedordanas.com\/wp-content\/uploads\/2022\/09\/kozarski-pocela-skolska-godina-300x225.jpg\" alt=\"\" width=\"300\" height=\"225\" class=\"alignleft size-medium wp-image-191479\" srcset=\"https:\/\/www.prijedordanas.com\/wp-content\/uploads\/2022\/09\/kozarski-pocela-skolska-godina-300x225.jpg 300w, https:\/\/www.prijedordanas.com\/wp-content\/uploads\/2022\/09\/kozarski-pocela-skolska-godina-640x480.jpg 640w, https:\/\/www.prijedordanas.com\/wp-content\/uploads\/2022\/09\/kozarski-pocela-skolska-godina.jpg 667w\" sizes=\"(max-width: 300px) 100vw, 300px\" \/><\/a>\u0160kolsko zvono danas je ozna\u010dilo po\u010detak nastave. Iz aktiva direktora osnovnih i srednjih \u0161kola istakli su da su novu \u0161kolsku godinu zapo\u010deli potpuno spremni. U osnovne \u0161kole na podru\u010dju Prijedora krenula su 523 prva\u010di\u0107a.  <\/p>\n<p>\u201dMi smo na istom broju odjeljenja u odnosu na pro\u0161lu godinu. Ove godine pove\u0107an je broj prva\u010di\u0107a na podru\u010dju grada Prijedora\u201d, istakao je Zdravko Budimir, predsjednik Aktiva direktora osnovnih \u0161kola.<\/p>\n<p>\u201dU srednjim i osnovnim \u0161kolama potrebno je da se po\u0161tuju epidemiolo\u0161ke mjere. Ono \u0161to je va\u017eno istaknuti da maske nisu potrebne u \u0161kolama. Ukoliko u\u010denici imaju simptome ili su zara\u017eeni kovidom 19, samo oni idu u izolaciju, a ne kompletno odjeljenje\u201d, dodao je Aleksandar Milje\u0161i\u0107, predsjednik Aktiva direktora prijedorskih srednjih \u0161kola, koje poha\u0111a oko 2.300 u\u010denika. Osim epidemiolo\u0161ke situacije, mnogo pa\u017enje poklanja se ure\u0111enju \u0161kolskih objekata. U ovoj godini, Ministarstvo prosvjete i kulture Republike Srpske izdvojilo je blizu dva miliona maraka za rekonstrukciju i adaptaciju \u0161kolskih objekata. Posebna pa\u017enja posve\u0107ena je \u0161kolama u ruralnim sredinima.<\/p>\n<p>\u201d\u017delimo da izjedna\u010dimo uslove za djecu iz ruralnih, sa djecom koja su iz gradskih sredina. I tu ne stajemo, svake godine dobijamo zahtjeve iz na\u0161ih uprava \u0161kola, sla\u017eemo prioritete. Va\u017eno je da imamo uslove, da su u\u010dionice tople, da nemamo tehni\u010dkih problema, a u na\u0161e profesore i \u0111ake apsolutno ne sumnjamo\u201d, navela je Natalija Trivi\u0107, ministar prosvjete i kulture RS. Na podru\u010dju Republike Srpske, u prve razrede osnovnih \u0161kola  upisano  je oko 9.000 u\u010denika.<\/p>\n<p>Prosvjetni radnici po\u017eeljeli su u\u010denicima sre\u0107an po\u010detak nove \u0161kolske godine i poru\u010dili im da na njihovu podr\u0161ku mogu da ra\u010dunaju.<\/p>\n<p>kozarski.com<\/p>\n<p><iframe loading=\"lazy\" title=\"U\u010cENICI PONOVO U \u0160KOLSKIM KLUPAMA, PRVA\u010cI\u0106A VI\u0160E NEGO LANI\" width=\"500\" height=\"281\" src=\"https:\/\/www.youtube.com\/embed\/OQS0l_4qJrk?feature=oembed\" frameborder=\"0\" allow=\"accelerometer; autoplay; clipboard-write; encrypted-media; gyroscope; picture-in-picture\" allowfullscreen><\/iframe><\/p>\n","protected":false},"excerpt":{"rendered":"<p>\u0160kolsko zvono danas je ozna\u010dilo po\u010detak nastave. Iz aktiva direktora osnovnih i srednjih \u0161kola istakli su da su novu \u0161kolsku godinu zapo\u010deli potpuno spremni. U osnovne \u0161kole na podru\u010dju Prijedora [&hellip;]<\/p>\n","protected":false},"author":1,"featured_media":0,"comment_status":"closed","ping_status":"open","sticky":false,"template":"","format":"standard","meta":{"_monsterinsights_skip_tracking":false,"_monsterinsights_sitenote_active":false,"_monsterinsights_sitenote_note":"","_monsterinsights_sitenote_category":0,"footnotes":""},"categories":[7518],"tags":[],"yoast_head":"<!-- This site is optimized with the Yoast SEO plugin v21.6 - https:\/\/yoast.com\/wordpress\/plugins\/seo\/ -->\n<title>Prijedor: U\u010denici ponovo u \u0161kolskim klupama, prva\u010di\u0107a vi\u0161e nego lani - VIDEO - PrijedorDanas.com - Prijedorski gradski portal<\/title>\n<meta name=\"robots\" content=\"index, follow, max-snippet:-1, max-image-preview:large, max-video-preview:-1\" \/>\n<link rel=\"canonical\" href=\"https:\/\/www.prijedordanas.com\/?p=191478\" \/>\n<meta property=\"og:locale\" content=\"en_US\" \/>\n<meta property=\"og:type\" content=\"article\" \/>\n<meta property=\"og:title\" content=\"Prijedor: U\u010denici ponovo u \u0161kolskim klupama, prva\u010di\u0107a vi\u0161e nego lani - VIDEO - PrijedorDanas.com - Prijedorski gradski portal\" \/>\n<meta property=\"og:description\" content=\"\u0160kolsko zvono danas je ozna\u010dilo po\u010detak nastave. Iz aktiva direktora osnovnih i srednjih \u0161kola istakli su da su novu \u0161kolsku godinu zapo\u010deli potpuno spremni. U osnovne \u0161kole na podru\u010dju Prijedora [&hellip;]\" \/>\n<meta property=\"og:url\" content=\"https:\/\/www.prijedordanas.com\/?p=191478\" \/>\n<meta property=\"og:site_name\" content=\"PrijedorDanas.com - Prijedorski gradski portal\" \/>\n<meta property=\"article:publisher\" content=\"https:\/\/www.facebook.com\/PrijedorDanasCom\/\" \/>\n<meta property=\"article:published_time\" content=\"2022-09-01T21:53:52+00:00\" \/>\n<meta property=\"og:image\" content=\"https:\/\/www.prijedordanas.com\/wp-content\/uploads\/2022\/09\/kozarski-pocela-skolska-godina-300x225.jpg\" \/>\n<meta name=\"author\" content=\"admin\" \/>\n<meta name=\"twitter:card\" content=\"summary_large_image\" \/>\n<meta name=\"twitter:label1\" content=\"Written by\" \/>\n\t<meta name=\"twitter:data1\" content=\"admin\" \/>\n<script type=\"application\/ld+json\" class=\"yoast-schema-graph\">{\"@context\":\"https:\/\/schema.org\",\"@graph\":[{\"@type\":\"Article\",\"@id\":\"https:\/\/www.prijedordanas.com\/?p=191478#article\",\"isPartOf\":{\"@id\":\"https:\/\/www.prijedordanas.com\/?p=191478\"},\"author\":{\"name\":\"admin\",\"@id\":\"https:\/\/www.prijedordanas.com\/#\/schema\/person\/4e08ccf29b506ca916ff86d46bb700e6\"},\"headline\":\"Prijedor: U\u010denici ponovo u \u0161kolskim klupama, prva\u010di\u0107a vi\u0161e nego lani &#8211; VIDEO\",\"datePublished\":\"2022-09-01T21:53:52+00:00\",\"dateModified\":\"2022-09-01T21:53:52+00:00\",\"mainEntityOfPage\":{\"@id\":\"https:\/\/www.prijedordanas.com\/?p=191478\"},\"wordCount\":313,\"publisher\":{\"@id\":\"https:\/\/www.prijedordanas.com\/#organization\"},\"articleSection\":[\"Mladi\"],\"inLanguage\":\"en-US\"},{\"@type\":\"WebPage\",\"@id\":\"https:\/\/www.prijedordanas.com\/?p=191478\",\"url\":\"https:\/\/www.prijedordanas.com\/?p=191478\",\"name\":\"Prijedor: U\u010denici ponovo u \u0161kolskim klupama, prva\u010di\u0107a vi\u0161e nego lani - VIDEO - PrijedorDanas.com - Prijedorski gradski portal\",\"isPartOf\":{\"@id\":\"https:\/\/www.prijedordanas.com\/#website\"},\"datePublished\":\"2022-09-01T21:53:52+00:00\",\"dateModified\":\"2022-09-01T21:53:52+00:00\",\"breadcrumb\":{\"@id\":\"https:\/\/www.prijedordanas.com\/?p=191478#breadcrumb\"},\"inLanguage\":\"en-US\",\"potentialAction\":[{\"@type\":\"ReadAction\",\"target\":[\"https:\/\/www.prijedordanas.com\/?p=191478\"]}]},{\"@type\":\"BreadcrumbList\",\"@id\":\"https:\/\/www.prijedordanas.com\/?p=191478#breadcrumb\",\"itemListElement\":[{\"@type\":\"ListItem\",\"position\":1,\"name\":\"Home\",\"item\":\"https:\/\/www.prijedordanas.com\/\"},{\"@type\":\"ListItem\",\"position\":2,\"name\":\"Prijedor: U\u010denici ponovo u \u0161kolskim klupama, prva\u010di\u0107a vi\u0161e nego lani &#8211; VIDEO\"}]},{\"@type\":\"WebSite\",\"@id\":\"https:\/\/www.prijedordanas.com\/#website\",\"url\":\"https:\/\/www.prijedordanas.com\/\",\"name\":\"PrijedorDanas.com - Prijedorski gradski portal\",\"description\":\"Portal o doga\u0111anjima u gradu Prijedoru\",\"publisher\":{\"@id\":\"https:\/\/www.prijedordanas.com\/#organization\"},\"potentialAction\":[{\"@type\":\"SearchAction\",\"target\":{\"@type\":\"EntryPoint\",\"urlTemplate\":\"https:\/\/www.prijedordanas.com\/?s={search_term_string}\"},\"query-input\":\"required name=search_term_string\"}],\"inLanguage\":\"en-US\"},{\"@type\":\"Organization\",\"@id\":\"https:\/\/www.prijedordanas.com\/#organization\",\"name\":\"PrijedorDanas.com\",\"url\":\"https:\/\/www.prijedordanas.com\/\",\"logo\":{\"@type\":\"ImageObject\",\"inLanguage\":\"en-US\",\"@id\":\"https:\/\/www.prijedordanas.com\/#\/schema\/logo\/image\/\",\"url\":\"http:\/\/www.prijedordanas.com\/wp-content\/uploads\/2021\/12\/logopng.png\",\"contentUrl\":\"http:\/\/www.prijedordanas.com\/wp-content\/uploads\/2021\/12\/logopng.png\",\"width\":1019,\"height\":776,\"caption\":\"PrijedorDanas.com\"},\"image\":{\"@id\":\"https:\/\/www.prijedordanas.com\/#\/schema\/logo\/image\/\"},\"sameAs\":[\"https:\/\/www.facebook.com\/PrijedorDanasCom\/\"]},{\"@type\":\"Person\",\"@id\":\"https:\/\/www.prijedordanas.com\/#\/schema\/person\/4e08ccf29b506ca916ff86d46bb700e6\",\"name\":\"admin\",\"image\":{\"@type\":\"ImageObject\",\"inLanguage\":\"en-US\",\"@id\":\"https:\/\/www.prijedordanas.com\/#\/schema\/person\/image\/\",\"url\":\"https:\/\/secure.gravatar.com\/avatar\/1d3fc949d550f0b53a5f0d51e06dfd79?s=96&d=mm&r=g\",\"contentUrl\":\"https:\/\/secure.gravatar.com\/avatar\/1d3fc949d550f0b53a5f0d51e06dfd79?s=96&d=mm&r=g\",\"caption\":\"admin\"},\"url\":\"https:\/\/www.prijedordanas.com\/?author=1\"}]}<\/script>\n<!-- \/ Yoast SEO plugin. -->","yoast_head_json":{"title":"Prijedor: U\u010denici ponovo u \u0161kolskim klupama, prva\u010di\u0107a vi\u0161e nego lani - VIDEO - PrijedorDanas.com - Prijedorski gradski portal","robots":{"index":"index","follow":"follow","max-snippet":"max-snippet:-1","max-image-preview":"max-image-preview:large","max-video-preview":"max-video-preview:-1"},"canonical":"https:\/\/www.prijedordanas.com\/?p=191478","og_locale":"en_US","og_type":"article","og_title":"Prijedor: U\u010denici ponovo u \u0161kolskim klupama, prva\u010di\u0107a vi\u0161e nego lani - VIDEO - PrijedorDanas.com - Prijedorski gradski portal","og_description":"\u0160kolsko zvono danas je ozna\u010dilo po\u010detak nastave. Iz aktiva direktora osnovnih i srednjih \u0161kola istakli su da su novu \u0161kolsku godinu zapo\u010deli potpuno spremni. U osnovne \u0161kole na podru\u010dju Prijedora [&hellip;]","og_url":"https:\/\/www.prijedordanas.com\/?p=191478","og_site_name":"PrijedorDanas.com - Prijedorski gradski portal","article_publisher":"https:\/\/www.facebook.com\/PrijedorDanasCom\/","article_published_time":"2022-09-01T21:53:52+00:00","og_image":[{"url":"https:\/\/www.prijedordanas.com\/wp-content\/uploads\/2022\/09\/kozarski-pocela-skolska-godina-300x225.jpg"}],"author":"admin","twitter_card":"summary_large_image","twitter_misc":{"Written by":"admin"},"schema":{"@context":"https:\/\/schema.org","@graph":[{"@type":"Article","@id":"https:\/\/www.prijedordanas.com\/?p=191478#article","isPartOf":{"@id":"https:\/\/www.prijedordanas.com\/?p=191478"},"author":{"name":"admin","@id":"https:\/\/www.prijedordanas.com\/#\/schema\/person\/4e08ccf29b506ca916ff86d46bb700e6"},"headline":"Prijedor: U\u010denici ponovo u \u0161kolskim klupama, prva\u010di\u0107a vi\u0161e nego lani &#8211; VIDEO","datePublished":"2022-09-01T21:53:52+00:00","dateModified":"2022-09-01T21:53:52+00:00","mainEntityOfPage":{"@id":"https:\/\/www.prijedordanas.com\/?p=191478"},"wordCount":313,"publisher":{"@id":"https:\/\/www.prijedordanas.com\/#organization"},"articleSection":["Mladi"],"inLanguage":"en-US"},{"@type":"WebPage","@id":"https:\/\/www.prijedordanas.com\/?p=191478","url":"https:\/\/www.prijedordanas.com\/?p=191478","name":"Prijedor: U\u010denici ponovo u \u0161kolskim klupama, prva\u010di\u0107a vi\u0161e nego lani - VIDEO - PrijedorDanas.com - Prijedorski gradski portal","isPartOf":{"@id":"https:\/\/www.prijedordanas.com\/#website"},"datePublished":"2022-09-01T21:53:52+00:00","dateModified":"2022-09-01T21:53:52+00:00","breadcrumb":{"@id":"https:\/\/www.prijedordanas.com\/?p=191478#breadcrumb"},"inLanguage":"en-US","potentialAction":[{"@type":"ReadAction","target":["https:\/\/www.prijedordanas.com\/?p=191478"]}]},{"@type":"BreadcrumbList","@id":"https:\/\/www.prijedordanas.com\/?p=191478#breadcrumb","itemListElement":[{"@type":"ListItem","position":1,"name":"Home","item":"https:\/\/www.prijedordanas.com\/"},{"@type":"ListItem","position":2,"name":"Prijedor: U\u010denici ponovo u \u0161kolskim klupama, prva\u010di\u0107a vi\u0161e nego lani &#8211; VIDEO"}]},{"@type":"WebSite","@id":"https:\/\/www.prijedordanas.com\/#website","url":"https:\/\/www.prijedordanas.com\/","name":"PrijedorDanas.com - Prijedorski gradski portal","description":"Portal o doga\u0111anjima u gradu Prijedoru","publisher":{"@id":"https:\/\/www.prijedordanas.com\/#organization"},"potentialAction":[{"@type":"SearchAction","target":{"@type":"EntryPoint","urlTemplate":"https:\/\/www.prijedordanas.com\/?s={search_term_string}"},"query-input":"required name=search_term_string"}],"inLanguage":"en-US"},{"@type":"Organization","@id":"https:\/\/www.prijedordanas.com\/#organization","name":"PrijedorDanas.com","url":"https:\/\/www.prijedordanas.com\/","logo":{"@type":"ImageObject","inLanguage":"en-US","@id":"https:\/\/www.prijedordanas.com\/#\/schema\/logo\/image\/","url":"http:\/\/www.prijedordanas.com\/wp-content\/uploads\/2021\/12\/logopng.png","contentUrl":"http:\/\/www.prijedordanas.com\/wp-content\/uploads\/2021\/12\/logopng.png","width":1019,"height":776,"caption":"PrijedorDanas.com"},"image":{"@id":"https:\/\/www.prijedordanas.com\/#\/schema\/logo\/image\/"},"sameAs":["https:\/\/www.facebook.com\/PrijedorDanasCom\/"]},{"@type":"Person","@id":"https:\/\/www.prijedordanas.com\/#\/schema\/person\/4e08ccf29b506ca916ff86d46bb700e6","name":"admin","image":{"@type":"ImageObject","inLanguage":"en-US","@id":"https:\/\/www.prijedordanas.com\/#\/schema\/person\/image\/","url":"https:\/\/secure.gravatar.com\/avatar\/1d3fc949d550f0b53a5f0d51e06dfd79?s=96&d=mm&r=g","contentUrl":"https:\/\/secure.gravatar.com\/avatar\/1d3fc949d550f0b53a5f0d51e06dfd79?s=96&d=mm&r=g","caption":"admin"},"url":"https:\/\/www.prijedordanas.com\/?author=1"}]}},"_links":{"self":[{"href":"https:\/\/www.prijedordanas.com\/index.php?rest_route=\/wp\/v2\/posts\/191478"}],"collection":[{"href":"https:\/\/www.prijedordanas.com\/index.php?rest_route=\/wp\/v2\/posts"}],"about":[{"href":"https:\/\/www.prijedordanas.com\/index.php?rest_route=\/wp\/v2\/types\/post"}],"author":[{"embeddable":true,"href":"https:\/\/www.prijedordanas.com\/index.php?rest_route=\/wp\/v2\/users\/1"}],"replies":[{"embeddable":true,"href":"https:\/\/www.prijedordanas.com\/index.php?rest_route=%2Fwp%2Fv2%2Fcomments&post=191478"}],"version-history":[{"count":1,"href":"https:\/\/www.prijedordanas.com\/index.php?rest_route=\/wp\/v2\/posts\/191478\/revisions"}],"predecessor-version":[{"id":191480,"href":"https:\/\/www.prijedordanas.com\/index.php?rest_route=\/wp\/v2\/posts\/191478\/revisions\/191480"}],"wp:attachment":[{"href":"https:\/\/www.prijedordanas.com\/index.php?rest_route=%2Fwp%2Fv2%2Fmedia&parent=191478"}],"wp:term":[{"taxonomy":"category","embeddable":true,"href":"https:\/\/www.prijedordanas.com\/index.php?rest_route=%2Fwp%2Fv2%2Fcategories&post=191478"},{"taxonomy":"post_tag","embeddable":true,"href":"https:\/\/www.prijedordanas.com\/index.php?rest_route=%2Fwp%2Fv2%2Ftags&post=191478"}],"curies":[{"name":"wp","href":"https:\/\/api.w.org\/{rel}","templated":true}]}}