{"id":191459,"date":"2022-09-01T20:30:29","date_gmt":"2022-09-01T18:30:29","guid":{"rendered":"https:\/\/www.prijedordanas.com\/?p=191459"},"modified":"2022-12-14T22:13:47","modified_gmt":"2022-12-14T21:13:47","slug":"osjecam-se-i-jadno-i-srecno-prijedorcanin-9-godina-cekao-da-uhapse-covjeka-koji-ga-je-napravio-invalidom-foto","status":"publish","type":"post","link":"https:\/\/www.prijedordanas.com\/?p=191459","title":{"rendered":"&#8220;Osje\u0107am se i jadno i sre\u0107no&#8221;: Prijedor\u010danin 9 godina \u010dekao da uhapse \u010dovjeka koji ga je napravio invalidom &#8211; FOTO"},"content":{"rendered":"<p><a href=\"https:\/\/www.prijedordanas.com\/wp-content\/uploads\/2022\/08\/blic-goran-jelicic-1.jpg\"><img loading=\"lazy\" decoding=\"async\" class=\"alignleft size-medium wp-image-191307\" src=\"https:\/\/www.prijedordanas.com\/wp-content\/uploads\/2022\/08\/blic-goran-jelicic-1-300x225.jpg\" alt=\"\" width=\"300\" height=\"225\" srcset=\"https:\/\/www.prijedordanas.com\/wp-content\/uploads\/2022\/08\/blic-goran-jelicic-1-300x225.jpg 300w, https:\/\/www.prijedordanas.com\/wp-content\/uploads\/2022\/08\/blic-goran-jelicic-1-640x480.jpg 640w, https:\/\/www.prijedordanas.com\/wp-content\/uploads\/2022\/08\/blic-goran-jelicic-1.jpg 667w\" sizes=\"(max-width: 300px) 100vw, 300px\" \/><\/a>Ljut sam na Sr\u0111ana Jela\u010du i, iskren da budem, ne znam \u0161ta bih napravio da ga vidim, znaju\u0107i kroz \u0161ta smo zbog svega \u0161ta je uradio pro\u0161li moja porodica i ja nakon te\u0161kog ranjavanja, pri\u010da u ispovijesti za Srpskainfo Goran Jeli\u010di\u0107 koji je u martu 2013. godine jedva izvukao \u017eivu glavu nakon mu\u010dkog napada u Prijedoru.<\/p>\n<p>Jeli\u010di\u0107 ka\u017ee da je du\u017ee od devet godina ustajao i odlazio spavati \u010dekaju\u0107i da Jela\u010da, \u010dovjek koji ga je napravio invalidom, bude uhap\u0161en.<\/p>\n<p>Nakon \u0161to je portal Srpskainfo ekskluzivno objavio vijest o hap\u0161enju i izru\u010denju Sr\u0111ana Jela\u010de pravosudnim institucijama Republike Srpske, koje su za ovim bjeguncem tragale vi\u0161e od devet godina, Jeli\u010di\u0107u su pomije\u0161ana osje\u0107anja.<\/p>\n<p><strong><a href=\"https:\/\/www.prijedordanas.com\/?p=191305\" target=\"_blank\" rel=\"noopener\">Radnik \u201cSektor sekjuritija\u201d za dlaku izbjegao smrt: Nakon devet godina skrivanja u Danskoj uhap\u0161en Sr\u0111an Jela\u010da iz Prijedora<\/a><\/strong><\/p>\n<p>\u2013 Ose\u0107am se i jadno i sre\u0107no. Jadno, jer je trebalo du\u017ee od devet godina da Jela\u010da bude uhap\u0161en, a sre\u0107no, jer \u0107e mu se kona\u010dno suditi zbog onoga \u0161to je uradio \u2013 pri\u010da Jeli\u010di\u0107, koji sada radi u Njema\u010dkoj.<\/p>\n<p><a href=\"https:\/\/www.prijedordanas.com\/wp-content\/uploads\/2022\/09\/blic-goran-jelicic-5.jpg\"><img loading=\"lazy\" decoding=\"async\" class=\"alignleft size-medium wp-image-191460\" src=\"https:\/\/www.prijedordanas.com\/wp-content\/uploads\/2022\/09\/blic-goran-jelicic-5-300x225.jpg\" alt=\"\" width=\"300\" height=\"225\" srcset=\"https:\/\/www.prijedordanas.com\/wp-content\/uploads\/2022\/09\/blic-goran-jelicic-5-300x225.jpg 300w, https:\/\/www.prijedordanas.com\/wp-content\/uploads\/2022\/09\/blic-goran-jelicic-5-640x480.jpg 640w, https:\/\/www.prijedordanas.com\/wp-content\/uploads\/2022\/09\/blic-goran-jelicic-5.jpg 667w\" sizes=\"(max-width: 300px) 100vw, 300px\" \/><\/a>Borba za goli \u017eivot<\/p>\n<p>Iako je od tog 9. marta 2013. godine pro\u0161lo vi\u0161e od devet godina, sje\u0107anja na kriti\u010dnu ve\u010de nisu izblijedila.<\/p>\n<p>\u2013 Kolega Boris Malinovi\u0107 i ja bili smo u slu\u017ebenom autu i kretali smo se ulicom Vuka Karad\u017ei\u0107a u Prijedoru. U jednom trenutku primjetili smo nekog momka da mlati rukama i izlije\u0107e na cestu da nas zaustavi. Stali smo desetak metara od raskrsnice u toj ulici. Bio sam na mjestu suvoza\u010da, iza\u0161ao iz vozila i obratio se tom momku, ali on se tada po\u010deo udaljavati od nas i govoriti ne\u0161to, ali ga nisam razumio. U tom trenutku \u010duo sam pucnjavu iza le\u0111a \u2013 prisjetio se kriti\u010dne ve\u010deri Jeli\u010di\u0107 i trenutaka koji su mu iz korijena promijenili \u017eivot.<\/p>\n<p><strong><a href=\"https:\/\/www.prijedordanas.com\/?p=191223\" target=\"_blank\" rel=\"noopener\">Za Sr\u0111anom Jela\u010dom iz Prijedora tragali 9 godina: Pucao radniku obezbje\u0111enja u testise i koljena, a zatim \u201cnestao\u201d<\/a><\/strong><\/p>\n<p>\u010cuv\u0161i pucnjavu, Jeli\u010di\u0107 se okrenuo i tada je primjetio drugog momka s pi\u0161toljem u ruci kako tr\u010di uz trotoar.<\/p>\n<p>\u2013 Primjetio sam da kolega Malinovi\u0107 le\u017ei pored auta, a taj momak je s pi\u0161toljem protr\u010dao pored njega i tr\u010dao prema meni. Jasno sam ga razumio kako govori: \u201c Majku vam j\u2026, sad \u0107u vas pobiti\u201d. Nisam imao nikakav zaklon, a on je ve\u0107 bio blizu. Podigao sam ruke i govorio mu da se smiri i pitao u \u010demu je problem \u2013 prisje\u0107a se Goran koji je kriti\u010dne ve\u010deri bio zaposlen u \u201cSektor sekjuritiju\u201d.<\/p>\n<p><strong><a href=\"https:\/\/www.prijedordanas.com\/?p=191342\" target=\"_blank\" rel=\"noopener\">\u201cLjut sam, ne znam \u0161ta bih napravio da ga vidim\u201d: Potresna ispovijest Gorana Jeli\u010di\u0107a, koji je jedva pre\u017eivio napad prije 9 godina<\/a><\/strong><\/p>\n<p>Jela\u010da je ispalio prvi hitac.<\/p>\n<p>\u2013 Prvi hitac ispalio je u pravcu moje glave i pogodio me u prst lijeve ruke. Bukvalno je utr\u010dao u mene i uspio sam ga uhvatiti za ruku u kojoj je dr\u017eao pi\u0161tolj, ali je on opalio jo\u0161 jedan hitac i pogodio me u butnu kost desne noge. Uspio sam ga oboriti na asfalt i u padu je tre\u0107i put opalio. Taj metak je zavr\u0161io u listu desne noge \u2013 prisjetio se kriti\u010dnih trenutaka Jeli\u010di\u0107.<\/p>\n<p><a href=\"https:\/\/www.prijedordanas.com\/wp-content\/uploads\/2022\/08\/blic-goran-jelicic-3.jpg\"><img loading=\"lazy\" decoding=\"async\" src=\"https:\/\/www.prijedordanas.com\/wp-content\/uploads\/2022\/08\/blic-goran-jelicic-3-300x225.jpg\" alt=\"\" width=\"300\" height=\"225\" class=\"alignleft size-medium wp-image-191346\" srcset=\"https:\/\/www.prijedordanas.com\/wp-content\/uploads\/2022\/08\/blic-goran-jelicic-3-300x225.jpg 300w, https:\/\/www.prijedordanas.com\/wp-content\/uploads\/2022\/08\/blic-goran-jelicic-3-640x480.jpg 640w, https:\/\/www.prijedordanas.com\/wp-content\/uploads\/2022\/08\/blic-goran-jelicic-3.jpg 667w\" sizes=\"(max-width: 300px) 100vw, 300px\" \/><\/a>Poku\u0161avaju\u0107i da napada\u010da zadr\u017ei u le\u017ee\u0107em polo\u017eaju, Jeli\u010di\u0107 je osjetio sna\u017ean bol u desnoj nozi, gubljene snage i svijesti. Napada\u010d je to iskoristio i uspio se izvu\u0107i. Kada je ustao, Jela\u010da je ispalio jo\u0161 dva hica, od kojih je jedan Gorana pogodio u lijevu nogu, ta\u010dnije koljeno.<br \/>\nOporavak trajao tri godine<\/p>\n<p>Peti hitac na sre\u0107u je proma\u0161io, a nakon njega napada\u010d je pobjegao u mrak.<\/p>\n<p>Ubrzo su na mjesto mu\u010dkog napada stigli de\u017eurni policajci.<\/p>\n<p>\u2013 Hvala bogu pa me taj peti metak proma\u0161io i Jela\u010da je poslije njega pobjegao. U tim trenucima su stigli i policajci Elvis Kadiri\u0107 i Igor Prodan. Brzom intervencijom policajci su me ubacili u maricu, ne sa\u010dekav\u0161i Hitnu pomo\u0107, i odvezli do bolnice. Njima sam zahvalan \u0161to sam danas \u017eiv \u2013 istakao je Jeli\u010di\u0107.<\/p>\n<p>Oporavak od te\u0161kih povreda trajao je tri godine, a danas je zbog svega, na\u017ealost invalid.<\/p>\n<p>\u2013 \u0160est mjeseci sam bio nepokretan u invalidskim kolicima, 18 mjeseci sam nosio \u0161take. Ukratko, tri godine je bila borba da pre\u017eivim i da se vratim u prili\u010dno normalno stanje. Danas sam invalid i imam velike o\u017eiljke po tijelu, skra\u0107enje noge i druge povrede. Sa vjerom u boga i jakom voljom za \u017eivotom, zbog djece, supruge, roditelja, oporavio sam se koliko-toliko \u2013 istakao je Jeli\u010di\u0107 u ispovijesti za Srpskainfo.<br \/>\nIzru\u010denje<\/p>\n<p>Dodaje kako zbog ljutnje ne mo\u017ee ni zamisliti \u0161ta bi uradio Jela\u010di da ga vidi.<\/p>\n<p>\u2013 Ali, ja sam \u010dovjek koji vjeruje u boga i zahvaljuju\u0107i bogu i volji za \u017eivotom pre\u017eivio sam ovo sve. Sada neka tu\u017eila\u0161tvo i sud doka\u017eu i utvrde, te kazne Jela\u010du za ono \u0161to mi je u\u010dinio \u2013 zaklju\u010dio je Jeli\u010di\u0107.<\/p>\n<p>Podsjetimo, Sr\u0111an Jela\u010da je nakon vi\u0161e od devet godina skrivanja uhap\u0161en u Danskoj, a nedavno je izru\u010den BiH.<\/p>\n<p>Nakon \u0161to je sletio na sarajevski Aerodrom, preuzeli su ga slu\u017ebenici Sudske policije Republike Srpske i sproveli u pritvorsku jedinicu KPZ Banjaluka.<\/p>\n<p>Istragom u ovom slu\u010daju rukovodi Okru\u017eno javno tu\u017eila\u0161tvo u Prijedoru.<\/p>\n<p>Zahvalnost i pokojnom Slavi\u0161i Kruni\u0107u<\/p>\n<p>Goran Jeli\u010di\u0107, \u017ertva mu\u010dkog napada u re\u017eiji Sr\u0111ana Jela\u010de, tvrdi da kobne ve\u010deri napada\u010da nije ni vidio do trenutka pucnjave.<\/p>\n<p>\u2013 Znam da nisam bio u diskoteci i da nisam vidio toga dana Sr\u0111ana Jela\u010du, niti ga pogledao u o\u010di, sve dok me nije napao na ulici i pucao u mene \u2013 istakao je on.<\/p>\n<p>Dodaje kako \u0107e sve okolnosti biti utvr\u0111ene tokom budu\u0107eg sudskog postupka.<\/p>\n<p>\u2013 Jo\u0161 jednom \u017eelim da se zahvalim de\u017eurnim policajcima koji su me odmah odvezli u bolnicu, pokojnom Slavi\u0161i Kruni\u0107u, prijateljima i svima koji su na bilo koji na\u010din bili uz mene i porodicu i podr\u017eali me, a posebnu zahvalnost dugujem svojoj supruzi, djeci i roditeljima, jer je sve ono trebalo gledati i izdr\u017eati \u2013 zaklju\u010dio je Jeli\u010di\u0107.<\/p>\n<p><a href=\"https:\/\/srpskainfo.com\/osjecam-se-i-jadno-i-srecno-prijedorcanin-9-godina-cekao-da-uhapse-covjeka-koji-ga-je-napravio-invalidom-foto\/?utm_source=fbPush\" target=\"_blank\" rel=\"noopener\">srpskainfo.com<\/a><\/p>\n","protected":false},"excerpt":{"rendered":"<p>Ljut sam na Sr\u0111ana Jela\u010du i, iskren da budem, ne znam \u0161ta bih napravio da ga vidim, znaju\u0107i kroz \u0161ta smo zbog svega \u0161ta je uradio pro\u0161li moja porodica i [&hellip;]<\/p>\n","protected":false},"author":1,"featured_media":0,"comment_status":"closed","ping_status":"open","sticky":false,"template":"","format":"standard","meta":{"_monsterinsights_skip_tracking":false,"_monsterinsights_sitenote_active":false,"_monsterinsights_sitenote_note":"","_monsterinsights_sitenote_category":0,"footnotes":""},"categories":[3],"tags":[],"yoast_head":"<!-- This site is optimized with the Yoast SEO plugin v21.6 - https:\/\/yoast.com\/wordpress\/plugins\/seo\/ -->\n<title>&quot;Osje\u0107am se i jadno i sre\u0107no&quot;: Prijedor\u010danin 9 godina \u010dekao da uhapse \u010dovjeka koji ga je napravio invalidom - FOTO - PrijedorDanas.com - Prijedorski gradski portal<\/title>\n<meta name=\"robots\" content=\"index, follow, max-snippet:-1, max-image-preview:large, max-video-preview:-1\" \/>\n<link rel=\"canonical\" href=\"https:\/\/www.prijedordanas.com\/?p=191459\" \/>\n<meta property=\"og:locale\" content=\"en_US\" \/>\n<meta property=\"og:type\" content=\"article\" \/>\n<meta property=\"og:title\" content=\"&quot;Osje\u0107am se i jadno i sre\u0107no&quot;: Prijedor\u010danin 9 godina \u010dekao da uhapse \u010dovjeka koji ga je napravio invalidom - FOTO - PrijedorDanas.com - Prijedorski gradski portal\" \/>\n<meta property=\"og:description\" content=\"Ljut sam na Sr\u0111ana Jela\u010du i, iskren da budem, ne znam \u0161ta bih napravio da ga vidim, znaju\u0107i kroz \u0161ta smo zbog svega \u0161ta je uradio pro\u0161li moja porodica i [&hellip;]\" \/>\n<meta property=\"og:url\" content=\"https:\/\/www.prijedordanas.com\/?p=191459\" \/>\n<meta property=\"og:site_name\" content=\"PrijedorDanas.com - Prijedorski gradski portal\" \/>\n<meta property=\"article:publisher\" content=\"https:\/\/www.facebook.com\/PrijedorDanasCom\/\" \/>\n<meta property=\"article:published_time\" content=\"2022-09-01T18:30:29+00:00\" \/>\n<meta property=\"article:modified_time\" content=\"2022-12-14T21:13:47+00:00\" \/>\n<meta property=\"og:image\" content=\"https:\/\/www.prijedordanas.com\/wp-content\/uploads\/2022\/08\/blic-goran-jelicic-1-300x225.jpg\" \/>\n<meta name=\"author\" content=\"admin\" \/>\n<meta name=\"twitter:card\" content=\"summary_large_image\" \/>\n<meta name=\"twitter:label1\" content=\"Written by\" \/>\n\t<meta name=\"twitter:data1\" content=\"admin\" \/>\n\t<meta name=\"twitter:label2\" content=\"Est. reading time\" \/>\n\t<meta name=\"twitter:data2\" content=\"5 minutes\" \/>\n<script type=\"application\/ld+json\" class=\"yoast-schema-graph\">{\"@context\":\"https:\/\/schema.org\",\"@graph\":[{\"@type\":\"Article\",\"@id\":\"https:\/\/www.prijedordanas.com\/?p=191459#article\",\"isPartOf\":{\"@id\":\"https:\/\/www.prijedordanas.com\/?p=191459\"},\"author\":{\"name\":\"admin\",\"@id\":\"https:\/\/www.prijedordanas.com\/#\/schema\/person\/4e08ccf29b506ca916ff86d46bb700e6\"},\"headline\":\"&#8220;Osje\u0107am se i jadno i sre\u0107no&#8221;: Prijedor\u010danin 9 godina \u010dekao da uhapse \u010dovjeka koji ga je napravio invalidom &#8211; FOTO\",\"datePublished\":\"2022-09-01T18:30:29+00:00\",\"dateModified\":\"2022-12-14T21:13:47+00:00\",\"mainEntityOfPage\":{\"@id\":\"https:\/\/www.prijedordanas.com\/?p=191459\"},\"wordCount\":1098,\"publisher\":{\"@id\":\"https:\/\/www.prijedordanas.com\/#organization\"},\"articleSection\":[\"\u017divot\"],\"inLanguage\":\"en-US\"},{\"@type\":\"WebPage\",\"@id\":\"https:\/\/www.prijedordanas.com\/?p=191459\",\"url\":\"https:\/\/www.prijedordanas.com\/?p=191459\",\"name\":\"\\\"Osje\u0107am se i jadno i sre\u0107no\\\": Prijedor\u010danin 9 godina \u010dekao da uhapse \u010dovjeka koji ga je napravio invalidom - FOTO - PrijedorDanas.com - Prijedorski gradski portal\",\"isPartOf\":{\"@id\":\"https:\/\/www.prijedordanas.com\/#website\"},\"datePublished\":\"2022-09-01T18:30:29+00:00\",\"dateModified\":\"2022-12-14T21:13:47+00:00\",\"breadcrumb\":{\"@id\":\"https:\/\/www.prijedordanas.com\/?p=191459#breadcrumb\"},\"inLanguage\":\"en-US\",\"potentialAction\":[{\"@type\":\"ReadAction\",\"target\":[\"https:\/\/www.prijedordanas.com\/?p=191459\"]}]},{\"@type\":\"BreadcrumbList\",\"@id\":\"https:\/\/www.prijedordanas.com\/?p=191459#breadcrumb\",\"itemListElement\":[{\"@type\":\"ListItem\",\"position\":1,\"name\":\"Home\",\"item\":\"https:\/\/www.prijedordanas.com\/\"},{\"@type\":\"ListItem\",\"position\":2,\"name\":\"&#8220;Osje\u0107am se i jadno i sre\u0107no&#8221;: Prijedor\u010danin 9 godina \u010dekao da uhapse \u010dovjeka koji ga je napravio invalidom &#8211; FOTO\"}]},{\"@type\":\"WebSite\",\"@id\":\"https:\/\/www.prijedordanas.com\/#website\",\"url\":\"https:\/\/www.prijedordanas.com\/\",\"name\":\"PrijedorDanas.com - Prijedorski gradski portal\",\"description\":\"Portal o doga\u0111anjima u gradu Prijedoru\",\"publisher\":{\"@id\":\"https:\/\/www.prijedordanas.com\/#organization\"},\"potentialAction\":[{\"@type\":\"SearchAction\",\"target\":{\"@type\":\"EntryPoint\",\"urlTemplate\":\"https:\/\/www.prijedordanas.com\/?s={search_term_string}\"},\"query-input\":\"required name=search_term_string\"}],\"inLanguage\":\"en-US\"},{\"@type\":\"Organization\",\"@id\":\"https:\/\/www.prijedordanas.com\/#organization\",\"name\":\"PrijedorDanas.com\",\"url\":\"https:\/\/www.prijedordanas.com\/\",\"logo\":{\"@type\":\"ImageObject\",\"inLanguage\":\"en-US\",\"@id\":\"https:\/\/www.prijedordanas.com\/#\/schema\/logo\/image\/\",\"url\":\"http:\/\/www.prijedordanas.com\/wp-content\/uploads\/2021\/12\/logopng.png\",\"contentUrl\":\"http:\/\/www.prijedordanas.com\/wp-content\/uploads\/2021\/12\/logopng.png\",\"width\":1019,\"height\":776,\"caption\":\"PrijedorDanas.com\"},\"image\":{\"@id\":\"https:\/\/www.prijedordanas.com\/#\/schema\/logo\/image\/\"},\"sameAs\":[\"https:\/\/www.facebook.com\/PrijedorDanasCom\/\"]},{\"@type\":\"Person\",\"@id\":\"https:\/\/www.prijedordanas.com\/#\/schema\/person\/4e08ccf29b506ca916ff86d46bb700e6\",\"name\":\"admin\",\"image\":{\"@type\":\"ImageObject\",\"inLanguage\":\"en-US\",\"@id\":\"https:\/\/www.prijedordanas.com\/#\/schema\/person\/image\/\",\"url\":\"https:\/\/secure.gravatar.com\/avatar\/1d3fc949d550f0b53a5f0d51e06dfd79?s=96&d=mm&r=g\",\"contentUrl\":\"https:\/\/secure.gravatar.com\/avatar\/1d3fc949d550f0b53a5f0d51e06dfd79?s=96&d=mm&r=g\",\"caption\":\"admin\"},\"url\":\"https:\/\/www.prijedordanas.com\/?author=1\"}]}<\/script>\n<!-- \/ Yoast SEO plugin. -->","yoast_head_json":{"title":"\"Osje\u0107am se i jadno i sre\u0107no\": Prijedor\u010danin 9 godina \u010dekao da uhapse \u010dovjeka koji ga je napravio invalidom - FOTO - PrijedorDanas.com - Prijedorski gradski portal","robots":{"index":"index","follow":"follow","max-snippet":"max-snippet:-1","max-image-preview":"max-image-preview:large","max-video-preview":"max-video-preview:-1"},"canonical":"https:\/\/www.prijedordanas.com\/?p=191459","og_locale":"en_US","og_type":"article","og_title":"\"Osje\u0107am se i jadno i sre\u0107no\": Prijedor\u010danin 9 godina \u010dekao da uhapse \u010dovjeka koji ga je napravio invalidom - FOTO - PrijedorDanas.com - Prijedorski gradski portal","og_description":"Ljut sam na Sr\u0111ana Jela\u010du i, iskren da budem, ne znam \u0161ta bih napravio da ga vidim, znaju\u0107i kroz \u0161ta smo zbog svega \u0161ta je uradio pro\u0161li moja porodica i [&hellip;]","og_url":"https:\/\/www.prijedordanas.com\/?p=191459","og_site_name":"PrijedorDanas.com - Prijedorski gradski portal","article_publisher":"https:\/\/www.facebook.com\/PrijedorDanasCom\/","article_published_time":"2022-09-01T18:30:29+00:00","article_modified_time":"2022-12-14T21:13:47+00:00","og_image":[{"url":"https:\/\/www.prijedordanas.com\/wp-content\/uploads\/2022\/08\/blic-goran-jelicic-1-300x225.jpg"}],"author":"admin","twitter_card":"summary_large_image","twitter_misc":{"Written by":"admin","Est. reading time":"5 minutes"},"schema":{"@context":"https:\/\/schema.org","@graph":[{"@type":"Article","@id":"https:\/\/www.prijedordanas.com\/?p=191459#article","isPartOf":{"@id":"https:\/\/www.prijedordanas.com\/?p=191459"},"author":{"name":"admin","@id":"https:\/\/www.prijedordanas.com\/#\/schema\/person\/4e08ccf29b506ca916ff86d46bb700e6"},"headline":"&#8220;Osje\u0107am se i jadno i sre\u0107no&#8221;: Prijedor\u010danin 9 godina \u010dekao da uhapse \u010dovjeka koji ga je napravio invalidom &#8211; FOTO","datePublished":"2022-09-01T18:30:29+00:00","dateModified":"2022-12-14T21:13:47+00:00","mainEntityOfPage":{"@id":"https:\/\/www.prijedordanas.com\/?p=191459"},"wordCount":1098,"publisher":{"@id":"https:\/\/www.prijedordanas.com\/#organization"},"articleSection":["\u017divot"],"inLanguage":"en-US"},{"@type":"WebPage","@id":"https:\/\/www.prijedordanas.com\/?p=191459","url":"https:\/\/www.prijedordanas.com\/?p=191459","name":"\"Osje\u0107am se i jadno i sre\u0107no\": Prijedor\u010danin 9 godina \u010dekao da uhapse \u010dovjeka koji ga je napravio invalidom - FOTO - PrijedorDanas.com - Prijedorski gradski portal","isPartOf":{"@id":"https:\/\/www.prijedordanas.com\/#website"},"datePublished":"2022-09-01T18:30:29+00:00","dateModified":"2022-12-14T21:13:47+00:00","breadcrumb":{"@id":"https:\/\/www.prijedordanas.com\/?p=191459#breadcrumb"},"inLanguage":"en-US","potentialAction":[{"@type":"ReadAction","target":["https:\/\/www.prijedordanas.com\/?p=191459"]}]},{"@type":"BreadcrumbList","@id":"https:\/\/www.prijedordanas.com\/?p=191459#breadcrumb","itemListElement":[{"@type":"ListItem","position":1,"name":"Home","item":"https:\/\/www.prijedordanas.com\/"},{"@type":"ListItem","position":2,"name":"&#8220;Osje\u0107am se i jadno i sre\u0107no&#8221;: Prijedor\u010danin 9 godina \u010dekao da uhapse \u010dovjeka koji ga je napravio invalidom &#8211; FOTO"}]},{"@type":"WebSite","@id":"https:\/\/www.prijedordanas.com\/#website","url":"https:\/\/www.prijedordanas.com\/","name":"PrijedorDanas.com - Prijedorski gradski portal","description":"Portal o doga\u0111anjima u gradu Prijedoru","publisher":{"@id":"https:\/\/www.prijedordanas.com\/#organization"},"potentialAction":[{"@type":"SearchAction","target":{"@type":"EntryPoint","urlTemplate":"https:\/\/www.prijedordanas.com\/?s={search_term_string}"},"query-input":"required name=search_term_string"}],"inLanguage":"en-US"},{"@type":"Organization","@id":"https:\/\/www.prijedordanas.com\/#organization","name":"PrijedorDanas.com","url":"https:\/\/www.prijedordanas.com\/","logo":{"@type":"ImageObject","inLanguage":"en-US","@id":"https:\/\/www.prijedordanas.com\/#\/schema\/logo\/image\/","url":"http:\/\/www.prijedordanas.com\/wp-content\/uploads\/2021\/12\/logopng.png","contentUrl":"http:\/\/www.prijedordanas.com\/wp-content\/uploads\/2021\/12\/logopng.png","width":1019,"height":776,"caption":"PrijedorDanas.com"},"image":{"@id":"https:\/\/www.prijedordanas.com\/#\/schema\/logo\/image\/"},"sameAs":["https:\/\/www.facebook.com\/PrijedorDanasCom\/"]},{"@type":"Person","@id":"https:\/\/www.prijedordanas.com\/#\/schema\/person\/4e08ccf29b506ca916ff86d46bb700e6","name":"admin","image":{"@type":"ImageObject","inLanguage":"en-US","@id":"https:\/\/www.prijedordanas.com\/#\/schema\/person\/image\/","url":"https:\/\/secure.gravatar.com\/avatar\/1d3fc949d550f0b53a5f0d51e06dfd79?s=96&d=mm&r=g","contentUrl":"https:\/\/secure.gravatar.com\/avatar\/1d3fc949d550f0b53a5f0d51e06dfd79?s=96&d=mm&r=g","caption":"admin"},"url":"https:\/\/www.prijedordanas.com\/?author=1"}]}},"_links":{"self":[{"href":"https:\/\/www.prijedordanas.com\/index.php?rest_route=\/wp\/v2\/posts\/191459"}],"collection":[{"href":"https:\/\/www.prijedordanas.com\/index.php?rest_route=\/wp\/v2\/posts"}],"about":[{"href":"https:\/\/www.prijedordanas.com\/index.php?rest_route=\/wp\/v2\/types\/post"}],"author":[{"embeddable":true,"href":"https:\/\/www.prijedordanas.com\/index.php?rest_route=\/wp\/v2\/users\/1"}],"replies":[{"embeddable":true,"href":"https:\/\/www.prijedordanas.com\/index.php?rest_route=%2Fwp%2Fv2%2Fcomments&post=191459"}],"version-history":[{"count":2,"href":"https:\/\/www.prijedordanas.com\/index.php?rest_route=\/wp\/v2\/posts\/191459\/revisions"}],"predecessor-version":[{"id":196781,"href":"https:\/\/www.prijedordanas.com\/index.php?rest_route=\/wp\/v2\/posts\/191459\/revisions\/196781"}],"wp:attachment":[{"href":"https:\/\/www.prijedordanas.com\/index.php?rest_route=%2Fwp%2Fv2%2Fmedia&parent=191459"}],"wp:term":[{"taxonomy":"category","embeddable":true,"href":"https:\/\/www.prijedordanas.com\/index.php?rest_route=%2Fwp%2Fv2%2Fcategories&post=191459"},{"taxonomy":"post_tag","embeddable":true,"href":"https:\/\/www.prijedordanas.com\/index.php?rest_route=%2Fwp%2Fv2%2Ftags&post=191459"}],"curies":[{"name":"wp","href":"https:\/\/api.w.org\/{rel}","templated":true}]}}