{"id":191456,"date":"2022-09-01T20:59:02","date_gmt":"2022-09-01T18:59:02","guid":{"rendered":"https:\/\/www.prijedordanas.com\/?p=191456"},"modified":"2022-09-01T21:28:52","modified_gmt":"2022-09-01T19:28:52","slug":"dzeri-nisi-ti-nama-bio-bilo-ko","status":"publish","type":"post","link":"https:\/\/www.prijedordanas.com\/?p=191456","title":{"rendered":"D\u017eeri, nisi ti nama bio bilo ko"},"content":{"rendered":"<p><a href=\"https:\/\/www.prijedordanas.com\/wp-content\/uploads\/2022\/09\/dzeri-sahrana-1.jpg\"><img loading=\"lazy\" decoding=\"async\" class=\"alignleft size-medium wp-image-191462\" src=\"https:\/\/www.prijedordanas.com\/wp-content\/uploads\/2022\/09\/dzeri-sahrana-1-300x225.jpg\" alt=\"\" width=\"300\" height=\"225\" srcset=\"https:\/\/www.prijedordanas.com\/wp-content\/uploads\/2022\/09\/dzeri-sahrana-1-300x225.jpg 300w, https:\/\/www.prijedordanas.com\/wp-content\/uploads\/2022\/09\/dzeri-sahrana-1-640x480.jpg 640w, https:\/\/www.prijedordanas.com\/wp-content\/uploads\/2022\/09\/dzeri-sahrana-1.jpg 667w\" sizes=\"(max-width: 300px) 100vw, 300px\" \/><\/a>U Prijedoru je u utorak, 30. avgusta u 66. godini \u017eivota preminuo D\u017eeri.<\/p>\n<p>Rijetki su oni koji su ga znali imenom i prezimenom, Nenad \u0110ermanovi\u0107.<\/p>\n<p>Ali svi su znali ko je D\u017eeri, to se nekako podrazumijevalo.<\/p>\n<p>Svi su znali da je tu negdje, u Prijedoru, iza \u0107o\u0161ka&#8230;<\/p>\n<p>Naj\u010de\u0161\u0107e na biciklu sa prepoznatljivom prikolicom, ali i kraj nekog kioska sa novinama u ruci, u kafi\u0107u ili kafani, svejedno je&#8230; Tu negdje&#8230;<\/p>\n<p><a href=\"https:\/\/www.prijedordanas.com\/wp-content\/uploads\/2022\/09\/dzeri-sahrana-2.jpg\"><img loading=\"lazy\" decoding=\"async\" class=\"alignleft size-medium wp-image-191463\" src=\"https:\/\/www.prijedordanas.com\/wp-content\/uploads\/2022\/09\/dzeri-sahrana-2-300x225.jpg\" alt=\"\" width=\"300\" height=\"225\" srcset=\"https:\/\/www.prijedordanas.com\/wp-content\/uploads\/2022\/09\/dzeri-sahrana-2-300x225.jpg 300w, https:\/\/www.prijedordanas.com\/wp-content\/uploads\/2022\/09\/dzeri-sahrana-2-640x480.jpg 640w, https:\/\/www.prijedordanas.com\/wp-content\/uploads\/2022\/09\/dzeri-sahrana-2.jpg 667w\" sizes=\"(max-width: 300px) 100vw, 300px\" \/><\/a>D\u017eeri je ukopan ovog prvog septembarskog, ki\u0161nog dana, na gradskom pravoslavnom groblju u Prijedoru.<\/p>\n<p>Na njegovom kov\u010degu na\u0161la se zastava &#8220;Crvene Zvezde&#8221;.<\/p>\n<p>Ispratili su ga oni koji su ga poznavali, neko manje, neko vi\u0161e.<\/p>\n<p>Me\u0111u njima su bili i penzioneri i radnici, i studenti i profesori, i policajci i vatrogasci, i sportisti i muzi\u010dari, direktori, prvi \u010dovjek grada&#8230;<\/p>\n<p>Ljubazno\u0161\u0107u autora, u nastavku vam donosimo opro\u0161tajno pismo koje je danas pro\u010ditano na D\u017eerijevoj sahrani.<\/p>\n<p><a href=\"https:\/\/www.prijedordanas.com\/wp-content\/uploads\/2022\/09\/dzeri.jpg\"><img loading=\"lazy\" decoding=\"async\" class=\"alignleft size-medium wp-image-191464\" src=\"https:\/\/www.prijedordanas.com\/wp-content\/uploads\/2022\/09\/dzeri-300x249.jpg\" alt=\"\" width=\"300\" height=\"249\" srcset=\"https:\/\/www.prijedordanas.com\/wp-content\/uploads\/2022\/09\/dzeri-300x249.jpg 300w, https:\/\/www.prijedordanas.com\/wp-content\/uploads\/2022\/09\/dzeri.jpg 650w\" sizes=\"(max-width: 300px) 100vw, 300px\" \/><\/a>Dragi na\u0161 D\u017deri,<\/p>\n<p>Nisi ti nama bio bilo ko.<\/p>\n<p>Nisi bio samo prolaznik na biciklu, poznanik, kom\u0161ija. Bio si nama, djeci s prijedorskog asfalta, kao \u010dlan porodice, kao rod najro\u0111eniji. Svi ovdje znaju o \u010demu pri\u010dam.<\/p>\n<p>Te\u0161ko je zamisliti dane u kojima na ulici nec\u0301emo sretati tebe.<\/p>\n<p>Prijedor vi\u0161e nikada nec\u0301e biti isti, ni njegove ulice kojima nec\u0301e vi\u0161e prolaziti tvoje biciklo, s originalnom prikolicom. I ti za upravlja\u010dem, sa svojim osmijehom.<\/p>\n<p>Legendo na\u0161a.<\/p>\n<p><a href=\"https:\/\/www.prijedordanas.com\/wp-content\/uploads\/2022\/09\/dzeri-sahrana-3.jpg\"><img loading=\"lazy\" decoding=\"async\" src=\"https:\/\/www.prijedordanas.com\/wp-content\/uploads\/2022\/09\/dzeri-sahrana-3-300x225.jpg\" alt=\"\" width=\"300\" height=\"225\" class=\"alignleft size-medium wp-image-191465\" srcset=\"https:\/\/www.prijedordanas.com\/wp-content\/uploads\/2022\/09\/dzeri-sahrana-3-300x225.jpg 300w, https:\/\/www.prijedordanas.com\/wp-content\/uploads\/2022\/09\/dzeri-sahrana-3-640x480.jpg 640w, https:\/\/www.prijedordanas.com\/wp-content\/uploads\/2022\/09\/dzeri-sahrana-3.jpg 667w\" sizes=\"(max-width: 300px) 100vw, 300px\" \/><\/a>Nadali smo se da nije istina kada smo \u010duli vijest da si nas napustio. Nadali smo se, jer se u na\u0161im \u017eivotima podrazumijevalo da je D\u017eeri uvijek tu negdje u gradu, pored kioska, u kafic\u0301u, u saobrac\u0301aju. Me\u0111utim, ni\u0161ta u \u017eivotu nikada ne mo\u017ee da se podrazumijeva, pa ni to da c\u0301e\u0161 ti, prijatelju na\u0161, biti ja\u010di od bolesti.<\/p>\n<p>S tobom se gasi i jedan dio starog, dobrog Prijedora, koji si volio.<\/p>\n<p>Svakoga od nas znao si u du\u0161u, ko smo, odakle smo, poznavao si na\u0161e roditelje, na\u0161e kom\u0161ije i uvijek, ali uvijek, pitao si gdje su i kako su \u010dlanovi na\u0161ih porodica. Kada smo sretali tebe, znali smo da nismo sami, jer smo imali s kim da se pozdravimo, popri\u010damo i nasmijemo se.<\/p>\n<p>Dan u kojem sretnemo tebe uvijek je bio srec\u0301niji jer si nas zasmijavao svojim komentarima i gun\u0111anjem.<\/p>\n<p>Na\u0161 dobrodu\u0161ni, simpati\u010dni i posebni prijatelju, jako c\u0301e\u0161 nam nedostajati.<\/p>\n<p>Prebrzo si oti\u0161ao. Nismo stigli ni da se oprostimo. Nismo stigli ni da ti ka\u017eemo koliko smo te voljeli i koliko si bio va\u017ean u na\u0161im \u017eivotima.<\/p>\n<p>Ti si nama bio prijatelj, drugar, na\u0161a legenda. Isprac\u0301amo te danas, te\u0161ka srca.<\/p>\n<p>Putuj u miru i znaj da te volimo.<\/p>\n<p>Ako ti nismo dovoljno jasno to pokazivali, oprosti nam. Gore te \u010deka dobro dru\u0161tvo i nec\u0301e\u0161 biti sam.<\/p>\n<p>Dragi na\u0161 D\u017eeri, nisi ti nama nikada bio bilo ko.<\/p>\n<p>Uvijek si bio na\u0161 dobroc\u0301udni prijatelj i dio na\u0161eg \u017eivota.<\/p>\n<p>I tako c\u0301e ostati, zauvijek.<\/p>\n<p>Tekst i foto &#8211; <a href=\"https:\/\/www.prijedordanas.com\" target=\"_blank\" rel=\"noopener noreferrer\">www.prijedordanas.com<\/a><\/p>\n","protected":false},"excerpt":{"rendered":"<p>U Prijedoru je u utorak, 30. avgusta u 66. godini \u017eivota preminuo D\u017eeri. Rijetki su oni koji su ga znali imenom i prezimenom, Nenad \u0110ermanovi\u0107. Ali svi su znali ko [&hellip;]<\/p>\n","protected":false},"author":1,"featured_media":0,"comment_status":"closed","ping_status":"open","sticky":false,"template":"","format":"standard","meta":{"_monsterinsights_skip_tracking":false,"_monsterinsights_sitenote_active":false,"_monsterinsights_sitenote_note":"","_monsterinsights_sitenote_category":0,"footnotes":""},"categories":[3],"tags":[],"yoast_head":"<!-- This site is optimized with the Yoast SEO plugin v21.6 - https:\/\/yoast.com\/wordpress\/plugins\/seo\/ -->\n<title>D\u017eeri, nisi ti nama bio bilo ko - PrijedorDanas.com - Prijedorski gradski portal<\/title>\n<meta name=\"robots\" content=\"index, follow, max-snippet:-1, max-image-preview:large, max-video-preview:-1\" \/>\n<link rel=\"canonical\" href=\"https:\/\/www.prijedordanas.com\/?p=191456\" \/>\n<meta property=\"og:locale\" content=\"en_US\" \/>\n<meta property=\"og:type\" content=\"article\" \/>\n<meta property=\"og:title\" content=\"D\u017eeri, nisi ti nama bio bilo ko - PrijedorDanas.com - Prijedorski gradski portal\" \/>\n<meta property=\"og:description\" content=\"U Prijedoru je u utorak, 30. avgusta u 66. godini \u017eivota preminuo D\u017eeri. Rijetki su oni koji su ga znali imenom i prezimenom, Nenad \u0110ermanovi\u0107. Ali svi su znali ko [&hellip;]\" \/>\n<meta property=\"og:url\" content=\"https:\/\/www.prijedordanas.com\/?p=191456\" \/>\n<meta property=\"og:site_name\" content=\"PrijedorDanas.com - Prijedorski gradski portal\" \/>\n<meta property=\"article:publisher\" content=\"https:\/\/www.facebook.com\/PrijedorDanasCom\/\" \/>\n<meta property=\"article:published_time\" content=\"2022-09-01T18:59:02+00:00\" \/>\n<meta property=\"article:modified_time\" content=\"2022-09-01T19:28:52+00:00\" \/>\n<meta property=\"og:image\" content=\"https:\/\/www.prijedordanas.com\/wp-content\/uploads\/2022\/09\/dzeri-sahrana-1-300x225.jpg\" \/>\n<meta name=\"author\" content=\"admin\" \/>\n<meta name=\"twitter:card\" content=\"summary_large_image\" \/>\n<meta name=\"twitter:label1\" content=\"Written by\" \/>\n\t<meta name=\"twitter:data1\" content=\"admin\" \/>\n\t<meta name=\"twitter:label2\" content=\"Est. reading time\" \/>\n\t<meta name=\"twitter:data2\" content=\"3 minutes\" \/>\n<script type=\"application\/ld+json\" class=\"yoast-schema-graph\">{\"@context\":\"https:\/\/schema.org\",\"@graph\":[{\"@type\":\"Article\",\"@id\":\"https:\/\/www.prijedordanas.com\/?p=191456#article\",\"isPartOf\":{\"@id\":\"https:\/\/www.prijedordanas.com\/?p=191456\"},\"author\":{\"name\":\"admin\",\"@id\":\"https:\/\/www.prijedordanas.com\/#\/schema\/person\/4e08ccf29b506ca916ff86d46bb700e6\"},\"headline\":\"D\u017eeri, nisi ti nama bio bilo ko\",\"datePublished\":\"2022-09-01T18:59:02+00:00\",\"dateModified\":\"2022-09-01T19:28:52+00:00\",\"mainEntityOfPage\":{\"@id\":\"https:\/\/www.prijedordanas.com\/?p=191456\"},\"wordCount\":534,\"publisher\":{\"@id\":\"https:\/\/www.prijedordanas.com\/#organization\"},\"articleSection\":[\"\u017divot\"],\"inLanguage\":\"en-US\"},{\"@type\":\"WebPage\",\"@id\":\"https:\/\/www.prijedordanas.com\/?p=191456\",\"url\":\"https:\/\/www.prijedordanas.com\/?p=191456\",\"name\":\"D\u017eeri, nisi ti nama bio bilo ko - PrijedorDanas.com - Prijedorski gradski portal\",\"isPartOf\":{\"@id\":\"https:\/\/www.prijedordanas.com\/#website\"},\"datePublished\":\"2022-09-01T18:59:02+00:00\",\"dateModified\":\"2022-09-01T19:28:52+00:00\",\"breadcrumb\":{\"@id\":\"https:\/\/www.prijedordanas.com\/?p=191456#breadcrumb\"},\"inLanguage\":\"en-US\",\"potentialAction\":[{\"@type\":\"ReadAction\",\"target\":[\"https:\/\/www.prijedordanas.com\/?p=191456\"]}]},{\"@type\":\"BreadcrumbList\",\"@id\":\"https:\/\/www.prijedordanas.com\/?p=191456#breadcrumb\",\"itemListElement\":[{\"@type\":\"ListItem\",\"position\":1,\"name\":\"Home\",\"item\":\"https:\/\/www.prijedordanas.com\/\"},{\"@type\":\"ListItem\",\"position\":2,\"name\":\"D\u017eeri, nisi ti nama bio bilo ko\"}]},{\"@type\":\"WebSite\",\"@id\":\"https:\/\/www.prijedordanas.com\/#website\",\"url\":\"https:\/\/www.prijedordanas.com\/\",\"name\":\"PrijedorDanas.com - Prijedorski gradski portal\",\"description\":\"Portal o doga\u0111anjima u gradu Prijedoru\",\"publisher\":{\"@id\":\"https:\/\/www.prijedordanas.com\/#organization\"},\"potentialAction\":[{\"@type\":\"SearchAction\",\"target\":{\"@type\":\"EntryPoint\",\"urlTemplate\":\"https:\/\/www.prijedordanas.com\/?s={search_term_string}\"},\"query-input\":\"required name=search_term_string\"}],\"inLanguage\":\"en-US\"},{\"@type\":\"Organization\",\"@id\":\"https:\/\/www.prijedordanas.com\/#organization\",\"name\":\"PrijedorDanas.com\",\"url\":\"https:\/\/www.prijedordanas.com\/\",\"logo\":{\"@type\":\"ImageObject\",\"inLanguage\":\"en-US\",\"@id\":\"https:\/\/www.prijedordanas.com\/#\/schema\/logo\/image\/\",\"url\":\"http:\/\/www.prijedordanas.com\/wp-content\/uploads\/2021\/12\/logopng.png\",\"contentUrl\":\"http:\/\/www.prijedordanas.com\/wp-content\/uploads\/2021\/12\/logopng.png\",\"width\":1019,\"height\":776,\"caption\":\"PrijedorDanas.com\"},\"image\":{\"@id\":\"https:\/\/www.prijedordanas.com\/#\/schema\/logo\/image\/\"},\"sameAs\":[\"https:\/\/www.facebook.com\/PrijedorDanasCom\/\"]},{\"@type\":\"Person\",\"@id\":\"https:\/\/www.prijedordanas.com\/#\/schema\/person\/4e08ccf29b506ca916ff86d46bb700e6\",\"name\":\"admin\",\"image\":{\"@type\":\"ImageObject\",\"inLanguage\":\"en-US\",\"@id\":\"https:\/\/www.prijedordanas.com\/#\/schema\/person\/image\/\",\"url\":\"https:\/\/secure.gravatar.com\/avatar\/1d3fc949d550f0b53a5f0d51e06dfd79?s=96&d=mm&r=g\",\"contentUrl\":\"https:\/\/secure.gravatar.com\/avatar\/1d3fc949d550f0b53a5f0d51e06dfd79?s=96&d=mm&r=g\",\"caption\":\"admin\"},\"url\":\"https:\/\/www.prijedordanas.com\/?author=1\"}]}<\/script>\n<!-- \/ Yoast SEO plugin. -->","yoast_head_json":{"title":"D\u017eeri, nisi ti nama bio bilo ko - PrijedorDanas.com - Prijedorski gradski portal","robots":{"index":"index","follow":"follow","max-snippet":"max-snippet:-1","max-image-preview":"max-image-preview:large","max-video-preview":"max-video-preview:-1"},"canonical":"https:\/\/www.prijedordanas.com\/?p=191456","og_locale":"en_US","og_type":"article","og_title":"D\u017eeri, nisi ti nama bio bilo ko - PrijedorDanas.com - Prijedorski gradski portal","og_description":"U Prijedoru je u utorak, 30. avgusta u 66. godini \u017eivota preminuo D\u017eeri. Rijetki su oni koji su ga znali imenom i prezimenom, Nenad \u0110ermanovi\u0107. Ali svi su znali ko [&hellip;]","og_url":"https:\/\/www.prijedordanas.com\/?p=191456","og_site_name":"PrijedorDanas.com - Prijedorski gradski portal","article_publisher":"https:\/\/www.facebook.com\/PrijedorDanasCom\/","article_published_time":"2022-09-01T18:59:02+00:00","article_modified_time":"2022-09-01T19:28:52+00:00","og_image":[{"url":"https:\/\/www.prijedordanas.com\/wp-content\/uploads\/2022\/09\/dzeri-sahrana-1-300x225.jpg"}],"author":"admin","twitter_card":"summary_large_image","twitter_misc":{"Written by":"admin","Est. reading time":"3 minutes"},"schema":{"@context":"https:\/\/schema.org","@graph":[{"@type":"Article","@id":"https:\/\/www.prijedordanas.com\/?p=191456#article","isPartOf":{"@id":"https:\/\/www.prijedordanas.com\/?p=191456"},"author":{"name":"admin","@id":"https:\/\/www.prijedordanas.com\/#\/schema\/person\/4e08ccf29b506ca916ff86d46bb700e6"},"headline":"D\u017eeri, nisi ti nama bio bilo ko","datePublished":"2022-09-01T18:59:02+00:00","dateModified":"2022-09-01T19:28:52+00:00","mainEntityOfPage":{"@id":"https:\/\/www.prijedordanas.com\/?p=191456"},"wordCount":534,"publisher":{"@id":"https:\/\/www.prijedordanas.com\/#organization"},"articleSection":["\u017divot"],"inLanguage":"en-US"},{"@type":"WebPage","@id":"https:\/\/www.prijedordanas.com\/?p=191456","url":"https:\/\/www.prijedordanas.com\/?p=191456","name":"D\u017eeri, nisi ti nama bio bilo ko - PrijedorDanas.com - Prijedorski gradski portal","isPartOf":{"@id":"https:\/\/www.prijedordanas.com\/#website"},"datePublished":"2022-09-01T18:59:02+00:00","dateModified":"2022-09-01T19:28:52+00:00","breadcrumb":{"@id":"https:\/\/www.prijedordanas.com\/?p=191456#breadcrumb"},"inLanguage":"en-US","potentialAction":[{"@type":"ReadAction","target":["https:\/\/www.prijedordanas.com\/?p=191456"]}]},{"@type":"BreadcrumbList","@id":"https:\/\/www.prijedordanas.com\/?p=191456#breadcrumb","itemListElement":[{"@type":"ListItem","position":1,"name":"Home","item":"https:\/\/www.prijedordanas.com\/"},{"@type":"ListItem","position":2,"name":"D\u017eeri, nisi ti nama bio bilo ko"}]},{"@type":"WebSite","@id":"https:\/\/www.prijedordanas.com\/#website","url":"https:\/\/www.prijedordanas.com\/","name":"PrijedorDanas.com - Prijedorski gradski portal","description":"Portal o doga\u0111anjima u gradu Prijedoru","publisher":{"@id":"https:\/\/www.prijedordanas.com\/#organization"},"potentialAction":[{"@type":"SearchAction","target":{"@type":"EntryPoint","urlTemplate":"https:\/\/www.prijedordanas.com\/?s={search_term_string}"},"query-input":"required name=search_term_string"}],"inLanguage":"en-US"},{"@type":"Organization","@id":"https:\/\/www.prijedordanas.com\/#organization","name":"PrijedorDanas.com","url":"https:\/\/www.prijedordanas.com\/","logo":{"@type":"ImageObject","inLanguage":"en-US","@id":"https:\/\/www.prijedordanas.com\/#\/schema\/logo\/image\/","url":"http:\/\/www.prijedordanas.com\/wp-content\/uploads\/2021\/12\/logopng.png","contentUrl":"http:\/\/www.prijedordanas.com\/wp-content\/uploads\/2021\/12\/logopng.png","width":1019,"height":776,"caption":"PrijedorDanas.com"},"image":{"@id":"https:\/\/www.prijedordanas.com\/#\/schema\/logo\/image\/"},"sameAs":["https:\/\/www.facebook.com\/PrijedorDanasCom\/"]},{"@type":"Person","@id":"https:\/\/www.prijedordanas.com\/#\/schema\/person\/4e08ccf29b506ca916ff86d46bb700e6","name":"admin","image":{"@type":"ImageObject","inLanguage":"en-US","@id":"https:\/\/www.prijedordanas.com\/#\/schema\/person\/image\/","url":"https:\/\/secure.gravatar.com\/avatar\/1d3fc949d550f0b53a5f0d51e06dfd79?s=96&d=mm&r=g","contentUrl":"https:\/\/secure.gravatar.com\/avatar\/1d3fc949d550f0b53a5f0d51e06dfd79?s=96&d=mm&r=g","caption":"admin"},"url":"https:\/\/www.prijedordanas.com\/?author=1"}]}},"_links":{"self":[{"href":"https:\/\/www.prijedordanas.com\/index.php?rest_route=\/wp\/v2\/posts\/191456"}],"collection":[{"href":"https:\/\/www.prijedordanas.com\/index.php?rest_route=\/wp\/v2\/posts"}],"about":[{"href":"https:\/\/www.prijedordanas.com\/index.php?rest_route=\/wp\/v2\/types\/post"}],"author":[{"embeddable":true,"href":"https:\/\/www.prijedordanas.com\/index.php?rest_route=\/wp\/v2\/users\/1"}],"replies":[{"embeddable":true,"href":"https:\/\/www.prijedordanas.com\/index.php?rest_route=%2Fwp%2Fv2%2Fcomments&post=191456"}],"version-history":[{"count":5,"href":"https:\/\/www.prijedordanas.com\/index.php?rest_route=\/wp\/v2\/posts\/191456\/revisions"}],"predecessor-version":[{"id":191469,"href":"https:\/\/www.prijedordanas.com\/index.php?rest_route=\/wp\/v2\/posts\/191456\/revisions\/191469"}],"wp:attachment":[{"href":"https:\/\/www.prijedordanas.com\/index.php?rest_route=%2Fwp%2Fv2%2Fmedia&parent=191456"}],"wp:term":[{"taxonomy":"category","embeddable":true,"href":"https:\/\/www.prijedordanas.com\/index.php?rest_route=%2Fwp%2Fv2%2Fcategories&post=191456"},{"taxonomy":"post_tag","embeddable":true,"href":"https:\/\/www.prijedordanas.com\/index.php?rest_route=%2Fwp%2Fv2%2Ftags&post=191456"}],"curies":[{"name":"wp","href":"https:\/\/api.w.org\/{rel}","templated":true}]}}