{"id":190705,"date":"2022-08-20T13:55:01","date_gmt":"2022-08-20T11:55:01","guid":{"rendered":"https:\/\/www.prijedordanas.com\/?p=190705"},"modified":"2022-08-20T15:55:53","modified_gmt":"2022-08-20T13:55:53","slug":"prijedor-vikend-u-znaku-gostiju-iz-bratske-opstine-indija-foto","status":"publish","type":"post","link":"https:\/\/www.prijedordanas.com\/?p=190705","title":{"rendered":"Prijedor: Vikend u znaku gostiju iz bratske op\u0161tine In\u0111ija &#8211; FOTO"},"content":{"rendered":"<p><a href=\"https:\/\/www.prijedordanas.com\/wp-content\/uploads\/2022\/08\/prijedorgradorg-dani-indjije-u-prijedoru.jpg\"><img loading=\"lazy\" decoding=\"async\" class=\"alignleft size-medium wp-image-190706\" src=\"https:\/\/www.prijedordanas.com\/wp-content\/uploads\/2022\/08\/prijedorgradorg-dani-indjije-u-prijedoru-300x225.jpg\" alt=\"\" width=\"300\" height=\"225\" srcset=\"https:\/\/www.prijedordanas.com\/wp-content\/uploads\/2022\/08\/prijedorgradorg-dani-indjije-u-prijedoru-300x225.jpg 300w, https:\/\/www.prijedordanas.com\/wp-content\/uploads\/2022\/08\/prijedorgradorg-dani-indjije-u-prijedoru-640x480.jpg 640w, https:\/\/www.prijedordanas.com\/wp-content\/uploads\/2022\/08\/prijedorgradorg-dani-indjije-u-prijedoru.jpg 667w\" sizes=\"(max-width: 300px) 100vw, 300px\" \/><\/a>Privredno-tursti\u010dkim predstavljanjem In\u0111ije i Prijedora danas su nastavljeni &#8220;Dani In\u0111ije u Prijedoru&#8221;, manifestacija koja se ove godine odr\u017eava prvi put u okviru Prijedorskog ljeta kulture.<\/p>\n<p>Prezentacija proizvoda odr\u017eava se danas i sutra od 9.00 do 20.00 \u010dasova u parku pored rudni\u010dke direkcije, ali dijelom i u Galeriji &#8220;Sreten Stojanovi\u0107&#8221;.<\/p>\n<p>Direktor Turisti\u010dke organizacije op\u0161tine In\u0111ija Milan Bogojevi\u0107 zahvalio se doma\u0107inima na trudu da se gosti iz In\u0111ije predstave u najboljem svjetlu &#8211; od malih proizvo\u0111a\u010da hrane i pi\u0107a, preko rukotvorina do \u0161kole vina sa sremskim somelijerom.<\/p>\n<p><a href=\"https:\/\/www.prijedordanas.com\/wp-content\/uploads\/2022\/08\/dani-indjije-u-priejdoru-1.jpg\"><img loading=\"lazy\" decoding=\"async\" class=\"alignleft size-medium wp-image-190707\" src=\"https:\/\/www.prijedordanas.com\/wp-content\/uploads\/2022\/08\/dani-indjije-u-priejdoru-1-300x225.jpg\" alt=\"\" width=\"300\" height=\"225\" srcset=\"https:\/\/www.prijedordanas.com\/wp-content\/uploads\/2022\/08\/dani-indjije-u-priejdoru-1-300x225.jpg 300w, https:\/\/www.prijedordanas.com\/wp-content\/uploads\/2022\/08\/dani-indjije-u-priejdoru-1-640x480.jpg 640w, https:\/\/www.prijedordanas.com\/wp-content\/uploads\/2022\/08\/dani-indjije-u-priejdoru-1.jpg 667w\" sizes=\"(max-width: 300px) 100vw, 300px\" \/><\/a>Naglasio je da u In\u0111iji imaju 30 vinarija po \u010demu postaju prepoznatljivi u Srbiji.<\/p>\n<p>On je najavio da je za ve\u010deras u 19.00 \u010dasova planirana projekcija In\u0111ijskog filma &#8220;Lihvar&#8221; u kinu Kozara, za \u0161ta je ulaz besplatan, a za 21.15 \u010dasova najavio je vinsku radionicu somelijera \u017deljka Bohinca u Galeriji &#8220;Sreten Stojanovi\u0107&#8221; i za 22.00 \u010dasa nastup benda &#8220;Kaversi&#8221; ispred navedene galerije.<\/p>\n<p>&#8220;Ono \u0161to je u materijalnom smislu najve\u0107e je da je op\u0161tina finansirala film `Lihvar` koji su radili re\u017eiser i producent iz In\u0111ije, te najve\u0107i broj glumaca, oko 70 odsto, iz In\u0111ije od kojih su neki prvi put na filmu&#8221;, dodao je Bogojevi\u0107.<\/p>\n<p><a href=\"https:\/\/www.prijedordanas.com\/wp-content\/uploads\/2022\/08\/dani-indjije-u-priejdoru-5.jpg\"><img loading=\"lazy\" decoding=\"async\" src=\"https:\/\/www.prijedordanas.com\/wp-content\/uploads\/2022\/08\/dani-indjije-u-priejdoru-5-200x300.jpg\" alt=\"\" width=\"200\" height=\"300\" class=\"alignleft size-medium wp-image-190708\" srcset=\"https:\/\/www.prijedordanas.com\/wp-content\/uploads\/2022\/08\/dani-indjije-u-priejdoru-5-200x300.jpg 200w, https:\/\/www.prijedordanas.com\/wp-content\/uploads\/2022\/08\/dani-indjije-u-priejdoru-5.jpg 400w\" sizes=\"(max-width: 200px) 100vw, 200px\" \/><\/a>On je istakao da je ponosan na saradnju u okviru koje je ove godine po 30 najboljih \u0111aka zavr\u0161nih razreda osnovne \u0161kole provelo po sedam dana u uzvratnim posjetama Prijedoru i In\u0111iji.<\/p>\n<p>Na\u010delnik Odjeljenja za poljoprivredu i ruralni razvoj grada Prijedora Danijel Egi\u0107 rekao je da je ovo uzvratna posjeta iz bratske In\u0111ije i da zajedno s gostima danas i sutra svoje proizvode izla\u017eu i prijedorska poljoprivredna gazdinstva.<\/p>\n<p>&#8220;Morali smo dio prebaciti iz parka u Galeriju zbog ki\u0161e, stoga pozivamo gra\u0111ane Prijedora da do\u0111u i posjete izlaga\u010de, jer je va\u017eno da ovo vide&#8221;, poru\u010dio je Egi\u0107.<\/p>\n<p>Danas je po\u010delo i oslikavanje murala, poklon In\u0111ije Prijedoru autora Dejana Ivanovi\u0107a Vupera.<\/p>\n<p>&#8220;Na tom muralu nalazi\u0107e se slika brata i sestre koji simboli\u010dno predstavljaju Grad Prijedor i Op\u0161tinu In\u0111ija, a mural se oslikava na bo\u010dnom zidu zgrade Po\u0161te Srpske u centru grada. Zvani\u010dno otvaranje murala predvi\u0111eno je u nedelju, u 16 \u010dasova&#8221; istakla je na\u010delnica Odjeljenja za dru\u0161tvene djelatnosti Monja Kasalovi\u0107.<\/p>\n<p><a href=\"https:\/\/prijedorgrad.org\/sr-EU\/vijesti-sadrzaj.html?vid=16052\" target=\"_blank\" rel=\"noopener\">prijedorgrad.org<\/a><\/p>\n<p><a href=\"https:\/\/www.prijedordanas.com\/wp-content\/uploads\/2022\/08\/dani-indjije-u-priejdoru-2.jpg\"><img loading=\"lazy\" decoding=\"async\" src=\"https:\/\/www.prijedordanas.com\/wp-content\/uploads\/2022\/08\/dani-indjije-u-priejdoru-2-300x200.jpg\" alt=\"\" width=\"300\" height=\"200\" class=\"alignleft size-medium wp-image-190709\" srcset=\"https:\/\/www.prijedordanas.com\/wp-content\/uploads\/2022\/08\/dani-indjije-u-priejdoru-2-300x200.jpg 300w, https:\/\/www.prijedordanas.com\/wp-content\/uploads\/2022\/08\/dani-indjije-u-priejdoru-2-480x320.jpg 480w, https:\/\/www.prijedordanas.com\/wp-content\/uploads\/2022\/08\/dani-indjije-u-priejdoru-2.jpg 600w\" sizes=\"(max-width: 300px) 100vw, 300px\" \/><\/a> <a href=\"https:\/\/www.prijedordanas.com\/wp-content\/uploads\/2022\/08\/dani-indjije-u-priejdoru-3.jpg\"><img loading=\"lazy\" decoding=\"async\" src=\"https:\/\/www.prijedordanas.com\/wp-content\/uploads\/2022\/08\/dani-indjije-u-priejdoru-3-300x200.jpg\" alt=\"\" width=\"300\" height=\"200\" class=\"alignleft size-medium wp-image-190710\" srcset=\"https:\/\/www.prijedordanas.com\/wp-content\/uploads\/2022\/08\/dani-indjije-u-priejdoru-3-300x200.jpg 300w, https:\/\/www.prijedordanas.com\/wp-content\/uploads\/2022\/08\/dani-indjije-u-priejdoru-3-480x320.jpg 480w, https:\/\/www.prijedordanas.com\/wp-content\/uploads\/2022\/08\/dani-indjije-u-priejdoru-3.jpg 600w\" sizes=\"(max-width: 300px) 100vw, 300px\" \/><\/a> <a href=\"https:\/\/www.prijedordanas.com\/wp-content\/uploads\/2022\/08\/dani-indjije-u-priejdoru-4.jpg\"><img loading=\"lazy\" decoding=\"async\" src=\"https:\/\/www.prijedordanas.com\/wp-content\/uploads\/2022\/08\/dani-indjije-u-priejdoru-4-300x200.jpg\" alt=\"\" width=\"300\" height=\"200\" class=\"alignleft size-medium wp-image-190711\" srcset=\"https:\/\/www.prijedordanas.com\/wp-content\/uploads\/2022\/08\/dani-indjije-u-priejdoru-4-300x200.jpg 300w, https:\/\/www.prijedordanas.com\/wp-content\/uploads\/2022\/08\/dani-indjije-u-priejdoru-4-480x320.jpg 480w, https:\/\/www.prijedordanas.com\/wp-content\/uploads\/2022\/08\/dani-indjije-u-priejdoru-4.jpg 600w\" sizes=\"(max-width: 300px) 100vw, 300px\" \/><\/a> <a href=\"https:\/\/www.prijedordanas.com\/wp-content\/uploads\/2022\/08\/dani-indjije-u-priejdoru-6.jpg\"><img loading=\"lazy\" decoding=\"async\" src=\"https:\/\/www.prijedordanas.com\/wp-content\/uploads\/2022\/08\/dani-indjije-u-priejdoru-6-300x200.jpg\" alt=\"\" width=\"300\" height=\"200\" class=\"alignleft size-medium wp-image-190712\" srcset=\"https:\/\/www.prijedordanas.com\/wp-content\/uploads\/2022\/08\/dani-indjije-u-priejdoru-6-300x200.jpg 300w, https:\/\/www.prijedordanas.com\/wp-content\/uploads\/2022\/08\/dani-indjije-u-priejdoru-6-480x320.jpg 480w, https:\/\/www.prijedordanas.com\/wp-content\/uploads\/2022\/08\/dani-indjije-u-priejdoru-6.jpg 600w\" sizes=\"(max-width: 300px) 100vw, 300px\" \/><\/a> <a href=\"https:\/\/www.prijedordanas.com\/wp-content\/uploads\/2022\/08\/dani-indjije-u-priejdoru-7.jpg\"><img loading=\"lazy\" decoding=\"async\" src=\"https:\/\/www.prijedordanas.com\/wp-content\/uploads\/2022\/08\/dani-indjije-u-priejdoru-7-300x200.jpg\" alt=\"\" width=\"300\" height=\"200\" class=\"alignleft size-medium wp-image-190713\" srcset=\"https:\/\/www.prijedordanas.com\/wp-content\/uploads\/2022\/08\/dani-indjije-u-priejdoru-7-300x200.jpg 300w, https:\/\/www.prijedordanas.com\/wp-content\/uploads\/2022\/08\/dani-indjije-u-priejdoru-7-480x320.jpg 480w, https:\/\/www.prijedordanas.com\/wp-content\/uploads\/2022\/08\/dani-indjije-u-priejdoru-7.jpg 600w\" sizes=\"(max-width: 300px) 100vw, 300px\" \/><\/a> <a href=\"https:\/\/www.prijedordanas.com\/wp-content\/uploads\/2022\/08\/dani-indjije-u-priejdoru-8.jpg\"><img loading=\"lazy\" decoding=\"async\" src=\"https:\/\/www.prijedordanas.com\/wp-content\/uploads\/2022\/08\/dani-indjije-u-priejdoru-8-300x200.jpg\" alt=\"\" width=\"300\" height=\"200\" class=\"alignleft size-medium wp-image-190714\" srcset=\"https:\/\/www.prijedordanas.com\/wp-content\/uploads\/2022\/08\/dani-indjije-u-priejdoru-8-300x200.jpg 300w, https:\/\/www.prijedordanas.com\/wp-content\/uploads\/2022\/08\/dani-indjije-u-priejdoru-8-480x320.jpg 480w, https:\/\/www.prijedordanas.com\/wp-content\/uploads\/2022\/08\/dani-indjije-u-priejdoru-8.jpg 600w\" sizes=\"(max-width: 300px) 100vw, 300px\" \/><\/a> <a href=\"https:\/\/www.prijedordanas.com\/wp-content\/uploads\/2022\/08\/dani-indjije-u-priejdoru-9.jpg\"><img loading=\"lazy\" decoding=\"async\" src=\"https:\/\/www.prijedordanas.com\/wp-content\/uploads\/2022\/08\/dani-indjije-u-priejdoru-9-300x200.jpg\" alt=\"\" width=\"300\" height=\"200\" class=\"alignleft size-medium wp-image-190715\" srcset=\"https:\/\/www.prijedordanas.com\/wp-content\/uploads\/2022\/08\/dani-indjije-u-priejdoru-9-300x200.jpg 300w, https:\/\/www.prijedordanas.com\/wp-content\/uploads\/2022\/08\/dani-indjije-u-priejdoru-9-480x320.jpg 480w, https:\/\/www.prijedordanas.com\/wp-content\/uploads\/2022\/08\/dani-indjije-u-priejdoru-9.jpg 600w\" sizes=\"(max-width: 300px) 100vw, 300px\" \/><\/a> <a href=\"https:\/\/www.prijedordanas.com\/wp-content\/uploads\/2022\/08\/novi-mural-zgrada-poste-2.jpg\"><img loading=\"lazy\" decoding=\"async\" src=\"https:\/\/www.prijedordanas.com\/wp-content\/uploads\/2022\/08\/novi-mural-zgrada-poste-2-300x200.jpg\" alt=\"\" width=\"300\" height=\"200\" class=\"alignleft size-medium wp-image-190716\" srcset=\"https:\/\/www.prijedordanas.com\/wp-content\/uploads\/2022\/08\/novi-mural-zgrada-poste-2-300x200.jpg 300w, https:\/\/www.prijedordanas.com\/wp-content\/uploads\/2022\/08\/novi-mural-zgrada-poste-2-480x320.jpg 480w, https:\/\/www.prijedordanas.com\/wp-content\/uploads\/2022\/08\/novi-mural-zgrada-poste-2.jpg 600w\" sizes=\"(max-width: 300px) 100vw, 300px\" \/><\/a><\/p>\n","protected":false},"excerpt":{"rendered":"<p>Privredno-tursti\u010dkim predstavljanjem In\u0111ije i Prijedora danas su nastavljeni &#8220;Dani In\u0111ije u Prijedoru&#8221;, manifestacija koja se ove godine odr\u017eava prvi put u okviru Prijedorskog ljeta kulture. Prezentacija proizvoda odr\u017eava se danas [&hellip;]<\/p>\n","protected":false},"author":1,"featured_media":0,"comment_status":"closed","ping_status":"open","sticky":false,"template":"","format":"standard","meta":{"_monsterinsights_skip_tracking":false,"_monsterinsights_sitenote_active":false,"_monsterinsights_sitenote_note":"","_monsterinsights_sitenote_category":0,"footnotes":""},"categories":[4],"tags":[],"yoast_head":"<!-- This site is optimized with the Yoast SEO plugin v21.6 - https:\/\/yoast.com\/wordpress\/plugins\/seo\/ -->\n<title>Prijedor: Vikend u znaku gostiju iz bratske op\u0161tine In\u0111ija - FOTO - PrijedorDanas.com - Prijedorski gradski portal<\/title>\n<meta name=\"robots\" content=\"index, follow, max-snippet:-1, max-image-preview:large, max-video-preview:-1\" \/>\n<link rel=\"canonical\" href=\"https:\/\/www.prijedordanas.com\/?p=190705\" \/>\n<meta property=\"og:locale\" content=\"en_US\" \/>\n<meta property=\"og:type\" content=\"article\" \/>\n<meta property=\"og:title\" content=\"Prijedor: Vikend u znaku gostiju iz bratske op\u0161tine In\u0111ija - FOTO - PrijedorDanas.com - Prijedorski gradski portal\" \/>\n<meta property=\"og:description\" content=\"Privredno-tursti\u010dkim predstavljanjem In\u0111ije i Prijedora danas su nastavljeni &#8220;Dani In\u0111ije u Prijedoru&#8221;, manifestacija koja se ove godine odr\u017eava prvi put u okviru Prijedorskog ljeta kulture. Prezentacija proizvoda odr\u017eava se danas [&hellip;]\" \/>\n<meta property=\"og:url\" content=\"https:\/\/www.prijedordanas.com\/?p=190705\" \/>\n<meta property=\"og:site_name\" content=\"PrijedorDanas.com - Prijedorski gradski portal\" \/>\n<meta property=\"article:publisher\" content=\"https:\/\/www.facebook.com\/PrijedorDanasCom\/\" \/>\n<meta property=\"article:published_time\" content=\"2022-08-20T11:55:01+00:00\" \/>\n<meta property=\"article:modified_time\" content=\"2022-08-20T13:55:53+00:00\" \/>\n<meta property=\"og:image\" content=\"https:\/\/www.prijedordanas.com\/wp-content\/uploads\/2022\/08\/prijedorgradorg-dani-indjije-u-prijedoru-300x225.jpg\" \/>\n<meta name=\"author\" content=\"admin\" \/>\n<meta name=\"twitter:card\" content=\"summary_large_image\" \/>\n<meta name=\"twitter:label1\" content=\"Written by\" \/>\n\t<meta name=\"twitter:data1\" content=\"admin\" \/>\n\t<meta name=\"twitter:label2\" content=\"Est. reading time\" \/>\n\t<meta name=\"twitter:data2\" content=\"4 minutes\" \/>\n<script type=\"application\/ld+json\" class=\"yoast-schema-graph\">{\"@context\":\"https:\/\/schema.org\",\"@graph\":[{\"@type\":\"Article\",\"@id\":\"https:\/\/www.prijedordanas.com\/?p=190705#article\",\"isPartOf\":{\"@id\":\"https:\/\/www.prijedordanas.com\/?p=190705\"},\"author\":{\"name\":\"admin\",\"@id\":\"https:\/\/www.prijedordanas.com\/#\/schema\/person\/4e08ccf29b506ca916ff86d46bb700e6\"},\"headline\":\"Prijedor: Vikend u znaku gostiju iz bratske op\u0161tine In\u0111ija &#8211; FOTO\",\"datePublished\":\"2022-08-20T11:55:01+00:00\",\"dateModified\":\"2022-08-20T13:55:53+00:00\",\"mainEntityOfPage\":{\"@id\":\"https:\/\/www.prijedordanas.com\/?p=190705\"},\"wordCount\":400,\"publisher\":{\"@id\":\"https:\/\/www.prijedordanas.com\/#organization\"},\"articleSection\":[\"Dru\u0161tvo\"],\"inLanguage\":\"en-US\"},{\"@type\":\"WebPage\",\"@id\":\"https:\/\/www.prijedordanas.com\/?p=190705\",\"url\":\"https:\/\/www.prijedordanas.com\/?p=190705\",\"name\":\"Prijedor: Vikend u znaku gostiju iz bratske op\u0161tine In\u0111ija - FOTO - PrijedorDanas.com - Prijedorski gradski portal\",\"isPartOf\":{\"@id\":\"https:\/\/www.prijedordanas.com\/#website\"},\"datePublished\":\"2022-08-20T11:55:01+00:00\",\"dateModified\":\"2022-08-20T13:55:53+00:00\",\"breadcrumb\":{\"@id\":\"https:\/\/www.prijedordanas.com\/?p=190705#breadcrumb\"},\"inLanguage\":\"en-US\",\"potentialAction\":[{\"@type\":\"ReadAction\",\"target\":[\"https:\/\/www.prijedordanas.com\/?p=190705\"]}]},{\"@type\":\"BreadcrumbList\",\"@id\":\"https:\/\/www.prijedordanas.com\/?p=190705#breadcrumb\",\"itemListElement\":[{\"@type\":\"ListItem\",\"position\":1,\"name\":\"Home\",\"item\":\"https:\/\/www.prijedordanas.com\/\"},{\"@type\":\"ListItem\",\"position\":2,\"name\":\"Prijedor: Vikend u znaku gostiju iz bratske op\u0161tine In\u0111ija &#8211; FOTO\"}]},{\"@type\":\"WebSite\",\"@id\":\"https:\/\/www.prijedordanas.com\/#website\",\"url\":\"https:\/\/www.prijedordanas.com\/\",\"name\":\"PrijedorDanas.com - Prijedorski gradski portal\",\"description\":\"Portal o doga\u0111anjima u gradu Prijedoru\",\"publisher\":{\"@id\":\"https:\/\/www.prijedordanas.com\/#organization\"},\"potentialAction\":[{\"@type\":\"SearchAction\",\"target\":{\"@type\":\"EntryPoint\",\"urlTemplate\":\"https:\/\/www.prijedordanas.com\/?s={search_term_string}\"},\"query-input\":\"required name=search_term_string\"}],\"inLanguage\":\"en-US\"},{\"@type\":\"Organization\",\"@id\":\"https:\/\/www.prijedordanas.com\/#organization\",\"name\":\"PrijedorDanas.com\",\"url\":\"https:\/\/www.prijedordanas.com\/\",\"logo\":{\"@type\":\"ImageObject\",\"inLanguage\":\"en-US\",\"@id\":\"https:\/\/www.prijedordanas.com\/#\/schema\/logo\/image\/\",\"url\":\"http:\/\/www.prijedordanas.com\/wp-content\/uploads\/2021\/12\/logopng.png\",\"contentUrl\":\"http:\/\/www.prijedordanas.com\/wp-content\/uploads\/2021\/12\/logopng.png\",\"width\":1019,\"height\":776,\"caption\":\"PrijedorDanas.com\"},\"image\":{\"@id\":\"https:\/\/www.prijedordanas.com\/#\/schema\/logo\/image\/\"},\"sameAs\":[\"https:\/\/www.facebook.com\/PrijedorDanasCom\/\"]},{\"@type\":\"Person\",\"@id\":\"https:\/\/www.prijedordanas.com\/#\/schema\/person\/4e08ccf29b506ca916ff86d46bb700e6\",\"name\":\"admin\",\"image\":{\"@type\":\"ImageObject\",\"inLanguage\":\"en-US\",\"@id\":\"https:\/\/www.prijedordanas.com\/#\/schema\/person\/image\/\",\"url\":\"https:\/\/secure.gravatar.com\/avatar\/1d3fc949d550f0b53a5f0d51e06dfd79?s=96&d=mm&r=g\",\"contentUrl\":\"https:\/\/secure.gravatar.com\/avatar\/1d3fc949d550f0b53a5f0d51e06dfd79?s=96&d=mm&r=g\",\"caption\":\"admin\"},\"url\":\"https:\/\/www.prijedordanas.com\/?author=1\"}]}<\/script>\n<!-- \/ Yoast SEO plugin. -->","yoast_head_json":{"title":"Prijedor: Vikend u znaku gostiju iz bratske op\u0161tine In\u0111ija - FOTO - PrijedorDanas.com - Prijedorski gradski portal","robots":{"index":"index","follow":"follow","max-snippet":"max-snippet:-1","max-image-preview":"max-image-preview:large","max-video-preview":"max-video-preview:-1"},"canonical":"https:\/\/www.prijedordanas.com\/?p=190705","og_locale":"en_US","og_type":"article","og_title":"Prijedor: Vikend u znaku gostiju iz bratske op\u0161tine In\u0111ija - FOTO - PrijedorDanas.com - Prijedorski gradski portal","og_description":"Privredno-tursti\u010dkim predstavljanjem In\u0111ije i Prijedora danas su nastavljeni &#8220;Dani In\u0111ije u Prijedoru&#8221;, manifestacija koja se ove godine odr\u017eava prvi put u okviru Prijedorskog ljeta kulture. Prezentacija proizvoda odr\u017eava se danas [&hellip;]","og_url":"https:\/\/www.prijedordanas.com\/?p=190705","og_site_name":"PrijedorDanas.com - Prijedorski gradski portal","article_publisher":"https:\/\/www.facebook.com\/PrijedorDanasCom\/","article_published_time":"2022-08-20T11:55:01+00:00","article_modified_time":"2022-08-20T13:55:53+00:00","og_image":[{"url":"https:\/\/www.prijedordanas.com\/wp-content\/uploads\/2022\/08\/prijedorgradorg-dani-indjije-u-prijedoru-300x225.jpg"}],"author":"admin","twitter_card":"summary_large_image","twitter_misc":{"Written by":"admin","Est. reading time":"4 minutes"},"schema":{"@context":"https:\/\/schema.org","@graph":[{"@type":"Article","@id":"https:\/\/www.prijedordanas.com\/?p=190705#article","isPartOf":{"@id":"https:\/\/www.prijedordanas.com\/?p=190705"},"author":{"name":"admin","@id":"https:\/\/www.prijedordanas.com\/#\/schema\/person\/4e08ccf29b506ca916ff86d46bb700e6"},"headline":"Prijedor: Vikend u znaku gostiju iz bratske op\u0161tine In\u0111ija &#8211; FOTO","datePublished":"2022-08-20T11:55:01+00:00","dateModified":"2022-08-20T13:55:53+00:00","mainEntityOfPage":{"@id":"https:\/\/www.prijedordanas.com\/?p=190705"},"wordCount":400,"publisher":{"@id":"https:\/\/www.prijedordanas.com\/#organization"},"articleSection":["Dru\u0161tvo"],"inLanguage":"en-US"},{"@type":"WebPage","@id":"https:\/\/www.prijedordanas.com\/?p=190705","url":"https:\/\/www.prijedordanas.com\/?p=190705","name":"Prijedor: Vikend u znaku gostiju iz bratske op\u0161tine In\u0111ija - FOTO - PrijedorDanas.com - Prijedorski gradski portal","isPartOf":{"@id":"https:\/\/www.prijedordanas.com\/#website"},"datePublished":"2022-08-20T11:55:01+00:00","dateModified":"2022-08-20T13:55:53+00:00","breadcrumb":{"@id":"https:\/\/www.prijedordanas.com\/?p=190705#breadcrumb"},"inLanguage":"en-US","potentialAction":[{"@type":"ReadAction","target":["https:\/\/www.prijedordanas.com\/?p=190705"]}]},{"@type":"BreadcrumbList","@id":"https:\/\/www.prijedordanas.com\/?p=190705#breadcrumb","itemListElement":[{"@type":"ListItem","position":1,"name":"Home","item":"https:\/\/www.prijedordanas.com\/"},{"@type":"ListItem","position":2,"name":"Prijedor: Vikend u znaku gostiju iz bratske op\u0161tine In\u0111ija &#8211; FOTO"}]},{"@type":"WebSite","@id":"https:\/\/www.prijedordanas.com\/#website","url":"https:\/\/www.prijedordanas.com\/","name":"PrijedorDanas.com - Prijedorski gradski portal","description":"Portal o doga\u0111anjima u gradu Prijedoru","publisher":{"@id":"https:\/\/www.prijedordanas.com\/#organization"},"potentialAction":[{"@type":"SearchAction","target":{"@type":"EntryPoint","urlTemplate":"https:\/\/www.prijedordanas.com\/?s={search_term_string}"},"query-input":"required name=search_term_string"}],"inLanguage":"en-US"},{"@type":"Organization","@id":"https:\/\/www.prijedordanas.com\/#organization","name":"PrijedorDanas.com","url":"https:\/\/www.prijedordanas.com\/","logo":{"@type":"ImageObject","inLanguage":"en-US","@id":"https:\/\/www.prijedordanas.com\/#\/schema\/logo\/image\/","url":"http:\/\/www.prijedordanas.com\/wp-content\/uploads\/2021\/12\/logopng.png","contentUrl":"http:\/\/www.prijedordanas.com\/wp-content\/uploads\/2021\/12\/logopng.png","width":1019,"height":776,"caption":"PrijedorDanas.com"},"image":{"@id":"https:\/\/www.prijedordanas.com\/#\/schema\/logo\/image\/"},"sameAs":["https:\/\/www.facebook.com\/PrijedorDanasCom\/"]},{"@type":"Person","@id":"https:\/\/www.prijedordanas.com\/#\/schema\/person\/4e08ccf29b506ca916ff86d46bb700e6","name":"admin","image":{"@type":"ImageObject","inLanguage":"en-US","@id":"https:\/\/www.prijedordanas.com\/#\/schema\/person\/image\/","url":"https:\/\/secure.gravatar.com\/avatar\/1d3fc949d550f0b53a5f0d51e06dfd79?s=96&d=mm&r=g","contentUrl":"https:\/\/secure.gravatar.com\/avatar\/1d3fc949d550f0b53a5f0d51e06dfd79?s=96&d=mm&r=g","caption":"admin"},"url":"https:\/\/www.prijedordanas.com\/?author=1"}]}},"_links":{"self":[{"href":"https:\/\/www.prijedordanas.com\/index.php?rest_route=\/wp\/v2\/posts\/190705"}],"collection":[{"href":"https:\/\/www.prijedordanas.com\/index.php?rest_route=\/wp\/v2\/posts"}],"about":[{"href":"https:\/\/www.prijedordanas.com\/index.php?rest_route=\/wp\/v2\/types\/post"}],"author":[{"embeddable":true,"href":"https:\/\/www.prijedordanas.com\/index.php?rest_route=\/wp\/v2\/users\/1"}],"replies":[{"embeddable":true,"href":"https:\/\/www.prijedordanas.com\/index.php?rest_route=%2Fwp%2Fv2%2Fcomments&post=190705"}],"version-history":[{"count":3,"href":"https:\/\/www.prijedordanas.com\/index.php?rest_route=\/wp\/v2\/posts\/190705\/revisions"}],"predecessor-version":[{"id":190730,"href":"https:\/\/www.prijedordanas.com\/index.php?rest_route=\/wp\/v2\/posts\/190705\/revisions\/190730"}],"wp:attachment":[{"href":"https:\/\/www.prijedordanas.com\/index.php?rest_route=%2Fwp%2Fv2%2Fmedia&parent=190705"}],"wp:term":[{"taxonomy":"category","embeddable":true,"href":"https:\/\/www.prijedordanas.com\/index.php?rest_route=%2Fwp%2Fv2%2Fcategories&post=190705"},{"taxonomy":"post_tag","embeddable":true,"href":"https:\/\/www.prijedordanas.com\/index.php?rest_route=%2Fwp%2Fv2%2Ftags&post=190705"}],"curies":[{"name":"wp","href":"https:\/\/api.w.org\/{rel}","templated":true}]}}