{"id":190398,"date":"2022-08-14T10:45:54","date_gmt":"2022-08-14T08:45:54","guid":{"rendered":"https:\/\/www.prijedordanas.com\/?p=190398"},"modified":"2022-08-14T10:45:54","modified_gmt":"2022-08-14T08:45:54","slug":"voda-iz-crnog-vrela-u-omarskoj-video","status":"publish","type":"post","link":"https:\/\/www.prijedordanas.com\/?p=190398","title":{"rendered":"Voda iz &#8220;Crnog vrela&#8221; u Omarskoj &#8211; VIDEO"},"content":{"rendered":"<p><a href=\"https:\/\/www.prijedordanas.com\/wp-content\/uploads\/2022\/08\/vodovod-crno-vrelo-prikljucci-omarska-1.jpg\"><img loading=\"lazy\" decoding=\"async\" class=\"alignleft size-medium wp-image-190399\" src=\"https:\/\/www.prijedordanas.com\/wp-content\/uploads\/2022\/08\/vodovod-crno-vrelo-prikljucci-omarska-1-300x225.jpg\" alt=\"\" width=\"300\" height=\"225\" srcset=\"https:\/\/www.prijedordanas.com\/wp-content\/uploads\/2022\/08\/vodovod-crno-vrelo-prikljucci-omarska-1-300x225.jpg 300w, https:\/\/www.prijedordanas.com\/wp-content\/uploads\/2022\/08\/vodovod-crno-vrelo-prikljucci-omarska-1-640x480.jpg 640w, https:\/\/www.prijedordanas.com\/wp-content\/uploads\/2022\/08\/vodovod-crno-vrelo-prikljucci-omarska-1.jpg 667w\" sizes=\"(max-width: 300px) 100vw, 300px\" \/><\/a>U prijedorskom \u201cVodovodu\u201d nastavljaju sa realizacijom projekta \u201eCrno vrelo\u201c. Ovih dana na ovu vodovodnu mre\u017eu priklju\u010duju mje\u0161tane Omarske. U proteklom periodu na cjevovod \u201eCrnog vrela\u201c priklju\u010deni su Krivaja, Jeli\u0107ka, Gradina, Mari\u0107ka i Ni\u0161evi\u0107i, \u010dime je obuhva\u0107eno oko 1.800 doma\u0107instava.<\/p>\n<p>Mje\u0161tani Omarske ka\u017eu da godinama \u010dekaju gradski vodovod i da \u0107e im, s obzirom na sve ve\u0107e su\u0161e koje dolaze, novi vodovod donijeti sigurnost i manje briga kada je u pitanju vodosnabdijevanje.<\/p>\n<p>U \u201cVodovodu\u201d isti\u010du da na novu vodovodnu mre\u017eu priklju\u010duju samo ona doma\u0107instva koja su platila priklju\u010dak.<\/p>\n<p><a href=\"https:\/\/www.prijedordanas.com\/wp-content\/uploads\/2022\/08\/vodovod-crno-vrelo-prikljucci-omarska-2.jpg\"><img loading=\"lazy\" decoding=\"async\" src=\"https:\/\/www.prijedordanas.com\/wp-content\/uploads\/2022\/08\/vodovod-crno-vrelo-prikljucci-omarska-2-300x225.jpg\" alt=\"\" width=\"300\" height=\"225\" class=\"alignleft size-medium wp-image-190400\" srcset=\"https:\/\/www.prijedordanas.com\/wp-content\/uploads\/2022\/08\/vodovod-crno-vrelo-prikljucci-omarska-2-300x225.jpg 300w, https:\/\/www.prijedordanas.com\/wp-content\/uploads\/2022\/08\/vodovod-crno-vrelo-prikljucci-omarska-2-640x480.jpg 640w, https:\/\/www.prijedordanas.com\/wp-content\/uploads\/2022\/08\/vodovod-crno-vrelo-prikljucci-omarska-2.jpg 667w\" sizes=\"(max-width: 300px) 100vw, 300px\" \/><\/a>Neka doma\u0107instva nisu iskoristila pla\u0107anje u vi\u0161e rata pa \u0107e, ukoliko \u017eele gradski vodovod u svom dvori\u0161tu, 900 maraka morati da plate odjednom.<\/p>\n<p>\u201cZamolio bih ovom prilikom budu\u0107e potro\u0161a\u010de da izmire svoje obaveze prema gradu, budu\u0107i da su prikl\u0458u\u010dak vode u proteklom periodu mogli da pla\u0107aju na rate. Ko nema priznanicu da je izmirio svoje obaveze, takve potro\u0161a\u010de moramo presko\u010diti. Ne mo\u017eemo ih spajati dok ne izmire svoje obaveze. Time i na\u0161em preduze\u0107u stvaraju odre\u0111ene probleme, jer moramo preskakati ku\u0107e i dva-tri puta se vra\u0107ati na teren\u201d, rekao je Dragan Stameni\u0107, v.d. direktora \u201cVodovoda\u201d Prijedor.<\/p>\n<p>Nakon zavr\u0161etka radova u Omarskoj, na vodovodnu mre\u017eu \u201eCrnog vrela\u201c bi\u0107e priklju\u010deni Bistrica, Srednja i Donja Lamovita, Petrov Gaj, Kami\u010dani i Kevljani.<\/p>\n<p>Sa prethodnih \u0161est mjesnih zajednica, bi\u0107e to ukupno oko tri hiljade potro\u0161a\u010da i oko 320 kilometara vodovodne mre\u017ee.<\/p>\n<p>kozarski.com<\/p>\n<p><iframe loading=\"lazy\" title=\"VODA IZ \u201eCRNOG VRELA\u201c U OMARSKOJ\" width=\"500\" height=\"281\" src=\"https:\/\/www.youtube.com\/embed\/6HejaQynevc?feature=oembed\" frameborder=\"0\" allow=\"accelerometer; autoplay; clipboard-write; encrypted-media; gyroscope; picture-in-picture\" allowfullscreen><\/iframe><\/p>\n","protected":false},"excerpt":{"rendered":"<p>U prijedorskom \u201cVodovodu\u201d nastavljaju sa realizacijom projekta \u201eCrno vrelo\u201c. Ovih dana na ovu vodovodnu mre\u017eu priklju\u010duju mje\u0161tane Omarske. U proteklom periodu na cjevovod \u201eCrnog vrela\u201c priklju\u010deni su Krivaja, Jeli\u0107ka, Gradina, [&hellip;]<\/p>\n","protected":false},"author":1,"featured_media":0,"comment_status":"closed","ping_status":"open","sticky":false,"template":"","format":"standard","meta":{"_monsterinsights_skip_tracking":false,"_monsterinsights_sitenote_active":false,"_monsterinsights_sitenote_note":"","_monsterinsights_sitenote_category":0,"footnotes":""},"categories":[8],"tags":[],"yoast_head":"<!-- This site is optimized with the Yoast SEO plugin v21.6 - https:\/\/yoast.com\/wordpress\/plugins\/seo\/ -->\n<title>Voda iz &quot;Crnog vrela&quot; u Omarskoj - VIDEO - PrijedorDanas.com - Prijedorski gradski portal<\/title>\n<meta name=\"robots\" content=\"index, follow, max-snippet:-1, max-image-preview:large, max-video-preview:-1\" \/>\n<link rel=\"canonical\" href=\"https:\/\/www.prijedordanas.com\/?p=190398\" \/>\n<meta property=\"og:locale\" content=\"en_US\" \/>\n<meta property=\"og:type\" content=\"article\" \/>\n<meta property=\"og:title\" content=\"Voda iz &quot;Crnog vrela&quot; u Omarskoj - VIDEO - PrijedorDanas.com - Prijedorski gradski portal\" \/>\n<meta property=\"og:description\" content=\"U prijedorskom \u201cVodovodu\u201d nastavljaju sa realizacijom projekta \u201eCrno vrelo\u201c. Ovih dana na ovu vodovodnu mre\u017eu priklju\u010duju mje\u0161tane Omarske. U proteklom periodu na cjevovod \u201eCrnog vrela\u201c priklju\u010deni su Krivaja, Jeli\u0107ka, Gradina, [&hellip;]\" \/>\n<meta property=\"og:url\" content=\"https:\/\/www.prijedordanas.com\/?p=190398\" \/>\n<meta property=\"og:site_name\" content=\"PrijedorDanas.com - Prijedorski gradski portal\" \/>\n<meta property=\"article:publisher\" content=\"https:\/\/www.facebook.com\/PrijedorDanasCom\/\" \/>\n<meta property=\"article:published_time\" content=\"2022-08-14T08:45:54+00:00\" \/>\n<meta property=\"og:image\" content=\"https:\/\/www.prijedordanas.com\/wp-content\/uploads\/2022\/08\/vodovod-crno-vrelo-prikljucci-omarska-1-300x225.jpg\" \/>\n<meta name=\"author\" content=\"admin\" \/>\n<meta name=\"twitter:card\" content=\"summary_large_image\" \/>\n<meta name=\"twitter:label1\" content=\"Written by\" \/>\n\t<meta name=\"twitter:data1\" content=\"admin\" \/>\n\t<meta name=\"twitter:label2\" content=\"Est. reading time\" \/>\n\t<meta name=\"twitter:data2\" content=\"2 minutes\" \/>\n<script type=\"application\/ld+json\" class=\"yoast-schema-graph\">{\"@context\":\"https:\/\/schema.org\",\"@graph\":[{\"@type\":\"Article\",\"@id\":\"https:\/\/www.prijedordanas.com\/?p=190398#article\",\"isPartOf\":{\"@id\":\"https:\/\/www.prijedordanas.com\/?p=190398\"},\"author\":{\"name\":\"admin\",\"@id\":\"https:\/\/www.prijedordanas.com\/#\/schema\/person\/4e08ccf29b506ca916ff86d46bb700e6\"},\"headline\":\"Voda iz &#8220;Crnog vrela&#8221; u Omarskoj &#8211; VIDEO\",\"datePublished\":\"2022-08-14T08:45:54+00:00\",\"dateModified\":\"2022-08-14T08:45:54+00:00\",\"mainEntityOfPage\":{\"@id\":\"https:\/\/www.prijedordanas.com\/?p=190398\"},\"wordCount\":282,\"publisher\":{\"@id\":\"https:\/\/www.prijedordanas.com\/#organization\"},\"articleSection\":[\"Svakodnevno\"],\"inLanguage\":\"en-US\"},{\"@type\":\"WebPage\",\"@id\":\"https:\/\/www.prijedordanas.com\/?p=190398\",\"url\":\"https:\/\/www.prijedordanas.com\/?p=190398\",\"name\":\"Voda iz \\\"Crnog vrela\\\" u Omarskoj - VIDEO - PrijedorDanas.com - Prijedorski gradski portal\",\"isPartOf\":{\"@id\":\"https:\/\/www.prijedordanas.com\/#website\"},\"datePublished\":\"2022-08-14T08:45:54+00:00\",\"dateModified\":\"2022-08-14T08:45:54+00:00\",\"breadcrumb\":{\"@id\":\"https:\/\/www.prijedordanas.com\/?p=190398#breadcrumb\"},\"inLanguage\":\"en-US\",\"potentialAction\":[{\"@type\":\"ReadAction\",\"target\":[\"https:\/\/www.prijedordanas.com\/?p=190398\"]}]},{\"@type\":\"BreadcrumbList\",\"@id\":\"https:\/\/www.prijedordanas.com\/?p=190398#breadcrumb\",\"itemListElement\":[{\"@type\":\"ListItem\",\"position\":1,\"name\":\"Home\",\"item\":\"https:\/\/www.prijedordanas.com\/\"},{\"@type\":\"ListItem\",\"position\":2,\"name\":\"Voda iz &#8220;Crnog vrela&#8221; u Omarskoj &#8211; VIDEO\"}]},{\"@type\":\"WebSite\",\"@id\":\"https:\/\/www.prijedordanas.com\/#website\",\"url\":\"https:\/\/www.prijedordanas.com\/\",\"name\":\"PrijedorDanas.com - Prijedorski gradski portal\",\"description\":\"Portal o doga\u0111anjima u gradu Prijedoru\",\"publisher\":{\"@id\":\"https:\/\/www.prijedordanas.com\/#organization\"},\"potentialAction\":[{\"@type\":\"SearchAction\",\"target\":{\"@type\":\"EntryPoint\",\"urlTemplate\":\"https:\/\/www.prijedordanas.com\/?s={search_term_string}\"},\"query-input\":\"required name=search_term_string\"}],\"inLanguage\":\"en-US\"},{\"@type\":\"Organization\",\"@id\":\"https:\/\/www.prijedordanas.com\/#organization\",\"name\":\"PrijedorDanas.com\",\"url\":\"https:\/\/www.prijedordanas.com\/\",\"logo\":{\"@type\":\"ImageObject\",\"inLanguage\":\"en-US\",\"@id\":\"https:\/\/www.prijedordanas.com\/#\/schema\/logo\/image\/\",\"url\":\"http:\/\/www.prijedordanas.com\/wp-content\/uploads\/2021\/12\/logopng.png\",\"contentUrl\":\"http:\/\/www.prijedordanas.com\/wp-content\/uploads\/2021\/12\/logopng.png\",\"width\":1019,\"height\":776,\"caption\":\"PrijedorDanas.com\"},\"image\":{\"@id\":\"https:\/\/www.prijedordanas.com\/#\/schema\/logo\/image\/\"},\"sameAs\":[\"https:\/\/www.facebook.com\/PrijedorDanasCom\/\"]},{\"@type\":\"Person\",\"@id\":\"https:\/\/www.prijedordanas.com\/#\/schema\/person\/4e08ccf29b506ca916ff86d46bb700e6\",\"name\":\"admin\",\"image\":{\"@type\":\"ImageObject\",\"inLanguage\":\"en-US\",\"@id\":\"https:\/\/www.prijedordanas.com\/#\/schema\/person\/image\/\",\"url\":\"https:\/\/secure.gravatar.com\/avatar\/1d3fc949d550f0b53a5f0d51e06dfd79?s=96&d=mm&r=g\",\"contentUrl\":\"https:\/\/secure.gravatar.com\/avatar\/1d3fc949d550f0b53a5f0d51e06dfd79?s=96&d=mm&r=g\",\"caption\":\"admin\"},\"url\":\"https:\/\/www.prijedordanas.com\/?author=1\"}]}<\/script>\n<!-- \/ Yoast SEO plugin. -->","yoast_head_json":{"title":"Voda iz \"Crnog vrela\" u Omarskoj - VIDEO - PrijedorDanas.com - Prijedorski gradski portal","robots":{"index":"index","follow":"follow","max-snippet":"max-snippet:-1","max-image-preview":"max-image-preview:large","max-video-preview":"max-video-preview:-1"},"canonical":"https:\/\/www.prijedordanas.com\/?p=190398","og_locale":"en_US","og_type":"article","og_title":"Voda iz \"Crnog vrela\" u Omarskoj - VIDEO - PrijedorDanas.com - Prijedorski gradski portal","og_description":"U prijedorskom \u201cVodovodu\u201d nastavljaju sa realizacijom projekta \u201eCrno vrelo\u201c. Ovih dana na ovu vodovodnu mre\u017eu priklju\u010duju mje\u0161tane Omarske. U proteklom periodu na cjevovod \u201eCrnog vrela\u201c priklju\u010deni su Krivaja, Jeli\u0107ka, Gradina, [&hellip;]","og_url":"https:\/\/www.prijedordanas.com\/?p=190398","og_site_name":"PrijedorDanas.com - Prijedorski gradski portal","article_publisher":"https:\/\/www.facebook.com\/PrijedorDanasCom\/","article_published_time":"2022-08-14T08:45:54+00:00","og_image":[{"url":"https:\/\/www.prijedordanas.com\/wp-content\/uploads\/2022\/08\/vodovod-crno-vrelo-prikljucci-omarska-1-300x225.jpg"}],"author":"admin","twitter_card":"summary_large_image","twitter_misc":{"Written by":"admin","Est. reading time":"2 minutes"},"schema":{"@context":"https:\/\/schema.org","@graph":[{"@type":"Article","@id":"https:\/\/www.prijedordanas.com\/?p=190398#article","isPartOf":{"@id":"https:\/\/www.prijedordanas.com\/?p=190398"},"author":{"name":"admin","@id":"https:\/\/www.prijedordanas.com\/#\/schema\/person\/4e08ccf29b506ca916ff86d46bb700e6"},"headline":"Voda iz &#8220;Crnog vrela&#8221; u Omarskoj &#8211; VIDEO","datePublished":"2022-08-14T08:45:54+00:00","dateModified":"2022-08-14T08:45:54+00:00","mainEntityOfPage":{"@id":"https:\/\/www.prijedordanas.com\/?p=190398"},"wordCount":282,"publisher":{"@id":"https:\/\/www.prijedordanas.com\/#organization"},"articleSection":["Svakodnevno"],"inLanguage":"en-US"},{"@type":"WebPage","@id":"https:\/\/www.prijedordanas.com\/?p=190398","url":"https:\/\/www.prijedordanas.com\/?p=190398","name":"Voda iz \"Crnog vrela\" u Omarskoj - VIDEO - PrijedorDanas.com - Prijedorski gradski portal","isPartOf":{"@id":"https:\/\/www.prijedordanas.com\/#website"},"datePublished":"2022-08-14T08:45:54+00:00","dateModified":"2022-08-14T08:45:54+00:00","breadcrumb":{"@id":"https:\/\/www.prijedordanas.com\/?p=190398#breadcrumb"},"inLanguage":"en-US","potentialAction":[{"@type":"ReadAction","target":["https:\/\/www.prijedordanas.com\/?p=190398"]}]},{"@type":"BreadcrumbList","@id":"https:\/\/www.prijedordanas.com\/?p=190398#breadcrumb","itemListElement":[{"@type":"ListItem","position":1,"name":"Home","item":"https:\/\/www.prijedordanas.com\/"},{"@type":"ListItem","position":2,"name":"Voda iz &#8220;Crnog vrela&#8221; u Omarskoj &#8211; VIDEO"}]},{"@type":"WebSite","@id":"https:\/\/www.prijedordanas.com\/#website","url":"https:\/\/www.prijedordanas.com\/","name":"PrijedorDanas.com - Prijedorski gradski portal","description":"Portal o doga\u0111anjima u gradu Prijedoru","publisher":{"@id":"https:\/\/www.prijedordanas.com\/#organization"},"potentialAction":[{"@type":"SearchAction","target":{"@type":"EntryPoint","urlTemplate":"https:\/\/www.prijedordanas.com\/?s={search_term_string}"},"query-input":"required name=search_term_string"}],"inLanguage":"en-US"},{"@type":"Organization","@id":"https:\/\/www.prijedordanas.com\/#organization","name":"PrijedorDanas.com","url":"https:\/\/www.prijedordanas.com\/","logo":{"@type":"ImageObject","inLanguage":"en-US","@id":"https:\/\/www.prijedordanas.com\/#\/schema\/logo\/image\/","url":"http:\/\/www.prijedordanas.com\/wp-content\/uploads\/2021\/12\/logopng.png","contentUrl":"http:\/\/www.prijedordanas.com\/wp-content\/uploads\/2021\/12\/logopng.png","width":1019,"height":776,"caption":"PrijedorDanas.com"},"image":{"@id":"https:\/\/www.prijedordanas.com\/#\/schema\/logo\/image\/"},"sameAs":["https:\/\/www.facebook.com\/PrijedorDanasCom\/"]},{"@type":"Person","@id":"https:\/\/www.prijedordanas.com\/#\/schema\/person\/4e08ccf29b506ca916ff86d46bb700e6","name":"admin","image":{"@type":"ImageObject","inLanguage":"en-US","@id":"https:\/\/www.prijedordanas.com\/#\/schema\/person\/image\/","url":"https:\/\/secure.gravatar.com\/avatar\/1d3fc949d550f0b53a5f0d51e06dfd79?s=96&d=mm&r=g","contentUrl":"https:\/\/secure.gravatar.com\/avatar\/1d3fc949d550f0b53a5f0d51e06dfd79?s=96&d=mm&r=g","caption":"admin"},"url":"https:\/\/www.prijedordanas.com\/?author=1"}]}},"_links":{"self":[{"href":"https:\/\/www.prijedordanas.com\/index.php?rest_route=\/wp\/v2\/posts\/190398"}],"collection":[{"href":"https:\/\/www.prijedordanas.com\/index.php?rest_route=\/wp\/v2\/posts"}],"about":[{"href":"https:\/\/www.prijedordanas.com\/index.php?rest_route=\/wp\/v2\/types\/post"}],"author":[{"embeddable":true,"href":"https:\/\/www.prijedordanas.com\/index.php?rest_route=\/wp\/v2\/users\/1"}],"replies":[{"embeddable":true,"href":"https:\/\/www.prijedordanas.com\/index.php?rest_route=%2Fwp%2Fv2%2Fcomments&post=190398"}],"version-history":[{"count":1,"href":"https:\/\/www.prijedordanas.com\/index.php?rest_route=\/wp\/v2\/posts\/190398\/revisions"}],"predecessor-version":[{"id":190401,"href":"https:\/\/www.prijedordanas.com\/index.php?rest_route=\/wp\/v2\/posts\/190398\/revisions\/190401"}],"wp:attachment":[{"href":"https:\/\/www.prijedordanas.com\/index.php?rest_route=%2Fwp%2Fv2%2Fmedia&parent=190398"}],"wp:term":[{"taxonomy":"category","embeddable":true,"href":"https:\/\/www.prijedordanas.com\/index.php?rest_route=%2Fwp%2Fv2%2Fcategories&post=190398"},{"taxonomy":"post_tag","embeddable":true,"href":"https:\/\/www.prijedordanas.com\/index.php?rest_route=%2Fwp%2Fv2%2Ftags&post=190398"}],"curies":[{"name":"wp","href":"https:\/\/api.w.org\/{rel}","templated":true}]}}