{"id":190305,"date":"2022-08-12T10:24:22","date_gmt":"2022-08-12T08:24:22","guid":{"rendered":"https:\/\/www.prijedordanas.com\/?p=190305"},"modified":"2022-08-12T10:24:22","modified_gmt":"2022-08-12T08:24:22","slug":"krivicna-prijava-zbog-odluke-o-dokapitalizaciji-ljubije-prekrsen-zakon-o-privatizaciji","status":"publish","type":"post","link":"https:\/\/www.prijedordanas.com\/?p=190305","title":{"rendered":"Krivi\u010dna prijava zbog odluke o dokapitalizaciji Ljubije, prekr\u0161en Zakon o privatizaciji?"},"content":{"rendered":"<p><a href=\"https:\/\/www.prijedordanas.com\/wp-content\/uploads\/2022\/07\/rzr-ljubija.jpg\"><img loading=\"lazy\" decoding=\"async\" class=\"alignleft size-medium wp-image-189028\" src=\"https:\/\/www.prijedordanas.com\/wp-content\/uploads\/2022\/07\/rzr-ljubija-300x225.jpg\" alt=\"\" width=\"300\" height=\"225\" srcset=\"https:\/\/www.prijedordanas.com\/wp-content\/uploads\/2022\/07\/rzr-ljubija-300x225.jpg 300w, https:\/\/www.prijedordanas.com\/wp-content\/uploads\/2022\/07\/rzr-ljubija-640x480.jpg 640w, https:\/\/www.prijedordanas.com\/wp-content\/uploads\/2022\/07\/rzr-ljubija.jpg 667w\" sizes=\"(max-width: 300px) 100vw, 300px\" \/><\/a>Odluka o dokapitalizaciji R\u017dR Ljubija u suprotnosti sa Zakonom o privatizaciji, navode za Gerilu izvori iz Vlade Republike Srpske.<\/p>\n<p>Za svega 15 minuta, Skup\u0161tina akcionara R\u017dR Ljubija usvojila je sve ta\u010dke dnevnog reda na sjednici ovog tijela, uklju\u010duju\u0107i i Odluku o pokretanju dokapitalizacije R\u017dR Ljubija od 50,7 miliona KM.<\/p>\n<p>Tako \u0107e vlasnik ve\u0107inskog dr\u017eavnog udjela u R\u017dR Ljubija postati ameri\u010dko-kanadski konzorcijum SE-GEDC Corp.<\/p>\n<p>Direktor \u201eLjubije\u201c Stanko Vujkovi\u0107 je kazao nakon sjednice da je proces dokapitalizacije u skladu sa zakonom i da se emituje nominalna vrijednost preduze\u0107a od 50.777.428 akcija, a dokapitalizator je du\u017ean da taj iznos uplati na poseban ra\u010dun R\u017dR-a.<\/p>\n<p>\u201cAko se to ne desi, nema ni\u0161ta od dokapitalizacije. Dr\u017eava kao trenutni ve\u0107inski vlasnik zadr\u017ea\u0107e svoj paket akcija od nekih 40 procenata\u201c, rekao je on.<br \/>\nIzvor iz Vlade RS: Prekr\u0161en je Zakon o privatizaciji, Odluka se mo\u017ee oboriti na sudu<\/p>\n<p>Izvori Gerile iz Vlade RS ka\u017eu da uvo\u0111enje stranog investitora u Ljubiju u potpunosti nezakonito, te da \u0107e Republika Srpska imati velike posljedice nakon dana\u0161nje odluke, kao ni da Vlada nije imala nijedno upori\u0161te da napravi tzv. listu preduze\u0107a od strate\u0161kog zna\u010denja, a samim tim ni da skida ta preduze\u0107a s liste.<\/p>\n<p>Podsje\u0107amo, Vlada RS je skinula Ljubiju sa liste strate\u0161kih preduze\u0107a, te je navedeno da je to neophodan uslov za prodaju akcija preduze\u0107a.<\/p>\n<p><a href=\"https:\/\/www.prijedordanas.com\/wp-content\/uploads\/2022\/08\/gerila-zakon-o-privatizaciji.jpg\"><img loading=\"lazy\" decoding=\"async\" class=\"alignleft size-medium wp-image-190306\" src=\"https:\/\/www.prijedordanas.com\/wp-content\/uploads\/2022\/08\/gerila-zakon-o-privatizaciji-300x169.jpg\" alt=\"\" width=\"300\" height=\"169\" srcset=\"https:\/\/www.prijedordanas.com\/wp-content\/uploads\/2022\/08\/gerila-zakon-o-privatizaciji-300x169.jpg 300w, https:\/\/www.prijedordanas.com\/wp-content\/uploads\/2022\/08\/gerila-zakon-o-privatizaciji-768x432.jpg 768w, https:\/\/www.prijedordanas.com\/wp-content\/uploads\/2022\/08\/gerila-zakon-o-privatizaciji.jpg 800w\" sizes=\"(max-width: 300px) 100vw, 300px\" \/><\/a>\u201e\u010clan 6 Zakona o privatizaciji, ni u osnovnom tekstu ni u Izmjenama i dopunama ne ovla\u0161\u0107uje Vladu da sa\u010dini Odluku o utvr\u0111ivanju preduze\u0107a od strate\u0161kog zna\u010daja. Vlada nema upori\u0161te, nema pravni osnov za dono\u0161enje ove Odluke, zato \u0161to ovaj Zakon, \u010clan 6, stav 1, nabraja oblasti kojima posluju preduze\u0107a od strate\u0161kog zna\u010daja. Jedna od oblasti je rudarstvo. Prema tome, ne mo\u017ee ni staviti, ni izbaciti Ljubiju sa liste strate\u0161kih preduze\u0107a. Mo\u017ee samo da nabroji sva preduze\u0107a koja postoje i da vi\u0161e nikada ne dira ta preduze\u0107a, ali ipak, poenta je da nije ovla\u0161tena da pravi ove liste\u201c, napominje izvor Gerile.<\/p>\n<p>Na\u0161 izvor dodaje da je za ovu prodaju, Zakon o privatizaciji jasan- neophodna je odluka Narodne skup\u0161tine Republike Srpske, a u slu\u010daju pokretanja bilo kakvog sudskog postupka, Republika Srpska \u0107e se na\u0107i pred isplatom velike od\u0161tete.<\/p>\n<p>\u201eVlada nema to ovla\u0161\u0107enje da sama odlu\u010duje kada je rije\u010d o strate\u0161kim preduze\u0107ima. Mo\u017ee je ovlastiti samo Zakon, a on je nije ovlastio. On je prozvao oblasti sa specifi\u010dnim ciljem da se privatizacija preduze\u0107a iz tih oblasti u\u010dini uz saglasnost skup\u0161tine, na osnovu posebnog privatizacionog programa i izuzetno direktno, \u0161to je navedeno u \u010clanu 6 Stav 2, tako\u0111e, opet uz saglasnost NSRS. Dakle, u svakom slu\u010daju , Vlada nema pravo da izbjegne skup\u0161tinu kada je rije\u010d o privatizaciji preduze\u0107a iz tih oblasti. Ovdje ako se izbjegne NSRS automatski tu privatizaciju \u010dini nezakonitom. Postoji osnov i za Ustavni sud i za krivi\u010dno djelo. Ustavni sud \u0107e sigurno re\u0107i da je ova odluka Vlade bila neustavna i ako se pokrene postupak na Ustavnom sudu- ovo je odluka koja nema pravnu valjanost i nema pravni osnov. Sve \u0161to se bude uradilo na ovaj na\u010din mo\u017ee biti oboreno i mo\u017ee imati pravnu implikaciju ponovo u simslu \u0161tete. Ako neko ne\u0161to isplati, kasnije \u0107e potra\u017eivati to, uz neku kamatu\u201c, navodi na\u0161 izvor.<\/p>\n<p>Vukanovi\u0107: Podne\u0161ene krivi\u010dne prijave, a spremne i dopune prijava<\/p>\n<p>Zbog dana\u0161nje odluke o dokapitalizaciji Ljubije, najavljene su nove krivi\u010dne prijave.<\/p>\n<p>\u201eOdluka o prodaji Ljubije u najmanju ruku je kriminalna i nezakonita i to \u0107e biti predmet nove krivi\u010dne prijave koja \u0107e biti dopunjena, ve\u0107 smo je podnijeli, ali dopunjena je sada, protiv odgovornih lica \u010dlanova Vlade, ali i nadzornog odbora R\u017dR Ljubija. Jasno je da o ovom Narodna skup\u0161tina RS nije raspravljala i da je odluka donesena i netransparentno i nezakonito. Treba tu, tako\u0111e, dodati da je javnost isklju\u010dena iz ovog procesa, da se rasprodaje sve, od Alumine, R\u017dR Ljubija, priprema se Elektroprivreda, dakle, o\u010dito je da ova vlast \u017eeli da zakuje posljednje udarce u mrtva\u010dki sanduk Elektroprivrede RS, prave\u0107i od nje praznu lju\u0161turu\u201c, izjavio je za Gerilu opozicioni poslanik Neboj\u0161a Vukanovi\u0107.<\/p>\n<p>Dodaje i da je sporan rejting preduze\u0107a kojeg je Vlada Republike Srpske izabrala direktnom pogodbom.<\/p>\n<p>\u201eTreba re\u0107i da je ta firma koja kupuje, da je ona ta\u0161na- ma\u0161na firma, bez ikakvih referenci, nikad se nije bavila rudarskom proizvodnjom, osnovana je pro\u0161le godine. Ima veoma skroman promet, treba joj ispitati porijeklo novca, odakle se kupuje. Firma je samo fiktivno registrovana u Petoj Aveniji, tako da jasno je da se radi o jednoj velikoj zloupotrebi i kriminalnom poslu za koji je najodgovorniji premijer Vi\u0161kovi\u0107 i ministri u njegovoj marionetskoj Vladi\u201c, dodaje Vukanovi\u0107.<\/p>\n<p>gerila.info<\/p>\n","protected":false},"excerpt":{"rendered":"<p>Odluka o dokapitalizaciji R\u017dR Ljubija u suprotnosti sa Zakonom o privatizaciji, navode za Gerilu izvori iz Vlade Republike Srpske. Za svega 15 minuta, Skup\u0161tina akcionara R\u017dR Ljubija usvojila je sve [&hellip;]<\/p>\n","protected":false},"author":1,"featured_media":0,"comment_status":"closed","ping_status":"open","sticky":false,"template":"","format":"standard","meta":{"_monsterinsights_skip_tracking":false,"_monsterinsights_sitenote_active":false,"_monsterinsights_sitenote_note":"","_monsterinsights_sitenote_category":0,"footnotes":""},"categories":[8],"tags":[],"yoast_head":"<!-- This site is optimized with the Yoast SEO plugin v21.6 - https:\/\/yoast.com\/wordpress\/plugins\/seo\/ -->\n<title>Krivi\u010dna prijava zbog odluke o dokapitalizaciji Ljubije, prekr\u0161en Zakon o privatizaciji? - PrijedorDanas.com - Prijedorski gradski portal<\/title>\n<meta name=\"robots\" content=\"index, follow, max-snippet:-1, max-image-preview:large, max-video-preview:-1\" \/>\n<link rel=\"canonical\" href=\"https:\/\/www.prijedordanas.com\/?p=190305\" \/>\n<meta property=\"og:locale\" content=\"en_US\" \/>\n<meta property=\"og:type\" content=\"article\" \/>\n<meta property=\"og:title\" content=\"Krivi\u010dna prijava zbog odluke o dokapitalizaciji Ljubije, prekr\u0161en Zakon o privatizaciji? - PrijedorDanas.com - Prijedorski gradski portal\" \/>\n<meta property=\"og:description\" content=\"Odluka o dokapitalizaciji R\u017dR Ljubija u suprotnosti sa Zakonom o privatizaciji, navode za Gerilu izvori iz Vlade Republike Srpske. Za svega 15 minuta, Skup\u0161tina akcionara R\u017dR Ljubija usvojila je sve [&hellip;]\" \/>\n<meta property=\"og:url\" content=\"https:\/\/www.prijedordanas.com\/?p=190305\" \/>\n<meta property=\"og:site_name\" content=\"PrijedorDanas.com - Prijedorski gradski portal\" \/>\n<meta property=\"article:publisher\" content=\"https:\/\/www.facebook.com\/PrijedorDanasCom\/\" \/>\n<meta property=\"article:published_time\" content=\"2022-08-12T08:24:22+00:00\" \/>\n<meta property=\"og:image\" content=\"https:\/\/www.prijedordanas.com\/wp-content\/uploads\/2022\/07\/rzr-ljubija-300x225.jpg\" \/>\n<meta name=\"author\" content=\"admin\" \/>\n<meta name=\"twitter:card\" content=\"summary_large_image\" \/>\n<meta name=\"twitter:label1\" content=\"Written by\" \/>\n\t<meta name=\"twitter:data1\" content=\"admin\" \/>\n\t<meta name=\"twitter:label2\" content=\"Est. reading time\" \/>\n\t<meta name=\"twitter:data2\" content=\"4 minutes\" \/>\n<script type=\"application\/ld+json\" class=\"yoast-schema-graph\">{\"@context\":\"https:\/\/schema.org\",\"@graph\":[{\"@type\":\"Article\",\"@id\":\"https:\/\/www.prijedordanas.com\/?p=190305#article\",\"isPartOf\":{\"@id\":\"https:\/\/www.prijedordanas.com\/?p=190305\"},\"author\":{\"name\":\"admin\",\"@id\":\"https:\/\/www.prijedordanas.com\/#\/schema\/person\/4e08ccf29b506ca916ff86d46bb700e6\"},\"headline\":\"Krivi\u010dna prijava zbog odluke o dokapitalizaciji Ljubije, prekr\u0161en Zakon o privatizaciji?\",\"datePublished\":\"2022-08-12T08:24:22+00:00\",\"dateModified\":\"2022-08-12T08:24:22+00:00\",\"mainEntityOfPage\":{\"@id\":\"https:\/\/www.prijedordanas.com\/?p=190305\"},\"wordCount\":843,\"publisher\":{\"@id\":\"https:\/\/www.prijedordanas.com\/#organization\"},\"articleSection\":[\"Svakodnevno\"],\"inLanguage\":\"en-US\"},{\"@type\":\"WebPage\",\"@id\":\"https:\/\/www.prijedordanas.com\/?p=190305\",\"url\":\"https:\/\/www.prijedordanas.com\/?p=190305\",\"name\":\"Krivi\u010dna prijava zbog odluke o dokapitalizaciji Ljubije, prekr\u0161en Zakon o privatizaciji? - PrijedorDanas.com - Prijedorski gradski portal\",\"isPartOf\":{\"@id\":\"https:\/\/www.prijedordanas.com\/#website\"},\"datePublished\":\"2022-08-12T08:24:22+00:00\",\"dateModified\":\"2022-08-12T08:24:22+00:00\",\"breadcrumb\":{\"@id\":\"https:\/\/www.prijedordanas.com\/?p=190305#breadcrumb\"},\"inLanguage\":\"en-US\",\"potentialAction\":[{\"@type\":\"ReadAction\",\"target\":[\"https:\/\/www.prijedordanas.com\/?p=190305\"]}]},{\"@type\":\"BreadcrumbList\",\"@id\":\"https:\/\/www.prijedordanas.com\/?p=190305#breadcrumb\",\"itemListElement\":[{\"@type\":\"ListItem\",\"position\":1,\"name\":\"Home\",\"item\":\"https:\/\/www.prijedordanas.com\/\"},{\"@type\":\"ListItem\",\"position\":2,\"name\":\"Krivi\u010dna prijava zbog odluke o dokapitalizaciji Ljubije, prekr\u0161en Zakon o privatizaciji?\"}]},{\"@type\":\"WebSite\",\"@id\":\"https:\/\/www.prijedordanas.com\/#website\",\"url\":\"https:\/\/www.prijedordanas.com\/\",\"name\":\"PrijedorDanas.com - Prijedorski gradski portal\",\"description\":\"Portal o doga\u0111anjima u gradu Prijedoru\",\"publisher\":{\"@id\":\"https:\/\/www.prijedordanas.com\/#organization\"},\"potentialAction\":[{\"@type\":\"SearchAction\",\"target\":{\"@type\":\"EntryPoint\",\"urlTemplate\":\"https:\/\/www.prijedordanas.com\/?s={search_term_string}\"},\"query-input\":\"required name=search_term_string\"}],\"inLanguage\":\"en-US\"},{\"@type\":\"Organization\",\"@id\":\"https:\/\/www.prijedordanas.com\/#organization\",\"name\":\"PrijedorDanas.com\",\"url\":\"https:\/\/www.prijedordanas.com\/\",\"logo\":{\"@type\":\"ImageObject\",\"inLanguage\":\"en-US\",\"@id\":\"https:\/\/www.prijedordanas.com\/#\/schema\/logo\/image\/\",\"url\":\"http:\/\/www.prijedordanas.com\/wp-content\/uploads\/2021\/12\/logopng.png\",\"contentUrl\":\"http:\/\/www.prijedordanas.com\/wp-content\/uploads\/2021\/12\/logopng.png\",\"width\":1019,\"height\":776,\"caption\":\"PrijedorDanas.com\"},\"image\":{\"@id\":\"https:\/\/www.prijedordanas.com\/#\/schema\/logo\/image\/\"},\"sameAs\":[\"https:\/\/www.facebook.com\/PrijedorDanasCom\/\"]},{\"@type\":\"Person\",\"@id\":\"https:\/\/www.prijedordanas.com\/#\/schema\/person\/4e08ccf29b506ca916ff86d46bb700e6\",\"name\":\"admin\",\"image\":{\"@type\":\"ImageObject\",\"inLanguage\":\"en-US\",\"@id\":\"https:\/\/www.prijedordanas.com\/#\/schema\/person\/image\/\",\"url\":\"https:\/\/secure.gravatar.com\/avatar\/1d3fc949d550f0b53a5f0d51e06dfd79?s=96&d=mm&r=g\",\"contentUrl\":\"https:\/\/secure.gravatar.com\/avatar\/1d3fc949d550f0b53a5f0d51e06dfd79?s=96&d=mm&r=g\",\"caption\":\"admin\"},\"url\":\"https:\/\/www.prijedordanas.com\/?author=1\"}]}<\/script>\n<!-- \/ Yoast SEO plugin. -->","yoast_head_json":{"title":"Krivi\u010dna prijava zbog odluke o dokapitalizaciji Ljubije, prekr\u0161en Zakon o privatizaciji? - PrijedorDanas.com - Prijedorski gradski portal","robots":{"index":"index","follow":"follow","max-snippet":"max-snippet:-1","max-image-preview":"max-image-preview:large","max-video-preview":"max-video-preview:-1"},"canonical":"https:\/\/www.prijedordanas.com\/?p=190305","og_locale":"en_US","og_type":"article","og_title":"Krivi\u010dna prijava zbog odluke o dokapitalizaciji Ljubije, prekr\u0161en Zakon o privatizaciji? - PrijedorDanas.com - Prijedorski gradski portal","og_description":"Odluka o dokapitalizaciji R\u017dR Ljubija u suprotnosti sa Zakonom o privatizaciji, navode za Gerilu izvori iz Vlade Republike Srpske. Za svega 15 minuta, Skup\u0161tina akcionara R\u017dR Ljubija usvojila je sve [&hellip;]","og_url":"https:\/\/www.prijedordanas.com\/?p=190305","og_site_name":"PrijedorDanas.com - Prijedorski gradski portal","article_publisher":"https:\/\/www.facebook.com\/PrijedorDanasCom\/","article_published_time":"2022-08-12T08:24:22+00:00","og_image":[{"url":"https:\/\/www.prijedordanas.com\/wp-content\/uploads\/2022\/07\/rzr-ljubija-300x225.jpg"}],"author":"admin","twitter_card":"summary_large_image","twitter_misc":{"Written by":"admin","Est. reading time":"4 minutes"},"schema":{"@context":"https:\/\/schema.org","@graph":[{"@type":"Article","@id":"https:\/\/www.prijedordanas.com\/?p=190305#article","isPartOf":{"@id":"https:\/\/www.prijedordanas.com\/?p=190305"},"author":{"name":"admin","@id":"https:\/\/www.prijedordanas.com\/#\/schema\/person\/4e08ccf29b506ca916ff86d46bb700e6"},"headline":"Krivi\u010dna prijava zbog odluke o dokapitalizaciji Ljubije, prekr\u0161en Zakon o privatizaciji?","datePublished":"2022-08-12T08:24:22+00:00","dateModified":"2022-08-12T08:24:22+00:00","mainEntityOfPage":{"@id":"https:\/\/www.prijedordanas.com\/?p=190305"},"wordCount":843,"publisher":{"@id":"https:\/\/www.prijedordanas.com\/#organization"},"articleSection":["Svakodnevno"],"inLanguage":"en-US"},{"@type":"WebPage","@id":"https:\/\/www.prijedordanas.com\/?p=190305","url":"https:\/\/www.prijedordanas.com\/?p=190305","name":"Krivi\u010dna prijava zbog odluke o dokapitalizaciji Ljubije, prekr\u0161en Zakon o privatizaciji? - PrijedorDanas.com - Prijedorski gradski portal","isPartOf":{"@id":"https:\/\/www.prijedordanas.com\/#website"},"datePublished":"2022-08-12T08:24:22+00:00","dateModified":"2022-08-12T08:24:22+00:00","breadcrumb":{"@id":"https:\/\/www.prijedordanas.com\/?p=190305#breadcrumb"},"inLanguage":"en-US","potentialAction":[{"@type":"ReadAction","target":["https:\/\/www.prijedordanas.com\/?p=190305"]}]},{"@type":"BreadcrumbList","@id":"https:\/\/www.prijedordanas.com\/?p=190305#breadcrumb","itemListElement":[{"@type":"ListItem","position":1,"name":"Home","item":"https:\/\/www.prijedordanas.com\/"},{"@type":"ListItem","position":2,"name":"Krivi\u010dna prijava zbog odluke o dokapitalizaciji Ljubije, prekr\u0161en Zakon o privatizaciji?"}]},{"@type":"WebSite","@id":"https:\/\/www.prijedordanas.com\/#website","url":"https:\/\/www.prijedordanas.com\/","name":"PrijedorDanas.com - Prijedorski gradski portal","description":"Portal o doga\u0111anjima u gradu Prijedoru","publisher":{"@id":"https:\/\/www.prijedordanas.com\/#organization"},"potentialAction":[{"@type":"SearchAction","target":{"@type":"EntryPoint","urlTemplate":"https:\/\/www.prijedordanas.com\/?s={search_term_string}"},"query-input":"required name=search_term_string"}],"inLanguage":"en-US"},{"@type":"Organization","@id":"https:\/\/www.prijedordanas.com\/#organization","name":"PrijedorDanas.com","url":"https:\/\/www.prijedordanas.com\/","logo":{"@type":"ImageObject","inLanguage":"en-US","@id":"https:\/\/www.prijedordanas.com\/#\/schema\/logo\/image\/","url":"http:\/\/www.prijedordanas.com\/wp-content\/uploads\/2021\/12\/logopng.png","contentUrl":"http:\/\/www.prijedordanas.com\/wp-content\/uploads\/2021\/12\/logopng.png","width":1019,"height":776,"caption":"PrijedorDanas.com"},"image":{"@id":"https:\/\/www.prijedordanas.com\/#\/schema\/logo\/image\/"},"sameAs":["https:\/\/www.facebook.com\/PrijedorDanasCom\/"]},{"@type":"Person","@id":"https:\/\/www.prijedordanas.com\/#\/schema\/person\/4e08ccf29b506ca916ff86d46bb700e6","name":"admin","image":{"@type":"ImageObject","inLanguage":"en-US","@id":"https:\/\/www.prijedordanas.com\/#\/schema\/person\/image\/","url":"https:\/\/secure.gravatar.com\/avatar\/1d3fc949d550f0b53a5f0d51e06dfd79?s=96&d=mm&r=g","contentUrl":"https:\/\/secure.gravatar.com\/avatar\/1d3fc949d550f0b53a5f0d51e06dfd79?s=96&d=mm&r=g","caption":"admin"},"url":"https:\/\/www.prijedordanas.com\/?author=1"}]}},"_links":{"self":[{"href":"https:\/\/www.prijedordanas.com\/index.php?rest_route=\/wp\/v2\/posts\/190305"}],"collection":[{"href":"https:\/\/www.prijedordanas.com\/index.php?rest_route=\/wp\/v2\/posts"}],"about":[{"href":"https:\/\/www.prijedordanas.com\/index.php?rest_route=\/wp\/v2\/types\/post"}],"author":[{"embeddable":true,"href":"https:\/\/www.prijedordanas.com\/index.php?rest_route=\/wp\/v2\/users\/1"}],"replies":[{"embeddable":true,"href":"https:\/\/www.prijedordanas.com\/index.php?rest_route=%2Fwp%2Fv2%2Fcomments&post=190305"}],"version-history":[{"count":1,"href":"https:\/\/www.prijedordanas.com\/index.php?rest_route=\/wp\/v2\/posts\/190305\/revisions"}],"predecessor-version":[{"id":190307,"href":"https:\/\/www.prijedordanas.com\/index.php?rest_route=\/wp\/v2\/posts\/190305\/revisions\/190307"}],"wp:attachment":[{"href":"https:\/\/www.prijedordanas.com\/index.php?rest_route=%2Fwp%2Fv2%2Fmedia&parent=190305"}],"wp:term":[{"taxonomy":"category","embeddable":true,"href":"https:\/\/www.prijedordanas.com\/index.php?rest_route=%2Fwp%2Fv2%2Fcategories&post=190305"},{"taxonomy":"post_tag","embeddable":true,"href":"https:\/\/www.prijedordanas.com\/index.php?rest_route=%2Fwp%2Fv2%2Ftags&post=190305"}],"curies":[{"name":"wp","href":"https:\/\/api.w.org\/{rel}","templated":true}]}}