{"id":190274,"date":"2022-08-11T21:43:33","date_gmt":"2022-08-11T19:43:33","guid":{"rendered":"https:\/\/www.prijedordanas.com\/?p=190274"},"modified":"2022-08-11T21:43:33","modified_gmt":"2022-08-11T19:43:33","slug":"prijedor-u-planu-prosirenje-parking-kapaciteta-video","status":"publish","type":"post","link":"https:\/\/www.prijedordanas.com\/?p=190274","title":{"rendered":"Prijedor: U planu pro\u0161irenje parking kapaciteta &#8211; VIDEO"},"content":{"rendered":"<p><a href=\"https:\/\/www.prijedordanas.com\/wp-content\/uploads\/2022\/08\/kozarski-parking.jpg\"><img loading=\"lazy\" decoding=\"async\" src=\"https:\/\/www.prijedordanas.com\/wp-content\/uploads\/2022\/08\/kozarski-parking-300x225.jpg\" alt=\"\" width=\"300\" height=\"225\" class=\"alignleft size-medium wp-image-190275\" srcset=\"https:\/\/www.prijedordanas.com\/wp-content\/uploads\/2022\/08\/kozarski-parking-300x225.jpg 300w, https:\/\/www.prijedordanas.com\/wp-content\/uploads\/2022\/08\/kozarski-parking-640x480.jpg 640w, https:\/\/www.prijedordanas.com\/wp-content\/uploads\/2022\/08\/kozarski-parking.jpg 667w\" sizes=\"(max-width: 300px) 100vw, 300px\" \/><\/a>Problem nedostatka parking mjesta u Prijedoru naro\u010dito je izra\u017een u ljetnim mjesecima, jer je koncentracija automobila zna\u010dajno pove\u0107ana.<\/p>\n<p>Nedostatak parking mjesta je evidentan, ka\u017eu i iz Gradske uprave. Trenutno se pod naplatom u Prijedoru nalazi 620 parking mjesta, \u0161to, uz ostala mjesta, nije dovovoljno, pogotovo u ovo doba godine.<\/p>\n<p>U planu je pro\u0161irenje kapaciteta, ta\u010dnije parking-gara\u017ea, ali problem predstavlja nedostatak adekvatnog zemlji\u0161ta na kojem bi se objekat gradio.<\/p>\n<p>\u2013 Imamo prostor gdje smo planirali gradnju, a to je postoje\u0107i parking preko puta Centra za socijalni rad. Ali, to je zemlji\u0161te u vlasni\u0161tvu R\u017dR \u201eLjubija\u201c. I mi poku\u0161avamo ovih dana da izvr\u0161imo eksproprijaciju, da se to zemlji\u0161te izuzme i preda ili dr\u017eavi ili gradu na upravljanje i vlasni\u0161tvo, da bismo onda mogli pritupiti izgradnji parking-gara\u017ee \u2013 rekao je  Dragoslav Kabi\u0107, na\u010delnik gradskog Odjel\u0458enja za saobra\u0107aj i stambeno\u2014komunalne poslove.<\/p>\n<p>Po njegovim rije\u010dima, idejni projekat postoji, a kapacitet objekta bio oko 500 vozila. U vremenu kad je projekat ra\u0111en, predra\u010dunska vrijednost gara\u017ee bila je oko 5 miliona KM. Iz Gradske uprave poru\u010dili su da rade na tome da se pitanje zemlji\u0161ta \u0161to prije rije\u0161i, kako bi se krenulo u proces izgradnje.<\/p>\n<p>kozarski.com<\/p>\n<p><iframe loading=\"lazy\" title=\"U PLANU IZGRADNJA NOVIH PARKING MJESTA\" width=\"500\" height=\"281\" src=\"https:\/\/www.youtube.com\/embed\/D3-_JJ7VWEE?feature=oembed\" frameborder=\"0\" allow=\"accelerometer; autoplay; clipboard-write; encrypted-media; gyroscope; picture-in-picture\" allowfullscreen><\/iframe><\/p>\n","protected":false},"excerpt":{"rendered":"<p>Problem nedostatka parking mjesta u Prijedoru naro\u010dito je izra\u017een u ljetnim mjesecima, jer je koncentracija automobila zna\u010dajno pove\u0107ana. Nedostatak parking mjesta je evidentan, ka\u017eu i iz Gradske uprave. Trenutno se [&hellip;]<\/p>\n","protected":false},"author":1,"featured_media":0,"comment_status":"closed","ping_status":"open","sticky":false,"template":"","format":"standard","meta":{"_monsterinsights_skip_tracking":false,"_monsterinsights_sitenote_active":false,"_monsterinsights_sitenote_note":"","_monsterinsights_sitenote_category":0,"footnotes":""},"categories":[4],"tags":[],"yoast_head":"<!-- This site is optimized with the Yoast SEO plugin v21.6 - https:\/\/yoast.com\/wordpress\/plugins\/seo\/ -->\n<title>Prijedor: U planu pro\u0161irenje parking kapaciteta - VIDEO - PrijedorDanas.com - Prijedorski gradski portal<\/title>\n<meta name=\"robots\" content=\"index, follow, max-snippet:-1, max-image-preview:large, max-video-preview:-1\" \/>\n<link rel=\"canonical\" href=\"https:\/\/www.prijedordanas.com\/?p=190274\" \/>\n<meta property=\"og:locale\" content=\"en_US\" \/>\n<meta property=\"og:type\" content=\"article\" \/>\n<meta property=\"og:title\" content=\"Prijedor: U planu pro\u0161irenje parking kapaciteta - VIDEO - PrijedorDanas.com - Prijedorski gradski portal\" \/>\n<meta property=\"og:description\" content=\"Problem nedostatka parking mjesta u Prijedoru naro\u010dito je izra\u017een u ljetnim mjesecima, jer je koncentracija automobila zna\u010dajno pove\u0107ana. Nedostatak parking mjesta je evidentan, ka\u017eu i iz Gradske uprave. Trenutno se [&hellip;]\" \/>\n<meta property=\"og:url\" content=\"https:\/\/www.prijedordanas.com\/?p=190274\" \/>\n<meta property=\"og:site_name\" content=\"PrijedorDanas.com - Prijedorski gradski portal\" \/>\n<meta property=\"article:publisher\" content=\"https:\/\/www.facebook.com\/PrijedorDanasCom\/\" \/>\n<meta property=\"article:published_time\" content=\"2022-08-11T19:43:33+00:00\" \/>\n<meta property=\"og:image\" content=\"https:\/\/www.prijedordanas.com\/wp-content\/uploads\/2022\/08\/kozarski-parking-300x225.jpg\" \/>\n<meta name=\"author\" content=\"admin\" \/>\n<meta name=\"twitter:card\" content=\"summary_large_image\" \/>\n<meta name=\"twitter:label1\" content=\"Written by\" \/>\n\t<meta name=\"twitter:data1\" content=\"admin\" \/>\n\t<meta name=\"twitter:label2\" content=\"Est. reading time\" \/>\n\t<meta name=\"twitter:data2\" content=\"1 minute\" \/>\n<script type=\"application\/ld+json\" class=\"yoast-schema-graph\">{\"@context\":\"https:\/\/schema.org\",\"@graph\":[{\"@type\":\"Article\",\"@id\":\"https:\/\/www.prijedordanas.com\/?p=190274#article\",\"isPartOf\":{\"@id\":\"https:\/\/www.prijedordanas.com\/?p=190274\"},\"author\":{\"name\":\"admin\",\"@id\":\"https:\/\/www.prijedordanas.com\/#\/schema\/person\/4e08ccf29b506ca916ff86d46bb700e6\"},\"headline\":\"Prijedor: U planu pro\u0161irenje parking kapaciteta &#8211; VIDEO\",\"datePublished\":\"2022-08-11T19:43:33+00:00\",\"dateModified\":\"2022-08-11T19:43:33+00:00\",\"mainEntityOfPage\":{\"@id\":\"https:\/\/www.prijedordanas.com\/?p=190274\"},\"wordCount\":231,\"publisher\":{\"@id\":\"https:\/\/www.prijedordanas.com\/#organization\"},\"articleSection\":[\"Dru\u0161tvo\"],\"inLanguage\":\"en-US\"},{\"@type\":\"WebPage\",\"@id\":\"https:\/\/www.prijedordanas.com\/?p=190274\",\"url\":\"https:\/\/www.prijedordanas.com\/?p=190274\",\"name\":\"Prijedor: U planu pro\u0161irenje parking kapaciteta - VIDEO - PrijedorDanas.com - Prijedorski gradski portal\",\"isPartOf\":{\"@id\":\"https:\/\/www.prijedordanas.com\/#website\"},\"datePublished\":\"2022-08-11T19:43:33+00:00\",\"dateModified\":\"2022-08-11T19:43:33+00:00\",\"breadcrumb\":{\"@id\":\"https:\/\/www.prijedordanas.com\/?p=190274#breadcrumb\"},\"inLanguage\":\"en-US\",\"potentialAction\":[{\"@type\":\"ReadAction\",\"target\":[\"https:\/\/www.prijedordanas.com\/?p=190274\"]}]},{\"@type\":\"BreadcrumbList\",\"@id\":\"https:\/\/www.prijedordanas.com\/?p=190274#breadcrumb\",\"itemListElement\":[{\"@type\":\"ListItem\",\"position\":1,\"name\":\"Home\",\"item\":\"https:\/\/www.prijedordanas.com\/\"},{\"@type\":\"ListItem\",\"position\":2,\"name\":\"Prijedor: U planu pro\u0161irenje parking kapaciteta &#8211; VIDEO\"}]},{\"@type\":\"WebSite\",\"@id\":\"https:\/\/www.prijedordanas.com\/#website\",\"url\":\"https:\/\/www.prijedordanas.com\/\",\"name\":\"PrijedorDanas.com - Prijedorski gradski portal\",\"description\":\"Portal o doga\u0111anjima u gradu Prijedoru\",\"publisher\":{\"@id\":\"https:\/\/www.prijedordanas.com\/#organization\"},\"potentialAction\":[{\"@type\":\"SearchAction\",\"target\":{\"@type\":\"EntryPoint\",\"urlTemplate\":\"https:\/\/www.prijedordanas.com\/?s={search_term_string}\"},\"query-input\":\"required name=search_term_string\"}],\"inLanguage\":\"en-US\"},{\"@type\":\"Organization\",\"@id\":\"https:\/\/www.prijedordanas.com\/#organization\",\"name\":\"PrijedorDanas.com\",\"url\":\"https:\/\/www.prijedordanas.com\/\",\"logo\":{\"@type\":\"ImageObject\",\"inLanguage\":\"en-US\",\"@id\":\"https:\/\/www.prijedordanas.com\/#\/schema\/logo\/image\/\",\"url\":\"http:\/\/www.prijedordanas.com\/wp-content\/uploads\/2021\/12\/logopng.png\",\"contentUrl\":\"http:\/\/www.prijedordanas.com\/wp-content\/uploads\/2021\/12\/logopng.png\",\"width\":1019,\"height\":776,\"caption\":\"PrijedorDanas.com\"},\"image\":{\"@id\":\"https:\/\/www.prijedordanas.com\/#\/schema\/logo\/image\/\"},\"sameAs\":[\"https:\/\/www.facebook.com\/PrijedorDanasCom\/\"]},{\"@type\":\"Person\",\"@id\":\"https:\/\/www.prijedordanas.com\/#\/schema\/person\/4e08ccf29b506ca916ff86d46bb700e6\",\"name\":\"admin\",\"image\":{\"@type\":\"ImageObject\",\"inLanguage\":\"en-US\",\"@id\":\"https:\/\/www.prijedordanas.com\/#\/schema\/person\/image\/\",\"url\":\"https:\/\/secure.gravatar.com\/avatar\/1d3fc949d550f0b53a5f0d51e06dfd79?s=96&d=mm&r=g\",\"contentUrl\":\"https:\/\/secure.gravatar.com\/avatar\/1d3fc949d550f0b53a5f0d51e06dfd79?s=96&d=mm&r=g\",\"caption\":\"admin\"},\"url\":\"https:\/\/www.prijedordanas.com\/?author=1\"}]}<\/script>\n<!-- \/ Yoast SEO plugin. -->","yoast_head_json":{"title":"Prijedor: U planu pro\u0161irenje parking kapaciteta - VIDEO - PrijedorDanas.com - Prijedorski gradski portal","robots":{"index":"index","follow":"follow","max-snippet":"max-snippet:-1","max-image-preview":"max-image-preview:large","max-video-preview":"max-video-preview:-1"},"canonical":"https:\/\/www.prijedordanas.com\/?p=190274","og_locale":"en_US","og_type":"article","og_title":"Prijedor: U planu pro\u0161irenje parking kapaciteta - VIDEO - PrijedorDanas.com - Prijedorski gradski portal","og_description":"Problem nedostatka parking mjesta u Prijedoru naro\u010dito je izra\u017een u ljetnim mjesecima, jer je koncentracija automobila zna\u010dajno pove\u0107ana. Nedostatak parking mjesta je evidentan, ka\u017eu i iz Gradske uprave. Trenutno se [&hellip;]","og_url":"https:\/\/www.prijedordanas.com\/?p=190274","og_site_name":"PrijedorDanas.com - Prijedorski gradski portal","article_publisher":"https:\/\/www.facebook.com\/PrijedorDanasCom\/","article_published_time":"2022-08-11T19:43:33+00:00","og_image":[{"url":"https:\/\/www.prijedordanas.com\/wp-content\/uploads\/2022\/08\/kozarski-parking-300x225.jpg"}],"author":"admin","twitter_card":"summary_large_image","twitter_misc":{"Written by":"admin","Est. reading time":"1 minute"},"schema":{"@context":"https:\/\/schema.org","@graph":[{"@type":"Article","@id":"https:\/\/www.prijedordanas.com\/?p=190274#article","isPartOf":{"@id":"https:\/\/www.prijedordanas.com\/?p=190274"},"author":{"name":"admin","@id":"https:\/\/www.prijedordanas.com\/#\/schema\/person\/4e08ccf29b506ca916ff86d46bb700e6"},"headline":"Prijedor: U planu pro\u0161irenje parking kapaciteta &#8211; VIDEO","datePublished":"2022-08-11T19:43:33+00:00","dateModified":"2022-08-11T19:43:33+00:00","mainEntityOfPage":{"@id":"https:\/\/www.prijedordanas.com\/?p=190274"},"wordCount":231,"publisher":{"@id":"https:\/\/www.prijedordanas.com\/#organization"},"articleSection":["Dru\u0161tvo"],"inLanguage":"en-US"},{"@type":"WebPage","@id":"https:\/\/www.prijedordanas.com\/?p=190274","url":"https:\/\/www.prijedordanas.com\/?p=190274","name":"Prijedor: U planu pro\u0161irenje parking kapaciteta - VIDEO - PrijedorDanas.com - Prijedorski gradski portal","isPartOf":{"@id":"https:\/\/www.prijedordanas.com\/#website"},"datePublished":"2022-08-11T19:43:33+00:00","dateModified":"2022-08-11T19:43:33+00:00","breadcrumb":{"@id":"https:\/\/www.prijedordanas.com\/?p=190274#breadcrumb"},"inLanguage":"en-US","potentialAction":[{"@type":"ReadAction","target":["https:\/\/www.prijedordanas.com\/?p=190274"]}]},{"@type":"BreadcrumbList","@id":"https:\/\/www.prijedordanas.com\/?p=190274#breadcrumb","itemListElement":[{"@type":"ListItem","position":1,"name":"Home","item":"https:\/\/www.prijedordanas.com\/"},{"@type":"ListItem","position":2,"name":"Prijedor: U planu pro\u0161irenje parking kapaciteta &#8211; VIDEO"}]},{"@type":"WebSite","@id":"https:\/\/www.prijedordanas.com\/#website","url":"https:\/\/www.prijedordanas.com\/","name":"PrijedorDanas.com - Prijedorski gradski portal","description":"Portal o doga\u0111anjima u gradu Prijedoru","publisher":{"@id":"https:\/\/www.prijedordanas.com\/#organization"},"potentialAction":[{"@type":"SearchAction","target":{"@type":"EntryPoint","urlTemplate":"https:\/\/www.prijedordanas.com\/?s={search_term_string}"},"query-input":"required name=search_term_string"}],"inLanguage":"en-US"},{"@type":"Organization","@id":"https:\/\/www.prijedordanas.com\/#organization","name":"PrijedorDanas.com","url":"https:\/\/www.prijedordanas.com\/","logo":{"@type":"ImageObject","inLanguage":"en-US","@id":"https:\/\/www.prijedordanas.com\/#\/schema\/logo\/image\/","url":"http:\/\/www.prijedordanas.com\/wp-content\/uploads\/2021\/12\/logopng.png","contentUrl":"http:\/\/www.prijedordanas.com\/wp-content\/uploads\/2021\/12\/logopng.png","width":1019,"height":776,"caption":"PrijedorDanas.com"},"image":{"@id":"https:\/\/www.prijedordanas.com\/#\/schema\/logo\/image\/"},"sameAs":["https:\/\/www.facebook.com\/PrijedorDanasCom\/"]},{"@type":"Person","@id":"https:\/\/www.prijedordanas.com\/#\/schema\/person\/4e08ccf29b506ca916ff86d46bb700e6","name":"admin","image":{"@type":"ImageObject","inLanguage":"en-US","@id":"https:\/\/www.prijedordanas.com\/#\/schema\/person\/image\/","url":"https:\/\/secure.gravatar.com\/avatar\/1d3fc949d550f0b53a5f0d51e06dfd79?s=96&d=mm&r=g","contentUrl":"https:\/\/secure.gravatar.com\/avatar\/1d3fc949d550f0b53a5f0d51e06dfd79?s=96&d=mm&r=g","caption":"admin"},"url":"https:\/\/www.prijedordanas.com\/?author=1"}]}},"_links":{"self":[{"href":"https:\/\/www.prijedordanas.com\/index.php?rest_route=\/wp\/v2\/posts\/190274"}],"collection":[{"href":"https:\/\/www.prijedordanas.com\/index.php?rest_route=\/wp\/v2\/posts"}],"about":[{"href":"https:\/\/www.prijedordanas.com\/index.php?rest_route=\/wp\/v2\/types\/post"}],"author":[{"embeddable":true,"href":"https:\/\/www.prijedordanas.com\/index.php?rest_route=\/wp\/v2\/users\/1"}],"replies":[{"embeddable":true,"href":"https:\/\/www.prijedordanas.com\/index.php?rest_route=%2Fwp%2Fv2%2Fcomments&post=190274"}],"version-history":[{"count":1,"href":"https:\/\/www.prijedordanas.com\/index.php?rest_route=\/wp\/v2\/posts\/190274\/revisions"}],"predecessor-version":[{"id":190276,"href":"https:\/\/www.prijedordanas.com\/index.php?rest_route=\/wp\/v2\/posts\/190274\/revisions\/190276"}],"wp:attachment":[{"href":"https:\/\/www.prijedordanas.com\/index.php?rest_route=%2Fwp%2Fv2%2Fmedia&parent=190274"}],"wp:term":[{"taxonomy":"category","embeddable":true,"href":"https:\/\/www.prijedordanas.com\/index.php?rest_route=%2Fwp%2Fv2%2Fcategories&post=190274"},{"taxonomy":"post_tag","embeddable":true,"href":"https:\/\/www.prijedordanas.com\/index.php?rest_route=%2Fwp%2Fv2%2Ftags&post=190274"}],"curies":[{"name":"wp","href":"https:\/\/api.w.org\/{rel}","templated":true}]}}