{"id":190020,"date":"2022-08-07T21:11:10","date_gmt":"2022-08-07T19:11:10","guid":{"rendered":"https:\/\/www.prijedordanas.com\/?p=190020"},"modified":"2022-08-07T21:11:10","modified_gmt":"2022-08-07T19:11:10","slug":"bik-medonja-pobjednik-250-grmecke-koride-foto-video","status":"publish","type":"post","link":"https:\/\/www.prijedordanas.com\/?p=190020","title":{"rendered":"Bik Medonja pobjednik 250. Grme\u010dke koride &#8211; FOTO\/VIDEO"},"content":{"rendered":"<p><a href=\"https:\/\/www.prijedordanas.com\/wp-content\/uploads\/2022\/08\/grmecka-korida-2022-1.jpg\"><img loading=\"lazy\" decoding=\"async\" class=\"alignleft size-medium wp-image-190021\" src=\"https:\/\/www.prijedordanas.com\/wp-content\/uploads\/2022\/08\/grmecka-korida-2022-1-300x225.jpg\" alt=\"\" width=\"300\" height=\"225\" srcset=\"https:\/\/www.prijedordanas.com\/wp-content\/uploads\/2022\/08\/grmecka-korida-2022-1-300x225.jpg 300w, https:\/\/www.prijedordanas.com\/wp-content\/uploads\/2022\/08\/grmecka-korida-2022-1-640x480.jpg 640w, https:\/\/www.prijedordanas.com\/wp-content\/uploads\/2022\/08\/grmecka-korida-2022-1.jpg 667w\" sizes=\"(max-width: 300px) 100vw, 300px\" \/><\/a>Bik Medonja, vlasnika Milana Gali\u0107a iz Mrkonji\u0107 Grada, pobjednik je 250. Grme\u010dke koride koja je danas odr\u017eana na Popovi\u0107a brdu kod O\u0161tre Luke.<\/p>\n<p>Medonja je u finalnoj borbi bikova u te\u0161koj kategoriji bio bolji od bika Bjelana, vlasnika bra\u0107e Bojani\u0107 iz Mrkonji\u0107 Grada, i time osvojio prelazni pehar za \u0161ampiona Republike Srpske.<\/p>\n<p>Vlasniku pobjedni\u010dkog bika ovo nije prvo u\u010de\u0161\u0107e ni prva pobjeda na Grme\u010dkoj koridi budu\u0107i da je sa bikom Kukanom i 2018. godine odnio pobjedu.<\/p>\n<p>&#8220;Svaki put su na koridi to dobro pripremljeni bikovi, a pobjeda, iako neo\u010dekivana, uvijek je draga&#8221;, rekao je Gali\u0107.<\/p>\n<p><a href=\"https:\/\/www.prijedordanas.com\/wp-content\/uploads\/2022\/08\/grmecka-korida-2022-2.jpg\"><img loading=\"lazy\" decoding=\"async\" class=\"alignleft size-medium wp-image-190022\" src=\"https:\/\/www.prijedordanas.com\/wp-content\/uploads\/2022\/08\/grmecka-korida-2022-2-300x225.jpg\" alt=\"\" width=\"300\" height=\"225\" srcset=\"https:\/\/www.prijedordanas.com\/wp-content\/uploads\/2022\/08\/grmecka-korida-2022-2-300x225.jpg 300w, https:\/\/www.prijedordanas.com\/wp-content\/uploads\/2022\/08\/grmecka-korida-2022-2.jpg 600w\" sizes=\"(max-width: 300px) 100vw, 300px\" \/><\/a>Predsjednik Organizacionog odbora Dalibor LJuboja potvrdio je Srni da je za u\u010de\u0161\u0107e u ovoj tradicionalnoj manifestaciji prijavljeno rekordnih 17 bikova u tri kategorije, a da je nagradni fond iznosio 17.000 KM.<\/p>\n<p>&#8220;Ova manifestacija svojim kontinuiranim odr\u017eavanjem \u010duva tradicija srpskog naroda i predstavlja izvornu kulturno-istorijsku tekovinu podru\u010dja Krajine i Podgrme\u010da, a kao i ranijih godina i ova jubilarna Grme\u010dka korida protekla je u najboljem redu i jo\u0161 jednom pokazala da se tradicija nastavlja, kako u borbama tako i u uzgoju bikova za ova nadmetanja&#8221; , rekao je LJuboja.<\/p>\n<p>Organizator ovogodi\u0161nje jubilarne 250. Grme\u010dke koride je op\u0161tina O\u0161tra Luka.<\/p>\n<p><a href=\"https:\/\/www.prijedordanas.com\/wp-content\/uploads\/2022\/08\/grmecka-korida-2022-4.jpg\"><img loading=\"lazy\" decoding=\"async\" src=\"https:\/\/www.prijedordanas.com\/wp-content\/uploads\/2022\/08\/grmecka-korida-2022-4-300x225.jpg\" alt=\"\" width=\"300\" height=\"225\" class=\"alignleft size-medium wp-image-190023\" srcset=\"https:\/\/www.prijedordanas.com\/wp-content\/uploads\/2022\/08\/grmecka-korida-2022-4-300x225.jpg 300w, https:\/\/www.prijedordanas.com\/wp-content\/uploads\/2022\/08\/grmecka-korida-2022-4-640x480.jpg 640w, https:\/\/www.prijedordanas.com\/wp-content\/uploads\/2022\/08\/grmecka-korida-2022-4.jpg 667w\" sizes=\"(max-width: 300px) 100vw, 300px\" \/><\/a>Poslije Drugog svjetskog rata Grme\u010dka korida se odr\u017eavala na lokalitetu Me\u0111e\u0111e brdo, na podru\u010dju op\u0161tine Sanski Most. To je bila najve\u0107a manifestacija takvog tipa u biv\u0161oj Jugoslaviji i okupljala je oko 100.000 posjetilaca svake godine.<\/p>\n<p>Sa potpisivanjem Dejtonskog sporazuma, op\u0161tina O\u0161tra Luka je imala moralnu i civilizacijsku obavezu da nastavi sa organizovanjem Grme\u010dke koride.<\/p>\n<p>Op\u0161tina O\u0161tra Luka kao lokalna zajednica od 1997. godine organizuje Grme\u010dku koridu na Popovi\u0107a brdu i to u okviru obilje\u017eavanja &#8220;Ilindanskih dana&#8221; kojom ova lokalna zajednicaobilje\u017eava Ilindan kao svoju krsnu slavu.<\/p>\n<p>SRNA<\/p>\n<p><a href=\"https:\/\/www.prijedordanas.com\/wp-content\/uploads\/2022\/08\/grmecka-korida-2022-5.jpg\"><img loading=\"lazy\" decoding=\"async\" src=\"https:\/\/www.prijedordanas.com\/wp-content\/uploads\/2022\/08\/grmecka-korida-2022-5-300x296.jpg\" alt=\"\" width=\"300\" height=\"296\" class=\"alignleft size-medium wp-image-190024\" srcset=\"https:\/\/www.prijedordanas.com\/wp-content\/uploads\/2022\/08\/grmecka-korida-2022-5-300x296.jpg 300w, https:\/\/www.prijedordanas.com\/wp-content\/uploads\/2022\/08\/grmecka-korida-2022-5-50x50.jpg 50w, https:\/\/www.prijedordanas.com\/wp-content\/uploads\/2022\/08\/grmecka-korida-2022-5.jpg 600w\" sizes=\"(max-width: 300px) 100vw, 300px\" \/><\/a> <a href=\"https:\/\/www.prijedordanas.com\/wp-content\/uploads\/2022\/08\/grmecka-korida-2022-6.jpg\"><img loading=\"lazy\" decoding=\"async\" src=\"https:\/\/www.prijedordanas.com\/wp-content\/uploads\/2022\/08\/grmecka-korida-2022-6-300x296.jpg\" alt=\"\" width=\"300\" height=\"296\" class=\"alignleft size-medium wp-image-190025\" srcset=\"https:\/\/www.prijedordanas.com\/wp-content\/uploads\/2022\/08\/grmecka-korida-2022-6-300x296.jpg 300w, https:\/\/www.prijedordanas.com\/wp-content\/uploads\/2022\/08\/grmecka-korida-2022-6-50x50.jpg 50w, https:\/\/www.prijedordanas.com\/wp-content\/uploads\/2022\/08\/grmecka-korida-2022-6.jpg 600w\" sizes=\"(max-width: 300px) 100vw, 300px\" \/><\/a> <a href=\"https:\/\/www.prijedordanas.com\/wp-content\/uploads\/2022\/08\/grmecka-korida-2022-3.jpg\"><img loading=\"lazy\" decoding=\"async\" src=\"https:\/\/www.prijedordanas.com\/wp-content\/uploads\/2022\/08\/grmecka-korida-2022-3-300x225.jpg\" alt=\"\" width=\"300\" height=\"225\" class=\"alignleft size-medium wp-image-190026\" srcset=\"https:\/\/www.prijedordanas.com\/wp-content\/uploads\/2022\/08\/grmecka-korida-2022-3-300x225.jpg 300w, https:\/\/www.prijedordanas.com\/wp-content\/uploads\/2022\/08\/grmecka-korida-2022-3.jpg 600w\" sizes=\"(max-width: 300px) 100vw, 300px\" \/><\/a><\/p>\n<p><iframe loading=\"lazy\" title=\"Grme\u010dka korida\" width=\"500\" height=\"281\" src=\"https:\/\/www.youtube.com\/embed\/YmJN8xLQb3Y?feature=oembed\" frameborder=\"0\" allow=\"accelerometer; autoplay; clipboard-write; encrypted-media; gyroscope; picture-in-picture\" allowfullscreen><\/iframe><\/p>\n","protected":false},"excerpt":{"rendered":"<p>Bik Medonja, vlasnika Milana Gali\u0107a iz Mrkonji\u0107 Grada, pobjednik je 250. Grme\u010dke koride koja je danas odr\u017eana na Popovi\u0107a brdu kod O\u0161tre Luke. Medonja je u finalnoj borbi bikova u [&hellip;]<\/p>\n","protected":false},"author":1,"featured_media":0,"comment_status":"closed","ping_status":"open","sticky":false,"template":"","format":"standard","meta":{"_monsterinsights_skip_tracking":false,"_monsterinsights_sitenote_active":false,"_monsterinsights_sitenote_note":"","_monsterinsights_sitenote_category":0,"footnotes":""},"categories":[4],"tags":[],"yoast_head":"<!-- This site is optimized with the Yoast SEO plugin v21.6 - https:\/\/yoast.com\/wordpress\/plugins\/seo\/ -->\n<title>Bik Medonja pobjednik 250. Grme\u010dke koride - FOTO\/VIDEO - PrijedorDanas.com - Prijedorski gradski portal<\/title>\n<meta name=\"robots\" content=\"index, follow, max-snippet:-1, max-image-preview:large, max-video-preview:-1\" \/>\n<link rel=\"canonical\" href=\"https:\/\/www.prijedordanas.com\/?p=190020\" \/>\n<meta property=\"og:locale\" content=\"en_US\" \/>\n<meta property=\"og:type\" content=\"article\" \/>\n<meta property=\"og:title\" content=\"Bik Medonja pobjednik 250. Grme\u010dke koride - FOTO\/VIDEO - PrijedorDanas.com - Prijedorski gradski portal\" \/>\n<meta property=\"og:description\" content=\"Bik Medonja, vlasnika Milana Gali\u0107a iz Mrkonji\u0107 Grada, pobjednik je 250. Grme\u010dke koride koja je danas odr\u017eana na Popovi\u0107a brdu kod O\u0161tre Luke. Medonja je u finalnoj borbi bikova u [&hellip;]\" \/>\n<meta property=\"og:url\" content=\"https:\/\/www.prijedordanas.com\/?p=190020\" \/>\n<meta property=\"og:site_name\" content=\"PrijedorDanas.com - Prijedorski gradski portal\" \/>\n<meta property=\"article:publisher\" content=\"https:\/\/www.facebook.com\/PrijedorDanasCom\/\" \/>\n<meta property=\"article:published_time\" content=\"2022-08-07T19:11:10+00:00\" \/>\n<meta property=\"og:image\" content=\"https:\/\/www.prijedordanas.com\/wp-content\/uploads\/2022\/08\/grmecka-korida-2022-1-300x225.jpg\" \/>\n<meta name=\"author\" content=\"admin\" \/>\n<meta name=\"twitter:card\" content=\"summary_large_image\" \/>\n<meta name=\"twitter:label1\" content=\"Written by\" \/>\n\t<meta name=\"twitter:data1\" content=\"admin\" \/>\n\t<meta name=\"twitter:label2\" content=\"Est. reading time\" \/>\n\t<meta name=\"twitter:data2\" content=\"2 minutes\" \/>\n<script type=\"application\/ld+json\" class=\"yoast-schema-graph\">{\"@context\":\"https:\/\/schema.org\",\"@graph\":[{\"@type\":\"Article\",\"@id\":\"https:\/\/www.prijedordanas.com\/?p=190020#article\",\"isPartOf\":{\"@id\":\"https:\/\/www.prijedordanas.com\/?p=190020\"},\"author\":{\"name\":\"admin\",\"@id\":\"https:\/\/www.prijedordanas.com\/#\/schema\/person\/4e08ccf29b506ca916ff86d46bb700e6\"},\"headline\":\"Bik Medonja pobjednik 250. Grme\u010dke koride &#8211; FOTO\/VIDEO\",\"datePublished\":\"2022-08-07T19:11:10+00:00\",\"dateModified\":\"2022-08-07T19:11:10+00:00\",\"mainEntityOfPage\":{\"@id\":\"https:\/\/www.prijedordanas.com\/?p=190020\"},\"wordCount\":325,\"publisher\":{\"@id\":\"https:\/\/www.prijedordanas.com\/#organization\"},\"articleSection\":[\"Dru\u0161tvo\"],\"inLanguage\":\"en-US\"},{\"@type\":\"WebPage\",\"@id\":\"https:\/\/www.prijedordanas.com\/?p=190020\",\"url\":\"https:\/\/www.prijedordanas.com\/?p=190020\",\"name\":\"Bik Medonja pobjednik 250. Grme\u010dke koride - FOTO\/VIDEO - PrijedorDanas.com - Prijedorski gradski portal\",\"isPartOf\":{\"@id\":\"https:\/\/www.prijedordanas.com\/#website\"},\"datePublished\":\"2022-08-07T19:11:10+00:00\",\"dateModified\":\"2022-08-07T19:11:10+00:00\",\"breadcrumb\":{\"@id\":\"https:\/\/www.prijedordanas.com\/?p=190020#breadcrumb\"},\"inLanguage\":\"en-US\",\"potentialAction\":[{\"@type\":\"ReadAction\",\"target\":[\"https:\/\/www.prijedordanas.com\/?p=190020\"]}]},{\"@type\":\"BreadcrumbList\",\"@id\":\"https:\/\/www.prijedordanas.com\/?p=190020#breadcrumb\",\"itemListElement\":[{\"@type\":\"ListItem\",\"position\":1,\"name\":\"Home\",\"item\":\"https:\/\/www.prijedordanas.com\/\"},{\"@type\":\"ListItem\",\"position\":2,\"name\":\"Bik Medonja pobjednik 250. Grme\u010dke koride &#8211; FOTO\/VIDEO\"}]},{\"@type\":\"WebSite\",\"@id\":\"https:\/\/www.prijedordanas.com\/#website\",\"url\":\"https:\/\/www.prijedordanas.com\/\",\"name\":\"PrijedorDanas.com - Prijedorski gradski portal\",\"description\":\"Portal o doga\u0111anjima u gradu Prijedoru\",\"publisher\":{\"@id\":\"https:\/\/www.prijedordanas.com\/#organization\"},\"potentialAction\":[{\"@type\":\"SearchAction\",\"target\":{\"@type\":\"EntryPoint\",\"urlTemplate\":\"https:\/\/www.prijedordanas.com\/?s={search_term_string}\"},\"query-input\":\"required name=search_term_string\"}],\"inLanguage\":\"en-US\"},{\"@type\":\"Organization\",\"@id\":\"https:\/\/www.prijedordanas.com\/#organization\",\"name\":\"PrijedorDanas.com\",\"url\":\"https:\/\/www.prijedordanas.com\/\",\"logo\":{\"@type\":\"ImageObject\",\"inLanguage\":\"en-US\",\"@id\":\"https:\/\/www.prijedordanas.com\/#\/schema\/logo\/image\/\",\"url\":\"http:\/\/www.prijedordanas.com\/wp-content\/uploads\/2021\/12\/logopng.png\",\"contentUrl\":\"http:\/\/www.prijedordanas.com\/wp-content\/uploads\/2021\/12\/logopng.png\",\"width\":1019,\"height\":776,\"caption\":\"PrijedorDanas.com\"},\"image\":{\"@id\":\"https:\/\/www.prijedordanas.com\/#\/schema\/logo\/image\/\"},\"sameAs\":[\"https:\/\/www.facebook.com\/PrijedorDanasCom\/\"]},{\"@type\":\"Person\",\"@id\":\"https:\/\/www.prijedordanas.com\/#\/schema\/person\/4e08ccf29b506ca916ff86d46bb700e6\",\"name\":\"admin\",\"image\":{\"@type\":\"ImageObject\",\"inLanguage\":\"en-US\",\"@id\":\"https:\/\/www.prijedordanas.com\/#\/schema\/person\/image\/\",\"url\":\"https:\/\/secure.gravatar.com\/avatar\/1d3fc949d550f0b53a5f0d51e06dfd79?s=96&d=mm&r=g\",\"contentUrl\":\"https:\/\/secure.gravatar.com\/avatar\/1d3fc949d550f0b53a5f0d51e06dfd79?s=96&d=mm&r=g\",\"caption\":\"admin\"},\"url\":\"https:\/\/www.prijedordanas.com\/?author=1\"}]}<\/script>\n<!-- \/ Yoast SEO plugin. -->","yoast_head_json":{"title":"Bik Medonja pobjednik 250. Grme\u010dke koride - FOTO\/VIDEO - PrijedorDanas.com - Prijedorski gradski portal","robots":{"index":"index","follow":"follow","max-snippet":"max-snippet:-1","max-image-preview":"max-image-preview:large","max-video-preview":"max-video-preview:-1"},"canonical":"https:\/\/www.prijedordanas.com\/?p=190020","og_locale":"en_US","og_type":"article","og_title":"Bik Medonja pobjednik 250. Grme\u010dke koride - FOTO\/VIDEO - PrijedorDanas.com - Prijedorski gradski portal","og_description":"Bik Medonja, vlasnika Milana Gali\u0107a iz Mrkonji\u0107 Grada, pobjednik je 250. Grme\u010dke koride koja je danas odr\u017eana na Popovi\u0107a brdu kod O\u0161tre Luke. Medonja je u finalnoj borbi bikova u [&hellip;]","og_url":"https:\/\/www.prijedordanas.com\/?p=190020","og_site_name":"PrijedorDanas.com - Prijedorski gradski portal","article_publisher":"https:\/\/www.facebook.com\/PrijedorDanasCom\/","article_published_time":"2022-08-07T19:11:10+00:00","og_image":[{"url":"https:\/\/www.prijedordanas.com\/wp-content\/uploads\/2022\/08\/grmecka-korida-2022-1-300x225.jpg"}],"author":"admin","twitter_card":"summary_large_image","twitter_misc":{"Written by":"admin","Est. reading time":"2 minutes"},"schema":{"@context":"https:\/\/schema.org","@graph":[{"@type":"Article","@id":"https:\/\/www.prijedordanas.com\/?p=190020#article","isPartOf":{"@id":"https:\/\/www.prijedordanas.com\/?p=190020"},"author":{"name":"admin","@id":"https:\/\/www.prijedordanas.com\/#\/schema\/person\/4e08ccf29b506ca916ff86d46bb700e6"},"headline":"Bik Medonja pobjednik 250. Grme\u010dke koride &#8211; FOTO\/VIDEO","datePublished":"2022-08-07T19:11:10+00:00","dateModified":"2022-08-07T19:11:10+00:00","mainEntityOfPage":{"@id":"https:\/\/www.prijedordanas.com\/?p=190020"},"wordCount":325,"publisher":{"@id":"https:\/\/www.prijedordanas.com\/#organization"},"articleSection":["Dru\u0161tvo"],"inLanguage":"en-US"},{"@type":"WebPage","@id":"https:\/\/www.prijedordanas.com\/?p=190020","url":"https:\/\/www.prijedordanas.com\/?p=190020","name":"Bik Medonja pobjednik 250. Grme\u010dke koride - FOTO\/VIDEO - PrijedorDanas.com - Prijedorski gradski portal","isPartOf":{"@id":"https:\/\/www.prijedordanas.com\/#website"},"datePublished":"2022-08-07T19:11:10+00:00","dateModified":"2022-08-07T19:11:10+00:00","breadcrumb":{"@id":"https:\/\/www.prijedordanas.com\/?p=190020#breadcrumb"},"inLanguage":"en-US","potentialAction":[{"@type":"ReadAction","target":["https:\/\/www.prijedordanas.com\/?p=190020"]}]},{"@type":"BreadcrumbList","@id":"https:\/\/www.prijedordanas.com\/?p=190020#breadcrumb","itemListElement":[{"@type":"ListItem","position":1,"name":"Home","item":"https:\/\/www.prijedordanas.com\/"},{"@type":"ListItem","position":2,"name":"Bik Medonja pobjednik 250. Grme\u010dke koride &#8211; FOTO\/VIDEO"}]},{"@type":"WebSite","@id":"https:\/\/www.prijedordanas.com\/#website","url":"https:\/\/www.prijedordanas.com\/","name":"PrijedorDanas.com - Prijedorski gradski portal","description":"Portal o doga\u0111anjima u gradu Prijedoru","publisher":{"@id":"https:\/\/www.prijedordanas.com\/#organization"},"potentialAction":[{"@type":"SearchAction","target":{"@type":"EntryPoint","urlTemplate":"https:\/\/www.prijedordanas.com\/?s={search_term_string}"},"query-input":"required name=search_term_string"}],"inLanguage":"en-US"},{"@type":"Organization","@id":"https:\/\/www.prijedordanas.com\/#organization","name":"PrijedorDanas.com","url":"https:\/\/www.prijedordanas.com\/","logo":{"@type":"ImageObject","inLanguage":"en-US","@id":"https:\/\/www.prijedordanas.com\/#\/schema\/logo\/image\/","url":"http:\/\/www.prijedordanas.com\/wp-content\/uploads\/2021\/12\/logopng.png","contentUrl":"http:\/\/www.prijedordanas.com\/wp-content\/uploads\/2021\/12\/logopng.png","width":1019,"height":776,"caption":"PrijedorDanas.com"},"image":{"@id":"https:\/\/www.prijedordanas.com\/#\/schema\/logo\/image\/"},"sameAs":["https:\/\/www.facebook.com\/PrijedorDanasCom\/"]},{"@type":"Person","@id":"https:\/\/www.prijedordanas.com\/#\/schema\/person\/4e08ccf29b506ca916ff86d46bb700e6","name":"admin","image":{"@type":"ImageObject","inLanguage":"en-US","@id":"https:\/\/www.prijedordanas.com\/#\/schema\/person\/image\/","url":"https:\/\/secure.gravatar.com\/avatar\/1d3fc949d550f0b53a5f0d51e06dfd79?s=96&d=mm&r=g","contentUrl":"https:\/\/secure.gravatar.com\/avatar\/1d3fc949d550f0b53a5f0d51e06dfd79?s=96&d=mm&r=g","caption":"admin"},"url":"https:\/\/www.prijedordanas.com\/?author=1"}]}},"_links":{"self":[{"href":"https:\/\/www.prijedordanas.com\/index.php?rest_route=\/wp\/v2\/posts\/190020"}],"collection":[{"href":"https:\/\/www.prijedordanas.com\/index.php?rest_route=\/wp\/v2\/posts"}],"about":[{"href":"https:\/\/www.prijedordanas.com\/index.php?rest_route=\/wp\/v2\/types\/post"}],"author":[{"embeddable":true,"href":"https:\/\/www.prijedordanas.com\/index.php?rest_route=\/wp\/v2\/users\/1"}],"replies":[{"embeddable":true,"href":"https:\/\/www.prijedordanas.com\/index.php?rest_route=%2Fwp%2Fv2%2Fcomments&post=190020"}],"version-history":[{"count":1,"href":"https:\/\/www.prijedordanas.com\/index.php?rest_route=\/wp\/v2\/posts\/190020\/revisions"}],"predecessor-version":[{"id":190027,"href":"https:\/\/www.prijedordanas.com\/index.php?rest_route=\/wp\/v2\/posts\/190020\/revisions\/190027"}],"wp:attachment":[{"href":"https:\/\/www.prijedordanas.com\/index.php?rest_route=%2Fwp%2Fv2%2Fmedia&parent=190020"}],"wp:term":[{"taxonomy":"category","embeddable":true,"href":"https:\/\/www.prijedordanas.com\/index.php?rest_route=%2Fwp%2Fv2%2Fcategories&post=190020"},{"taxonomy":"post_tag","embeddable":true,"href":"https:\/\/www.prijedordanas.com\/index.php?rest_route=%2Fwp%2Fv2%2Ftags&post=190020"}],"curies":[{"name":"wp","href":"https:\/\/api.w.org\/{rel}","templated":true}]}}