{"id":190005,"date":"2022-08-07T12:01:24","date_gmt":"2022-08-07T10:01:24","guid":{"rendered":"https:\/\/www.prijedordanas.com\/?p=190005"},"modified":"2022-08-07T12:01:24","modified_gmt":"2022-08-07T10:01:24","slug":"za-sedam-dana-napadnuto-osam-policajaca-u-republici-srpskoj-zabrinjavajuci-slucaj-zabiljezen-i-u-prijedoru","status":"publish","type":"post","link":"https:\/\/www.prijedordanas.com\/?p=190005","title":{"rendered":"Za sedam dana napadnuto osam policajaca u Republici Srpskoj: Zabrinjavaju\u0107i slu\u010daj zabilje\u017een i u Prijedoru"},"content":{"rendered":"<p><a href=\"https:\/\/www.prijedordanas.com\/wp-content\/uploads\/2022\/05\/nezavisne-policija.jpg\"><img loading=\"lazy\" decoding=\"async\" src=\"https:\/\/www.prijedordanas.com\/wp-content\/uploads\/2022\/05\/nezavisne-policija-300x225.jpg\" alt=\"\" width=\"300\" height=\"225\" class=\"alignleft size-medium wp-image-186254\" srcset=\"https:\/\/www.prijedordanas.com\/wp-content\/uploads\/2022\/05\/nezavisne-policija-300x225.jpg 300w, https:\/\/www.prijedordanas.com\/wp-content\/uploads\/2022\/05\/nezavisne-policija-640x480.jpg 640w, https:\/\/www.prijedordanas.com\/wp-content\/uploads\/2022\/05\/nezavisne-policija.jpg 667w\" sizes=\"(max-width: 300px) 100vw, 300px\" \/><\/a>Iako je ohrabruju\u0107e to \u0161to je u prvom polugodi\u0161tu zna\u010dajno smanjen broj napada na policajce u Srpskoj, statistika je u posljednje vrijeme dostigla granice alarmantnog, te je za svega sedam dana napadnuto njih osam.<\/p>\n<p>Ovaj niz po\u010deo je 28. jula u Modri\u010di, gdje je, kako ga terete, \u017deljko L. iz Banjaluke, stari policijski znanac, pru\u017eao otpor mladom policajcu (24), koji ga je poku\u0161avao i na kraju i uspio savladati, ali je u toj borbi posje\u010den po ruci.<\/p>\n<p>Ve\u0107 sutradan policija iz Broda uhapsila je D.B. iz Dervente, koji je, kako je saop\u0161teno iz policije, vidno pijan nasrnuo na policajce pa su dvojica povrije\u0111ena i ukazana im je ljekarska pomo\u0107 u Domu zdravlja Brod.<\/p>\n<p>Odmah narednog dana, odnosno 30. jula, dvojica policajaca napadnuta su u Ljubinju, te su obojica povrije\u0111ena, od \u010dega jedan te\u0161ko, odnosno slomljena mu je \u0161aka, a zbog toga je na krim-obradi bila grupa osumnji\u010denih mje\u0161tana.<\/p>\n<p>Istog dana incident je zabilje\u017een i u \u0160amcu, gdje je M.V. uhap\u0161en zbog psovki i prijetnji policiji, a tokom hap\u0161enja je jednog policajca ugrizao.<\/p>\n<p>Zabrinjavaju\u0107i slu\u010daj zabilje\u017een je i 2. avgusta, po\u0161to je N.L. iz Prijedora osumnji\u010den da je tog dana lak\u0161e povrijedio policajca.<\/p>\n<p>Serija napada nastavljena je prekju\u010de, odnosno 3. avgusta, po\u0161to je, kako ga terete, \u0110.L. iz Gora\u017eda u Vi\u0161egradu nasrnuo na policajca, koji je povrije\u0111en, dok je osumnji\u010denom utvr\u0111eno 2,17 g\/kg alkohola u organizmu. <\/p>\n<p>Ovakvi slu\u010dajevi su u pro\u0161lom i ovom mjesecu bilje\u017eeni na podru\u010dju nekoliko policijskih uprava u Srpskoj.<\/p>\n<p>&#8220;Tokom jula na podru\u010dju Policijske uprave Bijeljina evidentirana su dva napada na slu\u017ebeno lice u vr\u0161enju slu\u017ebene du\u017enosti&#8221;, ka\u017ee za &#8220;Nezavisne novine&#8221; Aleksandra Mari\u0107, portparol Policijske uprave Bijeljina.<\/p>\n<p>Statistika u vezi s napadima na terenu zabrinula je Anicu Jondi\u0107, predsjednicu Sindikata radnika unutra\u0161njih poslova Republike Srpske, koja isti\u010de da je trend, koji je bilje\u017een u prvih \u0161est mjeseci, ohrabrivao sve policajce, ali i predstavnike sindikata. <\/p>\n<p>Me\u0111utim, kako je naglasila, u proteklim danima ispostavilo se da to definitivno nije trend koji \u0107e potrajati.<\/p>\n<p>&#8220;Postoji veliki niz evropskih zemalja gdje su sankcije za ovakve napade zna\u010dajno vi\u0161e, ali kada bi bar u na\u0161oj svakodnevici ovdje bilo primjenjivano ono \u0161to imamo u zakonu, mislimo da bi i to bila dobra poruka ljudima da to ne rade. Me\u0111utim, kada pogledate analizu izre\u010denih sankcija zbog napada na policijske slu\u017ebenike, one stvarno vrlo rijetko do\u0111u do maksimuma&#8221;, rekla je Jondi\u0107eva za &#8220;Nezavisne novine&#8221;.<\/p>\n<p>Iz MUP-a Srpske su nam potvrdili da je u prvih \u0161est mjeseci ove godine evidentirano 19 napada na policajce, \u0161to je za 26,9 odsto manje u odnosu na isti period pro\u0161le godine, kada ih je bilo 26. U tim napadima povrije\u0111eno je 16 policajaca, a uhap\u0161eno je 20 osumnji\u010denih napada\u010da. <\/p>\n<p>&#8220;Napadi su se naj\u010de\u0161\u0107e de\u0161avali na trgovima i ulicama, njih 11, potom u ugostiteljskim objektima tri, te ostalim mjestima pet&#8221;, ka\u017ee Mirna Miljanovi\u0107, na\u010delnica Odjeljenja za odnose sa javno\u0161\u0107u MUP-a Srpske.<\/p>\n<p>Ina\u010de, kako je potvr\u0111eno &#8220;Nezavisnim novinama&#8221;, u zadnjih pet godina najve\u0107i broj napada na policajce evidentiran je 2018, kada ih je bilo 53.<\/p>\n<p>nezavisne.com<\/p>\n","protected":false},"excerpt":{"rendered":"<p>Iako je ohrabruju\u0107e to \u0161to je u prvom polugodi\u0161tu zna\u010dajno smanjen broj napada na policajce u Srpskoj, statistika je u posljednje vrijeme dostigla granice alarmantnog, te je za svega sedam [&hellip;]<\/p>\n","protected":false},"author":1,"featured_media":0,"comment_status":"closed","ping_status":"open","sticky":false,"template":"","format":"standard","meta":{"_monsterinsights_skip_tracking":false,"_monsterinsights_sitenote_active":false,"_monsterinsights_sitenote_note":"","_monsterinsights_sitenote_category":0,"footnotes":""},"categories":[5],"tags":[],"yoast_head":"<!-- This site is optimized with the Yoast SEO plugin v21.6 - https:\/\/yoast.com\/wordpress\/plugins\/seo\/ -->\n<title>Za sedam dana napadnuto osam policajaca u Republici Srpskoj: Zabrinjavaju\u0107i slu\u010daj zabilje\u017een i u Prijedoru - PrijedorDanas.com - Prijedorski gradski portal<\/title>\n<meta name=\"robots\" content=\"index, follow, max-snippet:-1, max-image-preview:large, max-video-preview:-1\" \/>\n<link rel=\"canonical\" href=\"https:\/\/www.prijedordanas.com\/?p=190005\" \/>\n<meta property=\"og:locale\" content=\"en_US\" \/>\n<meta property=\"og:type\" content=\"article\" \/>\n<meta property=\"og:title\" content=\"Za sedam dana napadnuto osam policajaca u Republici Srpskoj: Zabrinjavaju\u0107i slu\u010daj zabilje\u017een i u Prijedoru - PrijedorDanas.com - Prijedorski gradski portal\" \/>\n<meta property=\"og:description\" content=\"Iako je ohrabruju\u0107e to \u0161to je u prvom polugodi\u0161tu zna\u010dajno smanjen broj napada na policajce u Srpskoj, statistika je u posljednje vrijeme dostigla granice alarmantnog, te je za svega sedam [&hellip;]\" \/>\n<meta property=\"og:url\" content=\"https:\/\/www.prijedordanas.com\/?p=190005\" \/>\n<meta property=\"og:site_name\" content=\"PrijedorDanas.com - Prijedorski gradski portal\" \/>\n<meta property=\"article:publisher\" content=\"https:\/\/www.facebook.com\/PrijedorDanasCom\/\" \/>\n<meta property=\"article:published_time\" content=\"2022-08-07T10:01:24+00:00\" \/>\n<meta property=\"og:image\" content=\"https:\/\/www.prijedordanas.com\/wp-content\/uploads\/2022\/05\/nezavisne-policija-300x225.jpg\" \/>\n<meta name=\"author\" content=\"admin\" \/>\n<meta name=\"twitter:card\" content=\"summary_large_image\" \/>\n<meta name=\"twitter:label1\" content=\"Written by\" \/>\n\t<meta name=\"twitter:data1\" content=\"admin\" \/>\n\t<meta name=\"twitter:label2\" content=\"Est. reading time\" \/>\n\t<meta name=\"twitter:data2\" content=\"3 minutes\" \/>\n<script type=\"application\/ld+json\" class=\"yoast-schema-graph\">{\"@context\":\"https:\/\/schema.org\",\"@graph\":[{\"@type\":\"Article\",\"@id\":\"https:\/\/www.prijedordanas.com\/?p=190005#article\",\"isPartOf\":{\"@id\":\"https:\/\/www.prijedordanas.com\/?p=190005\"},\"author\":{\"name\":\"admin\",\"@id\":\"https:\/\/www.prijedordanas.com\/#\/schema\/person\/4e08ccf29b506ca916ff86d46bb700e6\"},\"headline\":\"Za sedam dana napadnuto osam policajaca u Republici Srpskoj: Zabrinjavaju\u0107i slu\u010daj zabilje\u017een i u Prijedoru\",\"datePublished\":\"2022-08-07T10:01:24+00:00\",\"dateModified\":\"2022-08-07T10:01:24+00:00\",\"mainEntityOfPage\":{\"@id\":\"https:\/\/www.prijedordanas.com\/?p=190005\"},\"wordCount\":568,\"publisher\":{\"@id\":\"https:\/\/www.prijedordanas.com\/#organization\"},\"articleSection\":[\"Hronika\"],\"inLanguage\":\"en-US\"},{\"@type\":\"WebPage\",\"@id\":\"https:\/\/www.prijedordanas.com\/?p=190005\",\"url\":\"https:\/\/www.prijedordanas.com\/?p=190005\",\"name\":\"Za sedam dana napadnuto osam policajaca u Republici Srpskoj: Zabrinjavaju\u0107i slu\u010daj zabilje\u017een i u Prijedoru - PrijedorDanas.com - Prijedorski gradski portal\",\"isPartOf\":{\"@id\":\"https:\/\/www.prijedordanas.com\/#website\"},\"datePublished\":\"2022-08-07T10:01:24+00:00\",\"dateModified\":\"2022-08-07T10:01:24+00:00\",\"breadcrumb\":{\"@id\":\"https:\/\/www.prijedordanas.com\/?p=190005#breadcrumb\"},\"inLanguage\":\"en-US\",\"potentialAction\":[{\"@type\":\"ReadAction\",\"target\":[\"https:\/\/www.prijedordanas.com\/?p=190005\"]}]},{\"@type\":\"BreadcrumbList\",\"@id\":\"https:\/\/www.prijedordanas.com\/?p=190005#breadcrumb\",\"itemListElement\":[{\"@type\":\"ListItem\",\"position\":1,\"name\":\"Home\",\"item\":\"https:\/\/www.prijedordanas.com\/\"},{\"@type\":\"ListItem\",\"position\":2,\"name\":\"Za sedam dana napadnuto osam policajaca u Republici Srpskoj: Zabrinjavaju\u0107i slu\u010daj zabilje\u017een i u Prijedoru\"}]},{\"@type\":\"WebSite\",\"@id\":\"https:\/\/www.prijedordanas.com\/#website\",\"url\":\"https:\/\/www.prijedordanas.com\/\",\"name\":\"PrijedorDanas.com - Prijedorski gradski portal\",\"description\":\"Portal o doga\u0111anjima u gradu Prijedoru\",\"publisher\":{\"@id\":\"https:\/\/www.prijedordanas.com\/#organization\"},\"potentialAction\":[{\"@type\":\"SearchAction\",\"target\":{\"@type\":\"EntryPoint\",\"urlTemplate\":\"https:\/\/www.prijedordanas.com\/?s={search_term_string}\"},\"query-input\":\"required name=search_term_string\"}],\"inLanguage\":\"en-US\"},{\"@type\":\"Organization\",\"@id\":\"https:\/\/www.prijedordanas.com\/#organization\",\"name\":\"PrijedorDanas.com\",\"url\":\"https:\/\/www.prijedordanas.com\/\",\"logo\":{\"@type\":\"ImageObject\",\"inLanguage\":\"en-US\",\"@id\":\"https:\/\/www.prijedordanas.com\/#\/schema\/logo\/image\/\",\"url\":\"http:\/\/www.prijedordanas.com\/wp-content\/uploads\/2021\/12\/logopng.png\",\"contentUrl\":\"http:\/\/www.prijedordanas.com\/wp-content\/uploads\/2021\/12\/logopng.png\",\"width\":1019,\"height\":776,\"caption\":\"PrijedorDanas.com\"},\"image\":{\"@id\":\"https:\/\/www.prijedordanas.com\/#\/schema\/logo\/image\/\"},\"sameAs\":[\"https:\/\/www.facebook.com\/PrijedorDanasCom\/\"]},{\"@type\":\"Person\",\"@id\":\"https:\/\/www.prijedordanas.com\/#\/schema\/person\/4e08ccf29b506ca916ff86d46bb700e6\",\"name\":\"admin\",\"image\":{\"@type\":\"ImageObject\",\"inLanguage\":\"en-US\",\"@id\":\"https:\/\/www.prijedordanas.com\/#\/schema\/person\/image\/\",\"url\":\"https:\/\/secure.gravatar.com\/avatar\/1d3fc949d550f0b53a5f0d51e06dfd79?s=96&d=mm&r=g\",\"contentUrl\":\"https:\/\/secure.gravatar.com\/avatar\/1d3fc949d550f0b53a5f0d51e06dfd79?s=96&d=mm&r=g\",\"caption\":\"admin\"},\"url\":\"https:\/\/www.prijedordanas.com\/?author=1\"}]}<\/script>\n<!-- \/ Yoast SEO plugin. -->","yoast_head_json":{"title":"Za sedam dana napadnuto osam policajaca u Republici Srpskoj: Zabrinjavaju\u0107i slu\u010daj zabilje\u017een i u Prijedoru - PrijedorDanas.com - Prijedorski gradski portal","robots":{"index":"index","follow":"follow","max-snippet":"max-snippet:-1","max-image-preview":"max-image-preview:large","max-video-preview":"max-video-preview:-1"},"canonical":"https:\/\/www.prijedordanas.com\/?p=190005","og_locale":"en_US","og_type":"article","og_title":"Za sedam dana napadnuto osam policajaca u Republici Srpskoj: Zabrinjavaju\u0107i slu\u010daj zabilje\u017een i u Prijedoru - PrijedorDanas.com - Prijedorski gradski portal","og_description":"Iako je ohrabruju\u0107e to \u0161to je u prvom polugodi\u0161tu zna\u010dajno smanjen broj napada na policajce u Srpskoj, statistika je u posljednje vrijeme dostigla granice alarmantnog, te je za svega sedam [&hellip;]","og_url":"https:\/\/www.prijedordanas.com\/?p=190005","og_site_name":"PrijedorDanas.com - Prijedorski gradski portal","article_publisher":"https:\/\/www.facebook.com\/PrijedorDanasCom\/","article_published_time":"2022-08-07T10:01:24+00:00","og_image":[{"url":"https:\/\/www.prijedordanas.com\/wp-content\/uploads\/2022\/05\/nezavisne-policija-300x225.jpg"}],"author":"admin","twitter_card":"summary_large_image","twitter_misc":{"Written by":"admin","Est. reading time":"3 minutes"},"schema":{"@context":"https:\/\/schema.org","@graph":[{"@type":"Article","@id":"https:\/\/www.prijedordanas.com\/?p=190005#article","isPartOf":{"@id":"https:\/\/www.prijedordanas.com\/?p=190005"},"author":{"name":"admin","@id":"https:\/\/www.prijedordanas.com\/#\/schema\/person\/4e08ccf29b506ca916ff86d46bb700e6"},"headline":"Za sedam dana napadnuto osam policajaca u Republici Srpskoj: Zabrinjavaju\u0107i slu\u010daj zabilje\u017een i u Prijedoru","datePublished":"2022-08-07T10:01:24+00:00","dateModified":"2022-08-07T10:01:24+00:00","mainEntityOfPage":{"@id":"https:\/\/www.prijedordanas.com\/?p=190005"},"wordCount":568,"publisher":{"@id":"https:\/\/www.prijedordanas.com\/#organization"},"articleSection":["Hronika"],"inLanguage":"en-US"},{"@type":"WebPage","@id":"https:\/\/www.prijedordanas.com\/?p=190005","url":"https:\/\/www.prijedordanas.com\/?p=190005","name":"Za sedam dana napadnuto osam policajaca u Republici Srpskoj: Zabrinjavaju\u0107i slu\u010daj zabilje\u017een i u Prijedoru - PrijedorDanas.com - Prijedorski gradski portal","isPartOf":{"@id":"https:\/\/www.prijedordanas.com\/#website"},"datePublished":"2022-08-07T10:01:24+00:00","dateModified":"2022-08-07T10:01:24+00:00","breadcrumb":{"@id":"https:\/\/www.prijedordanas.com\/?p=190005#breadcrumb"},"inLanguage":"en-US","potentialAction":[{"@type":"ReadAction","target":["https:\/\/www.prijedordanas.com\/?p=190005"]}]},{"@type":"BreadcrumbList","@id":"https:\/\/www.prijedordanas.com\/?p=190005#breadcrumb","itemListElement":[{"@type":"ListItem","position":1,"name":"Home","item":"https:\/\/www.prijedordanas.com\/"},{"@type":"ListItem","position":2,"name":"Za sedam dana napadnuto osam policajaca u Republici Srpskoj: Zabrinjavaju\u0107i slu\u010daj zabilje\u017een i u Prijedoru"}]},{"@type":"WebSite","@id":"https:\/\/www.prijedordanas.com\/#website","url":"https:\/\/www.prijedordanas.com\/","name":"PrijedorDanas.com - Prijedorski gradski portal","description":"Portal o doga\u0111anjima u gradu Prijedoru","publisher":{"@id":"https:\/\/www.prijedordanas.com\/#organization"},"potentialAction":[{"@type":"SearchAction","target":{"@type":"EntryPoint","urlTemplate":"https:\/\/www.prijedordanas.com\/?s={search_term_string}"},"query-input":"required name=search_term_string"}],"inLanguage":"en-US"},{"@type":"Organization","@id":"https:\/\/www.prijedordanas.com\/#organization","name":"PrijedorDanas.com","url":"https:\/\/www.prijedordanas.com\/","logo":{"@type":"ImageObject","inLanguage":"en-US","@id":"https:\/\/www.prijedordanas.com\/#\/schema\/logo\/image\/","url":"http:\/\/www.prijedordanas.com\/wp-content\/uploads\/2021\/12\/logopng.png","contentUrl":"http:\/\/www.prijedordanas.com\/wp-content\/uploads\/2021\/12\/logopng.png","width":1019,"height":776,"caption":"PrijedorDanas.com"},"image":{"@id":"https:\/\/www.prijedordanas.com\/#\/schema\/logo\/image\/"},"sameAs":["https:\/\/www.facebook.com\/PrijedorDanasCom\/"]},{"@type":"Person","@id":"https:\/\/www.prijedordanas.com\/#\/schema\/person\/4e08ccf29b506ca916ff86d46bb700e6","name":"admin","image":{"@type":"ImageObject","inLanguage":"en-US","@id":"https:\/\/www.prijedordanas.com\/#\/schema\/person\/image\/","url":"https:\/\/secure.gravatar.com\/avatar\/1d3fc949d550f0b53a5f0d51e06dfd79?s=96&d=mm&r=g","contentUrl":"https:\/\/secure.gravatar.com\/avatar\/1d3fc949d550f0b53a5f0d51e06dfd79?s=96&d=mm&r=g","caption":"admin"},"url":"https:\/\/www.prijedordanas.com\/?author=1"}]}},"_links":{"self":[{"href":"https:\/\/www.prijedordanas.com\/index.php?rest_route=\/wp\/v2\/posts\/190005"}],"collection":[{"href":"https:\/\/www.prijedordanas.com\/index.php?rest_route=\/wp\/v2\/posts"}],"about":[{"href":"https:\/\/www.prijedordanas.com\/index.php?rest_route=\/wp\/v2\/types\/post"}],"author":[{"embeddable":true,"href":"https:\/\/www.prijedordanas.com\/index.php?rest_route=\/wp\/v2\/users\/1"}],"replies":[{"embeddable":true,"href":"https:\/\/www.prijedordanas.com\/index.php?rest_route=%2Fwp%2Fv2%2Fcomments&post=190005"}],"version-history":[{"count":1,"href":"https:\/\/www.prijedordanas.com\/index.php?rest_route=\/wp\/v2\/posts\/190005\/revisions"}],"predecessor-version":[{"id":190006,"href":"https:\/\/www.prijedordanas.com\/index.php?rest_route=\/wp\/v2\/posts\/190005\/revisions\/190006"}],"wp:attachment":[{"href":"https:\/\/www.prijedordanas.com\/index.php?rest_route=%2Fwp%2Fv2%2Fmedia&parent=190005"}],"wp:term":[{"taxonomy":"category","embeddable":true,"href":"https:\/\/www.prijedordanas.com\/index.php?rest_route=%2Fwp%2Fv2%2Fcategories&post=190005"},{"taxonomy":"post_tag","embeddable":true,"href":"https:\/\/www.prijedordanas.com\/index.php?rest_route=%2Fwp%2Fv2%2Ftags&post=190005"}],"curies":[{"name":"wp","href":"https:\/\/api.w.org\/{rel}","templated":true}]}}