{"id":189344,"date":"2022-07-26T18:31:52","date_gmt":"2022-07-26T16:31:52","guid":{"rendered":"https:\/\/www.prijedordanas.com\/?p=189344"},"modified":"2022-07-26T18:36:48","modified_gmt":"2022-07-26T16:36:48","slug":"kadrovi","status":"publish","type":"post","link":"https:\/\/www.prijedordanas.com\/?p=189344","title":{"rendered":"Kadrovi"},"content":{"rendered":"<p><a href=\"https:\/\/www.prijedordanas.com\/wp-content\/uploads\/2021\/07\/katarina-panic.jpg\"><img loading=\"lazy\" decoding=\"async\" src=\"https:\/\/www.prijedordanas.com\/wp-content\/uploads\/2021\/07\/katarina-panic-300x263.jpg\" alt=\"\" width=\"300\" height=\"263\" class=\"alignleft size-medium wp-image-171199\" srcset=\"https:\/\/www.prijedordanas.com\/wp-content\/uploads\/2021\/07\/katarina-panic-300x263.jpg 300w, https:\/\/www.prijedordanas.com\/wp-content\/uploads\/2021\/07\/katarina-panic.jpg 600w\" sizes=\"(max-width: 300px) 100vw, 300px\" \/><\/a>Kada su radnici Doma za starija lica Prijedor \u0161trajkovali  u martu 2019. godine, sindikat je dan ranije pozvao medije, najavio \u0161trajk, zakazao mjesto i vrijeme za izjave, iznio svoju stranu pri\u010de, kako i prili\u010di. Novinari koji rade informativu du\u017eni su prostor ponuditi i rukovodstvu. Ta druga strana priliku da se izjasni mo\u017ee iskorisiti, a i ne mora. U tom se slu\u010daju u vijesti ili izvje\u0161taju to i navede. Oni sa ki\u010dmom ili iznesu svoju stranu pri\u010de ili ka\u017eu da to ne \u017eele; oni bez ki\u010dme ne javljaju se na telefon. Ono po \u010demu je meni tada\u0161nji direktor ove ustanove ostao u sje\u0107anju jeste poku\u0161aj da na mene prebaci odgovornost za to \u0161to radnici, eventualno, ne\u0107e dobiti zara\u0111ene plate. On je, dakle, oti\u0161ao i korak dalje u odnosu na one koji su me \/tako\u0111e govorim iz li\u010dnog iskustva\/ ubje\u0111ivali da ne treba da pi\u0161em o ne\u010demu jer to nije vijest \/na primjer, zatvaranje vrti\u0107kih grupa zbog epidemije glista\/. Rekao mi je da nema plata jer je sve manje korisnika. I da \u0107e ih biti jo\u0161 manje ako ja objavim vijest o \u0161trajku. I kada ih bude jo\u0161 manje, kako tek onda da isplati plate. Svoj vi posao, a ja \u0107u svoj.<\/p>\n<p>Gledam svoju arhivu. Vijest iz 2015. Kapaciteti doma popunjeni do maksimuma, pet lica na listi \u010dekanja. Ovih dana samo naslove vidim, dovoljno su mu\u010dni i bez da se \u010ditaju detalji o poslovanju ovog doma. Privatnim porukama dobijam razne informacije, dijelove dokumenata, prepiske i pikanterije. Ni\u0161ta od toga ne\u0107u ovdje iznositi, ali ho\u0107u jo\u0161 iskustvo moje koleginice, isto u vezi sa novinarskim dijelom posla. Pozvala ju je \u017eenska osoba, predstavila se, zatra\u017eila da se na\u0111u da joj ispri\u010da svoju pri\u010du za koju \u017eeli da se objavi, \u017ertva je mobinga, uznemiravanja na poslu, \u0161ta li. Koleginica vrsna novinarka, odli\u010dna u prepoznavanju pri\u010de, iskusna, sa sjajnim osje\u0107ajem za detalj, ide, naravno, da saslu\u0161a sagovornicu, pa \u0107e vidjeti ima li tu \u201emesa\u201c ili nema. Pri\u010da ide ovako: ona je radnica, jadna i neza\u0161ti\u0107ena, on je direktor, na poziciji mo\u0107i, iznu\u0111uje joj seks u zamjenu za zadr\u017eavanje radnog mjesta odnosno prijeti joj otkazom ukoliko ona odbije pru\u017eati seksualne usluge. Snimila je ona razgovor, scenario je filmski, poslije intervjua oti\u0161la  stvari po gradu, telefon ostao sti\u0161an. Dolazi ku\u0107i, uklju\u010di telefon, masa propu\u0161tenih poziva i poruka, prijete\u0107eg tona, parafraziram, po\u0161to davno je bilo kada mi je ovo prepri\u010davala: Drugar\u2019ceee, \u0161to se to ne javlja\u0161?! Javi se, da ti ne bi\u2019; ja malo na vrata do\u0161la. Koleginica je nazove da pita u \u010demu je problem. Ka\u017ee, zaboravi da si me vidjela, zaboravi \u0161ta smo pri\u010dale. Ona je, navodno, oti\u0161la tom svom direktoru, rekla da je \u201esve dala u novine\u201c i da joj on obezbijedi to, to, to i to ako ho\u0107e da ona obustavi objavljivanje. Ne bi ta moja koleginica vjerovatno nasjela na pri\u010du jer, ponavljam, izvanredna je u poslu da bi je neko tog kalibra navukao, ali, svejedno, kraj je nekako i za na\u0161u profesiju poni\u017eavaju\u0107i.<\/p>\n<p>Bila je subota, 9. jula, kada sam dobila poruku, nezvani\u010dno, da \u0107e direktorica ove ustanove biti Marija Li\u010danin. Sve nisam vjerovala, sve sam bila zate\u010dena, sve sam se pitala za\u0161to je meni ta vijest uljep\u0161ala dan, pa i nekoliko narednih, \u0161ta je sad to toliko \u0161okantno. Stalno mi to na pameti, a da ne znam za\u0161to. Vremena mi trebalo da shvatim: zato \u0161to nije tipi\u010dan strana\u010dki kadar.<\/p>\n<p>Sje\u0107am je se u izbornoj no\u0107i novembra 2020. u \u0161tabu SNSD-a. Za stolom je, onako, sa onim silnim \u017eenama, koje su tu, koje rade, koje su odradile i za zajedni\u010dku stvar i za sebe i za druge. U tim se trenucima jo\u0161 ne zna, ali zna\u0107e se ve\u0107 sutra, da su mu\u0161karci odradili za zajedni\u010dku stvar i za sebe. Za \u017eene ne samo da nisu, nego su radili i protiv njih. I ba\u0161 nju gledam u toj slavljeni\u010dkoj atmosferi. Nekako, ne pripada. Ne bi niko da kvari raspolo\u017eenje, a za ogor\u010denje ima vremena.<\/p>\n<p>\u0160ta sve ne treba da radi direktor poput Marije Li\u010danin? Da ne skuplja siguran glas. Da ne hoda ponzborovima. Da ne \u010du\u010di pod \u0161atorima. Da ne dr\u017ei govore na predizbornim tribinama po Rasavcima. Da ne ucjenjuje radnike da glasaju. Da ne provjerava da li su iza\u0161li na izbore. Da ne predla\u017ee \u010dlanove bira\u010dkih odbora. Da ih ne instrui\u0161e. Jer niste je na ulici na\u0161li.<\/p>\n<p>Marija Li\u010danin je ekonomista, ali ne onaj koji mora da krije gdje je stekao zvanje. To nije dovoljan uslov za dobru kadrovsku politiku, ali jeste po\u017eeljan. Radi u struci, udata je, majka troje djece. Prednost koju ima u odnosnu na mnoge druge, koji su se i na to mjesto gurali \/i guraju se na mnoga<br \/>\ndruga \u2013 nije bitno koja, samo da su direktorska\/, a koja nema cijenu, jeste da nije kompromitovana i da se za njom lo\u0161 glas ne vu\u010de.<\/p>\n<p>Stranka na lokalu ima zadatak da amortizuje nezadovoljstvo strana\u010dkih vojnika, onih koji narukovodnim pozicijama vide sebe, a ne ljude poput Marije Li\u010danin. Ono je i opravdano, sa stanovi\u0161ta mjerenja zasluga za izborni rezultat ili vremena provedenog u strana\u010dkom anga\u017emanu. Ali se te ljude, ako nemaju reference, ako su kompromitovani, ako ih u javnosti prati lo\u0161 glas, treba smje\u0161tati na mjesta manje vidljiva. Dugoro\u010dno je za stranku bolje da u upravlja\u010dkim strukturama javnog sektora ima ljude od kojih ne boli glava, koji ne\u0107e napraviti problem, koji najprije ne daju svoga obraza, a, time, ne kaljaju ni ugled organizacije kojoj pripadaju.<\/p>\n<p>Stranka na lokalu ima komoditet odbraniti se od \u201esvojih\u201c u ovakvoj situaciji jer direktora Doma za starija lica Prijedor imenuje Vlada Republike Srpske, a ne Grad Prijedor. Sli\u010dno je i sa novoimenovanim direktorima Doma zdravlja Prijedor i Doma za lica sa invaliditetom Prijedor. Milo\u0161a Marjanovi\u0107a i Nikolu Vujasinovi\u0107a, za mog znanja, tako\u0111e ne prati lo\u0161 glas. Naprotiv.<\/p>\n<p>Ljudi su najbolja reklama za jednu stranku. Isto kao antireklama. Ovi drugi svoje ime grade na ra\u010dun stranke. Ovi prvi svoj ugled daju stranci \/po cijenu tereta da ih javnost poistovje\u0107uje sa najgorima iz te stranke. Evo, na primjer, Gordana Vila. Ka\u017eem njenom strana\u010dkom \u0161efu da ljudi koji nisu ni iz politike, a ni iz medija, primje\u0107uju je, vide razliku, komentari\u0161u, kako se gradi, iska\u010de iz kolote\u010dine, probija se, polako, nepretenciozno, stabilno, sva pri zemlji \u010dvrsto na nogama. \u201eAjoj, o\u2019\u0161\u0161 da ti poka\u017eem telefon, ubi ona! Na glavi sjedi!\u201c Neka ganja,i treba. A ne da sjedi, plata ide, briga me. Kad sam \u010dula za Mariju Li\u010danin, htjedoh Gordani Vili napisati: evo tebi konkurencije.<\/p>\n<p>Katarina Pani\u0107 &#8211; zamisli.ba<\/p>\n","protected":false},"excerpt":{"rendered":"<p>Kada su radnici Doma za starija lica Prijedor \u0161trajkovali u martu 2019. godine, sindikat je dan ranije pozvao medije, najavio \u0161trajk, zakazao mjesto i vrijeme za izjave, iznio svoju stranu [&hellip;]<\/p>\n","protected":false},"author":1,"featured_media":0,"comment_status":"closed","ping_status":"open","sticky":false,"template":"","format":"standard","meta":{"_monsterinsights_skip_tracking":false,"_monsterinsights_sitenote_active":false,"_monsterinsights_sitenote_note":"","_monsterinsights_sitenote_category":0,"footnotes":""},"categories":[3],"tags":[],"yoast_head":"<!-- This site is optimized with the Yoast SEO plugin v21.6 - https:\/\/yoast.com\/wordpress\/plugins\/seo\/ -->\n<title>Kadrovi - PrijedorDanas.com - Prijedorski gradski portal<\/title>\n<meta name=\"robots\" content=\"index, follow, max-snippet:-1, max-image-preview:large, max-video-preview:-1\" \/>\n<link rel=\"canonical\" href=\"https:\/\/www.prijedordanas.com\/?p=189344\" \/>\n<meta property=\"og:locale\" content=\"en_US\" \/>\n<meta property=\"og:type\" content=\"article\" \/>\n<meta property=\"og:title\" content=\"Kadrovi - PrijedorDanas.com - Prijedorski gradski portal\" \/>\n<meta property=\"og:description\" content=\"Kada su radnici Doma za starija lica Prijedor \u0161trajkovali u martu 2019. godine, sindikat je dan ranije pozvao medije, najavio \u0161trajk, zakazao mjesto i vrijeme za izjave, iznio svoju stranu [&hellip;]\" \/>\n<meta property=\"og:url\" content=\"https:\/\/www.prijedordanas.com\/?p=189344\" \/>\n<meta property=\"og:site_name\" content=\"PrijedorDanas.com - Prijedorski gradski portal\" \/>\n<meta property=\"article:publisher\" content=\"https:\/\/www.facebook.com\/PrijedorDanasCom\/\" \/>\n<meta property=\"article:published_time\" content=\"2022-07-26T16:31:52+00:00\" \/>\n<meta property=\"article:modified_time\" content=\"2022-07-26T16:36:48+00:00\" \/>\n<meta property=\"og:image\" content=\"https:\/\/www.prijedordanas.com\/wp-content\/uploads\/2021\/07\/katarina-panic-300x263.jpg\" \/>\n<meta name=\"author\" content=\"admin\" \/>\n<meta name=\"twitter:card\" content=\"summary_large_image\" \/>\n<meta name=\"twitter:label1\" content=\"Written by\" \/>\n\t<meta name=\"twitter:data1\" content=\"admin\" \/>\n\t<meta name=\"twitter:label2\" content=\"Est. reading time\" \/>\n\t<meta name=\"twitter:data2\" content=\"6 minutes\" \/>\n<script type=\"application\/ld+json\" class=\"yoast-schema-graph\">{\"@context\":\"https:\/\/schema.org\",\"@graph\":[{\"@type\":\"Article\",\"@id\":\"https:\/\/www.prijedordanas.com\/?p=189344#article\",\"isPartOf\":{\"@id\":\"https:\/\/www.prijedordanas.com\/?p=189344\"},\"author\":{\"name\":\"admin\",\"@id\":\"https:\/\/www.prijedordanas.com\/#\/schema\/person\/4e08ccf29b506ca916ff86d46bb700e6\"},\"headline\":\"Kadrovi\",\"datePublished\":\"2022-07-26T16:31:52+00:00\",\"dateModified\":\"2022-07-26T16:36:48+00:00\",\"mainEntityOfPage\":{\"@id\":\"https:\/\/www.prijedordanas.com\/?p=189344\"},\"wordCount\":1176,\"publisher\":{\"@id\":\"https:\/\/www.prijedordanas.com\/#organization\"},\"articleSection\":[\"\u017divot\"],\"inLanguage\":\"en-US\"},{\"@type\":\"WebPage\",\"@id\":\"https:\/\/www.prijedordanas.com\/?p=189344\",\"url\":\"https:\/\/www.prijedordanas.com\/?p=189344\",\"name\":\"Kadrovi - PrijedorDanas.com - Prijedorski gradski portal\",\"isPartOf\":{\"@id\":\"https:\/\/www.prijedordanas.com\/#website\"},\"datePublished\":\"2022-07-26T16:31:52+00:00\",\"dateModified\":\"2022-07-26T16:36:48+00:00\",\"breadcrumb\":{\"@id\":\"https:\/\/www.prijedordanas.com\/?p=189344#breadcrumb\"},\"inLanguage\":\"en-US\",\"potentialAction\":[{\"@type\":\"ReadAction\",\"target\":[\"https:\/\/www.prijedordanas.com\/?p=189344\"]}]},{\"@type\":\"BreadcrumbList\",\"@id\":\"https:\/\/www.prijedordanas.com\/?p=189344#breadcrumb\",\"itemListElement\":[{\"@type\":\"ListItem\",\"position\":1,\"name\":\"Home\",\"item\":\"https:\/\/www.prijedordanas.com\/\"},{\"@type\":\"ListItem\",\"position\":2,\"name\":\"Kadrovi\"}]},{\"@type\":\"WebSite\",\"@id\":\"https:\/\/www.prijedordanas.com\/#website\",\"url\":\"https:\/\/www.prijedordanas.com\/\",\"name\":\"PrijedorDanas.com - Prijedorski gradski portal\",\"description\":\"Portal o doga\u0111anjima u gradu Prijedoru\",\"publisher\":{\"@id\":\"https:\/\/www.prijedordanas.com\/#organization\"},\"potentialAction\":[{\"@type\":\"SearchAction\",\"target\":{\"@type\":\"EntryPoint\",\"urlTemplate\":\"https:\/\/www.prijedordanas.com\/?s={search_term_string}\"},\"query-input\":\"required name=search_term_string\"}],\"inLanguage\":\"en-US\"},{\"@type\":\"Organization\",\"@id\":\"https:\/\/www.prijedordanas.com\/#organization\",\"name\":\"PrijedorDanas.com\",\"url\":\"https:\/\/www.prijedordanas.com\/\",\"logo\":{\"@type\":\"ImageObject\",\"inLanguage\":\"en-US\",\"@id\":\"https:\/\/www.prijedordanas.com\/#\/schema\/logo\/image\/\",\"url\":\"http:\/\/www.prijedordanas.com\/wp-content\/uploads\/2021\/12\/logopng.png\",\"contentUrl\":\"http:\/\/www.prijedordanas.com\/wp-content\/uploads\/2021\/12\/logopng.png\",\"width\":1019,\"height\":776,\"caption\":\"PrijedorDanas.com\"},\"image\":{\"@id\":\"https:\/\/www.prijedordanas.com\/#\/schema\/logo\/image\/\"},\"sameAs\":[\"https:\/\/www.facebook.com\/PrijedorDanasCom\/\"]},{\"@type\":\"Person\",\"@id\":\"https:\/\/www.prijedordanas.com\/#\/schema\/person\/4e08ccf29b506ca916ff86d46bb700e6\",\"name\":\"admin\",\"image\":{\"@type\":\"ImageObject\",\"inLanguage\":\"en-US\",\"@id\":\"https:\/\/www.prijedordanas.com\/#\/schema\/person\/image\/\",\"url\":\"https:\/\/secure.gravatar.com\/avatar\/1d3fc949d550f0b53a5f0d51e06dfd79?s=96&d=mm&r=g\",\"contentUrl\":\"https:\/\/secure.gravatar.com\/avatar\/1d3fc949d550f0b53a5f0d51e06dfd79?s=96&d=mm&r=g\",\"caption\":\"admin\"},\"url\":\"https:\/\/www.prijedordanas.com\/?author=1\"}]}<\/script>\n<!-- \/ Yoast SEO plugin. -->","yoast_head_json":{"title":"Kadrovi - PrijedorDanas.com - Prijedorski gradski portal","robots":{"index":"index","follow":"follow","max-snippet":"max-snippet:-1","max-image-preview":"max-image-preview:large","max-video-preview":"max-video-preview:-1"},"canonical":"https:\/\/www.prijedordanas.com\/?p=189344","og_locale":"en_US","og_type":"article","og_title":"Kadrovi - PrijedorDanas.com - Prijedorski gradski portal","og_description":"Kada su radnici Doma za starija lica Prijedor \u0161trajkovali u martu 2019. godine, sindikat je dan ranije pozvao medije, najavio \u0161trajk, zakazao mjesto i vrijeme za izjave, iznio svoju stranu [&hellip;]","og_url":"https:\/\/www.prijedordanas.com\/?p=189344","og_site_name":"PrijedorDanas.com - Prijedorski gradski portal","article_publisher":"https:\/\/www.facebook.com\/PrijedorDanasCom\/","article_published_time":"2022-07-26T16:31:52+00:00","article_modified_time":"2022-07-26T16:36:48+00:00","og_image":[{"url":"https:\/\/www.prijedordanas.com\/wp-content\/uploads\/2021\/07\/katarina-panic-300x263.jpg"}],"author":"admin","twitter_card":"summary_large_image","twitter_misc":{"Written by":"admin","Est. reading time":"6 minutes"},"schema":{"@context":"https:\/\/schema.org","@graph":[{"@type":"Article","@id":"https:\/\/www.prijedordanas.com\/?p=189344#article","isPartOf":{"@id":"https:\/\/www.prijedordanas.com\/?p=189344"},"author":{"name":"admin","@id":"https:\/\/www.prijedordanas.com\/#\/schema\/person\/4e08ccf29b506ca916ff86d46bb700e6"},"headline":"Kadrovi","datePublished":"2022-07-26T16:31:52+00:00","dateModified":"2022-07-26T16:36:48+00:00","mainEntityOfPage":{"@id":"https:\/\/www.prijedordanas.com\/?p=189344"},"wordCount":1176,"publisher":{"@id":"https:\/\/www.prijedordanas.com\/#organization"},"articleSection":["\u017divot"],"inLanguage":"en-US"},{"@type":"WebPage","@id":"https:\/\/www.prijedordanas.com\/?p=189344","url":"https:\/\/www.prijedordanas.com\/?p=189344","name":"Kadrovi - PrijedorDanas.com - Prijedorski gradski portal","isPartOf":{"@id":"https:\/\/www.prijedordanas.com\/#website"},"datePublished":"2022-07-26T16:31:52+00:00","dateModified":"2022-07-26T16:36:48+00:00","breadcrumb":{"@id":"https:\/\/www.prijedordanas.com\/?p=189344#breadcrumb"},"inLanguage":"en-US","potentialAction":[{"@type":"ReadAction","target":["https:\/\/www.prijedordanas.com\/?p=189344"]}]},{"@type":"BreadcrumbList","@id":"https:\/\/www.prijedordanas.com\/?p=189344#breadcrumb","itemListElement":[{"@type":"ListItem","position":1,"name":"Home","item":"https:\/\/www.prijedordanas.com\/"},{"@type":"ListItem","position":2,"name":"Kadrovi"}]},{"@type":"WebSite","@id":"https:\/\/www.prijedordanas.com\/#website","url":"https:\/\/www.prijedordanas.com\/","name":"PrijedorDanas.com - Prijedorski gradski portal","description":"Portal o doga\u0111anjima u gradu Prijedoru","publisher":{"@id":"https:\/\/www.prijedordanas.com\/#organization"},"potentialAction":[{"@type":"SearchAction","target":{"@type":"EntryPoint","urlTemplate":"https:\/\/www.prijedordanas.com\/?s={search_term_string}"},"query-input":"required name=search_term_string"}],"inLanguage":"en-US"},{"@type":"Organization","@id":"https:\/\/www.prijedordanas.com\/#organization","name":"PrijedorDanas.com","url":"https:\/\/www.prijedordanas.com\/","logo":{"@type":"ImageObject","inLanguage":"en-US","@id":"https:\/\/www.prijedordanas.com\/#\/schema\/logo\/image\/","url":"http:\/\/www.prijedordanas.com\/wp-content\/uploads\/2021\/12\/logopng.png","contentUrl":"http:\/\/www.prijedordanas.com\/wp-content\/uploads\/2021\/12\/logopng.png","width":1019,"height":776,"caption":"PrijedorDanas.com"},"image":{"@id":"https:\/\/www.prijedordanas.com\/#\/schema\/logo\/image\/"},"sameAs":["https:\/\/www.facebook.com\/PrijedorDanasCom\/"]},{"@type":"Person","@id":"https:\/\/www.prijedordanas.com\/#\/schema\/person\/4e08ccf29b506ca916ff86d46bb700e6","name":"admin","image":{"@type":"ImageObject","inLanguage":"en-US","@id":"https:\/\/www.prijedordanas.com\/#\/schema\/person\/image\/","url":"https:\/\/secure.gravatar.com\/avatar\/1d3fc949d550f0b53a5f0d51e06dfd79?s=96&d=mm&r=g","contentUrl":"https:\/\/secure.gravatar.com\/avatar\/1d3fc949d550f0b53a5f0d51e06dfd79?s=96&d=mm&r=g","caption":"admin"},"url":"https:\/\/www.prijedordanas.com\/?author=1"}]}},"_links":{"self":[{"href":"https:\/\/www.prijedordanas.com\/index.php?rest_route=\/wp\/v2\/posts\/189344"}],"collection":[{"href":"https:\/\/www.prijedordanas.com\/index.php?rest_route=\/wp\/v2\/posts"}],"about":[{"href":"https:\/\/www.prijedordanas.com\/index.php?rest_route=\/wp\/v2\/types\/post"}],"author":[{"embeddable":true,"href":"https:\/\/www.prijedordanas.com\/index.php?rest_route=\/wp\/v2\/users\/1"}],"replies":[{"embeddable":true,"href":"https:\/\/www.prijedordanas.com\/index.php?rest_route=%2Fwp%2Fv2%2Fcomments&post=189344"}],"version-history":[{"count":2,"href":"https:\/\/www.prijedordanas.com\/index.php?rest_route=\/wp\/v2\/posts\/189344\/revisions"}],"predecessor-version":[{"id":189346,"href":"https:\/\/www.prijedordanas.com\/index.php?rest_route=\/wp\/v2\/posts\/189344\/revisions\/189346"}],"wp:attachment":[{"href":"https:\/\/www.prijedordanas.com\/index.php?rest_route=%2Fwp%2Fv2%2Fmedia&parent=189344"}],"wp:term":[{"taxonomy":"category","embeddable":true,"href":"https:\/\/www.prijedordanas.com\/index.php?rest_route=%2Fwp%2Fv2%2Fcategories&post=189344"},{"taxonomy":"post_tag","embeddable":true,"href":"https:\/\/www.prijedordanas.com\/index.php?rest_route=%2Fwp%2Fv2%2Ftags&post=189344"}],"curies":[{"name":"wp","href":"https:\/\/api.w.org\/{rel}","templated":true}]}}