{"id":189318,"date":"2022-07-26T16:11:23","date_gmt":"2022-07-26T14:11:23","guid":{"rendered":"https:\/\/www.prijedordanas.com\/?p=189318"},"modified":"2022-07-26T16:17:25","modified_gmt":"2022-07-26T14:17:25","slug":"zdravstveni-radnici-u-prijedoru-jos-cekaju-obecanu-novcanu-pomoc-video","status":"publish","type":"post","link":"https:\/\/www.prijedordanas.com\/?p=189318","title":{"rendered":"Zdravstveni radnici u Prijedoru jo\u0161 \u010dekaju obe\u0107anu nov\u010danu pomo\u0107 &#8211; VIDEO"},"content":{"rendered":"<p><a href=\"https:\/\/www.prijedordanas.com\/wp-content\/uploads\/2022\/07\/atv-zdravstveni-radnici-novcana-pomoc.jpg\"><img loading=\"lazy\" decoding=\"async\" src=\"https:\/\/www.prijedordanas.com\/wp-content\/uploads\/2022\/07\/atv-zdravstveni-radnici-novcana-pomoc-300x225.jpg\" alt=\"\" width=\"300\" height=\"225\" class=\"alignleft size-medium wp-image-189320\" srcset=\"https:\/\/www.prijedordanas.com\/wp-content\/uploads\/2022\/07\/atv-zdravstveni-radnici-novcana-pomoc-300x225.jpg 300w, https:\/\/www.prijedordanas.com\/wp-content\/uploads\/2022\/07\/atv-zdravstveni-radnici-novcana-pomoc-640x480.jpg 640w, https:\/\/www.prijedordanas.com\/wp-content\/uploads\/2022\/07\/atv-zdravstveni-radnici-novcana-pomoc.jpg 667w\" sizes=\"(max-width: 300px) 100vw, 300px\" \/><\/a>Zdravstveni radnici u Prijedoru jo\u0161 \u010dekaju da gradona\u010delnik ispuni obe\u0107anje o isplati jednokratne nov\u010dane pomo\u0107i za rad tokom pandemije. Kovid se, ka\u017eu, ponovo rasplamsava a obe\u0107anje dato prije nekoliko mjeseci niko i ne pominje.<\/p>\n<p>Podsje\u0107aju Slobodana Javora da su mnoge lokalne zajednice taj posao zavr\u0161ile a da oni u Prijedoru ni marke nisu dobili. Od posljednjeg obe\u0107anja prije tri mjeseca, kada su bili i protesti &#8211; ni poziva ni bilo kakvog odgovora.<\/p>\n<p>&#8220;U me\u0111uvremenu koliko vidimo novca ima, raspodjeljuje se na neke druge stvari. Mi ne gledmo ni u \u010diji d\u017eep ali mislimo da je nekorektno da se neke stvari rade, tipa ispla\u0107ivanje regresa zaposlenima u op\u0161tini u vrijeme kada je kriza i navodno se nema sredstava, mislimo da to prema nama nije fer i korektno&#8221;, ka\u017ee Davor Hrnji\u0107, predsjednik Udru\u017eene sindikalne organizacije doktora medicine, medicinskih sestara i tehni\u010dara op\u0161te Bolnice u Prijedor.<\/p>\n<p>Nezadovoljstvo i u Domu zdravlja. O\u010dekuju novac koji su, ka\u017eu, zaradili. Dogovor o isplati su imali sa Javorom jo\u0161 dok je bio direktor te zdravstvene ustanove.<\/p>\n<p>&#8220;Zna\u010di moja jedina komunikacija i dogovor je bio sa tim na\u0161im biv\u0161im direktorom koji je meni nakon tih protesta u 2-3 navrata da \u0107emo mi \u0161to se ti\u010de Doma zdravlja zavr\u0161iti tu isplatu obzirom da se tu radi o novcu koji je na\u0161, zna\u010di novac koji je bio obe\u0107an da se isplati do kraja decembra dok ustanova nije pre\u0161la na trezorsko poslovanje, to se nije desilo&#8221;, ka\u017ee Snje\u017eana Dobrijevi\u0107, predsjednik strukovnog sindikata medicinskih sestara i tehni\u010dara Doma zdravlja Prijedor.<\/p>\n<p>Prijedorski gradona\u010delnik danas nema konkretan odgovor na pitanje kada \u0107e pomo\u0107 biti ispla\u0107ena. Misli da nema potrebe za novim sastancima a o\u010dekuje da \u0107e ne\u0161to vi\u0161e znati nakon rebalansa bud\u017eeta.<\/p>\n<p>&#8220;Trenutno radimo nacrt rebalansa bud\u017eeta, nakon toga otrpilike sedam dana bi\u0107e javna raspara otvoreno, poslije toga ide prijedlog bud\u017eeta na usvajanje i tek nakon toga mi mo\u017eemo pustiti ta sredstva zdravstvenim radnicima&#8221;, ka\u017ee Slobodan Javor, gradona\u010delnik Prijedora.<\/p>\n<p>Naslu\u0161ali smo se ovakvih pri\u010da, ka\u017eu zdravstveni radnici. Odgovaraju gradona\u010delniku da ne\u0107e odustati.<\/p>\n<p>Upravo u blizini gradske uprave u aprilu su prijedorski medicinari imali mirno okupljanje kako bi izrazili nezadovoljstvo jer im iz gradskog bud\u017eeta nije ispla\u0107ena obe\u0107ana jednokratna nov\u010dana pomo\u0107 zbog rada u toku epidemije virusa korona. Poru\u010duju da su na isti korak ponovo spremni i u jesen ako se ova cjelokupna situacija do tada ne rije\u0161i.<\/p>\n<p>atvbl.rs<\/p>\n<p><iframe loading=\"lazy\" width=\"720\" height=\"405\" src=\"https:\/\/rutube.ru\/play\/embed\/aa7cd10e948ba7e40146bf1b3c3debcd\" frameBorder=\"0\" allow=\"clipboard-write; autoplay\" webkitAllowFullScreen mozallowfullscreen allowFullScreen><\/iframe>  <\/p>\n","protected":false},"excerpt":{"rendered":"<p>Zdravstveni radnici u Prijedoru jo\u0161 \u010dekaju da gradona\u010delnik ispuni obe\u0107anje o isplati jednokratne nov\u010dane pomo\u0107i za rad tokom pandemije. Kovid se, ka\u017eu, ponovo rasplamsava a obe\u0107anje dato prije nekoliko mjeseci [&hellip;]<\/p>\n","protected":false},"author":1,"featured_media":0,"comment_status":"closed","ping_status":"open","sticky":false,"template":"","format":"standard","meta":{"_monsterinsights_skip_tracking":false,"_monsterinsights_sitenote_active":false,"_monsterinsights_sitenote_note":"","_monsterinsights_sitenote_category":0,"footnotes":""},"categories":[4],"tags":[],"yoast_head":"<!-- This site is optimized with the Yoast SEO plugin v21.6 - https:\/\/yoast.com\/wordpress\/plugins\/seo\/ -->\n<title>Zdravstveni radnici u Prijedoru jo\u0161 \u010dekaju obe\u0107anu nov\u010danu pomo\u0107 - VIDEO - PrijedorDanas.com - Prijedorski gradski portal<\/title>\n<meta name=\"robots\" content=\"index, follow, max-snippet:-1, max-image-preview:large, max-video-preview:-1\" \/>\n<link rel=\"canonical\" href=\"https:\/\/www.prijedordanas.com\/?p=189318\" \/>\n<meta property=\"og:locale\" content=\"en_US\" \/>\n<meta property=\"og:type\" content=\"article\" \/>\n<meta property=\"og:title\" content=\"Zdravstveni radnici u Prijedoru jo\u0161 \u010dekaju obe\u0107anu nov\u010danu pomo\u0107 - VIDEO - PrijedorDanas.com - Prijedorski gradski portal\" \/>\n<meta property=\"og:description\" content=\"Zdravstveni radnici u Prijedoru jo\u0161 \u010dekaju da gradona\u010delnik ispuni obe\u0107anje o isplati jednokratne nov\u010dane pomo\u0107i za rad tokom pandemije. Kovid se, ka\u017eu, ponovo rasplamsava a obe\u0107anje dato prije nekoliko mjeseci [&hellip;]\" \/>\n<meta property=\"og:url\" content=\"https:\/\/www.prijedordanas.com\/?p=189318\" \/>\n<meta property=\"og:site_name\" content=\"PrijedorDanas.com - Prijedorski gradski portal\" \/>\n<meta property=\"article:publisher\" content=\"https:\/\/www.facebook.com\/PrijedorDanasCom\/\" \/>\n<meta property=\"article:published_time\" content=\"2022-07-26T14:11:23+00:00\" \/>\n<meta property=\"article:modified_time\" content=\"2022-07-26T14:17:25+00:00\" \/>\n<meta property=\"og:image\" content=\"https:\/\/www.prijedordanas.com\/wp-content\/uploads\/2022\/07\/atv-zdravstveni-radnici-novcana-pomoc-300x225.jpg\" \/>\n<meta name=\"author\" content=\"admin\" \/>\n<meta name=\"twitter:card\" content=\"summary_large_image\" \/>\n<meta name=\"twitter:label1\" content=\"Written by\" \/>\n\t<meta name=\"twitter:data1\" content=\"admin\" \/>\n\t<meta name=\"twitter:label2\" content=\"Est. reading time\" \/>\n\t<meta name=\"twitter:data2\" content=\"2 minutes\" \/>\n<script type=\"application\/ld+json\" class=\"yoast-schema-graph\">{\"@context\":\"https:\/\/schema.org\",\"@graph\":[{\"@type\":\"Article\",\"@id\":\"https:\/\/www.prijedordanas.com\/?p=189318#article\",\"isPartOf\":{\"@id\":\"https:\/\/www.prijedordanas.com\/?p=189318\"},\"author\":{\"name\":\"admin\",\"@id\":\"https:\/\/www.prijedordanas.com\/#\/schema\/person\/4e08ccf29b506ca916ff86d46bb700e6\"},\"headline\":\"Zdravstveni radnici u Prijedoru jo\u0161 \u010dekaju obe\u0107anu nov\u010danu pomo\u0107 &#8211; VIDEO\",\"datePublished\":\"2022-07-26T14:11:23+00:00\",\"dateModified\":\"2022-07-26T14:17:25+00:00\",\"mainEntityOfPage\":{\"@id\":\"https:\/\/www.prijedordanas.com\/?p=189318\"},\"wordCount\":451,\"publisher\":{\"@id\":\"https:\/\/www.prijedordanas.com\/#organization\"},\"articleSection\":[\"Dru\u0161tvo\"],\"inLanguage\":\"en-US\"},{\"@type\":\"WebPage\",\"@id\":\"https:\/\/www.prijedordanas.com\/?p=189318\",\"url\":\"https:\/\/www.prijedordanas.com\/?p=189318\",\"name\":\"Zdravstveni radnici u Prijedoru jo\u0161 \u010dekaju obe\u0107anu nov\u010danu pomo\u0107 - VIDEO - PrijedorDanas.com - Prijedorski gradski portal\",\"isPartOf\":{\"@id\":\"https:\/\/www.prijedordanas.com\/#website\"},\"datePublished\":\"2022-07-26T14:11:23+00:00\",\"dateModified\":\"2022-07-26T14:17:25+00:00\",\"breadcrumb\":{\"@id\":\"https:\/\/www.prijedordanas.com\/?p=189318#breadcrumb\"},\"inLanguage\":\"en-US\",\"potentialAction\":[{\"@type\":\"ReadAction\",\"target\":[\"https:\/\/www.prijedordanas.com\/?p=189318\"]}]},{\"@type\":\"BreadcrumbList\",\"@id\":\"https:\/\/www.prijedordanas.com\/?p=189318#breadcrumb\",\"itemListElement\":[{\"@type\":\"ListItem\",\"position\":1,\"name\":\"Home\",\"item\":\"https:\/\/www.prijedordanas.com\/\"},{\"@type\":\"ListItem\",\"position\":2,\"name\":\"Zdravstveni radnici u Prijedoru jo\u0161 \u010dekaju obe\u0107anu nov\u010danu pomo\u0107 &#8211; VIDEO\"}]},{\"@type\":\"WebSite\",\"@id\":\"https:\/\/www.prijedordanas.com\/#website\",\"url\":\"https:\/\/www.prijedordanas.com\/\",\"name\":\"PrijedorDanas.com - Prijedorski gradski portal\",\"description\":\"Portal o doga\u0111anjima u gradu Prijedoru\",\"publisher\":{\"@id\":\"https:\/\/www.prijedordanas.com\/#organization\"},\"potentialAction\":[{\"@type\":\"SearchAction\",\"target\":{\"@type\":\"EntryPoint\",\"urlTemplate\":\"https:\/\/www.prijedordanas.com\/?s={search_term_string}\"},\"query-input\":\"required name=search_term_string\"}],\"inLanguage\":\"en-US\"},{\"@type\":\"Organization\",\"@id\":\"https:\/\/www.prijedordanas.com\/#organization\",\"name\":\"PrijedorDanas.com\",\"url\":\"https:\/\/www.prijedordanas.com\/\",\"logo\":{\"@type\":\"ImageObject\",\"inLanguage\":\"en-US\",\"@id\":\"https:\/\/www.prijedordanas.com\/#\/schema\/logo\/image\/\",\"url\":\"http:\/\/www.prijedordanas.com\/wp-content\/uploads\/2021\/12\/logopng.png\",\"contentUrl\":\"http:\/\/www.prijedordanas.com\/wp-content\/uploads\/2021\/12\/logopng.png\",\"width\":1019,\"height\":776,\"caption\":\"PrijedorDanas.com\"},\"image\":{\"@id\":\"https:\/\/www.prijedordanas.com\/#\/schema\/logo\/image\/\"},\"sameAs\":[\"https:\/\/www.facebook.com\/PrijedorDanasCom\/\"]},{\"@type\":\"Person\",\"@id\":\"https:\/\/www.prijedordanas.com\/#\/schema\/person\/4e08ccf29b506ca916ff86d46bb700e6\",\"name\":\"admin\",\"image\":{\"@type\":\"ImageObject\",\"inLanguage\":\"en-US\",\"@id\":\"https:\/\/www.prijedordanas.com\/#\/schema\/person\/image\/\",\"url\":\"https:\/\/secure.gravatar.com\/avatar\/1d3fc949d550f0b53a5f0d51e06dfd79?s=96&d=mm&r=g\",\"contentUrl\":\"https:\/\/secure.gravatar.com\/avatar\/1d3fc949d550f0b53a5f0d51e06dfd79?s=96&d=mm&r=g\",\"caption\":\"admin\"},\"url\":\"https:\/\/www.prijedordanas.com\/?author=1\"}]}<\/script>\n<!-- \/ Yoast SEO plugin. -->","yoast_head_json":{"title":"Zdravstveni radnici u Prijedoru jo\u0161 \u010dekaju obe\u0107anu nov\u010danu pomo\u0107 - VIDEO - PrijedorDanas.com - Prijedorski gradski portal","robots":{"index":"index","follow":"follow","max-snippet":"max-snippet:-1","max-image-preview":"max-image-preview:large","max-video-preview":"max-video-preview:-1"},"canonical":"https:\/\/www.prijedordanas.com\/?p=189318","og_locale":"en_US","og_type":"article","og_title":"Zdravstveni radnici u Prijedoru jo\u0161 \u010dekaju obe\u0107anu nov\u010danu pomo\u0107 - VIDEO - PrijedorDanas.com - Prijedorski gradski portal","og_description":"Zdravstveni radnici u Prijedoru jo\u0161 \u010dekaju da gradona\u010delnik ispuni obe\u0107anje o isplati jednokratne nov\u010dane pomo\u0107i za rad tokom pandemije. Kovid se, ka\u017eu, ponovo rasplamsava a obe\u0107anje dato prije nekoliko mjeseci [&hellip;]","og_url":"https:\/\/www.prijedordanas.com\/?p=189318","og_site_name":"PrijedorDanas.com - Prijedorski gradski portal","article_publisher":"https:\/\/www.facebook.com\/PrijedorDanasCom\/","article_published_time":"2022-07-26T14:11:23+00:00","article_modified_time":"2022-07-26T14:17:25+00:00","og_image":[{"url":"https:\/\/www.prijedordanas.com\/wp-content\/uploads\/2022\/07\/atv-zdravstveni-radnici-novcana-pomoc-300x225.jpg"}],"author":"admin","twitter_card":"summary_large_image","twitter_misc":{"Written by":"admin","Est. reading time":"2 minutes"},"schema":{"@context":"https:\/\/schema.org","@graph":[{"@type":"Article","@id":"https:\/\/www.prijedordanas.com\/?p=189318#article","isPartOf":{"@id":"https:\/\/www.prijedordanas.com\/?p=189318"},"author":{"name":"admin","@id":"https:\/\/www.prijedordanas.com\/#\/schema\/person\/4e08ccf29b506ca916ff86d46bb700e6"},"headline":"Zdravstveni radnici u Prijedoru jo\u0161 \u010dekaju obe\u0107anu nov\u010danu pomo\u0107 &#8211; VIDEO","datePublished":"2022-07-26T14:11:23+00:00","dateModified":"2022-07-26T14:17:25+00:00","mainEntityOfPage":{"@id":"https:\/\/www.prijedordanas.com\/?p=189318"},"wordCount":451,"publisher":{"@id":"https:\/\/www.prijedordanas.com\/#organization"},"articleSection":["Dru\u0161tvo"],"inLanguage":"en-US"},{"@type":"WebPage","@id":"https:\/\/www.prijedordanas.com\/?p=189318","url":"https:\/\/www.prijedordanas.com\/?p=189318","name":"Zdravstveni radnici u Prijedoru jo\u0161 \u010dekaju obe\u0107anu nov\u010danu pomo\u0107 - VIDEO - PrijedorDanas.com - Prijedorski gradski portal","isPartOf":{"@id":"https:\/\/www.prijedordanas.com\/#website"},"datePublished":"2022-07-26T14:11:23+00:00","dateModified":"2022-07-26T14:17:25+00:00","breadcrumb":{"@id":"https:\/\/www.prijedordanas.com\/?p=189318#breadcrumb"},"inLanguage":"en-US","potentialAction":[{"@type":"ReadAction","target":["https:\/\/www.prijedordanas.com\/?p=189318"]}]},{"@type":"BreadcrumbList","@id":"https:\/\/www.prijedordanas.com\/?p=189318#breadcrumb","itemListElement":[{"@type":"ListItem","position":1,"name":"Home","item":"https:\/\/www.prijedordanas.com\/"},{"@type":"ListItem","position":2,"name":"Zdravstveni radnici u Prijedoru jo\u0161 \u010dekaju obe\u0107anu nov\u010danu pomo\u0107 &#8211; VIDEO"}]},{"@type":"WebSite","@id":"https:\/\/www.prijedordanas.com\/#website","url":"https:\/\/www.prijedordanas.com\/","name":"PrijedorDanas.com - Prijedorski gradski portal","description":"Portal o doga\u0111anjima u gradu Prijedoru","publisher":{"@id":"https:\/\/www.prijedordanas.com\/#organization"},"potentialAction":[{"@type":"SearchAction","target":{"@type":"EntryPoint","urlTemplate":"https:\/\/www.prijedordanas.com\/?s={search_term_string}"},"query-input":"required name=search_term_string"}],"inLanguage":"en-US"},{"@type":"Organization","@id":"https:\/\/www.prijedordanas.com\/#organization","name":"PrijedorDanas.com","url":"https:\/\/www.prijedordanas.com\/","logo":{"@type":"ImageObject","inLanguage":"en-US","@id":"https:\/\/www.prijedordanas.com\/#\/schema\/logo\/image\/","url":"http:\/\/www.prijedordanas.com\/wp-content\/uploads\/2021\/12\/logopng.png","contentUrl":"http:\/\/www.prijedordanas.com\/wp-content\/uploads\/2021\/12\/logopng.png","width":1019,"height":776,"caption":"PrijedorDanas.com"},"image":{"@id":"https:\/\/www.prijedordanas.com\/#\/schema\/logo\/image\/"},"sameAs":["https:\/\/www.facebook.com\/PrijedorDanasCom\/"]},{"@type":"Person","@id":"https:\/\/www.prijedordanas.com\/#\/schema\/person\/4e08ccf29b506ca916ff86d46bb700e6","name":"admin","image":{"@type":"ImageObject","inLanguage":"en-US","@id":"https:\/\/www.prijedordanas.com\/#\/schema\/person\/image\/","url":"https:\/\/secure.gravatar.com\/avatar\/1d3fc949d550f0b53a5f0d51e06dfd79?s=96&d=mm&r=g","contentUrl":"https:\/\/secure.gravatar.com\/avatar\/1d3fc949d550f0b53a5f0d51e06dfd79?s=96&d=mm&r=g","caption":"admin"},"url":"https:\/\/www.prijedordanas.com\/?author=1"}]}},"_links":{"self":[{"href":"https:\/\/www.prijedordanas.com\/index.php?rest_route=\/wp\/v2\/posts\/189318"}],"collection":[{"href":"https:\/\/www.prijedordanas.com\/index.php?rest_route=\/wp\/v2\/posts"}],"about":[{"href":"https:\/\/www.prijedordanas.com\/index.php?rest_route=\/wp\/v2\/types\/post"}],"author":[{"embeddable":true,"href":"https:\/\/www.prijedordanas.com\/index.php?rest_route=\/wp\/v2\/users\/1"}],"replies":[{"embeddable":true,"href":"https:\/\/www.prijedordanas.com\/index.php?rest_route=%2Fwp%2Fv2%2Fcomments&post=189318"}],"version-history":[{"count":4,"href":"https:\/\/www.prijedordanas.com\/index.php?rest_route=\/wp\/v2\/posts\/189318\/revisions"}],"predecessor-version":[{"id":189323,"href":"https:\/\/www.prijedordanas.com\/index.php?rest_route=\/wp\/v2\/posts\/189318\/revisions\/189323"}],"wp:attachment":[{"href":"https:\/\/www.prijedordanas.com\/index.php?rest_route=%2Fwp%2Fv2%2Fmedia&parent=189318"}],"wp:term":[{"taxonomy":"category","embeddable":true,"href":"https:\/\/www.prijedordanas.com\/index.php?rest_route=%2Fwp%2Fv2%2Fcategories&post=189318"},{"taxonomy":"post_tag","embeddable":true,"href":"https:\/\/www.prijedordanas.com\/index.php?rest_route=%2Fwp%2Fv2%2Ftags&post=189318"}],"curies":[{"name":"wp","href":"https:\/\/api.w.org\/{rel}","templated":true}]}}