{"id":189294,"date":"2022-07-26T14:02:14","date_gmt":"2022-07-26T12:02:14","guid":{"rendered":"https:\/\/www.prijedordanas.com\/?p=189294"},"modified":"2022-07-26T14:02:14","modified_gmt":"2022-07-26T12:02:14","slug":"prijedorski-bend-the-bechars-koncertom-u-centru-grada-obiljezio-deceniju-postojanja-foto-video","status":"publish","type":"post","link":"https:\/\/www.prijedordanas.com\/?p=189294","title":{"rendered":"Prijedorski bend &#8220;The Bechars&#8221; koncertom u centru grada obilje\u017eio deceniju postojanja &#8211; FOTO\/VIDEO"},"content":{"rendered":"<p><a href=\"https:\/\/www.prijedordanas.com\/wp-content\/uploads\/2022\/07\/igor-motl-the-bechars-koncert-10godina-1.jpg\"><img loading=\"lazy\" decoding=\"async\" class=\"alignleft size-medium wp-image-189295\" src=\"https:\/\/www.prijedordanas.com\/wp-content\/uploads\/2022\/07\/igor-motl-the-bechars-koncert-10godina-1-300x222.jpg\" alt=\"\" width=\"300\" height=\"222\" srcset=\"https:\/\/www.prijedordanas.com\/wp-content\/uploads\/2022\/07\/igor-motl-the-bechars-koncert-10godina-1-300x222.jpg 300w, https:\/\/www.prijedordanas.com\/wp-content\/uploads\/2022\/07\/igor-motl-the-bechars-koncert-10godina-1.jpg 675w\" sizes=\"(max-width: 300px) 100vw, 300px\" \/><\/a>Koncertom na Malom gradskom trgu u subotu uve\u010de i promocijom spota za pjesmu &#8220;Donji dio neba&#8221;, prijedorski bend \u201cThe Bechars\u201d obilje\u017eio je svoj jubilej, 10 godina postojanja i uspje\u0161nog rada.<\/p>\n<p>&#8220;Be\u0107ari&#8221; su nastali 2012. godine kao proizvod ideje \u010detiri mlada \u010dovjeka koji su \u017eeljeli da naprave kvalitetan pop-rok bend sa kojim \u0107e mo\u0107i da nastupaju po klubovima i festivalima.<\/p>\n<p>\u010clanovi benda su ve\u0107 u tom trenutku imali veliko dugogodi\u0161nje iskustvo u razli\u010ditim autorskim projektima i bendovima.<\/p>\n<p>U po\u010detku je bend svirao isklju\u010divo kao akusti\u010dni sastav.<\/p>\n<p><a href=\"https:\/\/www.prijedordanas.com\/wp-content\/uploads\/2022\/07\/igor-motl-the-bechars-koncert-10godina-2.jpg\"><img loading=\"lazy\" decoding=\"async\" class=\"alignleft size-medium wp-image-189296\" src=\"https:\/\/www.prijedordanas.com\/wp-content\/uploads\/2022\/07\/igor-motl-the-bechars-koncert-10godina-2-300x225.jpg\" alt=\"\" width=\"300\" height=\"225\" srcset=\"https:\/\/www.prijedordanas.com\/wp-content\/uploads\/2022\/07\/igor-motl-the-bechars-koncert-10godina-2-300x225.jpg 300w, https:\/\/www.prijedordanas.com\/wp-content\/uploads\/2022\/07\/igor-motl-the-bechars-koncert-10godina-2-640x480.jpg 640w, https:\/\/www.prijedordanas.com\/wp-content\/uploads\/2022\/07\/igor-motl-the-bechars-koncert-10godina-2.jpg 667w\" sizes=\"(max-width: 300px) 100vw, 300px\" \/><\/a>Ubrzo nakon osnivanja po\u010dele su da se ni\u017eu klupske i festivalske svirke \u0161irom regije i BIH.<\/p>\n<p>Broj svirki se svake godine znatno pove\u0107avao, tako da je u prosjeku bend imao oko 100 nastupa godi\u0161nje, \u0161to ga je obilje\u017eilo kao jedan od najaktivniji bendova u ovom dijelu dr\u017eave.<\/p>\n<p>Godina 2021. je donijela neke nove ideje, i predstavlja pravu prekretnicu \u0161to se ti\u010de funkcionisanja benda.<\/p>\n<p>Cijeli koncept koji je bio od osnivanja je izmijenjen.<\/p>\n<p><a href=\"https:\/\/www.prijedordanas.com\/wp-content\/uploads\/2022\/07\/igor-motl-the-bechars-koncert-10godina-3.jpg\"><img loading=\"lazy\" decoding=\"async\" class=\"alignleft size-medium wp-image-189297\" src=\"https:\/\/www.prijedordanas.com\/wp-content\/uploads\/2022\/07\/igor-motl-the-bechars-koncert-10godina-3-300x200.jpg\" alt=\"\" width=\"300\" height=\"200\" srcset=\"https:\/\/www.prijedordanas.com\/wp-content\/uploads\/2022\/07\/igor-motl-the-bechars-koncert-10godina-3-300x200.jpg 300w, https:\/\/www.prijedordanas.com\/wp-content\/uploads\/2022\/07\/igor-motl-the-bechars-koncert-10godina-3-480x320.jpg 480w, https:\/\/www.prijedordanas.com\/wp-content\/uploads\/2022\/07\/igor-motl-the-bechars-koncert-10godina-3.jpg 600w\" sizes=\"(max-width: 300px) 100vw, 300px\" \/><\/a>Koncepcija vi\u0161e nije bila akusti\u010dna svirka, nego se pre\u0161lo na standardnu rok postavu sa elektri\u010dnom gitarom.<\/p>\n<p>Uskoro je bend po\u010deo da snima prvu autorsku pjesmu pod imenom \u201eDonji dio neba\u201c u Digital Boyler studiju u Banja Luci.<\/p>\n<p>Pjesmu je snimio i isproducirao Ninoslav Tiki Dobrijevi\u0107.<\/p>\n<p>Snimljen je i prate\u0107i video spot uz numeru.<\/p>\n<p>Spot je sniman 2021. godine na vise lokacija u Prijedoru i Banja Luci. Za realizaciju je bio zadu\u017een Mladen Marijnovi\u0107 koji je ujedno rezirao spot.<\/p>\n<p><a href=\"https:\/\/www.prijedordanas.com\/wp-content\/uploads\/2022\/07\/igor-motl-the-bechars-koncert-10godina-4.jpg\"><img loading=\"lazy\" decoding=\"async\" src=\"https:\/\/www.prijedordanas.com\/wp-content\/uploads\/2022\/07\/igor-motl-the-bechars-koncert-10godina-4-300x200.jpg\" alt=\"\" width=\"300\" height=\"200\" class=\"alignleft size-medium wp-image-189298\" srcset=\"https:\/\/www.prijedordanas.com\/wp-content\/uploads\/2022\/07\/igor-motl-the-bechars-koncert-10godina-4-300x200.jpg 300w, https:\/\/www.prijedordanas.com\/wp-content\/uploads\/2022\/07\/igor-motl-the-bechars-koncert-10godina-4-480x320.jpg 480w, https:\/\/www.prijedordanas.com\/wp-content\/uploads\/2022\/07\/igor-motl-the-bechars-koncert-10godina-4.jpg 600w\" sizes=\"(max-width: 300px) 100vw, 300px\" \/><\/a>Bend &#8220;The Bechars&#8221; \u010dine: Boris Mr\u0161i\u0107 (vokal), Nenad Dobrijevi\u0107 (bubanj), Aleksandar Sedlar (bas gitara&#8221;, Miljan Sredi\u0107 (akusti\u010dna gitara) i Mario Rujevi\u0107 (elektri\u010dna gitara).<\/p>\n<p>Koncert na Malom gradskom trgu dio je manifestacije \u201cPrijedorsko ljeto kulture\u201d 2022. godine.<\/p>\n<p>O pjesmi<\/p>\n<p>&#8220;Donji dio neba&#8221; predstavlja zivot onakav kakav jeste sa svim svojim dobrim i lo\u0161im stranama. Poruka pjesme je da se ljudi trebaju drzati zajedno, jer samo tako \u0107e mo\u0107i lak\u0161e da prevazi\u0111u sve neda\u0107e koje \u017eivot nosi sa sobom i da na kraju iza\u0111u jo\u0161 ja\u010di.<\/p>\n<p>Foto &#8211; Igor Motl<\/p>\n<p><a href=\"https:\/\/www.prijedordanas.com\/wp-content\/uploads\/2022\/07\/igor-motl-the-bechars-koncert-10godina-5.jpg\"><img loading=\"lazy\" decoding=\"async\" src=\"https:\/\/www.prijedordanas.com\/wp-content\/uploads\/2022\/07\/igor-motl-the-bechars-koncert-10godina-5-300x200.jpg\" alt=\"\" width=\"300\" height=\"200\" class=\"alignleft size-medium wp-image-189299\" srcset=\"https:\/\/www.prijedordanas.com\/wp-content\/uploads\/2022\/07\/igor-motl-the-bechars-koncert-10godina-5-300x200.jpg 300w, https:\/\/www.prijedordanas.com\/wp-content\/uploads\/2022\/07\/igor-motl-the-bechars-koncert-10godina-5-480x320.jpg 480w, https:\/\/www.prijedordanas.com\/wp-content\/uploads\/2022\/07\/igor-motl-the-bechars-koncert-10godina-5.jpg 600w\" sizes=\"(max-width: 300px) 100vw, 300px\" \/><\/a> <a href=\"https:\/\/www.prijedordanas.com\/wp-content\/uploads\/2022\/07\/igor-motl-the-bechars-koncert-10godina-6.jpg\"><img loading=\"lazy\" decoding=\"async\" src=\"https:\/\/www.prijedordanas.com\/wp-content\/uploads\/2022\/07\/igor-motl-the-bechars-koncert-10godina-6-300x200.jpg\" alt=\"\" width=\"300\" height=\"200\" class=\"alignleft size-medium wp-image-189300\" srcset=\"https:\/\/www.prijedordanas.com\/wp-content\/uploads\/2022\/07\/igor-motl-the-bechars-koncert-10godina-6-300x200.jpg 300w, https:\/\/www.prijedordanas.com\/wp-content\/uploads\/2022\/07\/igor-motl-the-bechars-koncert-10godina-6-480x320.jpg 480w, https:\/\/www.prijedordanas.com\/wp-content\/uploads\/2022\/07\/igor-motl-the-bechars-koncert-10godina-6.jpg 600w\" sizes=\"(max-width: 300px) 100vw, 300px\" \/><\/a> <a href=\"https:\/\/www.prijedordanas.com\/wp-content\/uploads\/2022\/07\/igor-motl-the-bechars-koncert-10godina-7.jpg\"><img loading=\"lazy\" decoding=\"async\" src=\"https:\/\/www.prijedordanas.com\/wp-content\/uploads\/2022\/07\/igor-motl-the-bechars-koncert-10godina-7-200x300.jpg\" alt=\"\" width=\"200\" height=\"300\" class=\"alignleft size-medium wp-image-189301\" srcset=\"https:\/\/www.prijedordanas.com\/wp-content\/uploads\/2022\/07\/igor-motl-the-bechars-koncert-10godina-7-200x300.jpg 200w, https:\/\/www.prijedordanas.com\/wp-content\/uploads\/2022\/07\/igor-motl-the-bechars-koncert-10godina-7.jpg 400w\" sizes=\"(max-width: 200px) 100vw, 200px\" \/><\/a> <a href=\"https:\/\/www.prijedordanas.com\/wp-content\/uploads\/2022\/07\/igor-motl-the-bechars-koncert-10godina-8.jpg\"><img loading=\"lazy\" decoding=\"async\" src=\"https:\/\/www.prijedordanas.com\/wp-content\/uploads\/2022\/07\/igor-motl-the-bechars-koncert-10godina-8-200x300.jpg\" alt=\"\" width=\"200\" height=\"300\" class=\"alignleft size-medium wp-image-189302\" srcset=\"https:\/\/www.prijedordanas.com\/wp-content\/uploads\/2022\/07\/igor-motl-the-bechars-koncert-10godina-8-200x300.jpg 200w, https:\/\/www.prijedordanas.com\/wp-content\/uploads\/2022\/07\/igor-motl-the-bechars-koncert-10godina-8.jpg 400w\" sizes=\"(max-width: 200px) 100vw, 200px\" \/><\/a><\/p>\n<p><iframe loading=\"lazy\" title=\"The Bechar5 - Donji dio neba\" width=\"500\" height=\"281\" src=\"https:\/\/www.youtube.com\/embed\/EEhdJka_FTU?feature=oembed\" frameborder=\"0\" allow=\"accelerometer; autoplay; clipboard-write; encrypted-media; gyroscope; picture-in-picture\" allowfullscreen><\/iframe><\/p>\n","protected":false},"excerpt":{"rendered":"<p>Koncertom na Malom gradskom trgu u subotu uve\u010de i promocijom spota za pjesmu &#8220;Donji dio neba&#8221;, prijedorski bend \u201cThe Bechars\u201d obilje\u017eio je svoj jubilej, 10 godina postojanja i uspje\u0161nog rada. [&hellip;]<\/p>\n","protected":false},"author":1,"featured_media":0,"comment_status":"closed","ping_status":"open","sticky":false,"template":"","format":"standard","meta":{"_monsterinsights_skip_tracking":false,"_monsterinsights_sitenote_active":false,"_monsterinsights_sitenote_note":"","_monsterinsights_sitenote_category":0,"footnotes":""},"categories":[6],"tags":[],"yoast_head":"<!-- This site is optimized with the Yoast SEO plugin v21.6 - https:\/\/yoast.com\/wordpress\/plugins\/seo\/ -->\n<title>Prijedorski bend &quot;The Bechars&quot; koncertom u centru grada obilje\u017eio deceniju postojanja - FOTO\/VIDEO - PrijedorDanas.com - Prijedorski gradski portal<\/title>\n<meta name=\"robots\" content=\"index, follow, max-snippet:-1, max-image-preview:large, max-video-preview:-1\" \/>\n<link rel=\"canonical\" href=\"https:\/\/www.prijedordanas.com\/?p=189294\" \/>\n<meta property=\"og:locale\" content=\"en_US\" \/>\n<meta property=\"og:type\" content=\"article\" \/>\n<meta property=\"og:title\" content=\"Prijedorski bend &quot;The Bechars&quot; koncertom u centru grada obilje\u017eio deceniju postojanja - FOTO\/VIDEO - PrijedorDanas.com - Prijedorski gradski portal\" \/>\n<meta property=\"og:description\" content=\"Koncertom na Malom gradskom trgu u subotu uve\u010de i promocijom spota za pjesmu &#8220;Donji dio neba&#8221;, prijedorski bend \u201cThe Bechars\u201d obilje\u017eio je svoj jubilej, 10 godina postojanja i uspje\u0161nog rada. [&hellip;]\" \/>\n<meta property=\"og:url\" content=\"https:\/\/www.prijedordanas.com\/?p=189294\" \/>\n<meta property=\"og:site_name\" content=\"PrijedorDanas.com - Prijedorski gradski portal\" \/>\n<meta property=\"article:publisher\" content=\"https:\/\/www.facebook.com\/PrijedorDanasCom\/\" \/>\n<meta property=\"article:published_time\" content=\"2022-07-26T12:02:14+00:00\" \/>\n<meta property=\"og:image\" content=\"https:\/\/www.prijedordanas.com\/wp-content\/uploads\/2022\/07\/igor-motl-the-bechars-koncert-10godina-1-300x222.jpg\" \/>\n<meta name=\"author\" content=\"admin\" \/>\n<meta name=\"twitter:card\" content=\"summary_large_image\" \/>\n<meta name=\"twitter:label1\" content=\"Written by\" \/>\n\t<meta name=\"twitter:data1\" content=\"admin\" \/>\n\t<meta name=\"twitter:label2\" content=\"Est. reading time\" \/>\n\t<meta name=\"twitter:data2\" content=\"3 minutes\" \/>\n<script type=\"application\/ld+json\" class=\"yoast-schema-graph\">{\"@context\":\"https:\/\/schema.org\",\"@graph\":[{\"@type\":\"Article\",\"@id\":\"https:\/\/www.prijedordanas.com\/?p=189294#article\",\"isPartOf\":{\"@id\":\"https:\/\/www.prijedordanas.com\/?p=189294\"},\"author\":{\"name\":\"admin\",\"@id\":\"https:\/\/www.prijedordanas.com\/#\/schema\/person\/4e08ccf29b506ca916ff86d46bb700e6\"},\"headline\":\"Prijedorski bend &#8220;The Bechars&#8221; koncertom u centru grada obilje\u017eio deceniju postojanja &#8211; FOTO\/VIDEO\",\"datePublished\":\"2022-07-26T12:02:14+00:00\",\"dateModified\":\"2022-07-26T12:02:14+00:00\",\"mainEntityOfPage\":{\"@id\":\"https:\/\/www.prijedordanas.com\/?p=189294\"},\"wordCount\":371,\"publisher\":{\"@id\":\"https:\/\/www.prijedordanas.com\/#organization\"},\"articleSection\":[\"Kultura\"],\"inLanguage\":\"en-US\"},{\"@type\":\"WebPage\",\"@id\":\"https:\/\/www.prijedordanas.com\/?p=189294\",\"url\":\"https:\/\/www.prijedordanas.com\/?p=189294\",\"name\":\"Prijedorski bend \\\"The Bechars\\\" koncertom u centru grada obilje\u017eio deceniju postojanja - FOTO\/VIDEO - PrijedorDanas.com - Prijedorski gradski portal\",\"isPartOf\":{\"@id\":\"https:\/\/www.prijedordanas.com\/#website\"},\"datePublished\":\"2022-07-26T12:02:14+00:00\",\"dateModified\":\"2022-07-26T12:02:14+00:00\",\"breadcrumb\":{\"@id\":\"https:\/\/www.prijedordanas.com\/?p=189294#breadcrumb\"},\"inLanguage\":\"en-US\",\"potentialAction\":[{\"@type\":\"ReadAction\",\"target\":[\"https:\/\/www.prijedordanas.com\/?p=189294\"]}]},{\"@type\":\"BreadcrumbList\",\"@id\":\"https:\/\/www.prijedordanas.com\/?p=189294#breadcrumb\",\"itemListElement\":[{\"@type\":\"ListItem\",\"position\":1,\"name\":\"Home\",\"item\":\"https:\/\/www.prijedordanas.com\/\"},{\"@type\":\"ListItem\",\"position\":2,\"name\":\"Prijedorski bend &#8220;The Bechars&#8221; koncertom u centru grada obilje\u017eio deceniju postojanja &#8211; FOTO\/VIDEO\"}]},{\"@type\":\"WebSite\",\"@id\":\"https:\/\/www.prijedordanas.com\/#website\",\"url\":\"https:\/\/www.prijedordanas.com\/\",\"name\":\"PrijedorDanas.com - Prijedorski gradski portal\",\"description\":\"Portal o doga\u0111anjima u gradu Prijedoru\",\"publisher\":{\"@id\":\"https:\/\/www.prijedordanas.com\/#organization\"},\"potentialAction\":[{\"@type\":\"SearchAction\",\"target\":{\"@type\":\"EntryPoint\",\"urlTemplate\":\"https:\/\/www.prijedordanas.com\/?s={search_term_string}\"},\"query-input\":\"required name=search_term_string\"}],\"inLanguage\":\"en-US\"},{\"@type\":\"Organization\",\"@id\":\"https:\/\/www.prijedordanas.com\/#organization\",\"name\":\"PrijedorDanas.com\",\"url\":\"https:\/\/www.prijedordanas.com\/\",\"logo\":{\"@type\":\"ImageObject\",\"inLanguage\":\"en-US\",\"@id\":\"https:\/\/www.prijedordanas.com\/#\/schema\/logo\/image\/\",\"url\":\"http:\/\/www.prijedordanas.com\/wp-content\/uploads\/2021\/12\/logopng.png\",\"contentUrl\":\"http:\/\/www.prijedordanas.com\/wp-content\/uploads\/2021\/12\/logopng.png\",\"width\":1019,\"height\":776,\"caption\":\"PrijedorDanas.com\"},\"image\":{\"@id\":\"https:\/\/www.prijedordanas.com\/#\/schema\/logo\/image\/\"},\"sameAs\":[\"https:\/\/www.facebook.com\/PrijedorDanasCom\/\"]},{\"@type\":\"Person\",\"@id\":\"https:\/\/www.prijedordanas.com\/#\/schema\/person\/4e08ccf29b506ca916ff86d46bb700e6\",\"name\":\"admin\",\"image\":{\"@type\":\"ImageObject\",\"inLanguage\":\"en-US\",\"@id\":\"https:\/\/www.prijedordanas.com\/#\/schema\/person\/image\/\",\"url\":\"https:\/\/secure.gravatar.com\/avatar\/1d3fc949d550f0b53a5f0d51e06dfd79?s=96&d=mm&r=g\",\"contentUrl\":\"https:\/\/secure.gravatar.com\/avatar\/1d3fc949d550f0b53a5f0d51e06dfd79?s=96&d=mm&r=g\",\"caption\":\"admin\"},\"url\":\"https:\/\/www.prijedordanas.com\/?author=1\"}]}<\/script>\n<!-- \/ Yoast SEO plugin. -->","yoast_head_json":{"title":"Prijedorski bend \"The Bechars\" koncertom u centru grada obilje\u017eio deceniju postojanja - FOTO\/VIDEO - PrijedorDanas.com - Prijedorski gradski portal","robots":{"index":"index","follow":"follow","max-snippet":"max-snippet:-1","max-image-preview":"max-image-preview:large","max-video-preview":"max-video-preview:-1"},"canonical":"https:\/\/www.prijedordanas.com\/?p=189294","og_locale":"en_US","og_type":"article","og_title":"Prijedorski bend \"The Bechars\" koncertom u centru grada obilje\u017eio deceniju postojanja - FOTO\/VIDEO - PrijedorDanas.com - Prijedorski gradski portal","og_description":"Koncertom na Malom gradskom trgu u subotu uve\u010de i promocijom spota za pjesmu &#8220;Donji dio neba&#8221;, prijedorski bend \u201cThe Bechars\u201d obilje\u017eio je svoj jubilej, 10 godina postojanja i uspje\u0161nog rada. [&hellip;]","og_url":"https:\/\/www.prijedordanas.com\/?p=189294","og_site_name":"PrijedorDanas.com - Prijedorski gradski portal","article_publisher":"https:\/\/www.facebook.com\/PrijedorDanasCom\/","article_published_time":"2022-07-26T12:02:14+00:00","og_image":[{"url":"https:\/\/www.prijedordanas.com\/wp-content\/uploads\/2022\/07\/igor-motl-the-bechars-koncert-10godina-1-300x222.jpg"}],"author":"admin","twitter_card":"summary_large_image","twitter_misc":{"Written by":"admin","Est. reading time":"3 minutes"},"schema":{"@context":"https:\/\/schema.org","@graph":[{"@type":"Article","@id":"https:\/\/www.prijedordanas.com\/?p=189294#article","isPartOf":{"@id":"https:\/\/www.prijedordanas.com\/?p=189294"},"author":{"name":"admin","@id":"https:\/\/www.prijedordanas.com\/#\/schema\/person\/4e08ccf29b506ca916ff86d46bb700e6"},"headline":"Prijedorski bend &#8220;The Bechars&#8221; koncertom u centru grada obilje\u017eio deceniju postojanja &#8211; FOTO\/VIDEO","datePublished":"2022-07-26T12:02:14+00:00","dateModified":"2022-07-26T12:02:14+00:00","mainEntityOfPage":{"@id":"https:\/\/www.prijedordanas.com\/?p=189294"},"wordCount":371,"publisher":{"@id":"https:\/\/www.prijedordanas.com\/#organization"},"articleSection":["Kultura"],"inLanguage":"en-US"},{"@type":"WebPage","@id":"https:\/\/www.prijedordanas.com\/?p=189294","url":"https:\/\/www.prijedordanas.com\/?p=189294","name":"Prijedorski bend \"The Bechars\" koncertom u centru grada obilje\u017eio deceniju postojanja - FOTO\/VIDEO - PrijedorDanas.com - Prijedorski gradski portal","isPartOf":{"@id":"https:\/\/www.prijedordanas.com\/#website"},"datePublished":"2022-07-26T12:02:14+00:00","dateModified":"2022-07-26T12:02:14+00:00","breadcrumb":{"@id":"https:\/\/www.prijedordanas.com\/?p=189294#breadcrumb"},"inLanguage":"en-US","potentialAction":[{"@type":"ReadAction","target":["https:\/\/www.prijedordanas.com\/?p=189294"]}]},{"@type":"BreadcrumbList","@id":"https:\/\/www.prijedordanas.com\/?p=189294#breadcrumb","itemListElement":[{"@type":"ListItem","position":1,"name":"Home","item":"https:\/\/www.prijedordanas.com\/"},{"@type":"ListItem","position":2,"name":"Prijedorski bend &#8220;The Bechars&#8221; koncertom u centru grada obilje\u017eio deceniju postojanja &#8211; FOTO\/VIDEO"}]},{"@type":"WebSite","@id":"https:\/\/www.prijedordanas.com\/#website","url":"https:\/\/www.prijedordanas.com\/","name":"PrijedorDanas.com - Prijedorski gradski portal","description":"Portal o doga\u0111anjima u gradu Prijedoru","publisher":{"@id":"https:\/\/www.prijedordanas.com\/#organization"},"potentialAction":[{"@type":"SearchAction","target":{"@type":"EntryPoint","urlTemplate":"https:\/\/www.prijedordanas.com\/?s={search_term_string}"},"query-input":"required name=search_term_string"}],"inLanguage":"en-US"},{"@type":"Organization","@id":"https:\/\/www.prijedordanas.com\/#organization","name":"PrijedorDanas.com","url":"https:\/\/www.prijedordanas.com\/","logo":{"@type":"ImageObject","inLanguage":"en-US","@id":"https:\/\/www.prijedordanas.com\/#\/schema\/logo\/image\/","url":"http:\/\/www.prijedordanas.com\/wp-content\/uploads\/2021\/12\/logopng.png","contentUrl":"http:\/\/www.prijedordanas.com\/wp-content\/uploads\/2021\/12\/logopng.png","width":1019,"height":776,"caption":"PrijedorDanas.com"},"image":{"@id":"https:\/\/www.prijedordanas.com\/#\/schema\/logo\/image\/"},"sameAs":["https:\/\/www.facebook.com\/PrijedorDanasCom\/"]},{"@type":"Person","@id":"https:\/\/www.prijedordanas.com\/#\/schema\/person\/4e08ccf29b506ca916ff86d46bb700e6","name":"admin","image":{"@type":"ImageObject","inLanguage":"en-US","@id":"https:\/\/www.prijedordanas.com\/#\/schema\/person\/image\/","url":"https:\/\/secure.gravatar.com\/avatar\/1d3fc949d550f0b53a5f0d51e06dfd79?s=96&d=mm&r=g","contentUrl":"https:\/\/secure.gravatar.com\/avatar\/1d3fc949d550f0b53a5f0d51e06dfd79?s=96&d=mm&r=g","caption":"admin"},"url":"https:\/\/www.prijedordanas.com\/?author=1"}]}},"_links":{"self":[{"href":"https:\/\/www.prijedordanas.com\/index.php?rest_route=\/wp\/v2\/posts\/189294"}],"collection":[{"href":"https:\/\/www.prijedordanas.com\/index.php?rest_route=\/wp\/v2\/posts"}],"about":[{"href":"https:\/\/www.prijedordanas.com\/index.php?rest_route=\/wp\/v2\/types\/post"}],"author":[{"embeddable":true,"href":"https:\/\/www.prijedordanas.com\/index.php?rest_route=\/wp\/v2\/users\/1"}],"replies":[{"embeddable":true,"href":"https:\/\/www.prijedordanas.com\/index.php?rest_route=%2Fwp%2Fv2%2Fcomments&post=189294"}],"version-history":[{"count":1,"href":"https:\/\/www.prijedordanas.com\/index.php?rest_route=\/wp\/v2\/posts\/189294\/revisions"}],"predecessor-version":[{"id":189303,"href":"https:\/\/www.prijedordanas.com\/index.php?rest_route=\/wp\/v2\/posts\/189294\/revisions\/189303"}],"wp:attachment":[{"href":"https:\/\/www.prijedordanas.com\/index.php?rest_route=%2Fwp%2Fv2%2Fmedia&parent=189294"}],"wp:term":[{"taxonomy":"category","embeddable":true,"href":"https:\/\/www.prijedordanas.com\/index.php?rest_route=%2Fwp%2Fv2%2Fcategories&post=189294"},{"taxonomy":"post_tag","embeddable":true,"href":"https:\/\/www.prijedordanas.com\/index.php?rest_route=%2Fwp%2Fv2%2Ftags&post=189294"}],"curies":[{"name":"wp","href":"https:\/\/api.w.org\/{rel}","templated":true}]}}