{"id":189134,"date":"2022-07-22T11:57:42","date_gmt":"2022-07-22T09:57:42","guid":{"rendered":"https:\/\/www.prijedordanas.com\/?p=189134"},"modified":"2022-07-22T11:57:42","modified_gmt":"2022-07-22T09:57:42","slug":"nikola-zaklan-o-izlozbi-na-sa-festu-prijedor-nosi-svoju-inspiraciju","status":"publish","type":"post","link":"https:\/\/www.prijedordanas.com\/?p=189134","title":{"rendered":"Nikola Zaklan o izlo\u017ebi na &#8220;\u0160A Festu&#8221;: Prijedor nosi svoju inspiraciju"},"content":{"rendered":"<p><a href=\"https:\/\/www.prijedordanas.com\/wp-content\/uploads\/2022\/07\/nezavisne-nikola-zaklan-1.jpg\"><img loading=\"lazy\" decoding=\"async\" src=\"https:\/\/www.prijedordanas.com\/wp-content\/uploads\/2022\/07\/nezavisne-nikola-zaklan-1-300x225.jpg\" alt=\"\" width=\"300\" height=\"225\" class=\"alignleft size-medium wp-image-189135\" srcset=\"https:\/\/www.prijedordanas.com\/wp-content\/uploads\/2022\/07\/nezavisne-nikola-zaklan-1-300x225.jpg 300w, https:\/\/www.prijedordanas.com\/wp-content\/uploads\/2022\/07\/nezavisne-nikola-zaklan-1-640x480.jpg 640w, https:\/\/www.prijedordanas.com\/wp-content\/uploads\/2022\/07\/nezavisne-nikola-zaklan-1.jpg 667w\" sizes=\"(max-width: 300px) 100vw, 300px\" \/><\/a>Nikola Zaklan je akademski slikar \u010diji su radovi od ju\u010de izlo\u017eeni u prostoru gradske galerije &#8220;Sreten Stojanovi\u0107&#8221; u Prijedoru, a ovaj umjetnik \u0107e ispred pomenute galerije u takozvanom Art kutku, u okviru prate\u0107eg programa &#8220;\u0160A festa&#8221;, 27. i 28. jula, sa svojim saradnicima i prvom \u0160A stipendistkinjom Dajanom Nedi\u0107 raditi s prolaznicima i djecom na posebnom umjetni\u010dkom radu.<\/p>\n<p>&#8220;Bi\u0107emo svjedoci, ali i akteri nastajanja umjetni\u010dkog djela&#8221;, isti\u010du iz organizacije &#8220;\u0160A festa&#8221;, memorijalnog festivala posve\u0107enog Daliboru Popovi\u0107u Mik\u0161i, prijedorskom muzi\u010daru i slikaru. Ina\u010de, Zaklan prati &#8220;\u0160A fest&#8221; od 2018. godine crtaju\u0107i na bini Ljetne ba\u0161te, a njegova izlo\u017eba koja se sastoji od ovih radova je prodajnog karaktera i publika \u0107e mo\u0107i da je pogleda do 2. avgusta.<\/p>\n<p>&#8220;Pet stotina slika, 4.000 crte\u017ea, 20 grafika, dva mozaika, 15 ikona, pet skulptura, tri murala, pet oslikanih kafana, pet de\u010djih soba, 60 kvadratnih metara pozlate, dva panja, stotinak skulptura u snegu (uklju\u010duju\u0107i i dva Sne\u0161ka), \u010detiri kerami\u010dke posude, napravio sam jedan trono\u017eac, oslikao 10 gitara, jedno violon\u010delo, jedan par skija, jedan skejt, 10 tikvi, ilustrovao dve knjige, napravio tablu i figure za quarto&#8230;&#8221;, dio je impresivne biografije Nikole Zaklana, kojem je aktuelna izlo\u017eba u Prijedoru jedanaesta samostalna. Vi\u0161e o izlo\u017ebi, &#8220;\u0160A festu&#8221; i poznanstvu sa Mik\u0161om, Zaklan je ovim povodom govorio za &#8220;Nezavisne&#8221;.<\/p>\n<p><a href=\"https:\/\/www.prijedordanas.com\/wp-content\/uploads\/2022\/07\/nezavisne-nikola-zaklan-2.jpg\"><img loading=\"lazy\" decoding=\"async\" src=\"https:\/\/www.prijedordanas.com\/wp-content\/uploads\/2022\/07\/nezavisne-nikola-zaklan-2-200x300.jpg\" alt=\"\" width=\"200\" height=\"300\" class=\"alignleft size-medium wp-image-189136\" srcset=\"https:\/\/www.prijedordanas.com\/wp-content\/uploads\/2022\/07\/nezavisne-nikola-zaklan-2-200x300.jpg 200w, https:\/\/www.prijedordanas.com\/wp-content\/uploads\/2022\/07\/nezavisne-nikola-zaklan-2.jpg 400w\" sizes=\"(max-width: 200px) 100vw, 200px\" \/><\/a>NN: Recite nam ne\u0161to vi\u0161e o crte\u017eima koje izla\u017eete u Prijedoru?<\/p>\n<p>ZAKLAN: Radi se o crte\u017eima muzi\u010dara koji su nastupali na &#8220;\u0160A festu&#8221;, napravljenim za vreme svirke. Kad je nastala ideja za pokretanje festivala imao sam jaku \u017eelju da u\u010destvujem u njegovom obele\u017eavanju, a najbolji sam u crtanju. Radovi su moj li\u010dni do\u017eivljaj muzi\u010dara koji su u\u010destvovali na &#8220;\u0160A festu&#8221;. Ra\u0111eni su na crnom papiru, a svaki rad ima i autogram izvo\u0111a\u010da koji je nacrtan.<\/p>\n<p>NN: Da li je te\u017ee stvarati u ateljeu ili na terenu, u ovom slu\u010daju na jednom muzi\u010dkom festivalu?<\/p>\n<p>ZAKLAN: Kad radi\u0161 ono \u0161to voli\u0161, ni\u0161ta nije te\u0161ko. Poseban je do\u017eivljaj raditi na festivalu, koncertu, predstavi. Energija, atmosfera, muzi\u010dari, publika, zvuk, svetla, interakcija benda s publikom, sve \u010dini atmosferu koja se odmah mo\u017ee preneti na papir, tako i crte\u017e i ja postajemo deo svega.<\/p>\n<p>NN: Kakvo je Va\u0161e mi\u0161ljenje o slikarskom radu Dalibora Popovi\u0107a Mik\u0161e, kojem je posve\u0107en &#8220;\u0160A fest&#8221;?<\/p>\n<p>ZAKLAN: Mik\u0161a i ja smo se upoznali kad smo bili studenti na Akademiji. Ja sam bio na starijoj klasi, i \u010desto smo bili u situaciji da mu je trebao savet oko radova koje je radio u to vreme. Kasnije sam ja sedeo uz njega i u\u010dio stvari koje je on radio. Svaki Mik\u0161in rad je protkan njegovim talentom, \u010dovek koji slika, svira, pi\u0161e nije mogao da poka\u017ee manje. Bukvalno sam \u017eeleo da nau\u010dim njegovu tehniku.<\/p>\n<p>NN: Ina\u010de, Prijedor je bio i ostao grad zna\u010dajnih likovnih umjetnika. Koja je tajna prijedorske likovne scene, odnosno velikih slikarskih imena ovog kraja?<\/p>\n<p>ZAKLAN: Kozara, bukva, \u0161ljiva, magla, reka&#8230; Koja li je tajna? Svaka sredina nosi svoju inspiraciju. Ja koji sam odrastao u Subotici sam do\u017eiveo Prijedor kao opu\u0161ten grad. Mo\u017eda \u017eivot u manjem gradu ima manje distrakcija, \u010dime daje mogu\u0107nost ve\u0107e koncentracije i li\u010dne slobode, dozvoljava ti da bude\u0161 \u010dist, neiskvaren, oslobo\u0111en stega, \u0161to u principu i jeste umetnost.<\/p>\n<p>NN: Prije ne\u0161to vi\u0161e od dvije godine u intervjuu za &#8220;Nezavisne&#8221; kazali ste da je likovna scena kod nas vi\u0161e sajamskog tipa nego umjetni\u010dko-izlaga\u010dko-istra\u017eiva\u010dkog. Da li se situacija mijenja nabolje ili ne?<\/p>\n<p>ZAKLAN: Ve\u0107 neko vreme ne \u017eivim ovde, mo\u017eda nisam kompetentan da odgovorim na ovo pitanje. \u0160ta ka\u017eu kolege, ide li nabolje?<\/p>\n<p>NN: Pred samu pandemiju kazali ste da ste se vratili crte\u017eu nakon petnaestak godina u kojima ste bili posve\u0107eni slikama i skulpturi. Da li je i dalje crte\u017e najdominantniji u Va\u0161em radu i koliko Vam imponuje to \u0161to su Vas poslije izlo\u017ebe &#8220;No\u0107ni pijanista&#8221; nazvali majstorom u scenama mraka?<\/p>\n<p>ZAKLAN: Svi moji radovi poti\u010du od crte\u017ea. Da li \u0107e iz njega da iza\u0111e slika ili skulptura, pitanje je trenutka. Lepo je kad ljudi prepoznaju tvoj rad, kad ga do\u017eive i osete.<\/p>\n<p>NN: Ro\u0111eni ste u Subotici, \u0161kolovali ste se u Banjaluci, a trenutno \u017eivite u Beogradu&#8230;<\/p>\n<p>ZAKLAN: \u017divot ide, donosi nove stvari i uvek se \u010dini boljim od onog prethodnog, donosi bolju verziju tebe, nadogra\u0111uje i ispunjava. Ja nikada ne\u0107u isklju\u010diti Banjaluku, bukvalno je ose\u0107am kao svoj grad, gde sam diplomirao, o\u017eenio se. Subotica je moja. Beograd je moj. \u0160ta \u0107e biti slede\u0107e, vide\u0107emo.<\/p>\n<p><a href=\"https:\/\/www.nezavisne.com\/kultura\/vizuelna-umjetnost\/Nikola-Zaklan-za-Nezavisne-Svaka-sredina-nosi-svoju-inspiraciju\/727652\" rel=\"noopener\" target=\"_blank\">nezavisne.com<\/a><\/p>\n","protected":false},"excerpt":{"rendered":"<p>Nikola Zaklan je akademski slikar \u010diji su radovi od ju\u010de izlo\u017eeni u prostoru gradske galerije &#8220;Sreten Stojanovi\u0107&#8221; u Prijedoru, a ovaj umjetnik \u0107e ispred pomenute galerije u takozvanom Art kutku, [&hellip;]<\/p>\n","protected":false},"author":1,"featured_media":0,"comment_status":"closed","ping_status":"open","sticky":false,"template":"","format":"standard","meta":{"_monsterinsights_skip_tracking":false,"_monsterinsights_sitenote_active":false,"_monsterinsights_sitenote_note":"","_monsterinsights_sitenote_category":0,"footnotes":""},"categories":[6],"tags":[],"yoast_head":"<!-- This site is optimized with the Yoast SEO plugin v21.6 - https:\/\/yoast.com\/wordpress\/plugins\/seo\/ -->\n<title>Nikola Zaklan o izlo\u017ebi na &quot;\u0160A Festu&quot;: Prijedor nosi svoju inspiraciju - PrijedorDanas.com - Prijedorski gradski portal<\/title>\n<meta name=\"robots\" content=\"index, follow, max-snippet:-1, max-image-preview:large, max-video-preview:-1\" \/>\n<link rel=\"canonical\" href=\"https:\/\/www.prijedordanas.com\/?p=189134\" \/>\n<meta property=\"og:locale\" content=\"en_US\" \/>\n<meta property=\"og:type\" content=\"article\" \/>\n<meta property=\"og:title\" content=\"Nikola Zaklan o izlo\u017ebi na &quot;\u0160A Festu&quot;: Prijedor nosi svoju inspiraciju - PrijedorDanas.com - Prijedorski gradski portal\" \/>\n<meta property=\"og:description\" content=\"Nikola Zaklan je akademski slikar \u010diji su radovi od ju\u010de izlo\u017eeni u prostoru gradske galerije &#8220;Sreten Stojanovi\u0107&#8221; u Prijedoru, a ovaj umjetnik \u0107e ispred pomenute galerije u takozvanom Art kutku, [&hellip;]\" \/>\n<meta property=\"og:url\" content=\"https:\/\/www.prijedordanas.com\/?p=189134\" \/>\n<meta property=\"og:site_name\" content=\"PrijedorDanas.com - Prijedorski gradski portal\" \/>\n<meta property=\"article:publisher\" content=\"https:\/\/www.facebook.com\/PrijedorDanasCom\/\" \/>\n<meta property=\"article:published_time\" content=\"2022-07-22T09:57:42+00:00\" \/>\n<meta property=\"og:image\" content=\"https:\/\/www.prijedordanas.com\/wp-content\/uploads\/2022\/07\/nezavisne-nikola-zaklan-1-300x225.jpg\" \/>\n<meta name=\"author\" content=\"admin\" \/>\n<meta name=\"twitter:card\" content=\"summary_large_image\" \/>\n<meta name=\"twitter:label1\" content=\"Written by\" \/>\n\t<meta name=\"twitter:data1\" content=\"admin\" \/>\n\t<meta name=\"twitter:label2\" content=\"Est. reading time\" \/>\n\t<meta name=\"twitter:data2\" content=\"4 minutes\" \/>\n<script type=\"application\/ld+json\" class=\"yoast-schema-graph\">{\"@context\":\"https:\/\/schema.org\",\"@graph\":[{\"@type\":\"Article\",\"@id\":\"https:\/\/www.prijedordanas.com\/?p=189134#article\",\"isPartOf\":{\"@id\":\"https:\/\/www.prijedordanas.com\/?p=189134\"},\"author\":{\"name\":\"admin\",\"@id\":\"https:\/\/www.prijedordanas.com\/#\/schema\/person\/4e08ccf29b506ca916ff86d46bb700e6\"},\"headline\":\"Nikola Zaklan o izlo\u017ebi na &#8220;\u0160A Festu&#8221;: Prijedor nosi svoju inspiraciju\",\"datePublished\":\"2022-07-22T09:57:42+00:00\",\"dateModified\":\"2022-07-22T09:57:42+00:00\",\"mainEntityOfPage\":{\"@id\":\"https:\/\/www.prijedordanas.com\/?p=189134\"},\"wordCount\":816,\"publisher\":{\"@id\":\"https:\/\/www.prijedordanas.com\/#organization\"},\"articleSection\":[\"Kultura\"],\"inLanguage\":\"en-US\"},{\"@type\":\"WebPage\",\"@id\":\"https:\/\/www.prijedordanas.com\/?p=189134\",\"url\":\"https:\/\/www.prijedordanas.com\/?p=189134\",\"name\":\"Nikola Zaklan o izlo\u017ebi na \\\"\u0160A Festu\\\": Prijedor nosi svoju inspiraciju - PrijedorDanas.com - Prijedorski gradski portal\",\"isPartOf\":{\"@id\":\"https:\/\/www.prijedordanas.com\/#website\"},\"datePublished\":\"2022-07-22T09:57:42+00:00\",\"dateModified\":\"2022-07-22T09:57:42+00:00\",\"breadcrumb\":{\"@id\":\"https:\/\/www.prijedordanas.com\/?p=189134#breadcrumb\"},\"inLanguage\":\"en-US\",\"potentialAction\":[{\"@type\":\"ReadAction\",\"target\":[\"https:\/\/www.prijedordanas.com\/?p=189134\"]}]},{\"@type\":\"BreadcrumbList\",\"@id\":\"https:\/\/www.prijedordanas.com\/?p=189134#breadcrumb\",\"itemListElement\":[{\"@type\":\"ListItem\",\"position\":1,\"name\":\"Home\",\"item\":\"https:\/\/www.prijedordanas.com\/\"},{\"@type\":\"ListItem\",\"position\":2,\"name\":\"Nikola Zaklan o izlo\u017ebi na &#8220;\u0160A Festu&#8221;: Prijedor nosi svoju inspiraciju\"}]},{\"@type\":\"WebSite\",\"@id\":\"https:\/\/www.prijedordanas.com\/#website\",\"url\":\"https:\/\/www.prijedordanas.com\/\",\"name\":\"PrijedorDanas.com - Prijedorski gradski portal\",\"description\":\"Portal o doga\u0111anjima u gradu Prijedoru\",\"publisher\":{\"@id\":\"https:\/\/www.prijedordanas.com\/#organization\"},\"potentialAction\":[{\"@type\":\"SearchAction\",\"target\":{\"@type\":\"EntryPoint\",\"urlTemplate\":\"https:\/\/www.prijedordanas.com\/?s={search_term_string}\"},\"query-input\":\"required name=search_term_string\"}],\"inLanguage\":\"en-US\"},{\"@type\":\"Organization\",\"@id\":\"https:\/\/www.prijedordanas.com\/#organization\",\"name\":\"PrijedorDanas.com\",\"url\":\"https:\/\/www.prijedordanas.com\/\",\"logo\":{\"@type\":\"ImageObject\",\"inLanguage\":\"en-US\",\"@id\":\"https:\/\/www.prijedordanas.com\/#\/schema\/logo\/image\/\",\"url\":\"http:\/\/www.prijedordanas.com\/wp-content\/uploads\/2021\/12\/logopng.png\",\"contentUrl\":\"http:\/\/www.prijedordanas.com\/wp-content\/uploads\/2021\/12\/logopng.png\",\"width\":1019,\"height\":776,\"caption\":\"PrijedorDanas.com\"},\"image\":{\"@id\":\"https:\/\/www.prijedordanas.com\/#\/schema\/logo\/image\/\"},\"sameAs\":[\"https:\/\/www.facebook.com\/PrijedorDanasCom\/\"]},{\"@type\":\"Person\",\"@id\":\"https:\/\/www.prijedordanas.com\/#\/schema\/person\/4e08ccf29b506ca916ff86d46bb700e6\",\"name\":\"admin\",\"image\":{\"@type\":\"ImageObject\",\"inLanguage\":\"en-US\",\"@id\":\"https:\/\/www.prijedordanas.com\/#\/schema\/person\/image\/\",\"url\":\"https:\/\/secure.gravatar.com\/avatar\/1d3fc949d550f0b53a5f0d51e06dfd79?s=96&d=mm&r=g\",\"contentUrl\":\"https:\/\/secure.gravatar.com\/avatar\/1d3fc949d550f0b53a5f0d51e06dfd79?s=96&d=mm&r=g\",\"caption\":\"admin\"},\"url\":\"https:\/\/www.prijedordanas.com\/?author=1\"}]}<\/script>\n<!-- \/ Yoast SEO plugin. -->","yoast_head_json":{"title":"Nikola Zaklan o izlo\u017ebi na \"\u0160A Festu\": Prijedor nosi svoju inspiraciju - PrijedorDanas.com - Prijedorski gradski portal","robots":{"index":"index","follow":"follow","max-snippet":"max-snippet:-1","max-image-preview":"max-image-preview:large","max-video-preview":"max-video-preview:-1"},"canonical":"https:\/\/www.prijedordanas.com\/?p=189134","og_locale":"en_US","og_type":"article","og_title":"Nikola Zaklan o izlo\u017ebi na \"\u0160A Festu\": Prijedor nosi svoju inspiraciju - PrijedorDanas.com - Prijedorski gradski portal","og_description":"Nikola Zaklan je akademski slikar \u010diji su radovi od ju\u010de izlo\u017eeni u prostoru gradske galerije &#8220;Sreten Stojanovi\u0107&#8221; u Prijedoru, a ovaj umjetnik \u0107e ispred pomenute galerije u takozvanom Art kutku, [&hellip;]","og_url":"https:\/\/www.prijedordanas.com\/?p=189134","og_site_name":"PrijedorDanas.com - Prijedorski gradski portal","article_publisher":"https:\/\/www.facebook.com\/PrijedorDanasCom\/","article_published_time":"2022-07-22T09:57:42+00:00","og_image":[{"url":"https:\/\/www.prijedordanas.com\/wp-content\/uploads\/2022\/07\/nezavisne-nikola-zaklan-1-300x225.jpg"}],"author":"admin","twitter_card":"summary_large_image","twitter_misc":{"Written by":"admin","Est. reading time":"4 minutes"},"schema":{"@context":"https:\/\/schema.org","@graph":[{"@type":"Article","@id":"https:\/\/www.prijedordanas.com\/?p=189134#article","isPartOf":{"@id":"https:\/\/www.prijedordanas.com\/?p=189134"},"author":{"name":"admin","@id":"https:\/\/www.prijedordanas.com\/#\/schema\/person\/4e08ccf29b506ca916ff86d46bb700e6"},"headline":"Nikola Zaklan o izlo\u017ebi na &#8220;\u0160A Festu&#8221;: Prijedor nosi svoju inspiraciju","datePublished":"2022-07-22T09:57:42+00:00","dateModified":"2022-07-22T09:57:42+00:00","mainEntityOfPage":{"@id":"https:\/\/www.prijedordanas.com\/?p=189134"},"wordCount":816,"publisher":{"@id":"https:\/\/www.prijedordanas.com\/#organization"},"articleSection":["Kultura"],"inLanguage":"en-US"},{"@type":"WebPage","@id":"https:\/\/www.prijedordanas.com\/?p=189134","url":"https:\/\/www.prijedordanas.com\/?p=189134","name":"Nikola Zaklan o izlo\u017ebi na \"\u0160A Festu\": Prijedor nosi svoju inspiraciju - PrijedorDanas.com - Prijedorski gradski portal","isPartOf":{"@id":"https:\/\/www.prijedordanas.com\/#website"},"datePublished":"2022-07-22T09:57:42+00:00","dateModified":"2022-07-22T09:57:42+00:00","breadcrumb":{"@id":"https:\/\/www.prijedordanas.com\/?p=189134#breadcrumb"},"inLanguage":"en-US","potentialAction":[{"@type":"ReadAction","target":["https:\/\/www.prijedordanas.com\/?p=189134"]}]},{"@type":"BreadcrumbList","@id":"https:\/\/www.prijedordanas.com\/?p=189134#breadcrumb","itemListElement":[{"@type":"ListItem","position":1,"name":"Home","item":"https:\/\/www.prijedordanas.com\/"},{"@type":"ListItem","position":2,"name":"Nikola Zaklan o izlo\u017ebi na &#8220;\u0160A Festu&#8221;: Prijedor nosi svoju inspiraciju"}]},{"@type":"WebSite","@id":"https:\/\/www.prijedordanas.com\/#website","url":"https:\/\/www.prijedordanas.com\/","name":"PrijedorDanas.com - Prijedorski gradski portal","description":"Portal o doga\u0111anjima u gradu Prijedoru","publisher":{"@id":"https:\/\/www.prijedordanas.com\/#organization"},"potentialAction":[{"@type":"SearchAction","target":{"@type":"EntryPoint","urlTemplate":"https:\/\/www.prijedordanas.com\/?s={search_term_string}"},"query-input":"required name=search_term_string"}],"inLanguage":"en-US"},{"@type":"Organization","@id":"https:\/\/www.prijedordanas.com\/#organization","name":"PrijedorDanas.com","url":"https:\/\/www.prijedordanas.com\/","logo":{"@type":"ImageObject","inLanguage":"en-US","@id":"https:\/\/www.prijedordanas.com\/#\/schema\/logo\/image\/","url":"http:\/\/www.prijedordanas.com\/wp-content\/uploads\/2021\/12\/logopng.png","contentUrl":"http:\/\/www.prijedordanas.com\/wp-content\/uploads\/2021\/12\/logopng.png","width":1019,"height":776,"caption":"PrijedorDanas.com"},"image":{"@id":"https:\/\/www.prijedordanas.com\/#\/schema\/logo\/image\/"},"sameAs":["https:\/\/www.facebook.com\/PrijedorDanasCom\/"]},{"@type":"Person","@id":"https:\/\/www.prijedordanas.com\/#\/schema\/person\/4e08ccf29b506ca916ff86d46bb700e6","name":"admin","image":{"@type":"ImageObject","inLanguage":"en-US","@id":"https:\/\/www.prijedordanas.com\/#\/schema\/person\/image\/","url":"https:\/\/secure.gravatar.com\/avatar\/1d3fc949d550f0b53a5f0d51e06dfd79?s=96&d=mm&r=g","contentUrl":"https:\/\/secure.gravatar.com\/avatar\/1d3fc949d550f0b53a5f0d51e06dfd79?s=96&d=mm&r=g","caption":"admin"},"url":"https:\/\/www.prijedordanas.com\/?author=1"}]}},"_links":{"self":[{"href":"https:\/\/www.prijedordanas.com\/index.php?rest_route=\/wp\/v2\/posts\/189134"}],"collection":[{"href":"https:\/\/www.prijedordanas.com\/index.php?rest_route=\/wp\/v2\/posts"}],"about":[{"href":"https:\/\/www.prijedordanas.com\/index.php?rest_route=\/wp\/v2\/types\/post"}],"author":[{"embeddable":true,"href":"https:\/\/www.prijedordanas.com\/index.php?rest_route=\/wp\/v2\/users\/1"}],"replies":[{"embeddable":true,"href":"https:\/\/www.prijedordanas.com\/index.php?rest_route=%2Fwp%2Fv2%2Fcomments&post=189134"}],"version-history":[{"count":1,"href":"https:\/\/www.prijedordanas.com\/index.php?rest_route=\/wp\/v2\/posts\/189134\/revisions"}],"predecessor-version":[{"id":189137,"href":"https:\/\/www.prijedordanas.com\/index.php?rest_route=\/wp\/v2\/posts\/189134\/revisions\/189137"}],"wp:attachment":[{"href":"https:\/\/www.prijedordanas.com\/index.php?rest_route=%2Fwp%2Fv2%2Fmedia&parent=189134"}],"wp:term":[{"taxonomy":"category","embeddable":true,"href":"https:\/\/www.prijedordanas.com\/index.php?rest_route=%2Fwp%2Fv2%2Fcategories&post=189134"},{"taxonomy":"post_tag","embeddable":true,"href":"https:\/\/www.prijedordanas.com\/index.php?rest_route=%2Fwp%2Fv2%2Ftags&post=189134"}],"curies":[{"name":"wp","href":"https:\/\/api.w.org\/{rel}","templated":true}]}}