{"id":188708,"date":"2022-07-12T21:05:45","date_gmt":"2022-07-12T19:05:45","guid":{"rendered":"https:\/\/www.prijedordanas.com\/?p=188708"},"modified":"2022-07-12T21:05:45","modified_gmt":"2022-07-12T19:05:45","slug":"prijedorcanin-nemanja-matijas-konacno-pusten-na-slobodu-iza-resetaka-proveo-tri-i-po-godine-zbog-katastrofalne-greske-vjestaka","status":"publish","type":"post","link":"https:\/\/www.prijedordanas.com\/?p=188708","title":{"rendered":"Prijedor\u010danin Nemanja Matija\u0161 kona\u010dno pu\u0161ten na slobodu: Iza re\u0161etaka proveo tri i po godine zbog katastrofalne gre\u0161ke vje\u0161taka"},"content":{"rendered":"<p><a href=\"https:\/\/www.prijedordanas.com\/wp-content\/uploads\/2022\/07\/blic-nemanja-matijas-dnk-osudjenik.jpg\"><img loading=\"lazy\" decoding=\"async\" class=\"alignleft size-medium wp-image-188709\" src=\"https:\/\/www.prijedordanas.com\/wp-content\/uploads\/2022\/07\/blic-nemanja-matijas-dnk-osudjenik-300x225.jpg\" alt=\"\" width=\"300\" height=\"225\" srcset=\"https:\/\/www.prijedordanas.com\/wp-content\/uploads\/2022\/07\/blic-nemanja-matijas-dnk-osudjenik-300x225.jpg 300w, https:\/\/www.prijedordanas.com\/wp-content\/uploads\/2022\/07\/blic-nemanja-matijas-dnk-osudjenik-640x480.jpg 640w, https:\/\/www.prijedordanas.com\/wp-content\/uploads\/2022\/07\/blic-nemanja-matijas-dnk-osudjenik.jpg 667w\" sizes=\"(max-width: 300px) 100vw, 300px\" \/><\/a>Nakon \u0161to je proveo tri i po godine \u017eivota iza re\u0161etaka na osnovu katastrofalne gre\u0161ke Zavoda za sudsku medicinu RS kojom je zamijenjen njegov DNK s drugim optu\u017eenim, Prijedor\u010danin Nemanja Matija\u0161 je kona\u010dno pu\u0161ten na slobodu.<\/p>\n<p>Matija\u0161 je pu\u0161ten nakon rje\u0161enja Okru\u017enog suda Banjaluka, koji je prethodno uva\u017eio zahtjev Matija\u0161a za ponavljanje pravosna\u017eno okon\u010danog krivi\u010dnog postupka.<\/p>\n<p>Rje\u0161enjem je nalo\u017eeno da se Matija\u0161 odmah pusti na slobodu, \u0161to je i u\u010dinjeno.<\/p>\n<p>Prema zvani\u010dnim podacima, Prijedor\u010danin je iza re\u0161etaka proveo ukupno tri godine i pet mjeseci od ukupno pet godina koliko je iznosila kazna po presudi.<\/p>\n<p><a href=\"https:\/\/www.prijedordanas.com\/wp-content\/uploads\/2022\/07\/blic-nemanja-matijas-otpusni-list.jpg\"><img loading=\"lazy\" decoding=\"async\" src=\"https:\/\/www.prijedordanas.com\/wp-content\/uploads\/2022\/07\/blic-nemanja-matijas-otpusni-list-200x300.jpg\" alt=\"\" width=\"200\" height=\"300\" class=\"alignleft size-medium wp-image-188710\" srcset=\"https:\/\/www.prijedordanas.com\/wp-content\/uploads\/2022\/07\/blic-nemanja-matijas-otpusni-list-200x300.jpg 200w, https:\/\/www.prijedordanas.com\/wp-content\/uploads\/2022\/07\/blic-nemanja-matijas-otpusni-list.jpg 400w\" sizes=\"(max-width: 200px) 100vw, 200px\" \/><\/a>Za Matija\u0161a borba jo\u0161 nije zavr\u0161ena, jer slijedi ponovljeni postupak u kojem bi kona\u010dno trebala biti ispravljena nepravda prema ovom Prijedor\u010daninu, a o kojoj je portal Srpskainfo detaljno pisao.<\/p>\n<p>\u2013 Borbu u cilju dokazivanja svoje nevinosti nastavljam i \u010dekam da sud zaka\u017ee datum odr\u017eavanja ponovljenog postupka \u2013 izjavio je Matija\u0161 za Srpskainfo.<br \/>\nNejasne okolnosti<\/p>\n<p>Prijedor\u010danin Nemanja Matija\u0161 osu\u0111en je na osnovu gre\u0161ke Zavoda za sudsku medicinu RS, koji je pod jo\u0161 uvijek nejasnim okolnostima zamijenio DNK Matija\u0161a sa DNK drugog optu\u017eenog u ovom slu\u010daju, i to Vanjom Vukovi\u0107em.<\/p>\n<p>Matija\u0161 i Vukovi\u0107 su uhap\u0161eni u avgustu 2017. godine nakon \u0161to je banjalu\u010dka policija u automobilu koji je vozio Vukovi\u0107 prona\u0161la paket s heroinom.<\/p>\n<p>Osumnji\u010denima je odre\u0111en pritvor, a u rekordna 23 dana bila je podignuta i optu\u017enica.<\/p>\n<p>Istragom u ovom slu\u010daju rukovodilo je Okru\u017eno javno tu\u017eila\u0161tvo Banjaluka, koje je zatra\u017eilo vje\u0161ta\u010denje paketa s drogom, u cilju pronalaska DNK tragova.<\/p>\n<p>Nakon \u0161to su pritvoreni, u KPZ Banjaluka i u pratnji policijskih inspektora, do\u0161ao je dugogodi\u0161nji sudski vje\u0161tak Zoran Obradovi\u0107.<\/p>\n<p>Tokom kasnijeg saslu\u0161anja, Obradovi\u0107 je naveo da je briseve bukalne sluznice uzeo od obojice osumnji\u010denih u prisustvu policijskog inspektora i po uobi\u010dajenoj proceduri.<\/p>\n<p>Nema zapisnika<\/p>\n<p>Obradovi\u0107 je tako objasnio da je dokazni materijal ozna\u010dio i li\u010dno ga odnio u Zavod za sudsku medicinu RS. Dugododi\u0161nji sudski vje\u0161tak se, me\u0111utim, nije mogao sjetiti kome je u Zavodu predao DNK tragove, jer o tome nije ni sa\u010dinjen zapisnik!<\/p>\n<p>Tako je ostalo nejasno da li je neko namjerno zamijenio DNK tragove u to vrijeme osumnji\u010denih Vukovi\u0107a i Matija\u0161a i s kakvim ciljem.<\/p>\n<p>Me\u0111utim, ovo bi svakako trebala utvrditi posebna istraga, koja se mora provesti kako bi se ovakvom na\u010dinu rada pojedinaca u policiji ili pravosu\u0111u Republike Srpske kona\u010dno stalo u kraj.<\/p>\n<p>Iako je Vukovi\u0107 sve vrijeme tvrdio da Matija\u0161, koji se u kriti\u010dno vrijeme nalazio na mjestu suvoza\u010da, nije znao \u0161ta se prevozi u autu, iako je Matija\u0161 od po\u010detka tra\u017eio samo jedno, da se ponovi vje\u0161ta\u010denje, njegov zahtjev nijedan sud u kriti\u010dno vrijeme nije \u017eelio uva\u017eiti. Propust je jo\u0161 ve\u0107i ako se zna da je upravo DNK bio jedini dokaz koji je Matija\u0161a smjestio iza re\u0161etaka!<\/p>\n<p>Pravda spora, ali dosti\u017ena<\/p>\n<p>Vukovi\u0107 i Matija\u0161 su u januaru 2018. godine osu\u0111eni na po po pet godina zatvora, a ovu presudu u drugostepenom postupku potvrdio je Vrhovni sud RS.<\/p>\n<p>Nakon nekoliko godina agonije zbog nepravde, jer je osu\u0111en na osnovu katastrofalne gre\u0161ke, Matija\u0161 je uspio obaviti DNK vje\u0161ta\u010denje o svom tro\u0161ku, i to za vrijeme izdr\u017eavanja zatvorske kazne u KPZ Banjaluka.<\/p>\n<p>Naime, Zavod za sudsku medicinu Republike Srpske, i to upravo vje\u0161tak Obradovi\u0107, konstatuje da se nesporni biolo\u0161ki uzorak, odnosno bris bukalne sluznice Nemanje Matija\u0161a, uzet na osnovu li\u010dnog zahtjeva u julu pro\u0161le godine i nesporni biolo\u0161ki uzorak uzet od Matija\u0161a tokom istrage 2017. godine, ne podudaraju!<\/p>\n<p>Koliki je zna\u010daj u cijelom postupku protiv Matija\u0161a imao pogre\u0161an DNK najbolje govori posljednje obrazlo\u017eenje Okru\u017enog suda Banjaluka da su novi dokazi i \u010dinjenice podobni da uti\u010du na osloba\u0111anje Matija\u0161a.<\/p>\n<p><a href=\"https:\/\/srpskainfo.com\/nemanja-matijas-konacno-pusten-na-slobodu-iza-resetaka-proveo-tri-i-po-godine-zbog-katastrofalne-greske-vjestaka\/\" target=\"_blank\" rel=\"noopener\">srpskainfo.com<\/a><\/p>\n","protected":false},"excerpt":{"rendered":"<p>Nakon \u0161to je proveo tri i po godine \u017eivota iza re\u0161etaka na osnovu katastrofalne gre\u0161ke Zavoda za sudsku medicinu RS kojom je zamijenjen njegov DNK s drugim optu\u017eenim, Prijedor\u010danin Nemanja [&hellip;]<\/p>\n","protected":false},"author":1,"featured_media":0,"comment_status":"closed","ping_status":"open","sticky":false,"template":"","format":"standard","meta":{"_monsterinsights_skip_tracking":false,"_monsterinsights_sitenote_active":false,"_monsterinsights_sitenote_note":"","_monsterinsights_sitenote_category":0,"footnotes":""},"categories":[3],"tags":[],"yoast_head":"<!-- This site is optimized with the Yoast SEO plugin v21.6 - https:\/\/yoast.com\/wordpress\/plugins\/seo\/ -->\n<title>Prijedor\u010danin Nemanja Matija\u0161 kona\u010dno pu\u0161ten na slobodu: Iza re\u0161etaka proveo tri i po godine zbog katastrofalne gre\u0161ke vje\u0161taka - PrijedorDanas.com - Prijedorski gradski portal<\/title>\n<meta name=\"robots\" content=\"index, follow, max-snippet:-1, max-image-preview:large, max-video-preview:-1\" \/>\n<link rel=\"canonical\" href=\"https:\/\/www.prijedordanas.com\/?p=188708\" \/>\n<meta property=\"og:locale\" content=\"en_US\" \/>\n<meta property=\"og:type\" content=\"article\" \/>\n<meta property=\"og:title\" content=\"Prijedor\u010danin Nemanja Matija\u0161 kona\u010dno pu\u0161ten na slobodu: Iza re\u0161etaka proveo tri i po godine zbog katastrofalne gre\u0161ke vje\u0161taka - PrijedorDanas.com - Prijedorski gradski portal\" \/>\n<meta property=\"og:description\" content=\"Nakon \u0161to je proveo tri i po godine \u017eivota iza re\u0161etaka na osnovu katastrofalne gre\u0161ke Zavoda za sudsku medicinu RS kojom je zamijenjen njegov DNK s drugim optu\u017eenim, Prijedor\u010danin Nemanja [&hellip;]\" \/>\n<meta property=\"og:url\" content=\"https:\/\/www.prijedordanas.com\/?p=188708\" \/>\n<meta property=\"og:site_name\" content=\"PrijedorDanas.com - Prijedorski gradski portal\" \/>\n<meta property=\"article:publisher\" content=\"https:\/\/www.facebook.com\/PrijedorDanasCom\/\" \/>\n<meta property=\"article:published_time\" content=\"2022-07-12T19:05:45+00:00\" \/>\n<meta property=\"og:image\" content=\"https:\/\/www.prijedordanas.com\/wp-content\/uploads\/2022\/07\/blic-nemanja-matijas-dnk-osudjenik-300x225.jpg\" \/>\n<meta name=\"author\" content=\"admin\" \/>\n<meta name=\"twitter:card\" content=\"summary_large_image\" \/>\n<meta name=\"twitter:label1\" content=\"Written by\" \/>\n\t<meta name=\"twitter:data1\" content=\"admin\" \/>\n\t<meta name=\"twitter:label2\" content=\"Est. reading time\" \/>\n\t<meta name=\"twitter:data2\" content=\"3 minutes\" \/>\n<script type=\"application\/ld+json\" class=\"yoast-schema-graph\">{\"@context\":\"https:\/\/schema.org\",\"@graph\":[{\"@type\":\"Article\",\"@id\":\"https:\/\/www.prijedordanas.com\/?p=188708#article\",\"isPartOf\":{\"@id\":\"https:\/\/www.prijedordanas.com\/?p=188708\"},\"author\":{\"name\":\"admin\",\"@id\":\"https:\/\/www.prijedordanas.com\/#\/schema\/person\/4e08ccf29b506ca916ff86d46bb700e6\"},\"headline\":\"Prijedor\u010danin Nemanja Matija\u0161 kona\u010dno pu\u0161ten na slobodu: Iza re\u0161etaka proveo tri i po godine zbog katastrofalne gre\u0161ke vje\u0161taka\",\"datePublished\":\"2022-07-12T19:05:45+00:00\",\"dateModified\":\"2022-07-12T19:05:45+00:00\",\"mainEntityOfPage\":{\"@id\":\"https:\/\/www.prijedordanas.com\/?p=188708\"},\"wordCount\":702,\"publisher\":{\"@id\":\"https:\/\/www.prijedordanas.com\/#organization\"},\"articleSection\":[\"\u017divot\"],\"inLanguage\":\"en-US\"},{\"@type\":\"WebPage\",\"@id\":\"https:\/\/www.prijedordanas.com\/?p=188708\",\"url\":\"https:\/\/www.prijedordanas.com\/?p=188708\",\"name\":\"Prijedor\u010danin Nemanja Matija\u0161 kona\u010dno pu\u0161ten na slobodu: Iza re\u0161etaka proveo tri i po godine zbog katastrofalne gre\u0161ke vje\u0161taka - PrijedorDanas.com - Prijedorski gradski portal\",\"isPartOf\":{\"@id\":\"https:\/\/www.prijedordanas.com\/#website\"},\"datePublished\":\"2022-07-12T19:05:45+00:00\",\"dateModified\":\"2022-07-12T19:05:45+00:00\",\"breadcrumb\":{\"@id\":\"https:\/\/www.prijedordanas.com\/?p=188708#breadcrumb\"},\"inLanguage\":\"en-US\",\"potentialAction\":[{\"@type\":\"ReadAction\",\"target\":[\"https:\/\/www.prijedordanas.com\/?p=188708\"]}]},{\"@type\":\"BreadcrumbList\",\"@id\":\"https:\/\/www.prijedordanas.com\/?p=188708#breadcrumb\",\"itemListElement\":[{\"@type\":\"ListItem\",\"position\":1,\"name\":\"Home\",\"item\":\"https:\/\/www.prijedordanas.com\/\"},{\"@type\":\"ListItem\",\"position\":2,\"name\":\"Prijedor\u010danin Nemanja Matija\u0161 kona\u010dno pu\u0161ten na slobodu: Iza re\u0161etaka proveo tri i po godine zbog katastrofalne gre\u0161ke vje\u0161taka\"}]},{\"@type\":\"WebSite\",\"@id\":\"https:\/\/www.prijedordanas.com\/#website\",\"url\":\"https:\/\/www.prijedordanas.com\/\",\"name\":\"PrijedorDanas.com - Prijedorski gradski portal\",\"description\":\"Portal o doga\u0111anjima u gradu Prijedoru\",\"publisher\":{\"@id\":\"https:\/\/www.prijedordanas.com\/#organization\"},\"potentialAction\":[{\"@type\":\"SearchAction\",\"target\":{\"@type\":\"EntryPoint\",\"urlTemplate\":\"https:\/\/www.prijedordanas.com\/?s={search_term_string}\"},\"query-input\":\"required name=search_term_string\"}],\"inLanguage\":\"en-US\"},{\"@type\":\"Organization\",\"@id\":\"https:\/\/www.prijedordanas.com\/#organization\",\"name\":\"PrijedorDanas.com\",\"url\":\"https:\/\/www.prijedordanas.com\/\",\"logo\":{\"@type\":\"ImageObject\",\"inLanguage\":\"en-US\",\"@id\":\"https:\/\/www.prijedordanas.com\/#\/schema\/logo\/image\/\",\"url\":\"http:\/\/www.prijedordanas.com\/wp-content\/uploads\/2021\/12\/logopng.png\",\"contentUrl\":\"http:\/\/www.prijedordanas.com\/wp-content\/uploads\/2021\/12\/logopng.png\",\"width\":1019,\"height\":776,\"caption\":\"PrijedorDanas.com\"},\"image\":{\"@id\":\"https:\/\/www.prijedordanas.com\/#\/schema\/logo\/image\/\"},\"sameAs\":[\"https:\/\/www.facebook.com\/PrijedorDanasCom\/\"]},{\"@type\":\"Person\",\"@id\":\"https:\/\/www.prijedordanas.com\/#\/schema\/person\/4e08ccf29b506ca916ff86d46bb700e6\",\"name\":\"admin\",\"image\":{\"@type\":\"ImageObject\",\"inLanguage\":\"en-US\",\"@id\":\"https:\/\/www.prijedordanas.com\/#\/schema\/person\/image\/\",\"url\":\"https:\/\/secure.gravatar.com\/avatar\/1d3fc949d550f0b53a5f0d51e06dfd79?s=96&d=mm&r=g\",\"contentUrl\":\"https:\/\/secure.gravatar.com\/avatar\/1d3fc949d550f0b53a5f0d51e06dfd79?s=96&d=mm&r=g\",\"caption\":\"admin\"},\"url\":\"https:\/\/www.prijedordanas.com\/?author=1\"}]}<\/script>\n<!-- \/ Yoast SEO plugin. -->","yoast_head_json":{"title":"Prijedor\u010danin Nemanja Matija\u0161 kona\u010dno pu\u0161ten na slobodu: Iza re\u0161etaka proveo tri i po godine zbog katastrofalne gre\u0161ke vje\u0161taka - PrijedorDanas.com - Prijedorski gradski portal","robots":{"index":"index","follow":"follow","max-snippet":"max-snippet:-1","max-image-preview":"max-image-preview:large","max-video-preview":"max-video-preview:-1"},"canonical":"https:\/\/www.prijedordanas.com\/?p=188708","og_locale":"en_US","og_type":"article","og_title":"Prijedor\u010danin Nemanja Matija\u0161 kona\u010dno pu\u0161ten na slobodu: Iza re\u0161etaka proveo tri i po godine zbog katastrofalne gre\u0161ke vje\u0161taka - PrijedorDanas.com - Prijedorski gradski portal","og_description":"Nakon \u0161to je proveo tri i po godine \u017eivota iza re\u0161etaka na osnovu katastrofalne gre\u0161ke Zavoda za sudsku medicinu RS kojom je zamijenjen njegov DNK s drugim optu\u017eenim, Prijedor\u010danin Nemanja [&hellip;]","og_url":"https:\/\/www.prijedordanas.com\/?p=188708","og_site_name":"PrijedorDanas.com - Prijedorski gradski portal","article_publisher":"https:\/\/www.facebook.com\/PrijedorDanasCom\/","article_published_time":"2022-07-12T19:05:45+00:00","og_image":[{"url":"https:\/\/www.prijedordanas.com\/wp-content\/uploads\/2022\/07\/blic-nemanja-matijas-dnk-osudjenik-300x225.jpg"}],"author":"admin","twitter_card":"summary_large_image","twitter_misc":{"Written by":"admin","Est. reading time":"3 minutes"},"schema":{"@context":"https:\/\/schema.org","@graph":[{"@type":"Article","@id":"https:\/\/www.prijedordanas.com\/?p=188708#article","isPartOf":{"@id":"https:\/\/www.prijedordanas.com\/?p=188708"},"author":{"name":"admin","@id":"https:\/\/www.prijedordanas.com\/#\/schema\/person\/4e08ccf29b506ca916ff86d46bb700e6"},"headline":"Prijedor\u010danin Nemanja Matija\u0161 kona\u010dno pu\u0161ten na slobodu: Iza re\u0161etaka proveo tri i po godine zbog katastrofalne gre\u0161ke vje\u0161taka","datePublished":"2022-07-12T19:05:45+00:00","dateModified":"2022-07-12T19:05:45+00:00","mainEntityOfPage":{"@id":"https:\/\/www.prijedordanas.com\/?p=188708"},"wordCount":702,"publisher":{"@id":"https:\/\/www.prijedordanas.com\/#organization"},"articleSection":["\u017divot"],"inLanguage":"en-US"},{"@type":"WebPage","@id":"https:\/\/www.prijedordanas.com\/?p=188708","url":"https:\/\/www.prijedordanas.com\/?p=188708","name":"Prijedor\u010danin Nemanja Matija\u0161 kona\u010dno pu\u0161ten na slobodu: Iza re\u0161etaka proveo tri i po godine zbog katastrofalne gre\u0161ke vje\u0161taka - PrijedorDanas.com - Prijedorski gradski portal","isPartOf":{"@id":"https:\/\/www.prijedordanas.com\/#website"},"datePublished":"2022-07-12T19:05:45+00:00","dateModified":"2022-07-12T19:05:45+00:00","breadcrumb":{"@id":"https:\/\/www.prijedordanas.com\/?p=188708#breadcrumb"},"inLanguage":"en-US","potentialAction":[{"@type":"ReadAction","target":["https:\/\/www.prijedordanas.com\/?p=188708"]}]},{"@type":"BreadcrumbList","@id":"https:\/\/www.prijedordanas.com\/?p=188708#breadcrumb","itemListElement":[{"@type":"ListItem","position":1,"name":"Home","item":"https:\/\/www.prijedordanas.com\/"},{"@type":"ListItem","position":2,"name":"Prijedor\u010danin Nemanja Matija\u0161 kona\u010dno pu\u0161ten na slobodu: Iza re\u0161etaka proveo tri i po godine zbog katastrofalne gre\u0161ke vje\u0161taka"}]},{"@type":"WebSite","@id":"https:\/\/www.prijedordanas.com\/#website","url":"https:\/\/www.prijedordanas.com\/","name":"PrijedorDanas.com - Prijedorski gradski portal","description":"Portal o doga\u0111anjima u gradu Prijedoru","publisher":{"@id":"https:\/\/www.prijedordanas.com\/#organization"},"potentialAction":[{"@type":"SearchAction","target":{"@type":"EntryPoint","urlTemplate":"https:\/\/www.prijedordanas.com\/?s={search_term_string}"},"query-input":"required name=search_term_string"}],"inLanguage":"en-US"},{"@type":"Organization","@id":"https:\/\/www.prijedordanas.com\/#organization","name":"PrijedorDanas.com","url":"https:\/\/www.prijedordanas.com\/","logo":{"@type":"ImageObject","inLanguage":"en-US","@id":"https:\/\/www.prijedordanas.com\/#\/schema\/logo\/image\/","url":"http:\/\/www.prijedordanas.com\/wp-content\/uploads\/2021\/12\/logopng.png","contentUrl":"http:\/\/www.prijedordanas.com\/wp-content\/uploads\/2021\/12\/logopng.png","width":1019,"height":776,"caption":"PrijedorDanas.com"},"image":{"@id":"https:\/\/www.prijedordanas.com\/#\/schema\/logo\/image\/"},"sameAs":["https:\/\/www.facebook.com\/PrijedorDanasCom\/"]},{"@type":"Person","@id":"https:\/\/www.prijedordanas.com\/#\/schema\/person\/4e08ccf29b506ca916ff86d46bb700e6","name":"admin","image":{"@type":"ImageObject","inLanguage":"en-US","@id":"https:\/\/www.prijedordanas.com\/#\/schema\/person\/image\/","url":"https:\/\/secure.gravatar.com\/avatar\/1d3fc949d550f0b53a5f0d51e06dfd79?s=96&d=mm&r=g","contentUrl":"https:\/\/secure.gravatar.com\/avatar\/1d3fc949d550f0b53a5f0d51e06dfd79?s=96&d=mm&r=g","caption":"admin"},"url":"https:\/\/www.prijedordanas.com\/?author=1"}]}},"_links":{"self":[{"href":"https:\/\/www.prijedordanas.com\/index.php?rest_route=\/wp\/v2\/posts\/188708"}],"collection":[{"href":"https:\/\/www.prijedordanas.com\/index.php?rest_route=\/wp\/v2\/posts"}],"about":[{"href":"https:\/\/www.prijedordanas.com\/index.php?rest_route=\/wp\/v2\/types\/post"}],"author":[{"embeddable":true,"href":"https:\/\/www.prijedordanas.com\/index.php?rest_route=\/wp\/v2\/users\/1"}],"replies":[{"embeddable":true,"href":"https:\/\/www.prijedordanas.com\/index.php?rest_route=%2Fwp%2Fv2%2Fcomments&post=188708"}],"version-history":[{"count":1,"href":"https:\/\/www.prijedordanas.com\/index.php?rest_route=\/wp\/v2\/posts\/188708\/revisions"}],"predecessor-version":[{"id":188711,"href":"https:\/\/www.prijedordanas.com\/index.php?rest_route=\/wp\/v2\/posts\/188708\/revisions\/188711"}],"wp:attachment":[{"href":"https:\/\/www.prijedordanas.com\/index.php?rest_route=%2Fwp%2Fv2%2Fmedia&parent=188708"}],"wp:term":[{"taxonomy":"category","embeddable":true,"href":"https:\/\/www.prijedordanas.com\/index.php?rest_route=%2Fwp%2Fv2%2Fcategories&post=188708"},{"taxonomy":"post_tag","embeddable":true,"href":"https:\/\/www.prijedordanas.com\/index.php?rest_route=%2Fwp%2Fv2%2Ftags&post=188708"}],"curies":[{"name":"wp","href":"https:\/\/api.w.org\/{rel}","templated":true}]}}