{"id":188447,"date":"2022-07-05T23:22:20","date_gmt":"2022-07-05T21:22:20","guid":{"rendered":"https:\/\/www.prijedordanas.com\/?p=188447"},"modified":"2022-07-05T23:22:20","modified_gmt":"2022-07-05T21:22:20","slug":"dio-jelicke-danima-bez-vode-u-vodovodu-ocekuju-da-ce-kvar-biti-otklonjen-narednih-dana-video","status":"publish","type":"post","link":"https:\/\/www.prijedordanas.com\/?p=188447","title":{"rendered":"Dio Jeli\u0107ke danima bez vode, u &#8220;Vodovodu&#8221; o\u010dekuju da \u0107e kvar biti otklonjen narednih dana &#8211; VIDEO"},"content":{"rendered":"<p><a href=\"https:\/\/www.prijedordanas.com\/wp-content\/uploads\/2022\/07\/kozarski-jelicka-nema-vode.jpg\"><img loading=\"lazy\" decoding=\"async\" src=\"https:\/\/www.prijedordanas.com\/wp-content\/uploads\/2022\/07\/kozarski-jelicka-nema-vode-300x225.jpg\" alt=\"\" width=\"300\" height=\"225\" class=\"alignleft size-medium wp-image-188448\" srcset=\"https:\/\/www.prijedordanas.com\/wp-content\/uploads\/2022\/07\/kozarski-jelicka-nema-vode-300x225.jpg 300w, https:\/\/www.prijedordanas.com\/wp-content\/uploads\/2022\/07\/kozarski-jelicka-nema-vode-640x480.jpg 640w, https:\/\/www.prijedordanas.com\/wp-content\/uploads\/2022\/07\/kozarski-jelicka-nema-vode.jpg 667w\" sizes=\"(max-width: 300px) 100vw, 300px\" \/><\/a>Oko 30 doma\u0107instava u Jeli\u0107koj ve\u0107 nekoliko sedmica nema vode, zbog kvara na pumpnoj stanici vodovodnog sistema \u201cCrno vrelo\u201d.  Mje\u0161tani ka\u017eu, na \u201cCrno vrelo\u201d gledali su kao na kona\u010dno rje\u0161enje dugogodi\u0161njeg problema vodosnabdijevanja. Taman kad su pomislili da je problem rije\u0161en, kvar na pumpama ih je ponovo vratio cisternama i kanisterima.<\/p>\n<p>Bez vode se ne mo\u017ee, naro\u010dito u ovom su\u0161nom periodu, ka\u017eu Jeli\u0107ani. \u201cGodinama nismo imali rije\u0161eno pitanje vodosnabdijevanja. I kad smo dobili vodu, imali smo je svega nekoliko mjeseci. Kod nas su kanisteri uvijek u autu. Sino\u0107 su dovezli citernu vode\u201d, ka\u017ee Dragana Veki\u0107 iz Jeli\u0107ke.  <\/p>\n<p>Mje\u0161tani ka\u017eu da ne tra\u017ee ni\u0161ta d\u017eaba, \u0161to potro\u0161e to \u0107e i da plate, samo da imaju vodu. Privatni bazeni i bunari ve\u0107 odavno nisu u stanju da zadovolje njihove potrebe za vodom, naro\u010dito u su\u0161nim ljetnim mjesecima kad mnogi i presu\u0161e.<\/p>\n<p>Iz prijedorskog \u201cVodovoda\u201d istakli su da se kvar desio na jednom kraku vodovoda u Jeli\u0107koj i da je buster pumpa na remontu ve\u0107 dvadeset dana.  \u201cJu\u010de u vi\u0161e navrata, pa i u nedjelju, zvao sam u preduze\u0107e u Br\u010dkom gdje su pumpe na remontu. Rekli su mi da su dijelovi stigli i da treba montirati pumpe, sutra ili prekosutra. \u010cim se pumpe montiraju, pu\u0161tamo vodu i uspostavi\u0107e se normalno vodosnabdijevanje\u201d,  rekao je Dragan Stameni\u0107, v.d. direktora \u201cVodovoda\u201d.<\/p>\n<p>Sli\u010dan problem desio se i na jednoj od pumpnih stanica u Krivaji. Me\u0111utim, tu postoji i rezervoar u koji se voda doprema cisternama, pa je na taj na\u010din privremeno uspostavljeno vodosnabdijevanje do otklanjanja kvara, ka\u017eu iz ovog preduze\u0107a.<\/p>\n<p>Iz \u201cVodovoda\u201d su zamolili potro\u0161a\u010de sa ovih podru\u010dja za strpljenje, uz poruku da \u0107e kvar biti otklonjen u narednim danima.<\/p>\n<p>kozarski.com<\/p>\n<p><iframe loading=\"lazy\" title=\"DIO JELI\u0106KE DANIMA BEZ VODE, U &quot;VODOVODU&quot; O\u010cEKUJU DA \u0106E KVAR BITI OTKLONJEN NAREDNIH DANA\" width=\"500\" height=\"281\" src=\"https:\/\/www.youtube.com\/embed\/DsIo1dcBhV8?feature=oembed\" frameborder=\"0\" allow=\"accelerometer; autoplay; clipboard-write; encrypted-media; gyroscope; picture-in-picture\" allowfullscreen title=\"DIO JELI\u0106KE DANIMA BEZ VODE, U \"VODOVODU\" O\u010cEKUJU DA \u0106E KVAR BITI OTKLONJEN NAREDNIH DANA\"><\/iframe><\/p>\n","protected":false},"excerpt":{"rendered":"<p>Oko 30 doma\u0107instava u Jeli\u0107koj ve\u0107 nekoliko sedmica nema vode, zbog kvara na pumpnoj stanici vodovodnog sistema \u201cCrno vrelo\u201d. Mje\u0161tani ka\u017eu, na \u201cCrno vrelo\u201d gledali su kao na kona\u010dno rje\u0161enje [&hellip;]<\/p>\n","protected":false},"author":1,"featured_media":0,"comment_status":"closed","ping_status":"open","sticky":false,"template":"","format":"standard","meta":{"_monsterinsights_skip_tracking":false,"_monsterinsights_sitenote_active":false,"_monsterinsights_sitenote_note":"","_monsterinsights_sitenote_category":0,"footnotes":""},"categories":[4],"tags":[],"yoast_head":"<!-- This site is optimized with the Yoast SEO plugin v21.6 - https:\/\/yoast.com\/wordpress\/plugins\/seo\/ -->\n<title>Dio Jeli\u0107ke danima bez vode, u &quot;Vodovodu&quot; o\u010dekuju da \u0107e kvar biti otklonjen narednih dana - VIDEO - PrijedorDanas.com - Prijedorski gradski portal<\/title>\n<meta name=\"robots\" content=\"index, follow, max-snippet:-1, max-image-preview:large, max-video-preview:-1\" \/>\n<link rel=\"canonical\" href=\"https:\/\/www.prijedordanas.com\/?p=188447\" \/>\n<meta property=\"og:locale\" content=\"en_US\" \/>\n<meta property=\"og:type\" content=\"article\" \/>\n<meta property=\"og:title\" content=\"Dio Jeli\u0107ke danima bez vode, u &quot;Vodovodu&quot; o\u010dekuju da \u0107e kvar biti otklonjen narednih dana - VIDEO - PrijedorDanas.com - Prijedorski gradski portal\" \/>\n<meta property=\"og:description\" content=\"Oko 30 doma\u0107instava u Jeli\u0107koj ve\u0107 nekoliko sedmica nema vode, zbog kvara na pumpnoj stanici vodovodnog sistema \u201cCrno vrelo\u201d. Mje\u0161tani ka\u017eu, na \u201cCrno vrelo\u201d gledali su kao na kona\u010dno rje\u0161enje [&hellip;]\" \/>\n<meta property=\"og:url\" content=\"https:\/\/www.prijedordanas.com\/?p=188447\" \/>\n<meta property=\"og:site_name\" content=\"PrijedorDanas.com - Prijedorski gradski portal\" \/>\n<meta property=\"article:publisher\" content=\"https:\/\/www.facebook.com\/PrijedorDanasCom\/\" \/>\n<meta property=\"article:published_time\" content=\"2022-07-05T21:22:20+00:00\" \/>\n<meta property=\"og:image\" content=\"https:\/\/www.prijedordanas.com\/wp-content\/uploads\/2022\/07\/kozarski-jelicka-nema-vode-300x225.jpg\" \/>\n<meta name=\"author\" content=\"admin\" \/>\n<meta name=\"twitter:card\" content=\"summary_large_image\" \/>\n<meta name=\"twitter:label1\" content=\"Written by\" \/>\n\t<meta name=\"twitter:data1\" content=\"admin\" \/>\n\t<meta name=\"twitter:label2\" content=\"Est. reading time\" \/>\n\t<meta name=\"twitter:data2\" content=\"2 minutes\" \/>\n<script type=\"application\/ld+json\" class=\"yoast-schema-graph\">{\"@context\":\"https:\/\/schema.org\",\"@graph\":[{\"@type\":\"Article\",\"@id\":\"https:\/\/www.prijedordanas.com\/?p=188447#article\",\"isPartOf\":{\"@id\":\"https:\/\/www.prijedordanas.com\/?p=188447\"},\"author\":{\"name\":\"admin\",\"@id\":\"https:\/\/www.prijedordanas.com\/#\/schema\/person\/4e08ccf29b506ca916ff86d46bb700e6\"},\"headline\":\"Dio Jeli\u0107ke danima bez vode, u &#8220;Vodovodu&#8221; o\u010dekuju da \u0107e kvar biti otklonjen narednih dana &#8211; VIDEO\",\"datePublished\":\"2022-07-05T21:22:20+00:00\",\"dateModified\":\"2022-07-05T21:22:20+00:00\",\"mainEntityOfPage\":{\"@id\":\"https:\/\/www.prijedordanas.com\/?p=188447\"},\"wordCount\":340,\"publisher\":{\"@id\":\"https:\/\/www.prijedordanas.com\/#organization\"},\"articleSection\":[\"Dru\u0161tvo\"],\"inLanguage\":\"en-US\"},{\"@type\":\"WebPage\",\"@id\":\"https:\/\/www.prijedordanas.com\/?p=188447\",\"url\":\"https:\/\/www.prijedordanas.com\/?p=188447\",\"name\":\"Dio Jeli\u0107ke danima bez vode, u \\\"Vodovodu\\\" o\u010dekuju da \u0107e kvar biti otklonjen narednih dana - VIDEO - PrijedorDanas.com - Prijedorski gradski portal\",\"isPartOf\":{\"@id\":\"https:\/\/www.prijedordanas.com\/#website\"},\"datePublished\":\"2022-07-05T21:22:20+00:00\",\"dateModified\":\"2022-07-05T21:22:20+00:00\",\"breadcrumb\":{\"@id\":\"https:\/\/www.prijedordanas.com\/?p=188447#breadcrumb\"},\"inLanguage\":\"en-US\",\"potentialAction\":[{\"@type\":\"ReadAction\",\"target\":[\"https:\/\/www.prijedordanas.com\/?p=188447\"]}]},{\"@type\":\"BreadcrumbList\",\"@id\":\"https:\/\/www.prijedordanas.com\/?p=188447#breadcrumb\",\"itemListElement\":[{\"@type\":\"ListItem\",\"position\":1,\"name\":\"Home\",\"item\":\"https:\/\/www.prijedordanas.com\/\"},{\"@type\":\"ListItem\",\"position\":2,\"name\":\"Dio Jeli\u0107ke danima bez vode, u &#8220;Vodovodu&#8221; o\u010dekuju da \u0107e kvar biti otklonjen narednih dana &#8211; VIDEO\"}]},{\"@type\":\"WebSite\",\"@id\":\"https:\/\/www.prijedordanas.com\/#website\",\"url\":\"https:\/\/www.prijedordanas.com\/\",\"name\":\"PrijedorDanas.com - Prijedorski gradski portal\",\"description\":\"Portal o doga\u0111anjima u gradu Prijedoru\",\"publisher\":{\"@id\":\"https:\/\/www.prijedordanas.com\/#organization\"},\"potentialAction\":[{\"@type\":\"SearchAction\",\"target\":{\"@type\":\"EntryPoint\",\"urlTemplate\":\"https:\/\/www.prijedordanas.com\/?s={search_term_string}\"},\"query-input\":\"required name=search_term_string\"}],\"inLanguage\":\"en-US\"},{\"@type\":\"Organization\",\"@id\":\"https:\/\/www.prijedordanas.com\/#organization\",\"name\":\"PrijedorDanas.com\",\"url\":\"https:\/\/www.prijedordanas.com\/\",\"logo\":{\"@type\":\"ImageObject\",\"inLanguage\":\"en-US\",\"@id\":\"https:\/\/www.prijedordanas.com\/#\/schema\/logo\/image\/\",\"url\":\"http:\/\/www.prijedordanas.com\/wp-content\/uploads\/2021\/12\/logopng.png\",\"contentUrl\":\"http:\/\/www.prijedordanas.com\/wp-content\/uploads\/2021\/12\/logopng.png\",\"width\":1019,\"height\":776,\"caption\":\"PrijedorDanas.com\"},\"image\":{\"@id\":\"https:\/\/www.prijedordanas.com\/#\/schema\/logo\/image\/\"},\"sameAs\":[\"https:\/\/www.facebook.com\/PrijedorDanasCom\/\"]},{\"@type\":\"Person\",\"@id\":\"https:\/\/www.prijedordanas.com\/#\/schema\/person\/4e08ccf29b506ca916ff86d46bb700e6\",\"name\":\"admin\",\"image\":{\"@type\":\"ImageObject\",\"inLanguage\":\"en-US\",\"@id\":\"https:\/\/www.prijedordanas.com\/#\/schema\/person\/image\/\",\"url\":\"https:\/\/secure.gravatar.com\/avatar\/1d3fc949d550f0b53a5f0d51e06dfd79?s=96&d=mm&r=g\",\"contentUrl\":\"https:\/\/secure.gravatar.com\/avatar\/1d3fc949d550f0b53a5f0d51e06dfd79?s=96&d=mm&r=g\",\"caption\":\"admin\"},\"url\":\"https:\/\/www.prijedordanas.com\/?author=1\"}]}<\/script>\n<!-- \/ Yoast SEO plugin. -->","yoast_head_json":{"title":"Dio Jeli\u0107ke danima bez vode, u \"Vodovodu\" o\u010dekuju da \u0107e kvar biti otklonjen narednih dana - VIDEO - PrijedorDanas.com - Prijedorski gradski portal","robots":{"index":"index","follow":"follow","max-snippet":"max-snippet:-1","max-image-preview":"max-image-preview:large","max-video-preview":"max-video-preview:-1"},"canonical":"https:\/\/www.prijedordanas.com\/?p=188447","og_locale":"en_US","og_type":"article","og_title":"Dio Jeli\u0107ke danima bez vode, u \"Vodovodu\" o\u010dekuju da \u0107e kvar biti otklonjen narednih dana - VIDEO - PrijedorDanas.com - Prijedorski gradski portal","og_description":"Oko 30 doma\u0107instava u Jeli\u0107koj ve\u0107 nekoliko sedmica nema vode, zbog kvara na pumpnoj stanici vodovodnog sistema \u201cCrno vrelo\u201d. Mje\u0161tani ka\u017eu, na \u201cCrno vrelo\u201d gledali su kao na kona\u010dno rje\u0161enje [&hellip;]","og_url":"https:\/\/www.prijedordanas.com\/?p=188447","og_site_name":"PrijedorDanas.com - Prijedorski gradski portal","article_publisher":"https:\/\/www.facebook.com\/PrijedorDanasCom\/","article_published_time":"2022-07-05T21:22:20+00:00","og_image":[{"url":"https:\/\/www.prijedordanas.com\/wp-content\/uploads\/2022\/07\/kozarski-jelicka-nema-vode-300x225.jpg"}],"author":"admin","twitter_card":"summary_large_image","twitter_misc":{"Written by":"admin","Est. reading time":"2 minutes"},"schema":{"@context":"https:\/\/schema.org","@graph":[{"@type":"Article","@id":"https:\/\/www.prijedordanas.com\/?p=188447#article","isPartOf":{"@id":"https:\/\/www.prijedordanas.com\/?p=188447"},"author":{"name":"admin","@id":"https:\/\/www.prijedordanas.com\/#\/schema\/person\/4e08ccf29b506ca916ff86d46bb700e6"},"headline":"Dio Jeli\u0107ke danima bez vode, u &#8220;Vodovodu&#8221; o\u010dekuju da \u0107e kvar biti otklonjen narednih dana &#8211; VIDEO","datePublished":"2022-07-05T21:22:20+00:00","dateModified":"2022-07-05T21:22:20+00:00","mainEntityOfPage":{"@id":"https:\/\/www.prijedordanas.com\/?p=188447"},"wordCount":340,"publisher":{"@id":"https:\/\/www.prijedordanas.com\/#organization"},"articleSection":["Dru\u0161tvo"],"inLanguage":"en-US"},{"@type":"WebPage","@id":"https:\/\/www.prijedordanas.com\/?p=188447","url":"https:\/\/www.prijedordanas.com\/?p=188447","name":"Dio Jeli\u0107ke danima bez vode, u \"Vodovodu\" o\u010dekuju da \u0107e kvar biti otklonjen narednih dana - VIDEO - PrijedorDanas.com - Prijedorski gradski portal","isPartOf":{"@id":"https:\/\/www.prijedordanas.com\/#website"},"datePublished":"2022-07-05T21:22:20+00:00","dateModified":"2022-07-05T21:22:20+00:00","breadcrumb":{"@id":"https:\/\/www.prijedordanas.com\/?p=188447#breadcrumb"},"inLanguage":"en-US","potentialAction":[{"@type":"ReadAction","target":["https:\/\/www.prijedordanas.com\/?p=188447"]}]},{"@type":"BreadcrumbList","@id":"https:\/\/www.prijedordanas.com\/?p=188447#breadcrumb","itemListElement":[{"@type":"ListItem","position":1,"name":"Home","item":"https:\/\/www.prijedordanas.com\/"},{"@type":"ListItem","position":2,"name":"Dio Jeli\u0107ke danima bez vode, u &#8220;Vodovodu&#8221; o\u010dekuju da \u0107e kvar biti otklonjen narednih dana &#8211; VIDEO"}]},{"@type":"WebSite","@id":"https:\/\/www.prijedordanas.com\/#website","url":"https:\/\/www.prijedordanas.com\/","name":"PrijedorDanas.com - Prijedorski gradski portal","description":"Portal o doga\u0111anjima u gradu Prijedoru","publisher":{"@id":"https:\/\/www.prijedordanas.com\/#organization"},"potentialAction":[{"@type":"SearchAction","target":{"@type":"EntryPoint","urlTemplate":"https:\/\/www.prijedordanas.com\/?s={search_term_string}"},"query-input":"required name=search_term_string"}],"inLanguage":"en-US"},{"@type":"Organization","@id":"https:\/\/www.prijedordanas.com\/#organization","name":"PrijedorDanas.com","url":"https:\/\/www.prijedordanas.com\/","logo":{"@type":"ImageObject","inLanguage":"en-US","@id":"https:\/\/www.prijedordanas.com\/#\/schema\/logo\/image\/","url":"http:\/\/www.prijedordanas.com\/wp-content\/uploads\/2021\/12\/logopng.png","contentUrl":"http:\/\/www.prijedordanas.com\/wp-content\/uploads\/2021\/12\/logopng.png","width":1019,"height":776,"caption":"PrijedorDanas.com"},"image":{"@id":"https:\/\/www.prijedordanas.com\/#\/schema\/logo\/image\/"},"sameAs":["https:\/\/www.facebook.com\/PrijedorDanasCom\/"]},{"@type":"Person","@id":"https:\/\/www.prijedordanas.com\/#\/schema\/person\/4e08ccf29b506ca916ff86d46bb700e6","name":"admin","image":{"@type":"ImageObject","inLanguage":"en-US","@id":"https:\/\/www.prijedordanas.com\/#\/schema\/person\/image\/","url":"https:\/\/secure.gravatar.com\/avatar\/1d3fc949d550f0b53a5f0d51e06dfd79?s=96&d=mm&r=g","contentUrl":"https:\/\/secure.gravatar.com\/avatar\/1d3fc949d550f0b53a5f0d51e06dfd79?s=96&d=mm&r=g","caption":"admin"},"url":"https:\/\/www.prijedordanas.com\/?author=1"}]}},"_links":{"self":[{"href":"https:\/\/www.prijedordanas.com\/index.php?rest_route=\/wp\/v2\/posts\/188447"}],"collection":[{"href":"https:\/\/www.prijedordanas.com\/index.php?rest_route=\/wp\/v2\/posts"}],"about":[{"href":"https:\/\/www.prijedordanas.com\/index.php?rest_route=\/wp\/v2\/types\/post"}],"author":[{"embeddable":true,"href":"https:\/\/www.prijedordanas.com\/index.php?rest_route=\/wp\/v2\/users\/1"}],"replies":[{"embeddable":true,"href":"https:\/\/www.prijedordanas.com\/index.php?rest_route=%2Fwp%2Fv2%2Fcomments&post=188447"}],"version-history":[{"count":1,"href":"https:\/\/www.prijedordanas.com\/index.php?rest_route=\/wp\/v2\/posts\/188447\/revisions"}],"predecessor-version":[{"id":188449,"href":"https:\/\/www.prijedordanas.com\/index.php?rest_route=\/wp\/v2\/posts\/188447\/revisions\/188449"}],"wp:attachment":[{"href":"https:\/\/www.prijedordanas.com\/index.php?rest_route=%2Fwp%2Fv2%2Fmedia&parent=188447"}],"wp:term":[{"taxonomy":"category","embeddable":true,"href":"https:\/\/www.prijedordanas.com\/index.php?rest_route=%2Fwp%2Fv2%2Fcategories&post=188447"},{"taxonomy":"post_tag","embeddable":true,"href":"https:\/\/www.prijedordanas.com\/index.php?rest_route=%2Fwp%2Fv2%2Ftags&post=188447"}],"curies":[{"name":"wp","href":"https:\/\/api.w.org\/{rel}","templated":true}]}}