{"id":188423,"date":"2022-07-05T14:29:38","date_gmt":"2022-07-05T12:29:38","guid":{"rendered":"https:\/\/www.prijedordanas.com\/?p=188423"},"modified":"2022-07-05T14:29:38","modified_gmt":"2022-07-05T12:29:38","slug":"gradski-stab-za-vanredne-situacije-na-podrucju-prijedora-trenutno-nema-lica-sa-pozitivnim-testom-na-virus-korona","status":"publish","type":"post","link":"https:\/\/www.prijedordanas.com\/?p=188423","title":{"rendered":"Gradski \u0161tab za vanredne situacije: Na podru\u010dju Prijedora trenutno nema lica sa pozitivnim testom na virus korona"},"content":{"rendered":"<p><a href=\"https:\/\/www.prijedordanas.com\/wp-content\/uploads\/2019\/12\/grad-prijedor-ilustracija.jpg\"><img loading=\"lazy\" decoding=\"async\" src=\"https:\/\/www.prijedordanas.com\/wp-content\/uploads\/2019\/12\/grad-prijedor-ilustracija-300x253.jpg\" alt=\"\" width=\"300\" height=\"253\" class=\"alignleft size-medium wp-image-137729\" srcset=\"https:\/\/www.prijedordanas.com\/wp-content\/uploads\/2019\/12\/grad-prijedor-ilustracija-300x253.jpg 300w, https:\/\/www.prijedordanas.com\/wp-content\/uploads\/2019\/12\/grad-prijedor-ilustracija.jpg 653w\" sizes=\"(max-width: 300px) 100vw, 300px\" \/><\/a>Na osnovu \u010dlana 39. stav 3. i \u010dlana 40. stav b., Zakona o za\u0161titi i spasavanju u vanrednim situacijama (&#8220;Slu\u017ebeni glasnik Republike Srpske&#8221;, broj: 121\/12) i \u010dlana 12. stav 3., Odluke o organizovanju i funkcionisanju civilne za\u0161tite u oblasti za\u0161tite i spasavanja Grada Prijedora (&#8220;Slu\u017ebeni glasnik Grada Prijedora&#8221;, broj: 7\/13), na 5. telefonskoj sjednici odr\u017eanoj dana 04.07.2022. godine Gradski \u0161tab za vanredne situacije Grada Prijedor, donosi slijede\u0107e:<\/p>\n<p>ZAKLJU\u010cKE<\/p>\n<p>Gradski \u0161tab za vanredne situacije konstatuje:<\/p>\n<p>1. Na podru\u010dju grada Prijedora trenutno nema lica sa pozitivnim testom na virus korona. Do sada se 3036 lica oporavilo od oboljenja uzrokovanog virusom korona, a 173 lica su preminula. Pod zdravstvenim nadzorom &#8211; u ku\u0107noj izolaciji su 23 lica, a zdravstveni nadzor je prestao za 17933 lica. U JZU Bolnicu &#8220;Dr Mladen Stojanovi\u0107&#8221; Prijedor &#8211; COVID odjeljenje smje\u0161teno je 11 pacijenta. Do sada je na teritoriji grada Prijedora prvom dozom vakcine vakcinisano 18593 gra\u0111ana, drugom dozom 17863, a tre\u0107om 5486 gra\u0111ana.<\/p>\n<p>2. Svi subjekti uklju\u010deni u sprovo\u0111enje mjera za\u0161tite i spre\u010davanja \u0161irenja virusa korona na podru\u010dju grada Prijedora izvr\u0161avaju zadatke, mjere i preporuke date od strane Gradskog \u0161taba za vanredne situacije.<br \/>\nVlada Republike Srpske je na prijedlog Republi\u010dkog \u0161taba za vanredne situacije na svojoj sjednici od 23.06.2022. godine donijela Uredbu o na\u010dinu izvr\u0161enja mjera za spre\u010davanje i suzbijanje zaraznog oboljenja kovid 19, broj: 04\/1-012-2-2104\/22 (&#8221; Slu\u017ebeni glasnik RS &#8221; broj 62\/22 ).<\/p>\n<p>Izvod iz teksta Uredbe o na\u010dinu izvr\u0161avanja mjera za spre\u010davanje i suzbijanje zaraznog oboljenja COVID 19 u Republici Srpskoj broj : 04\/1-012-2-2104\/22 glasi:<br \/>\n\u010clan 13.<br \/>\nObavezno je no\u0161enje za\u0161titne maske, na na\u010din da pokriva nos i usta, za zaposlene u zdravstvenim ustanovama u neposrednom radu sa pacijentima , te za zaposlene i posjetioce u domovima za stara lica i drugim ustanovama socijalne za\u0161tite za smje\u0161taj korisnika u toku neposrednog kontakta sa korisnicima usluga, odnosne ustanove.<br \/>\n\u010clan 14.<br \/>\nVaspitno &#8211; obrazovne i visoko\u0161kolske ustanove du\u017ene su da prate epidemiolo\u0161ku situaciju u okviru svoje ustanove, u saradnji sa nadle\u017enim domom zdravlja preduzimaju potrebne mjere i pravovremeno obavje\u0161tavaju nadle\u017eno ministarstvo, te da budu pripremljene za prilago\u0111avanje rada u slu\u010daju pogor\u0161anja epidemiolo\u0161ke situacije.<br \/>\n\u010clan 15.<br \/>\nInspekcijski nadzor nad sprovo\u0111enjem odredaba ove uredbe vr\u0161e Republi\u010dka uprava za inspekcijske poslove i posebne organizacione jedinice za obavljanje inspekcijskih poslova u<br \/>\ngradskoj, odnosno op\u0161tinskoj upravi jedinica lopkalne samouprave posredstvom nadle\u017enih inspektora u skladu sa ovom uredbom, kao i drugi zakonom ovla\u0161\u0107eni republi\u010dki organi.<br \/>\n\u010clan 16.<br \/>\nStupanjem na snagu ove uredbe prestaje da va\u017ei Uredba o na\u010dinu izvr\u0161avanja mjera za spre\u010davanje i suzbijanje zaraznog oboljenja kovid 19 ( &#8221; Slu\u017ebeni glasnik Republike Srpske &#8220;, broj 22\/22).<br \/>\n\u010clan 17.<br \/>\nOva uredba stupa na snagu narednog dana od dana objavljivcanja u &#8220;Slu\u017ebenom glasniku Republike Srpske &#8220;, a prestaje da va\u017ei 30. septembra 2022. godine.<\/p>\n<p>Naredbe, zadu\u017eenja i preporuke<br \/>\n1. Obavezuju se subjekti koji obavljaju registrovanu djelatnost na podru\u010dju grada Prijedora da uslove obavljanja djelatnosti prilagode mjerama propisanim od strane JZU &#8220;Institut za javno zdravstvo Republike Srpske&#8221; za spre\u010davanje pojave i \u0161irenja COVID -19 bolesti na radnom mjestu.<\/p>\n<p>2. Obavezuju se nadzorni i kontrolni organi na podru\u010dju grada Prijedora da u saradnji sa predstavnicima Ministarstva unutra\u0161njih poslova vr\u0161e kontrolu i nadzor nad sprovo\u0111enjem mjera utvr\u0111enih Uredbom o na\u010dinu izvr\u0161avanja mjera za spre\u010davanje i suzbijanje zaraznog oboljenja kovid 19 i aktuelnim zaklju\u010dcima Republi\u010dkog \u0161taba za vanredne situacije .<br \/>\nZa realizaciju ovih zaklju\u010daka zadu\u017euju se organi i slu\u017ebe Gradske uprave Prijedor, privredna dru\u0161tva, javne ustanove i institucije na podru\u010dju grada Prijedora.<\/p>\n<p>Broj: 02-sl-05\/22<br \/>\nDatum;04.07.2022.godine<\/p>\n","protected":false},"excerpt":{"rendered":"<p>Na osnovu \u010dlana 39. stav 3. i \u010dlana 40. stav b., Zakona o za\u0161titi i spasavanju u vanrednim situacijama (&#8220;Slu\u017ebeni glasnik Republike Srpske&#8221;, broj: 121\/12) i \u010dlana 12. stav 3., [&hellip;]<\/p>\n","protected":false},"author":1,"featured_media":0,"comment_status":"closed","ping_status":"open","sticky":false,"template":"","format":"standard","meta":{"_monsterinsights_skip_tracking":false,"_monsterinsights_sitenote_active":false,"_monsterinsights_sitenote_note":"","_monsterinsights_sitenote_category":0,"footnotes":""},"categories":[8],"tags":[],"yoast_head":"<!-- This site is optimized with the Yoast SEO plugin v21.6 - https:\/\/yoast.com\/wordpress\/plugins\/seo\/ -->\n<title>Gradski \u0161tab za vanredne situacije: Na podru\u010dju Prijedora trenutno nema lica sa pozitivnim testom na virus korona - PrijedorDanas.com - Prijedorski gradski portal<\/title>\n<meta name=\"robots\" content=\"index, follow, max-snippet:-1, max-image-preview:large, max-video-preview:-1\" \/>\n<link rel=\"canonical\" href=\"https:\/\/www.prijedordanas.com\/?p=188423\" \/>\n<meta property=\"og:locale\" content=\"en_US\" \/>\n<meta property=\"og:type\" content=\"article\" \/>\n<meta property=\"og:title\" content=\"Gradski \u0161tab za vanredne situacije: Na podru\u010dju Prijedora trenutno nema lica sa pozitivnim testom na virus korona - PrijedorDanas.com - Prijedorski gradski portal\" \/>\n<meta property=\"og:description\" content=\"Na osnovu \u010dlana 39. stav 3. i \u010dlana 40. stav b., Zakona o za\u0161titi i spasavanju u vanrednim situacijama (&#8220;Slu\u017ebeni glasnik Republike Srpske&#8221;, broj: 121\/12) i \u010dlana 12. stav 3., [&hellip;]\" \/>\n<meta property=\"og:url\" content=\"https:\/\/www.prijedordanas.com\/?p=188423\" \/>\n<meta property=\"og:site_name\" content=\"PrijedorDanas.com - Prijedorski gradski portal\" \/>\n<meta property=\"article:publisher\" content=\"https:\/\/www.facebook.com\/PrijedorDanasCom\/\" \/>\n<meta property=\"article:published_time\" content=\"2022-07-05T12:29:38+00:00\" \/>\n<meta property=\"og:image\" content=\"https:\/\/www.prijedordanas.com\/wp-content\/uploads\/2019\/12\/grad-prijedor-ilustracija-300x253.jpg\" \/>\n<meta name=\"author\" content=\"admin\" \/>\n<meta name=\"twitter:card\" content=\"summary_large_image\" \/>\n<meta name=\"twitter:label1\" content=\"Written by\" \/>\n\t<meta name=\"twitter:data1\" content=\"admin\" \/>\n\t<meta name=\"twitter:label2\" content=\"Est. reading time\" \/>\n\t<meta name=\"twitter:data2\" content=\"3 minutes\" \/>\n<script type=\"application\/ld+json\" class=\"yoast-schema-graph\">{\"@context\":\"https:\/\/schema.org\",\"@graph\":[{\"@type\":\"Article\",\"@id\":\"https:\/\/www.prijedordanas.com\/?p=188423#article\",\"isPartOf\":{\"@id\":\"https:\/\/www.prijedordanas.com\/?p=188423\"},\"author\":{\"name\":\"admin\",\"@id\":\"https:\/\/www.prijedordanas.com\/#\/schema\/person\/4e08ccf29b506ca916ff86d46bb700e6\"},\"headline\":\"Gradski \u0161tab za vanredne situacije: Na podru\u010dju Prijedora trenutno nema lica sa pozitivnim testom na virus korona\",\"datePublished\":\"2022-07-05T12:29:38+00:00\",\"dateModified\":\"2022-07-05T12:29:38+00:00\",\"mainEntityOfPage\":{\"@id\":\"https:\/\/www.prijedordanas.com\/?p=188423\"},\"wordCount\":620,\"publisher\":{\"@id\":\"https:\/\/www.prijedordanas.com\/#organization\"},\"articleSection\":[\"Svakodnevno\"],\"inLanguage\":\"en-US\"},{\"@type\":\"WebPage\",\"@id\":\"https:\/\/www.prijedordanas.com\/?p=188423\",\"url\":\"https:\/\/www.prijedordanas.com\/?p=188423\",\"name\":\"Gradski \u0161tab za vanredne situacije: Na podru\u010dju Prijedora trenutno nema lica sa pozitivnim testom na virus korona - PrijedorDanas.com - Prijedorski gradski portal\",\"isPartOf\":{\"@id\":\"https:\/\/www.prijedordanas.com\/#website\"},\"datePublished\":\"2022-07-05T12:29:38+00:00\",\"dateModified\":\"2022-07-05T12:29:38+00:00\",\"breadcrumb\":{\"@id\":\"https:\/\/www.prijedordanas.com\/?p=188423#breadcrumb\"},\"inLanguage\":\"en-US\",\"potentialAction\":[{\"@type\":\"ReadAction\",\"target\":[\"https:\/\/www.prijedordanas.com\/?p=188423\"]}]},{\"@type\":\"BreadcrumbList\",\"@id\":\"https:\/\/www.prijedordanas.com\/?p=188423#breadcrumb\",\"itemListElement\":[{\"@type\":\"ListItem\",\"position\":1,\"name\":\"Home\",\"item\":\"https:\/\/www.prijedordanas.com\/\"},{\"@type\":\"ListItem\",\"position\":2,\"name\":\"Gradski \u0161tab za vanredne situacije: Na podru\u010dju Prijedora trenutno nema lica sa pozitivnim testom na virus korona\"}]},{\"@type\":\"WebSite\",\"@id\":\"https:\/\/www.prijedordanas.com\/#website\",\"url\":\"https:\/\/www.prijedordanas.com\/\",\"name\":\"PrijedorDanas.com - Prijedorski gradski portal\",\"description\":\"Portal o doga\u0111anjima u gradu Prijedoru\",\"publisher\":{\"@id\":\"https:\/\/www.prijedordanas.com\/#organization\"},\"potentialAction\":[{\"@type\":\"SearchAction\",\"target\":{\"@type\":\"EntryPoint\",\"urlTemplate\":\"https:\/\/www.prijedordanas.com\/?s={search_term_string}\"},\"query-input\":\"required name=search_term_string\"}],\"inLanguage\":\"en-US\"},{\"@type\":\"Organization\",\"@id\":\"https:\/\/www.prijedordanas.com\/#organization\",\"name\":\"PrijedorDanas.com\",\"url\":\"https:\/\/www.prijedordanas.com\/\",\"logo\":{\"@type\":\"ImageObject\",\"inLanguage\":\"en-US\",\"@id\":\"https:\/\/www.prijedordanas.com\/#\/schema\/logo\/image\/\",\"url\":\"http:\/\/www.prijedordanas.com\/wp-content\/uploads\/2021\/12\/logopng.png\",\"contentUrl\":\"http:\/\/www.prijedordanas.com\/wp-content\/uploads\/2021\/12\/logopng.png\",\"width\":1019,\"height\":776,\"caption\":\"PrijedorDanas.com\"},\"image\":{\"@id\":\"https:\/\/www.prijedordanas.com\/#\/schema\/logo\/image\/\"},\"sameAs\":[\"https:\/\/www.facebook.com\/PrijedorDanasCom\/\"]},{\"@type\":\"Person\",\"@id\":\"https:\/\/www.prijedordanas.com\/#\/schema\/person\/4e08ccf29b506ca916ff86d46bb700e6\",\"name\":\"admin\",\"image\":{\"@type\":\"ImageObject\",\"inLanguage\":\"en-US\",\"@id\":\"https:\/\/www.prijedordanas.com\/#\/schema\/person\/image\/\",\"url\":\"https:\/\/secure.gravatar.com\/avatar\/1d3fc949d550f0b53a5f0d51e06dfd79?s=96&d=mm&r=g\",\"contentUrl\":\"https:\/\/secure.gravatar.com\/avatar\/1d3fc949d550f0b53a5f0d51e06dfd79?s=96&d=mm&r=g\",\"caption\":\"admin\"},\"url\":\"https:\/\/www.prijedordanas.com\/?author=1\"}]}<\/script>\n<!-- \/ Yoast SEO plugin. -->","yoast_head_json":{"title":"Gradski \u0161tab za vanredne situacije: Na podru\u010dju Prijedora trenutno nema lica sa pozitivnim testom na virus korona - PrijedorDanas.com - Prijedorski gradski portal","robots":{"index":"index","follow":"follow","max-snippet":"max-snippet:-1","max-image-preview":"max-image-preview:large","max-video-preview":"max-video-preview:-1"},"canonical":"https:\/\/www.prijedordanas.com\/?p=188423","og_locale":"en_US","og_type":"article","og_title":"Gradski \u0161tab za vanredne situacije: Na podru\u010dju Prijedora trenutno nema lica sa pozitivnim testom na virus korona - PrijedorDanas.com - Prijedorski gradski portal","og_description":"Na osnovu \u010dlana 39. stav 3. i \u010dlana 40. stav b., Zakona o za\u0161titi i spasavanju u vanrednim situacijama (&#8220;Slu\u017ebeni glasnik Republike Srpske&#8221;, broj: 121\/12) i \u010dlana 12. stav 3., [&hellip;]","og_url":"https:\/\/www.prijedordanas.com\/?p=188423","og_site_name":"PrijedorDanas.com - Prijedorski gradski portal","article_publisher":"https:\/\/www.facebook.com\/PrijedorDanasCom\/","article_published_time":"2022-07-05T12:29:38+00:00","og_image":[{"url":"https:\/\/www.prijedordanas.com\/wp-content\/uploads\/2019\/12\/grad-prijedor-ilustracija-300x253.jpg"}],"author":"admin","twitter_card":"summary_large_image","twitter_misc":{"Written by":"admin","Est. reading time":"3 minutes"},"schema":{"@context":"https:\/\/schema.org","@graph":[{"@type":"Article","@id":"https:\/\/www.prijedordanas.com\/?p=188423#article","isPartOf":{"@id":"https:\/\/www.prijedordanas.com\/?p=188423"},"author":{"name":"admin","@id":"https:\/\/www.prijedordanas.com\/#\/schema\/person\/4e08ccf29b506ca916ff86d46bb700e6"},"headline":"Gradski \u0161tab za vanredne situacije: Na podru\u010dju Prijedora trenutno nema lica sa pozitivnim testom na virus korona","datePublished":"2022-07-05T12:29:38+00:00","dateModified":"2022-07-05T12:29:38+00:00","mainEntityOfPage":{"@id":"https:\/\/www.prijedordanas.com\/?p=188423"},"wordCount":620,"publisher":{"@id":"https:\/\/www.prijedordanas.com\/#organization"},"articleSection":["Svakodnevno"],"inLanguage":"en-US"},{"@type":"WebPage","@id":"https:\/\/www.prijedordanas.com\/?p=188423","url":"https:\/\/www.prijedordanas.com\/?p=188423","name":"Gradski \u0161tab za vanredne situacije: Na podru\u010dju Prijedora trenutno nema lica sa pozitivnim testom na virus korona - PrijedorDanas.com - Prijedorski gradski portal","isPartOf":{"@id":"https:\/\/www.prijedordanas.com\/#website"},"datePublished":"2022-07-05T12:29:38+00:00","dateModified":"2022-07-05T12:29:38+00:00","breadcrumb":{"@id":"https:\/\/www.prijedordanas.com\/?p=188423#breadcrumb"},"inLanguage":"en-US","potentialAction":[{"@type":"ReadAction","target":["https:\/\/www.prijedordanas.com\/?p=188423"]}]},{"@type":"BreadcrumbList","@id":"https:\/\/www.prijedordanas.com\/?p=188423#breadcrumb","itemListElement":[{"@type":"ListItem","position":1,"name":"Home","item":"https:\/\/www.prijedordanas.com\/"},{"@type":"ListItem","position":2,"name":"Gradski \u0161tab za vanredne situacije: Na podru\u010dju Prijedora trenutno nema lica sa pozitivnim testom na virus korona"}]},{"@type":"WebSite","@id":"https:\/\/www.prijedordanas.com\/#website","url":"https:\/\/www.prijedordanas.com\/","name":"PrijedorDanas.com - Prijedorski gradski portal","description":"Portal o doga\u0111anjima u gradu Prijedoru","publisher":{"@id":"https:\/\/www.prijedordanas.com\/#organization"},"potentialAction":[{"@type":"SearchAction","target":{"@type":"EntryPoint","urlTemplate":"https:\/\/www.prijedordanas.com\/?s={search_term_string}"},"query-input":"required name=search_term_string"}],"inLanguage":"en-US"},{"@type":"Organization","@id":"https:\/\/www.prijedordanas.com\/#organization","name":"PrijedorDanas.com","url":"https:\/\/www.prijedordanas.com\/","logo":{"@type":"ImageObject","inLanguage":"en-US","@id":"https:\/\/www.prijedordanas.com\/#\/schema\/logo\/image\/","url":"http:\/\/www.prijedordanas.com\/wp-content\/uploads\/2021\/12\/logopng.png","contentUrl":"http:\/\/www.prijedordanas.com\/wp-content\/uploads\/2021\/12\/logopng.png","width":1019,"height":776,"caption":"PrijedorDanas.com"},"image":{"@id":"https:\/\/www.prijedordanas.com\/#\/schema\/logo\/image\/"},"sameAs":["https:\/\/www.facebook.com\/PrijedorDanasCom\/"]},{"@type":"Person","@id":"https:\/\/www.prijedordanas.com\/#\/schema\/person\/4e08ccf29b506ca916ff86d46bb700e6","name":"admin","image":{"@type":"ImageObject","inLanguage":"en-US","@id":"https:\/\/www.prijedordanas.com\/#\/schema\/person\/image\/","url":"https:\/\/secure.gravatar.com\/avatar\/1d3fc949d550f0b53a5f0d51e06dfd79?s=96&d=mm&r=g","contentUrl":"https:\/\/secure.gravatar.com\/avatar\/1d3fc949d550f0b53a5f0d51e06dfd79?s=96&d=mm&r=g","caption":"admin"},"url":"https:\/\/www.prijedordanas.com\/?author=1"}]}},"_links":{"self":[{"href":"https:\/\/www.prijedordanas.com\/index.php?rest_route=\/wp\/v2\/posts\/188423"}],"collection":[{"href":"https:\/\/www.prijedordanas.com\/index.php?rest_route=\/wp\/v2\/posts"}],"about":[{"href":"https:\/\/www.prijedordanas.com\/index.php?rest_route=\/wp\/v2\/types\/post"}],"author":[{"embeddable":true,"href":"https:\/\/www.prijedordanas.com\/index.php?rest_route=\/wp\/v2\/users\/1"}],"replies":[{"embeddable":true,"href":"https:\/\/www.prijedordanas.com\/index.php?rest_route=%2Fwp%2Fv2%2Fcomments&post=188423"}],"version-history":[{"count":1,"href":"https:\/\/www.prijedordanas.com\/index.php?rest_route=\/wp\/v2\/posts\/188423\/revisions"}],"predecessor-version":[{"id":188424,"href":"https:\/\/www.prijedordanas.com\/index.php?rest_route=\/wp\/v2\/posts\/188423\/revisions\/188424"}],"wp:attachment":[{"href":"https:\/\/www.prijedordanas.com\/index.php?rest_route=%2Fwp%2Fv2%2Fmedia&parent=188423"}],"wp:term":[{"taxonomy":"category","embeddable":true,"href":"https:\/\/www.prijedordanas.com\/index.php?rest_route=%2Fwp%2Fv2%2Fcategories&post=188423"},{"taxonomy":"post_tag","embeddable":true,"href":"https:\/\/www.prijedordanas.com\/index.php?rest_route=%2Fwp%2Fv2%2Ftags&post=188423"}],"curies":[{"name":"wp","href":"https:\/\/api.w.org\/{rel}","templated":true}]}}