{"id":188175,"date":"2022-06-30T09:25:44","date_gmt":"2022-06-30T07:25:44","guid":{"rendered":"https:\/\/www.prijedordanas.com\/?p=188175"},"modified":"2022-06-30T09:30:14","modified_gmt":"2022-06-30T07:30:14","slug":"kozara-kultura-sjecanja-4-od-sume-preko-kapije-jasenovca-do-djecije-cipelice-na-zgaristu","status":"publish","type":"post","link":"https:\/\/www.prijedordanas.com\/?p=188175","title":{"rendered":"Kozara &#8211; kultura sje\u0107anja (4): Od \u0161ume, preko kapije Jasenovca, do dje\u010dije cipelice na zgari\u0161tu"},"content":{"rendered":"<p><a href=\"https:\/\/www.prijedordanas.com\/wp-content\/uploads\/2022\/06\/nikola-radosavljevic-kozara-kultura-sjecanja-7.jpg\"><img loading=\"lazy\" decoding=\"async\" src=\"https:\/\/www.prijedordanas.com\/wp-content\/uploads\/2022\/06\/nikola-radosavljevic-kozara-kultura-sjecanja-7-225x300.jpg\" alt=\"\" width=\"225\" height=\"300\" class=\"alignleft size-medium wp-image-188176\" srcset=\"https:\/\/www.prijedordanas.com\/wp-content\/uploads\/2022\/06\/nikola-radosavljevic-kozara-kultura-sjecanja-7-225x300.jpg 225w, https:\/\/www.prijedordanas.com\/wp-content\/uploads\/2022\/06\/nikola-radosavljevic-kozara-kultura-sjecanja-7.jpg 450w\" sizes=\"(max-width: 225px) 100vw, 225px\" \/><\/a>U Memorijalnom muzeju na Mrakovici danas u podne otvara se izlo\u017eba &#8220;Kozara 1942&#8221;, zajedni\u010dki projekat Nacionalnog parka &#8220;Kozara&#8221; i Muzeja \u017ertava genocida iz Beograda, a posjetioce vodi od \u0161ume na planini, preko kapije Jasenovca, do povratka pre\u017eivjelih na zgari\u0161ta nakon ofanzive.<\/p>\n<p>Autori izlo\u017ebe su vi\u0161i kustos i kustos Memorijalnog muzeja na Mrakovici Marina LJubi\u010di\u0107 Bogunovi\u0107 i Boris Radakovi\u0107 i kustos Muzeja \u017ertava genocida iz Beograda Bojan Arbutina, a autor postavke je rukovodilac Grupe za programe u kulturi, prosveti, umetnosti i izdava\u0161tvu Muzeja \u017ertava genocida Nikola Radosavljevi\u0107.<\/p>\n<p>Pred ulazom u Memorijalni muzej danima je parkirana traktorska prikolica puna zemlje Kozare kojom su istori\u010dari punili muzejske vitrine, pravili nagib da asocira na penjanje uz planinu, \u010dekali da se zemlja malo osu\u0161i, pa re\u0111ali eksponate.<\/p>\n<p>Na samom po\u010detku muzejskog zdanja, specifi\u010dne, polukru\u017ene arhitekture, nalaze se imena i fotografije autora izlo\u017ebe velikog formata za koje je Radosavljevi\u0107 odlu\u010dio da budu snimljene pored spomenika Du\u0161ana D\u017damonje na Kozari. Tu su i informacije \u010dime se autori bave, koja su im polja interesovanja i fokusi istra\u017eivanja.<\/p>\n<p><a href=\"https:\/\/www.prijedordanas.com\/wp-content\/uploads\/2022\/06\/nikola-radosavljevic-kozara-kultura-sjecanja-8.jpg\"><img loading=\"lazy\" decoding=\"async\" src=\"https:\/\/www.prijedordanas.com\/wp-content\/uploads\/2022\/06\/nikola-radosavljevic-kozara-kultura-sjecanja-8-300x150.jpg\" alt=\"\" width=\"300\" height=\"150\" class=\"alignleft size-medium wp-image-188177\" srcset=\"https:\/\/www.prijedordanas.com\/wp-content\/uploads\/2022\/06\/nikola-radosavljevic-kozara-kultura-sjecanja-8-300x150.jpg 300w, https:\/\/www.prijedordanas.com\/wp-content\/uploads\/2022\/06\/nikola-radosavljevic-kozara-kultura-sjecanja-8-768x384.jpg 768w, https:\/\/www.prijedordanas.com\/wp-content\/uploads\/2022\/06\/nikola-radosavljevic-kozara-kultura-sjecanja-8.jpg 800w\" sizes=\"(max-width: 300px) 100vw, 300px\" \/><\/a>&#8220;Na istorijskim izlo\u017ebama autori se uglavnom ne isti\u010du. Potpi\u0161u se u katalozima, a na ovu poziciju obi\u010dno idu promo, zahvalnice institucijama i sli\u010dno. Imamo i to, ali u drugom formatu, a ovdje smo insistirali da tu po\u010detnu poziciju dobije ovo troje ljudi i da se vidi na osnovu \u010dega su odabrani da iznesu jedan ovakav posao&#8221;, obja\u0161njava Radosavljevi\u0107.<\/p>\n<p>Osim zemlje, u vitrinama su \u0161i\u0161arke, li\u0161\u0107e listopadnog drveta, granje, iglice \u010detinara i rese. Istori\u010dar Marina LJubi\u010di\u0107 Bogunovi\u0107 ka\u017ee da je neraskidiva veza izme\u0111u \u0161ume i istorije, kao i izme\u0111u \u0161ume i naroda.<\/p>\n<p>&#8220;Ulaze\u0107i na izlo\u017ebu, ulazimo u \u0161umu i vra\u0107amo se u to vrijeme i prostor 1942. godine. Ovdje pokazujemo oru\u017eje napada i oru\u017eje odbrane i odnos napada\u010da i branilaca. Na 10 naoru\u017eanih dolazio je jedan seljak. Ovdje je 10 originalnih pu\u0161komitraljeza iz Drugog svjetskog rata, s Kozare, koji su bili dio stalne postavke, a sada imaju novi kontekst. \u010cine krug unutar kojeg su jedne selja\u010dke vile&#8221;, navodi Bogunovi\u0107eva.<\/p>\n<p>Slijede dokumenti me\u0111u kojima su spisak porodica upu\u0107enih po usta\u0161ama u logor u februaru 1942. godine, pismo kotorskom sreskom predstojni\u0161tvu Bosanske Dubice o zlo\u010dinima usta\u0161a u srpskim selima, zapisnik o prelasku Marije Jakovljevi\u0107 u rimokatoli\u010dku vjeru, pismo seljaka Mile Bige usta\u0161koj komandi u Bosanskoj Dubici u kojem izra\u017eava svoju pokornost, naredba o skidanju zvona s pravoslavnih crkava i pismo na\u010delnika Bosanske Kostajnice u kojem ka\u017ee da ne mo\u017ee skinuti zvona srpskih crkava zbog naoru\u017eanih srpskih ustanika.<\/p>\n<p>&#8220;Tako uvodimo posjetioce u stradanja koja po\u010dinju dolaskom Nezavisne Dr\u017eave Hrvatske i to dalje razvijamo do ofanzive 1942, koja je, strogo gledano, trajala od 10. juna do 18. jula, ali ne zavr\u0161avamo izlo\u017ebu tu, nego obuhvatamo i posljednji masovni pokolj koji bilje\u017eimo i pamtimo &#8211; Palan\u010di\u0161te i Donji Jelovac oktobra 1942. godine&#8221;, ka\u017ee Bogunovi\u0107eva.<\/p>\n<p>Potom su predstavljene selja\u010dke torbe da bi se ukazalo na izuzetno veliki zna\u010daj tog naizgled banalnog predmeta u toku rata budu\u0107i da su slu\u017eile \u017eenama da nose hranu na polo\u017eaje, da se u njih sakrivaju pisma, da u njima kuriri prenose poruke sa jednog dijela na drugi.<\/p>\n<p>&#8220;Uz torbu donosimo `Pjesmu o selja\u010dkoj torbi` Branka \u0106opi\u0107a, za koju je mo\u017eda manje poznato da ju je napisao na molbu Mladena Stojanovi\u0107a, koji je ve\u0107 tada shavtio zna\u010daj tog predmeta&#8221;, dodaje Bogunovi\u0107eva.<\/p>\n<p>Ofanzivu na Kozaru predvodio je njema\u010dki general Fridrih \u0160tal, komandant 714. pe\u0161adijske divizije Vermahta i komandant Borbene grupe zapadna Bosna, formirane isklju\u010divo za potrebe ofanzive, a pod \u010dijom komandom su se nalazile i hrvatske usta\u0161ke i domobranske jedinice.<\/p>\n<p>Izlo\u017eba sadr\u017ei \u0160talov proglas pred ofanzivu od 5. juna 1942. godina, kao i audio i video zapise koji do sada nisu bili prikazivani javnosti.<\/p>\n<p>&#8220;Kolega Arbutina je u arhivu `Filmskih novosti` prona\u0161ao autenti\u010dan video-snimak odlikovanja generala Fridriha \u0160tala, kojeg je Paveli\u0107 odlikovao na Kozari&#8221;, napominje Bogunovi\u0107eva.<\/p>\n<p>Slijede neprijateljski \u0161ljemovi pore\u0111ani u krug, a partizansko oru\u017eje u krugu, \u0161to prikazuje bezizlaznost partizanskog pokreta. Tako\u0111e, rije\u010d je o autenti\u010dnim eksponatima iz stalne postavke Muzeja na Mrakovici kojima je sada dat nov kontekst, a predstavljen je i jedan usta\u0161ki \u0161ljem ustupljen iz Beograda.<\/p>\n<p>&#8220;Ovo je narodna no\u0161nja, jedna haljina sa keceljom i pojasom, jedan \u0161e\u0161ir koji je prona\u0111en na planini nakon ofanzive i koji nam je poklonila porodica Mad\u017ear. Tu su opanci i priglavci, da spustimo pri\u010du na nivo obi\u010dnog \u010dovjeka i poka\u017eemo da su to bili nevini ljudi&#8221;, navodi Bogunovi\u0107eva.<\/p>\n<p>Predstavljeno je i hladno oru\u017eje kojim su vr\u0161ene likvidacije.<\/p>\n<p>&#8220;Ovo je replika srbosijeka. Ovo je, tako\u0111e, iz Muzeja \u017ertava genocida. Ovo su gvozdeni okovi i malj, a to smo posudili iz Muzeja Republike Srpske. I oni su kori\u0161teni za likvidaciju zarobljenika u Jasenovcu. Ovaj no\u017ei\u0107 je isto iz Muzeja \u017ertava genocida. No\u0161en je na vje\u0161ta\u010denje i dokazalo se da je kori\u0161ten za klanje i ubijanje&#8221;, ka\u017ee Bogunovi\u0107eva za Srnu.<\/p>\n<p>Tu su i autenti\u010dne fotografije naroda koji izlazi iz \u0161ume, autenti\u010dan video-zapis poslije bitke gledanja dvogledom sa brda, u podno\u017eju je sve popaljeno, a na zidu je prikaz jasenova\u010dke kapije.<\/p>\n<p>&#8220;To je zbjeg, hap\u0161enja na Kozari, preko Kne\u0161polja se vode u Dubicu, a odatle dalje za Jasenovac. Fotografije su i ranije kori\u0161tene, a sada im je dat druga\u010diji kontekst &#8211; dominantno \u0161ume. Ovdje \u0107e biti dnevnik Franje Ilovara, list po list se vrti na ekranu. Ovo su pisma prona\u0111ena nakon ofanzive. Dobili smo ih od Darija Drini\u0107a. Ovdje su fotografije Dare Banovi\u0107 i Mike Mandi\u0107 i njihova svjedo\u010denja&#8221;, pri\u010da Bogunovi\u0107eva.<\/p>\n<p>Izlo\u017eeni su i spiskovi civilnih \u017ertava po op\u0161tinama, a u posljednjoj prostoriji su &#8220;razglednice&#8221;, obdukcioni kartoni djece s Kozare, te prostorna instalacija sa granama i dje\u010dijom cipelicom prona\u0111enom na zgari\u0161tu, sa\u010duvanom i poklonjenom muzeju.<\/p>\n<p>&#8220;Ovdje je kraj. Po\u010detak i kraj su povezani i to je veoma va\u017eno, po mom mi\u0161ljenju. To neka ostane na posjetiocima da vide&#8221;, dodaje Bogunovi\u0107eva.<\/p>\n<p>nastavi\u0107e se &#8230;<\/p>\n<p>SRNA<br \/>\nFoto &#8211; Nikola Radosavljevic<\/p>\n","protected":false},"excerpt":{"rendered":"<p>U Memorijalnom muzeju na Mrakovici danas u podne otvara se izlo\u017eba &#8220;Kozara 1942&#8221;, zajedni\u010dki projekat Nacionalnog parka &#8220;Kozara&#8221; i Muzeja \u017ertava genocida iz Beograda, a posjetioce vodi od \u0161ume na [&hellip;]<\/p>\n","protected":false},"author":1,"featured_media":0,"comment_status":"closed","ping_status":"open","sticky":false,"template":"","format":"standard","meta":{"_monsterinsights_skip_tracking":false,"_monsterinsights_sitenote_active":false,"_monsterinsights_sitenote_note":"","_monsterinsights_sitenote_category":0,"footnotes":""},"categories":[8],"tags":[],"yoast_head":"<!-- This site is optimized with the Yoast SEO plugin v21.6 - https:\/\/yoast.com\/wordpress\/plugins\/seo\/ -->\n<title>Kozara - kultura sje\u0107anja (4): Od \u0161ume, preko kapije Jasenovca, do dje\u010dije cipelice na zgari\u0161tu - PrijedorDanas.com - Prijedorski gradski portal<\/title>\n<meta name=\"robots\" content=\"index, follow, max-snippet:-1, max-image-preview:large, max-video-preview:-1\" \/>\n<link rel=\"canonical\" href=\"https:\/\/www.prijedordanas.com\/?p=188175\" \/>\n<meta property=\"og:locale\" content=\"en_US\" \/>\n<meta property=\"og:type\" content=\"article\" \/>\n<meta property=\"og:title\" content=\"Kozara - kultura sje\u0107anja (4): Od \u0161ume, preko kapije Jasenovca, do dje\u010dije cipelice na zgari\u0161tu - PrijedorDanas.com - Prijedorski gradski portal\" \/>\n<meta property=\"og:description\" content=\"U Memorijalnom muzeju na Mrakovici danas u podne otvara se izlo\u017eba &#8220;Kozara 1942&#8221;, zajedni\u010dki projekat Nacionalnog parka &#8220;Kozara&#8221; i Muzeja \u017ertava genocida iz Beograda, a posjetioce vodi od \u0161ume na [&hellip;]\" \/>\n<meta property=\"og:url\" content=\"https:\/\/www.prijedordanas.com\/?p=188175\" \/>\n<meta property=\"og:site_name\" content=\"PrijedorDanas.com - Prijedorski gradski portal\" \/>\n<meta property=\"article:publisher\" content=\"https:\/\/www.facebook.com\/PrijedorDanasCom\/\" \/>\n<meta property=\"article:published_time\" content=\"2022-06-30T07:25:44+00:00\" \/>\n<meta property=\"article:modified_time\" content=\"2022-06-30T07:30:14+00:00\" \/>\n<meta property=\"og:image\" content=\"https:\/\/www.prijedordanas.com\/wp-content\/uploads\/2022\/06\/nikola-radosavljevic-kozara-kultura-sjecanja-7-225x300.jpg\" \/>\n<meta name=\"author\" content=\"admin\" \/>\n<meta name=\"twitter:card\" content=\"summary_large_image\" \/>\n<meta name=\"twitter:label1\" content=\"Written by\" \/>\n\t<meta name=\"twitter:data1\" content=\"admin\" \/>\n\t<meta name=\"twitter:label2\" content=\"Est. reading time\" \/>\n\t<meta name=\"twitter:data2\" content=\"5 minutes\" \/>\n<script type=\"application\/ld+json\" class=\"yoast-schema-graph\">{\"@context\":\"https:\/\/schema.org\",\"@graph\":[{\"@type\":\"Article\",\"@id\":\"https:\/\/www.prijedordanas.com\/?p=188175#article\",\"isPartOf\":{\"@id\":\"https:\/\/www.prijedordanas.com\/?p=188175\"},\"author\":{\"name\":\"admin\",\"@id\":\"https:\/\/www.prijedordanas.com\/#\/schema\/person\/4e08ccf29b506ca916ff86d46bb700e6\"},\"headline\":\"Kozara &#8211; kultura sje\u0107anja (4): Od \u0161ume, preko kapije Jasenovca, do dje\u010dije cipelice na zgari\u0161tu\",\"datePublished\":\"2022-06-30T07:25:44+00:00\",\"dateModified\":\"2022-06-30T07:30:14+00:00\",\"mainEntityOfPage\":{\"@id\":\"https:\/\/www.prijedordanas.com\/?p=188175\"},\"wordCount\":1086,\"publisher\":{\"@id\":\"https:\/\/www.prijedordanas.com\/#organization\"},\"articleSection\":[\"Svakodnevno\"],\"inLanguage\":\"en-US\"},{\"@type\":\"WebPage\",\"@id\":\"https:\/\/www.prijedordanas.com\/?p=188175\",\"url\":\"https:\/\/www.prijedordanas.com\/?p=188175\",\"name\":\"Kozara - kultura sje\u0107anja (4): Od \u0161ume, preko kapije Jasenovca, do dje\u010dije cipelice na zgari\u0161tu - PrijedorDanas.com - Prijedorski gradski portal\",\"isPartOf\":{\"@id\":\"https:\/\/www.prijedordanas.com\/#website\"},\"datePublished\":\"2022-06-30T07:25:44+00:00\",\"dateModified\":\"2022-06-30T07:30:14+00:00\",\"breadcrumb\":{\"@id\":\"https:\/\/www.prijedordanas.com\/?p=188175#breadcrumb\"},\"inLanguage\":\"en-US\",\"potentialAction\":[{\"@type\":\"ReadAction\",\"target\":[\"https:\/\/www.prijedordanas.com\/?p=188175\"]}]},{\"@type\":\"BreadcrumbList\",\"@id\":\"https:\/\/www.prijedordanas.com\/?p=188175#breadcrumb\",\"itemListElement\":[{\"@type\":\"ListItem\",\"position\":1,\"name\":\"Home\",\"item\":\"https:\/\/www.prijedordanas.com\/\"},{\"@type\":\"ListItem\",\"position\":2,\"name\":\"Kozara &#8211; kultura sje\u0107anja (4): Od \u0161ume, preko kapije Jasenovca, do dje\u010dije cipelice na zgari\u0161tu\"}]},{\"@type\":\"WebSite\",\"@id\":\"https:\/\/www.prijedordanas.com\/#website\",\"url\":\"https:\/\/www.prijedordanas.com\/\",\"name\":\"PrijedorDanas.com - Prijedorski gradski portal\",\"description\":\"Portal o doga\u0111anjima u gradu Prijedoru\",\"publisher\":{\"@id\":\"https:\/\/www.prijedordanas.com\/#organization\"},\"potentialAction\":[{\"@type\":\"SearchAction\",\"target\":{\"@type\":\"EntryPoint\",\"urlTemplate\":\"https:\/\/www.prijedordanas.com\/?s={search_term_string}\"},\"query-input\":\"required name=search_term_string\"}],\"inLanguage\":\"en-US\"},{\"@type\":\"Organization\",\"@id\":\"https:\/\/www.prijedordanas.com\/#organization\",\"name\":\"PrijedorDanas.com\",\"url\":\"https:\/\/www.prijedordanas.com\/\",\"logo\":{\"@type\":\"ImageObject\",\"inLanguage\":\"en-US\",\"@id\":\"https:\/\/www.prijedordanas.com\/#\/schema\/logo\/image\/\",\"url\":\"http:\/\/www.prijedordanas.com\/wp-content\/uploads\/2021\/12\/logopng.png\",\"contentUrl\":\"http:\/\/www.prijedordanas.com\/wp-content\/uploads\/2021\/12\/logopng.png\",\"width\":1019,\"height\":776,\"caption\":\"PrijedorDanas.com\"},\"image\":{\"@id\":\"https:\/\/www.prijedordanas.com\/#\/schema\/logo\/image\/\"},\"sameAs\":[\"https:\/\/www.facebook.com\/PrijedorDanasCom\/\"]},{\"@type\":\"Person\",\"@id\":\"https:\/\/www.prijedordanas.com\/#\/schema\/person\/4e08ccf29b506ca916ff86d46bb700e6\",\"name\":\"admin\",\"image\":{\"@type\":\"ImageObject\",\"inLanguage\":\"en-US\",\"@id\":\"https:\/\/www.prijedordanas.com\/#\/schema\/person\/image\/\",\"url\":\"https:\/\/secure.gravatar.com\/avatar\/1d3fc949d550f0b53a5f0d51e06dfd79?s=96&d=mm&r=g\",\"contentUrl\":\"https:\/\/secure.gravatar.com\/avatar\/1d3fc949d550f0b53a5f0d51e06dfd79?s=96&d=mm&r=g\",\"caption\":\"admin\"},\"url\":\"https:\/\/www.prijedordanas.com\/?author=1\"}]}<\/script>\n<!-- \/ Yoast SEO plugin. -->","yoast_head_json":{"title":"Kozara - kultura sje\u0107anja (4): Od \u0161ume, preko kapije Jasenovca, do dje\u010dije cipelice na zgari\u0161tu - PrijedorDanas.com - Prijedorski gradski portal","robots":{"index":"index","follow":"follow","max-snippet":"max-snippet:-1","max-image-preview":"max-image-preview:large","max-video-preview":"max-video-preview:-1"},"canonical":"https:\/\/www.prijedordanas.com\/?p=188175","og_locale":"en_US","og_type":"article","og_title":"Kozara - kultura sje\u0107anja (4): Od \u0161ume, preko kapije Jasenovca, do dje\u010dije cipelice na zgari\u0161tu - PrijedorDanas.com - Prijedorski gradski portal","og_description":"U Memorijalnom muzeju na Mrakovici danas u podne otvara se izlo\u017eba &#8220;Kozara 1942&#8221;, zajedni\u010dki projekat Nacionalnog parka &#8220;Kozara&#8221; i Muzeja \u017ertava genocida iz Beograda, a posjetioce vodi od \u0161ume na [&hellip;]","og_url":"https:\/\/www.prijedordanas.com\/?p=188175","og_site_name":"PrijedorDanas.com - Prijedorski gradski portal","article_publisher":"https:\/\/www.facebook.com\/PrijedorDanasCom\/","article_published_time":"2022-06-30T07:25:44+00:00","article_modified_time":"2022-06-30T07:30:14+00:00","og_image":[{"url":"https:\/\/www.prijedordanas.com\/wp-content\/uploads\/2022\/06\/nikola-radosavljevic-kozara-kultura-sjecanja-7-225x300.jpg"}],"author":"admin","twitter_card":"summary_large_image","twitter_misc":{"Written by":"admin","Est. reading time":"5 minutes"},"schema":{"@context":"https:\/\/schema.org","@graph":[{"@type":"Article","@id":"https:\/\/www.prijedordanas.com\/?p=188175#article","isPartOf":{"@id":"https:\/\/www.prijedordanas.com\/?p=188175"},"author":{"name":"admin","@id":"https:\/\/www.prijedordanas.com\/#\/schema\/person\/4e08ccf29b506ca916ff86d46bb700e6"},"headline":"Kozara &#8211; kultura sje\u0107anja (4): Od \u0161ume, preko kapije Jasenovca, do dje\u010dije cipelice na zgari\u0161tu","datePublished":"2022-06-30T07:25:44+00:00","dateModified":"2022-06-30T07:30:14+00:00","mainEntityOfPage":{"@id":"https:\/\/www.prijedordanas.com\/?p=188175"},"wordCount":1086,"publisher":{"@id":"https:\/\/www.prijedordanas.com\/#organization"},"articleSection":["Svakodnevno"],"inLanguage":"en-US"},{"@type":"WebPage","@id":"https:\/\/www.prijedordanas.com\/?p=188175","url":"https:\/\/www.prijedordanas.com\/?p=188175","name":"Kozara - kultura sje\u0107anja (4): Od \u0161ume, preko kapije Jasenovca, do dje\u010dije cipelice na zgari\u0161tu - PrijedorDanas.com - Prijedorski gradski portal","isPartOf":{"@id":"https:\/\/www.prijedordanas.com\/#website"},"datePublished":"2022-06-30T07:25:44+00:00","dateModified":"2022-06-30T07:30:14+00:00","breadcrumb":{"@id":"https:\/\/www.prijedordanas.com\/?p=188175#breadcrumb"},"inLanguage":"en-US","potentialAction":[{"@type":"ReadAction","target":["https:\/\/www.prijedordanas.com\/?p=188175"]}]},{"@type":"BreadcrumbList","@id":"https:\/\/www.prijedordanas.com\/?p=188175#breadcrumb","itemListElement":[{"@type":"ListItem","position":1,"name":"Home","item":"https:\/\/www.prijedordanas.com\/"},{"@type":"ListItem","position":2,"name":"Kozara &#8211; kultura sje\u0107anja (4): Od \u0161ume, preko kapije Jasenovca, do dje\u010dije cipelice na zgari\u0161tu"}]},{"@type":"WebSite","@id":"https:\/\/www.prijedordanas.com\/#website","url":"https:\/\/www.prijedordanas.com\/","name":"PrijedorDanas.com - Prijedorski gradski portal","description":"Portal o doga\u0111anjima u gradu Prijedoru","publisher":{"@id":"https:\/\/www.prijedordanas.com\/#organization"},"potentialAction":[{"@type":"SearchAction","target":{"@type":"EntryPoint","urlTemplate":"https:\/\/www.prijedordanas.com\/?s={search_term_string}"},"query-input":"required name=search_term_string"}],"inLanguage":"en-US"},{"@type":"Organization","@id":"https:\/\/www.prijedordanas.com\/#organization","name":"PrijedorDanas.com","url":"https:\/\/www.prijedordanas.com\/","logo":{"@type":"ImageObject","inLanguage":"en-US","@id":"https:\/\/www.prijedordanas.com\/#\/schema\/logo\/image\/","url":"http:\/\/www.prijedordanas.com\/wp-content\/uploads\/2021\/12\/logopng.png","contentUrl":"http:\/\/www.prijedordanas.com\/wp-content\/uploads\/2021\/12\/logopng.png","width":1019,"height":776,"caption":"PrijedorDanas.com"},"image":{"@id":"https:\/\/www.prijedordanas.com\/#\/schema\/logo\/image\/"},"sameAs":["https:\/\/www.facebook.com\/PrijedorDanasCom\/"]},{"@type":"Person","@id":"https:\/\/www.prijedordanas.com\/#\/schema\/person\/4e08ccf29b506ca916ff86d46bb700e6","name":"admin","image":{"@type":"ImageObject","inLanguage":"en-US","@id":"https:\/\/www.prijedordanas.com\/#\/schema\/person\/image\/","url":"https:\/\/secure.gravatar.com\/avatar\/1d3fc949d550f0b53a5f0d51e06dfd79?s=96&d=mm&r=g","contentUrl":"https:\/\/secure.gravatar.com\/avatar\/1d3fc949d550f0b53a5f0d51e06dfd79?s=96&d=mm&r=g","caption":"admin"},"url":"https:\/\/www.prijedordanas.com\/?author=1"}]}},"_links":{"self":[{"href":"https:\/\/www.prijedordanas.com\/index.php?rest_route=\/wp\/v2\/posts\/188175"}],"collection":[{"href":"https:\/\/www.prijedordanas.com\/index.php?rest_route=\/wp\/v2\/posts"}],"about":[{"href":"https:\/\/www.prijedordanas.com\/index.php?rest_route=\/wp\/v2\/types\/post"}],"author":[{"embeddable":true,"href":"https:\/\/www.prijedordanas.com\/index.php?rest_route=\/wp\/v2\/users\/1"}],"replies":[{"embeddable":true,"href":"https:\/\/www.prijedordanas.com\/index.php?rest_route=%2Fwp%2Fv2%2Fcomments&post=188175"}],"version-history":[{"count":2,"href":"https:\/\/www.prijedordanas.com\/index.php?rest_route=\/wp\/v2\/posts\/188175\/revisions"}],"predecessor-version":[{"id":188179,"href":"https:\/\/www.prijedordanas.com\/index.php?rest_route=\/wp\/v2\/posts\/188175\/revisions\/188179"}],"wp:attachment":[{"href":"https:\/\/www.prijedordanas.com\/index.php?rest_route=%2Fwp%2Fv2%2Fmedia&parent=188175"}],"wp:term":[{"taxonomy":"category","embeddable":true,"href":"https:\/\/www.prijedordanas.com\/index.php?rest_route=%2Fwp%2Fv2%2Fcategories&post=188175"},{"taxonomy":"post_tag","embeddable":true,"href":"https:\/\/www.prijedordanas.com\/index.php?rest_route=%2Fwp%2Fv2%2Ftags&post=188175"}],"curies":[{"name":"wp","href":"https:\/\/api.w.org\/{rel}","templated":true}]}}