{"id":187959,"date":"2022-06-27T10:58:52","date_gmt":"2022-06-27T08:58:52","guid":{"rendered":"https:\/\/www.prijedordanas.com\/?p=187959"},"modified":"2022-06-28T10:59:39","modified_gmt":"2022-06-28T08:59:39","slug":"kozara-kultura-sjecanja-1-ljubicic-bogunovic-otvorene-teme-koje-su-se-dugo-obilazile","status":"publish","type":"post","link":"https:\/\/www.prijedordanas.com\/?p=187959","title":{"rendered":"Kozara &#8211; kultura sje\u0107anja (1): Ljubi\u010di\u0107 Bogunovi\u0107 &#8211; Otvorene teme koje su se dugo obilazile"},"content":{"rendered":"<p><a href=\"https:\/\/www.prijedordanas.com\/wp-content\/uploads\/2022\/06\/kozara-spomenik-2022.jpg\"><img loading=\"lazy\" decoding=\"async\" class=\"alignleft size-medium wp-image-187960\" src=\"https:\/\/www.prijedordanas.com\/wp-content\/uploads\/2022\/06\/kozara-spomenik-2022-300x225.jpg\" alt=\"\" width=\"300\" height=\"225\" srcset=\"https:\/\/www.prijedordanas.com\/wp-content\/uploads\/2022\/06\/kozara-spomenik-2022-300x225.jpg 300w, https:\/\/www.prijedordanas.com\/wp-content\/uploads\/2022\/06\/kozara-spomenik-2022-640x480.jpg 640w, https:\/\/www.prijedordanas.com\/wp-content\/uploads\/2022\/06\/kozara-spomenik-2022.jpg 667w\" sizes=\"(max-width: 300px) 100vw, 300px\" \/><\/a>Memorijalni muzej na Mrakovici nizom aktivnosti obilje\u017eava 80 godina Bitke na Kozari u saradnji sa brojnim institucijama i otvara teme koje su se dugo obilazile, a daje im se zna\u010da u godini jubileja &#8211; stradanje civila i stradanje \u017eena, izjavila je vi\u0161i kustos ovog muzeja i rukovodilac sektora kulturno-istorijskog naslje\u0111a u Nacionalnom parku Kozara Marina LJubi\u010di\u0107 Bogunovi\u0107.<\/p>\n<p>&#8220;Aktivnosti oko obilje\u017eavanja ovog istorijski veoma va\u017enog datuma rasporedili smo tokom \u010ditave godine, jer nije dovoljno da se samo jedan dan podsjetimo na tragediju Kozare. \u017delimo da podsje\u0107amo na Kozaru tokom cijele godine, da je usadimo duboko u na\u0161u svijest&#8221;, rekla je Bogunovi\u0107eva Srni.<\/p>\n<p>&#8220;Kozara 1942&#8221; naziv je multimedijalne izlo\u017ebe koja \u0107e u Memorijalnom muzeju na Mrakovici biti otvorena u \u010detvrtak, 30. juna, u saradnji Nacionalnog parka Kozara i Muzeja \u017ertava genocida iz Beograda. Bi\u0107e otvorena do jeseni, a nakon toga postavljena u Beogradu, a potom \u0107e obi\u0107i i veliki broj gradova u Republici Srpskoj.<\/p>\n<p><a href=\"https:\/\/www.prijedordanas.com\/wp-content\/uploads\/2022\/06\/nikola-radosavljevic-kozara-kultura-sjecanja-1.jpg\"><img loading=\"lazy\" decoding=\"async\" src=\"https:\/\/www.prijedordanas.com\/wp-content\/uploads\/2022\/06\/nikola-radosavljevic-kozara-kultura-sjecanja-1-300x225.jpg\" alt=\"\" width=\"300\" height=\"225\" class=\"alignleft size-medium wp-image-188051\" srcset=\"https:\/\/www.prijedordanas.com\/wp-content\/uploads\/2022\/06\/nikola-radosavljevic-kozara-kultura-sjecanja-1-300x225.jpg 300w, https:\/\/www.prijedordanas.com\/wp-content\/uploads\/2022\/06\/nikola-radosavljevic-kozara-kultura-sjecanja-1-640x480.jpg 640w, https:\/\/www.prijedordanas.com\/wp-content\/uploads\/2022\/06\/nikola-radosavljevic-kozara-kultura-sjecanja-1.jpg 667w\" sizes=\"(max-width: 300px) 100vw, 300px\" \/><\/a>&#8220;Stalna postavka `Kozara u narodno-oslobodila\u010dkoj borbi`, egzistira od 2012. godine i ve\u0107 je dobro poznata. Smatrala sam da je neophodno da muzej ponudi ne\u0161to novo, pogotovo \u0161to se stalnom muzejskom postavkom o veoma kompleksnoj temi kakva je Kozara nikad ne mogu obraditi sve pojedinosti do kraja onako kako biste htjeli. Jedini na\u010din je da pravimo ovakve tematske izlo\u017ebe, da se posvetimo jednoj u\u017eoj problematici Kozare u Drugom svjetskom ratu&#8221;, rekla je Bogunovi\u0107eva.<\/p>\n<p>Ona je podsjetila da je pro\u0161le godine ovaj muzej u saradnji sa Javnom ustanovom &#8220;Spomen-podru\u010dje Donja Gradina&#8221; priredio izlo\u017ebu posve\u0107enu Jasenovcu i onome \u0161ta se de\u0161avalo civilima nakon \u0161to su odvedeni sa Kozare.<\/p>\n<p>&#8220;Ove godine se vremenski vra\u0107amo korak unazad i obra\u0111ujemo \u0161ta im se de\u0161avalo kroz trajanje same bitke. Fokus smo stavili na pojedinca. Poku\u0161ali smo do\u010darati tragediju, ali na jedan lak\u0161i na\u010din. Treba uzeti u obzir \u010dinjenicu da ne reaguju svi jednako na potresne fotografije. Sad smo htjeli ponuditi postavku koju mo\u017ee da pogleda svako, a koja \u0107e opet donijeti tu tragediju na pravi na\u010din&#8221;, navela je Bogunovi\u0107eva.<\/p>\n<p><a href=\"https:\/\/www.prijedordanas.com\/wp-content\/uploads\/2022\/06\/srna-bogunovic-kultura-sjecanja-1.jpg\"><img loading=\"lazy\" decoding=\"async\" class=\"alignleft size-medium wp-image-187962\" src=\"https:\/\/www.prijedordanas.com\/wp-content\/uploads\/2022\/06\/srna-bogunovic-kultura-sjecanja-1-300x225.jpg\" alt=\"\" width=\"300\" height=\"225\" srcset=\"https:\/\/www.prijedordanas.com\/wp-content\/uploads\/2022\/06\/srna-bogunovic-kultura-sjecanja-1-300x225.jpg 300w, https:\/\/www.prijedordanas.com\/wp-content\/uploads\/2022\/06\/srna-bogunovic-kultura-sjecanja-1-640x480.jpg 640w, https:\/\/www.prijedordanas.com\/wp-content\/uploads\/2022\/06\/srna-bogunovic-kultura-sjecanja-1.jpg 666w\" sizes=\"(max-width: 300px) 100vw, 300px\" \/><\/a>Ona je naglasila da muzej ima biblioteku i arhivsku gra\u0111u sa oko 20.000 dokumenata, da oni slu\u017ee za istra\u017eivanje i pisanje stru\u010dnih radova i zastupljeni su u literaturi, ali nisu prikazivani posjetiocima, a sada su izabrani oni koji su za godinu jubileja najzanimljiviji.<\/p>\n<p>&#8220;Mo\u017eda je sad i najbolje vrijeme za to jer se slobodnije o tome govori, arhivi se otvaraju, istra\u017eivanja napreduju, a sve \u0161to jedan istori\u010dar ponudi, to je utemeljeno, dokumentovano i provjerljivo. Ovom izlo\u017ebom prezentujemo dosta nove istorijske gra\u0111e koju muzej posjeduje, a koju nije bio u prilici da poka\u017ee, zbog stalne postavke. Sada su do\u0161li na red predmeti za koje smo procijenili da zaslu\u017euju fokus&#8221;, pojasnila je ona.<\/p>\n<p>Nova postavka posve\u0107ena je stradanju civila i prate je srpsko-engleski katalog i knjiga &#8220;Kozara 1942. godine: Odabrana svedo\u010danstva i dokumenti&#8221;, a zajedni\u010dki projekat mrakovi\u010dkog i Muzeja \u017ertava genocida podr\u017eali su Ministarstvo kulture i informisanja Srbije, &#8220;Telekom Srbija&#8221; i Fondacija Muzeja \u017ertava genocida.<\/p>\n<p>&#8220;Pro\u0161le sedmice bili smo doma\u0107ini stru\u010dnog skupa `Genocid nad Srbima u Nezavisnoj Dr\u017eavi Hrvatskoj \/NDH\/ i ustanak, Kozara 1942-2022` u saradnji sa Republi\u010dkim centrom za istra\u017eivanje rata, ratnih zlo\u010dina i tra\u017eenje nestalih lica, tako da se oko svih stvari koje \u017eelimo realizovati u ovoj godine stvorila lijepa energija i svi koje smo \u017eeljeli za saradnju odmah su pristajali&#8221;, dodala je Bogunovi\u0107eva.<\/p>\n<p>Ona je istakla i saradnju sa Muzejom Kozare u Prijedoru i &#8220;Spomen-podru\u010djem Donja Gradina&#8221; na publikaciji o \u017eenama Kozare, gdje je znatnu podr\u0161ku dao i grad Prijedor, da je u planu i objavljivanje biografija jedne \u017eene Kozare, bake koja je bila nepismena, ali \u010dija narativna sposobnost podsje\u0107a na Branka \u0106opi\u0107a, te da \u0107e u saradnji sa Razvojnom agencijom grada Prijedora &#8220;Preda&#8221; Bitka na Kozari dobiti i format virtuelne realnosti.<\/p>\n<p>&#8230; nastavi\u0107e se<\/p>\n<p>SRNA<br \/>\nFoto &#8211; Nikola Radosavljevi\u0107<\/p>\n","protected":false},"excerpt":{"rendered":"<p>Memorijalni muzej na Mrakovici nizom aktivnosti obilje\u017eava 80 godina Bitke na Kozari u saradnji sa brojnim institucijama i otvara teme koje su se dugo obilazile, a daje im se zna\u010da [&hellip;]<\/p>\n","protected":false},"author":1,"featured_media":0,"comment_status":"closed","ping_status":"open","sticky":false,"template":"","format":"standard","meta":{"_monsterinsights_skip_tracking":false,"_monsterinsights_sitenote_active":false,"_monsterinsights_sitenote_note":"","_monsterinsights_sitenote_category":0,"footnotes":""},"categories":[8],"tags":[],"yoast_head":"<!-- This site is optimized with the Yoast SEO plugin v21.6 - https:\/\/yoast.com\/wordpress\/plugins\/seo\/ -->\n<title>Kozara - kultura sje\u0107anja (1): Ljubi\u010di\u0107 Bogunovi\u0107 - Otvorene teme koje su se dugo obilazile - PrijedorDanas.com - Prijedorski gradski portal<\/title>\n<meta name=\"robots\" content=\"index, follow, max-snippet:-1, max-image-preview:large, max-video-preview:-1\" \/>\n<link rel=\"canonical\" href=\"https:\/\/www.prijedordanas.com\/?p=187959\" \/>\n<meta property=\"og:locale\" content=\"en_US\" \/>\n<meta property=\"og:type\" content=\"article\" \/>\n<meta property=\"og:title\" content=\"Kozara - kultura sje\u0107anja (1): Ljubi\u010di\u0107 Bogunovi\u0107 - Otvorene teme koje su se dugo obilazile - PrijedorDanas.com - Prijedorski gradski portal\" \/>\n<meta property=\"og:description\" content=\"Memorijalni muzej na Mrakovici nizom aktivnosti obilje\u017eava 80 godina Bitke na Kozari u saradnji sa brojnim institucijama i otvara teme koje su se dugo obilazile, a daje im se zna\u010da [&hellip;]\" \/>\n<meta property=\"og:url\" content=\"https:\/\/www.prijedordanas.com\/?p=187959\" \/>\n<meta property=\"og:site_name\" content=\"PrijedorDanas.com - Prijedorski gradski portal\" \/>\n<meta property=\"article:publisher\" content=\"https:\/\/www.facebook.com\/PrijedorDanasCom\/\" \/>\n<meta property=\"article:published_time\" content=\"2022-06-27T08:58:52+00:00\" \/>\n<meta property=\"article:modified_time\" content=\"2022-06-28T08:59:39+00:00\" \/>\n<meta property=\"og:image\" content=\"https:\/\/www.prijedordanas.com\/wp-content\/uploads\/2022\/06\/kozara-spomenik-2022-300x225.jpg\" \/>\n<meta name=\"author\" content=\"admin\" \/>\n<meta name=\"twitter:card\" content=\"summary_large_image\" \/>\n<meta name=\"twitter:label1\" content=\"Written by\" \/>\n\t<meta name=\"twitter:data1\" content=\"admin\" \/>\n\t<meta name=\"twitter:label2\" content=\"Est. reading time\" \/>\n\t<meta name=\"twitter:data2\" content=\"4 minutes\" \/>\n<script type=\"application\/ld+json\" class=\"yoast-schema-graph\">{\"@context\":\"https:\/\/schema.org\",\"@graph\":[{\"@type\":\"Article\",\"@id\":\"https:\/\/www.prijedordanas.com\/?p=187959#article\",\"isPartOf\":{\"@id\":\"https:\/\/www.prijedordanas.com\/?p=187959\"},\"author\":{\"name\":\"admin\",\"@id\":\"https:\/\/www.prijedordanas.com\/#\/schema\/person\/4e08ccf29b506ca916ff86d46bb700e6\"},\"headline\":\"Kozara &#8211; kultura sje\u0107anja (1): Ljubi\u010di\u0107 Bogunovi\u0107 &#8211; Otvorene teme koje su se dugo obilazile\",\"datePublished\":\"2022-06-27T08:58:52+00:00\",\"dateModified\":\"2022-06-28T08:59:39+00:00\",\"mainEntityOfPage\":{\"@id\":\"https:\/\/www.prijedordanas.com\/?p=187959\"},\"wordCount\":689,\"publisher\":{\"@id\":\"https:\/\/www.prijedordanas.com\/#organization\"},\"articleSection\":[\"Svakodnevno\"],\"inLanguage\":\"en-US\"},{\"@type\":\"WebPage\",\"@id\":\"https:\/\/www.prijedordanas.com\/?p=187959\",\"url\":\"https:\/\/www.prijedordanas.com\/?p=187959\",\"name\":\"Kozara - kultura sje\u0107anja (1): Ljubi\u010di\u0107 Bogunovi\u0107 - Otvorene teme koje su se dugo obilazile - PrijedorDanas.com - Prijedorski gradski portal\",\"isPartOf\":{\"@id\":\"https:\/\/www.prijedordanas.com\/#website\"},\"datePublished\":\"2022-06-27T08:58:52+00:00\",\"dateModified\":\"2022-06-28T08:59:39+00:00\",\"breadcrumb\":{\"@id\":\"https:\/\/www.prijedordanas.com\/?p=187959#breadcrumb\"},\"inLanguage\":\"en-US\",\"potentialAction\":[{\"@type\":\"ReadAction\",\"target\":[\"https:\/\/www.prijedordanas.com\/?p=187959\"]}]},{\"@type\":\"BreadcrumbList\",\"@id\":\"https:\/\/www.prijedordanas.com\/?p=187959#breadcrumb\",\"itemListElement\":[{\"@type\":\"ListItem\",\"position\":1,\"name\":\"Home\",\"item\":\"https:\/\/www.prijedordanas.com\/\"},{\"@type\":\"ListItem\",\"position\":2,\"name\":\"Kozara &#8211; kultura sje\u0107anja (1): Ljubi\u010di\u0107 Bogunovi\u0107 &#8211; Otvorene teme koje su se dugo obilazile\"}]},{\"@type\":\"WebSite\",\"@id\":\"https:\/\/www.prijedordanas.com\/#website\",\"url\":\"https:\/\/www.prijedordanas.com\/\",\"name\":\"PrijedorDanas.com - Prijedorski gradski portal\",\"description\":\"Portal o doga\u0111anjima u gradu Prijedoru\",\"publisher\":{\"@id\":\"https:\/\/www.prijedordanas.com\/#organization\"},\"potentialAction\":[{\"@type\":\"SearchAction\",\"target\":{\"@type\":\"EntryPoint\",\"urlTemplate\":\"https:\/\/www.prijedordanas.com\/?s={search_term_string}\"},\"query-input\":\"required name=search_term_string\"}],\"inLanguage\":\"en-US\"},{\"@type\":\"Organization\",\"@id\":\"https:\/\/www.prijedordanas.com\/#organization\",\"name\":\"PrijedorDanas.com\",\"url\":\"https:\/\/www.prijedordanas.com\/\",\"logo\":{\"@type\":\"ImageObject\",\"inLanguage\":\"en-US\",\"@id\":\"https:\/\/www.prijedordanas.com\/#\/schema\/logo\/image\/\",\"url\":\"http:\/\/www.prijedordanas.com\/wp-content\/uploads\/2021\/12\/logopng.png\",\"contentUrl\":\"http:\/\/www.prijedordanas.com\/wp-content\/uploads\/2021\/12\/logopng.png\",\"width\":1019,\"height\":776,\"caption\":\"PrijedorDanas.com\"},\"image\":{\"@id\":\"https:\/\/www.prijedordanas.com\/#\/schema\/logo\/image\/\"},\"sameAs\":[\"https:\/\/www.facebook.com\/PrijedorDanasCom\/\"]},{\"@type\":\"Person\",\"@id\":\"https:\/\/www.prijedordanas.com\/#\/schema\/person\/4e08ccf29b506ca916ff86d46bb700e6\",\"name\":\"admin\",\"image\":{\"@type\":\"ImageObject\",\"inLanguage\":\"en-US\",\"@id\":\"https:\/\/www.prijedordanas.com\/#\/schema\/person\/image\/\",\"url\":\"https:\/\/secure.gravatar.com\/avatar\/1d3fc949d550f0b53a5f0d51e06dfd79?s=96&d=mm&r=g\",\"contentUrl\":\"https:\/\/secure.gravatar.com\/avatar\/1d3fc949d550f0b53a5f0d51e06dfd79?s=96&d=mm&r=g\",\"caption\":\"admin\"},\"url\":\"https:\/\/www.prijedordanas.com\/?author=1\"}]}<\/script>\n<!-- \/ Yoast SEO plugin. -->","yoast_head_json":{"title":"Kozara - kultura sje\u0107anja (1): Ljubi\u010di\u0107 Bogunovi\u0107 - Otvorene teme koje su se dugo obilazile - PrijedorDanas.com - Prijedorski gradski portal","robots":{"index":"index","follow":"follow","max-snippet":"max-snippet:-1","max-image-preview":"max-image-preview:large","max-video-preview":"max-video-preview:-1"},"canonical":"https:\/\/www.prijedordanas.com\/?p=187959","og_locale":"en_US","og_type":"article","og_title":"Kozara - kultura sje\u0107anja (1): Ljubi\u010di\u0107 Bogunovi\u0107 - Otvorene teme koje su se dugo obilazile - PrijedorDanas.com - Prijedorski gradski portal","og_description":"Memorijalni muzej na Mrakovici nizom aktivnosti obilje\u017eava 80 godina Bitke na Kozari u saradnji sa brojnim institucijama i otvara teme koje su se dugo obilazile, a daje im se zna\u010da [&hellip;]","og_url":"https:\/\/www.prijedordanas.com\/?p=187959","og_site_name":"PrijedorDanas.com - Prijedorski gradski portal","article_publisher":"https:\/\/www.facebook.com\/PrijedorDanasCom\/","article_published_time":"2022-06-27T08:58:52+00:00","article_modified_time":"2022-06-28T08:59:39+00:00","og_image":[{"url":"https:\/\/www.prijedordanas.com\/wp-content\/uploads\/2022\/06\/kozara-spomenik-2022-300x225.jpg"}],"author":"admin","twitter_card":"summary_large_image","twitter_misc":{"Written by":"admin","Est. reading time":"4 minutes"},"schema":{"@context":"https:\/\/schema.org","@graph":[{"@type":"Article","@id":"https:\/\/www.prijedordanas.com\/?p=187959#article","isPartOf":{"@id":"https:\/\/www.prijedordanas.com\/?p=187959"},"author":{"name":"admin","@id":"https:\/\/www.prijedordanas.com\/#\/schema\/person\/4e08ccf29b506ca916ff86d46bb700e6"},"headline":"Kozara &#8211; kultura sje\u0107anja (1): Ljubi\u010di\u0107 Bogunovi\u0107 &#8211; Otvorene teme koje su se dugo obilazile","datePublished":"2022-06-27T08:58:52+00:00","dateModified":"2022-06-28T08:59:39+00:00","mainEntityOfPage":{"@id":"https:\/\/www.prijedordanas.com\/?p=187959"},"wordCount":689,"publisher":{"@id":"https:\/\/www.prijedordanas.com\/#organization"},"articleSection":["Svakodnevno"],"inLanguage":"en-US"},{"@type":"WebPage","@id":"https:\/\/www.prijedordanas.com\/?p=187959","url":"https:\/\/www.prijedordanas.com\/?p=187959","name":"Kozara - kultura sje\u0107anja (1): Ljubi\u010di\u0107 Bogunovi\u0107 - Otvorene teme koje su se dugo obilazile - PrijedorDanas.com - Prijedorski gradski portal","isPartOf":{"@id":"https:\/\/www.prijedordanas.com\/#website"},"datePublished":"2022-06-27T08:58:52+00:00","dateModified":"2022-06-28T08:59:39+00:00","breadcrumb":{"@id":"https:\/\/www.prijedordanas.com\/?p=187959#breadcrumb"},"inLanguage":"en-US","potentialAction":[{"@type":"ReadAction","target":["https:\/\/www.prijedordanas.com\/?p=187959"]}]},{"@type":"BreadcrumbList","@id":"https:\/\/www.prijedordanas.com\/?p=187959#breadcrumb","itemListElement":[{"@type":"ListItem","position":1,"name":"Home","item":"https:\/\/www.prijedordanas.com\/"},{"@type":"ListItem","position":2,"name":"Kozara &#8211; kultura sje\u0107anja (1): Ljubi\u010di\u0107 Bogunovi\u0107 &#8211; Otvorene teme koje su se dugo obilazile"}]},{"@type":"WebSite","@id":"https:\/\/www.prijedordanas.com\/#website","url":"https:\/\/www.prijedordanas.com\/","name":"PrijedorDanas.com - Prijedorski gradski portal","description":"Portal o doga\u0111anjima u gradu Prijedoru","publisher":{"@id":"https:\/\/www.prijedordanas.com\/#organization"},"potentialAction":[{"@type":"SearchAction","target":{"@type":"EntryPoint","urlTemplate":"https:\/\/www.prijedordanas.com\/?s={search_term_string}"},"query-input":"required name=search_term_string"}],"inLanguage":"en-US"},{"@type":"Organization","@id":"https:\/\/www.prijedordanas.com\/#organization","name":"PrijedorDanas.com","url":"https:\/\/www.prijedordanas.com\/","logo":{"@type":"ImageObject","inLanguage":"en-US","@id":"https:\/\/www.prijedordanas.com\/#\/schema\/logo\/image\/","url":"http:\/\/www.prijedordanas.com\/wp-content\/uploads\/2021\/12\/logopng.png","contentUrl":"http:\/\/www.prijedordanas.com\/wp-content\/uploads\/2021\/12\/logopng.png","width":1019,"height":776,"caption":"PrijedorDanas.com"},"image":{"@id":"https:\/\/www.prijedordanas.com\/#\/schema\/logo\/image\/"},"sameAs":["https:\/\/www.facebook.com\/PrijedorDanasCom\/"]},{"@type":"Person","@id":"https:\/\/www.prijedordanas.com\/#\/schema\/person\/4e08ccf29b506ca916ff86d46bb700e6","name":"admin","image":{"@type":"ImageObject","inLanguage":"en-US","@id":"https:\/\/www.prijedordanas.com\/#\/schema\/person\/image\/","url":"https:\/\/secure.gravatar.com\/avatar\/1d3fc949d550f0b53a5f0d51e06dfd79?s=96&d=mm&r=g","contentUrl":"https:\/\/secure.gravatar.com\/avatar\/1d3fc949d550f0b53a5f0d51e06dfd79?s=96&d=mm&r=g","caption":"admin"},"url":"https:\/\/www.prijedordanas.com\/?author=1"}]}},"_links":{"self":[{"href":"https:\/\/www.prijedordanas.com\/index.php?rest_route=\/wp\/v2\/posts\/187959"}],"collection":[{"href":"https:\/\/www.prijedordanas.com\/index.php?rest_route=\/wp\/v2\/posts"}],"about":[{"href":"https:\/\/www.prijedordanas.com\/index.php?rest_route=\/wp\/v2\/types\/post"}],"author":[{"embeddable":true,"href":"https:\/\/www.prijedordanas.com\/index.php?rest_route=\/wp\/v2\/users\/1"}],"replies":[{"embeddable":true,"href":"https:\/\/www.prijedordanas.com\/index.php?rest_route=%2Fwp%2Fv2%2Fcomments&post=187959"}],"version-history":[{"count":2,"href":"https:\/\/www.prijedordanas.com\/index.php?rest_route=\/wp\/v2\/posts\/187959\/revisions"}],"predecessor-version":[{"id":188053,"href":"https:\/\/www.prijedordanas.com\/index.php?rest_route=\/wp\/v2\/posts\/187959\/revisions\/188053"}],"wp:attachment":[{"href":"https:\/\/www.prijedordanas.com\/index.php?rest_route=%2Fwp%2Fv2%2Fmedia&parent=187959"}],"wp:term":[{"taxonomy":"category","embeddable":true,"href":"https:\/\/www.prijedordanas.com\/index.php?rest_route=%2Fwp%2Fv2%2Fcategories&post=187959"},{"taxonomy":"post_tag","embeddable":true,"href":"https:\/\/www.prijedordanas.com\/index.php?rest_route=%2Fwp%2Fv2%2Ftags&post=187959"}],"curies":[{"name":"wp","href":"https:\/\/api.w.org\/{rel}","templated":true}]}}