{"id":187715,"date":"2022-06-23T05:59:18","date_gmt":"2022-06-23T03:59:18","guid":{"rendered":"https:\/\/www.prijedordanas.com\/?p=187715"},"modified":"2022-06-23T05:59:18","modified_gmt":"2022-06-23T03:59:18","slug":"konkurs-za-posao-izbor-i-imenovanje-direktora-srednjoskolskog-centra-prijedor","status":"publish","type":"post","link":"https:\/\/www.prijedordanas.com\/?p=187715","title":{"rendered":"Konkurs za posao: Izbor i imenovanje direktora Srednjo\u0161kolskog centra Prijedor"},"content":{"rendered":"<p><a href=\"https:\/\/www.prijedordanas.com\/wp-content\/uploads\/2018\/07\/konkurs-za-posao8.jpg\"><img loading=\"lazy\" decoding=\"async\" src=\"https:\/\/www.prijedordanas.com\/wp-content\/uploads\/2018\/07\/konkurs-za-posao8-300x217.jpg\" alt=\"\" width=\"300\" height=\"217\" class=\"alignleft size-medium wp-image-108260\" srcset=\"https:\/\/www.prijedordanas.com\/wp-content\/uploads\/2018\/07\/konkurs-za-posao8-300x217.jpg 300w, https:\/\/www.prijedordanas.com\/wp-content\/uploads\/2018\/07\/konkurs-za-posao8-100x72.jpg 100w, https:\/\/www.prijedordanas.com\/wp-content\/uploads\/2018\/07\/konkurs-za-posao8.jpg 690w\" sizes=\"(max-width: 300px) 100vw, 300px\" \/><\/a>Broj: 650\/22. <\/p>\n<p>Na osnovu \u010dlana 128. stav 1. ta\u010dka 8. i \u010dlana 130. Zakona o srednjem obrazovanju i vaspitanju (\u201eSlu\u017ebeni glasnik Republike Srpske\u201c broj: 41\/18, 35\/20 i 92\/20), \u010dlana 3. stav 1,2,3 i 4. Pravilnika o uslovima i na\u010dinu izbora direktora \u0161kole (\u201eSlu\u017ebeni glasnik Republike Srpske\u201c br. 108\/09 i 118\/09) i Odluke \u0161kolskog odbora o raspisivanju javnog konkursa, \u0160kolski odbor JU \u201eSrednjo\u0161kolski centar Prijedor\u201c Prijedor r a s p i s u j e: <\/p>\n<p>JAVNI KONKURS ZA IZBOR I IMENOVANJE DIREKTORA JU \u201eSREDNJO\u0160KOLSKI CENTAR PRIJEDOR\u201c PRIJEDOR<\/p>\n<p>I &#8211; Predmet <\/p>\n<p>\u0160kolski odbor JU \u201eSrednjo\u0161kolski centar Prijedor\u201c Prijedor, raspisuje Javni konkurs za izbor i imenovanje direktora JU \u201eSrednjo\u0161kolski centar Prijedor\u201c Prijedor. <\/p>\n<p>Posebni uslovi radnog mjesta <\/p>\n<p>II &#8211; Opis poslova <\/p>\n<p>Direktor \u0161kole rukovodi radom \u0161kole i odgovoran je za zakonitost rada i uspje\u0161no obavljanje djelatnosti \u0161kole. Za svoj rad odgovara Vladi, \u0160kolskom odboru i ministru. <\/p>\n<p>Direktor \u0161kole odgovaran je i za obavljanje ostalih poslova utvr\u0111enih Zakonom o sistemu javnih slu\u017ebi, Zakonom o srednjem obrazovanju i vaspitanju i Statutom \u0161kole. <\/p>\n<p>III &#8211; Mandat <\/p>\n<p>Direktora \u0161kole imenuje Vlada na prijedlog ministra. Mandat direktora traje 4 godine i po\u010dinje od dana stupanja na du\u017enost. <\/p>\n<p>\u0160kolski odbor ministru dostavlja dokumentaciju i spisak kandidata koji ispunjavaju uslove konkursa za imenovanje direktora, u roku od 8 (osam) dana od dana razmatranja prijava. Na prijedlog ministra Vlada imenuje za direktora jednog od kandidata sa spiska iz prethodne alineje.<\/p>\n<p>IV &#8211; Status <\/p>\n<p>Direktor \u0161kole zasniva radni odnos i svoja prava iz rada i po osnovu rada ostvaruje u skladu sa Zakonom, kolektivnim ugovorima i Statutom \u0160kole. <\/p>\n<p>V &#8211; Uslovi za u\u010de\u0161c\u0301e na konkursu <\/p>\n<p>Za direktora \u0161kole mo\u017ee biti izabrano lice koje ispunjava uslove utvr\u0111ene Zakonom o radu (\u201eSlu\u017ebeni glasnik Republike Srpske\u201c broj: 1\/16, 66\/18, 91\/21 &#8211; odluka US i 119\/21 ), Zakonom o srednjem obrazovanju i vaspitanju (\u201eSlu\u017ebeni glasnik Republike Srpske\u201c broj: 41\/18, 35\/20 i 92\/20). <\/p>\n<p>1. Op\u0161ti uslovi:<br \/>\n&#8211; da je dr\u017eavljanin RS, odnosno BiH<br \/>\n&#8211; da je stariji od 18 godina<br \/>\n&#8211; da ima op\u0161tu zdravstvenu sposobnost za rad na navedenom radnom mjestu<br \/>\n&#8211; da nije osu\u0111ivan pravosna\u017enom presudom na bezuslovnu kaznu zatvora, niti je protiv njega pokrenut krivi\u010dni postupak za djela u\u010dinjena protiv dostojanstva li\u010dnosti, morala, slu\u017ebene du\u017enosti, polnog integriteta, zlostavljanja djeteta, polnog i drugog nasilja nad djetetom ili maloljetnim licem. <\/p>\n<p>2. Posebni uslovi:<br \/>\n&#8211; da ima zavr\u0161en najmanje prvi ciklus studija u trajanju od najmanje \u010detiri godine i ostvarenih najmanje 240 ECTS bodova ili ekvivalent,<br \/>\n&#8211; da ima najmanje pet godina radnog iskustva kao stru\u010dni saradnik ili nastavnik na predmetima koji se izu\u010davaju u \u0161koli nakon sticanja diplome iz prethodne alineje,<br \/>\n&#8211; da ima predlo\u017een program rada i isti\u010de se svojim radom i sposobnostima za organizovanje vaspitno-obrazovnog rada \u0161kole,<br \/>\n&#8211; da ispunjava uslove za radno mjesto nastavnika i stru\u010dnog saradnika u \u0161koli u kojoj konkuri\u0161e. Pored op\u0161tih i posebnih uslova, za direktora ne mo\u017ee biti izabrano lice na koje se odnosi \u010dlan IX stav 1. Ustava Bosne i Hercegovine. <\/p>\n<p>VI &#8211; Sukob interesa <\/p>\n<p>Kandidati za izbor i imenovanje direktora \u0161kole ne mogu obavljati du\u017enost, aktivnost ili biti na polo\u017eaju koji dovodi do sukoba interesa kako je propisano odredbama Zakona o spre\u010davanju sukoba interesa u organima vlasti Republike Srpske. <\/p>\n<p>VII &#8211; Potrebna dokumentacija <\/p>\n<p>Kao dokaz o ispunjavanju op\u0161tih i posebnih uslova kandidatu su du\u017eni prilo\u017eiti:<br \/>\n1. Potpisanu prijavu sa biografijom sa podacima o kretanju u struci i do sada ostvarenim rezultatima rada,<br \/>\n2. Uvjerenje o dr\u017eavljanstvu,<br \/>\n3. Izvod iz mati\u010dne knjige ro\u0111enih,<br \/>\n4. Ljekarsko uvjerenje o psihi\u010dkoj i fizi\u010dkoj sposobnosti za rad sa u\u010denicima (ne starije od 6 mjeseci),<br \/>\n5. Diploma o ste\u010denoj stru\u010dnoj spremi ili ekvivalentu,<br \/>\n6. Uvjerenje o polo\u017eenom stru\u010dnom ispitu za rad u vaspitno-obrazovnom procesu,<br \/>\n7. Potvrda, odnosno uvjerenje da ima najmanje pet godina radnog iskustva kao stru\u010dni saradnik ili nastavnik na predmetima koji se izu\u010davaju u \u0161koli nakon sticanja diplome (240 ECTS bodova ili ekvivalent),<br \/>\n8. Uvjerenje, odnosno potvrda da ispunjava uslove za radno mjesto nastavnika i stru\u010dnog saradnika u \u0161koli u kojoj konkuri\u0161e,<br \/>\n9. Prijedlog programa rada za mandatni period,<br \/>\n10. Uvjerenje da lice nije osu\u0111ivano pravosna\u017enom presudom na bezuslovnu kaznu zatvora \u0161kola c\u0301e tra\u017eiti slu\u017ebenim putem za izabranog kandidata, 11.Uvjerenje da se protiv njega ne vodi krivi\u010dni postupak za djela u\u010dinjena protiv dostojanstva li\u010dnosti, slu\u017ebene du\u017enosti, polnog integriteta, zlostavljanja djeteta, polnog i drugog nasilja nad djetetom ili maloljetnim licem (ne starije od 6 mjeseci),<br \/>\n12. Ovjerenu izjavu da se na kandidata ne odnosi \u010dlan IX stav 1. Ustava BiH i<br \/>\n13. Ovjerenu izjavu da kandidat ne obavlja du\u017enost, aktivnost ili je na polo\u017eaju koji bi doveli do sukoba interesa predvi\u0111enih Zakonom o spre\u010davanju sukoba interesa.<\/p>\n<p>Sva dokumenta se dostavljaju u originalu ili kao ovjerene kopije ne starije od 6 (\u0161est) mjeseci i nec\u0301e se vrac\u0301ati kandidatima.<\/p>\n<p>VIII &#8211; Rok za u\u010de\u0161c\u0301e na konkursu i na\u010din dostavljanja prijave<\/p>\n<p>Prijave se mogu dostaviti li\u010dno ili po\u0161tom preporu\u010deno na sledec\u0301u adresu: JU \u201eSrednjo\u0161kolski centar Prijedor\u201c Prijedor, Ul. Nikole Pa\u0161ic\u0301a br.2, 79101 Prijedor sa naznakom \u201cJavni konkurs za izbor i imenovanje direktora (NE OTVARATI)\u201c. <\/p>\n<p>Na pole\u0111ini koverte navesti ime, prezime i adresu stanovanja kandidata. <\/p>\n<p>Rok za podno\u0161enje prijave je 15 dana od dana objavljivanja konkursa u dnevnim novinama koje izlaze na podru\u010dju Republike Srpske i Bosne i Hercegovine, putem Zavoda za zapo\u0161ljavanje Republike Srpske. <\/p>\n<p>Neblagovremene i nepotpune prijave kandidata nec\u0301e se uzeti u razmatranje. <\/p>\n<p>IX &#8211; Napomene <\/p>\n<p>\u0160kolski odbor c\u0301e razmotriti prijave svih kandidata i dostaviti ministru dokumentaciju i spisak kandidata koji ispunjavaju uslove Javnog konkursa za imenovanje direktora \u0161kole u roku od 8 (osam) dana od dana razmatranja prijava. <\/p>\n<p>\u0160kolski odbor c\u0301e pismenim putem obavjestiti sve u\u010desnike Javnog konkursa o odluci o imenovanju direktora u roku od 8 (osam) dana od dana prijema odluke od resornog ministra.<\/p>\n<p>Kategorija \u2013 Obrazovanje<br \/>\nStru\u010dna sprema \u2013 VSS<br \/>\nTip ugovora \u2013 Ugovor o radu na odre\u0111eno vrijeme<br \/>\nBroj otvorenih pozicija \u2013 1<br \/>\nRok za prijavu \u2013 23.06.2022..<\/p>\n<p>Zavod za zapo\u0161ljavanje RS<br \/>\nFoto \u2013 ilustracija<\/p>\n","protected":false},"excerpt":{"rendered":"<p>Broj: 650\/22. Na osnovu \u010dlana 128. stav 1. ta\u010dka 8. i \u010dlana 130. Zakona o srednjem obrazovanju i vaspitanju (\u201eSlu\u017ebeni glasnik Republike Srpske\u201c broj: 41\/18, 35\/20 i 92\/20), \u010dlana 3. [&hellip;]<\/p>\n","protected":false},"author":1,"featured_media":0,"comment_status":"closed","ping_status":"open","sticky":false,"template":"","format":"standard","meta":{"_monsterinsights_skip_tracking":false,"_monsterinsights_sitenote_active":false,"_monsterinsights_sitenote_note":"","_monsterinsights_sitenote_category":0,"footnotes":""},"categories":[7519],"tags":[597],"yoast_head":"<!-- This site is optimized with the Yoast SEO plugin v21.6 - https:\/\/yoast.com\/wordpress\/plugins\/seo\/ -->\n<title>Konkurs za posao: Izbor i imenovanje direktora Srednjo\u0161kolskog centra Prijedor - PrijedorDanas.com - Prijedorski gradski portal<\/title>\n<meta name=\"robots\" content=\"index, follow, max-snippet:-1, max-image-preview:large, max-video-preview:-1\" \/>\n<link rel=\"canonical\" href=\"https:\/\/www.prijedordanas.com\/?p=187715\" \/>\n<meta property=\"og:locale\" content=\"en_US\" \/>\n<meta property=\"og:type\" content=\"article\" \/>\n<meta property=\"og:title\" content=\"Konkurs za posao: Izbor i imenovanje direktora Srednjo\u0161kolskog centra Prijedor - PrijedorDanas.com - Prijedorski gradski portal\" \/>\n<meta property=\"og:description\" content=\"Broj: 650\/22. Na osnovu \u010dlana 128. stav 1. ta\u010dka 8. i \u010dlana 130. Zakona o srednjem obrazovanju i vaspitanju (\u201eSlu\u017ebeni glasnik Republike Srpske\u201c broj: 41\/18, 35\/20 i 92\/20), \u010dlana 3. [&hellip;]\" \/>\n<meta property=\"og:url\" content=\"https:\/\/www.prijedordanas.com\/?p=187715\" \/>\n<meta property=\"og:site_name\" content=\"PrijedorDanas.com - Prijedorski gradski portal\" \/>\n<meta property=\"article:publisher\" content=\"https:\/\/www.facebook.com\/PrijedorDanasCom\/\" \/>\n<meta property=\"article:published_time\" content=\"2022-06-23T03:59:18+00:00\" \/>\n<meta property=\"og:image\" content=\"https:\/\/www.prijedordanas.com\/wp-content\/uploads\/2018\/07\/konkurs-za-posao8-300x217.jpg\" \/>\n<meta name=\"author\" content=\"admin\" \/>\n<meta name=\"twitter:card\" content=\"summary_large_image\" \/>\n<meta name=\"twitter:label1\" content=\"Written by\" \/>\n\t<meta name=\"twitter:data1\" content=\"admin\" \/>\n\t<meta name=\"twitter:label2\" content=\"Est. reading time\" \/>\n\t<meta name=\"twitter:data2\" content=\"5 minutes\" \/>\n<script type=\"application\/ld+json\" class=\"yoast-schema-graph\">{\"@context\":\"https:\/\/schema.org\",\"@graph\":[{\"@type\":\"Article\",\"@id\":\"https:\/\/www.prijedordanas.com\/?p=187715#article\",\"isPartOf\":{\"@id\":\"https:\/\/www.prijedordanas.com\/?p=187715\"},\"author\":{\"name\":\"admin\",\"@id\":\"https:\/\/www.prijedordanas.com\/#\/schema\/person\/4e08ccf29b506ca916ff86d46bb700e6\"},\"headline\":\"Konkurs za posao: Izbor i imenovanje direktora Srednjo\u0161kolskog centra Prijedor\",\"datePublished\":\"2022-06-23T03:59:18+00:00\",\"dateModified\":\"2022-06-23T03:59:18+00:00\",\"mainEntityOfPage\":{\"@id\":\"https:\/\/www.prijedordanas.com\/?p=187715\"},\"wordCount\":1016,\"publisher\":{\"@id\":\"https:\/\/www.prijedordanas.com\/#organization\"},\"keywords\":[\"posao\"],\"articleSection\":[\"Posao\"],\"inLanguage\":\"en-US\"},{\"@type\":\"WebPage\",\"@id\":\"https:\/\/www.prijedordanas.com\/?p=187715\",\"url\":\"https:\/\/www.prijedordanas.com\/?p=187715\",\"name\":\"Konkurs za posao: Izbor i imenovanje direktora Srednjo\u0161kolskog centra Prijedor - PrijedorDanas.com - Prijedorski gradski portal\",\"isPartOf\":{\"@id\":\"https:\/\/www.prijedordanas.com\/#website\"},\"datePublished\":\"2022-06-23T03:59:18+00:00\",\"dateModified\":\"2022-06-23T03:59:18+00:00\",\"breadcrumb\":{\"@id\":\"https:\/\/www.prijedordanas.com\/?p=187715#breadcrumb\"},\"inLanguage\":\"en-US\",\"potentialAction\":[{\"@type\":\"ReadAction\",\"target\":[\"https:\/\/www.prijedordanas.com\/?p=187715\"]}]},{\"@type\":\"BreadcrumbList\",\"@id\":\"https:\/\/www.prijedordanas.com\/?p=187715#breadcrumb\",\"itemListElement\":[{\"@type\":\"ListItem\",\"position\":1,\"name\":\"Home\",\"item\":\"https:\/\/www.prijedordanas.com\/\"},{\"@type\":\"ListItem\",\"position\":2,\"name\":\"Konkurs za posao: Izbor i imenovanje direktora Srednjo\u0161kolskog centra Prijedor\"}]},{\"@type\":\"WebSite\",\"@id\":\"https:\/\/www.prijedordanas.com\/#website\",\"url\":\"https:\/\/www.prijedordanas.com\/\",\"name\":\"PrijedorDanas.com - Prijedorski gradski portal\",\"description\":\"Portal o doga\u0111anjima u gradu Prijedoru\",\"publisher\":{\"@id\":\"https:\/\/www.prijedordanas.com\/#organization\"},\"potentialAction\":[{\"@type\":\"SearchAction\",\"target\":{\"@type\":\"EntryPoint\",\"urlTemplate\":\"https:\/\/www.prijedordanas.com\/?s={search_term_string}\"},\"query-input\":\"required name=search_term_string\"}],\"inLanguage\":\"en-US\"},{\"@type\":\"Organization\",\"@id\":\"https:\/\/www.prijedordanas.com\/#organization\",\"name\":\"PrijedorDanas.com\",\"url\":\"https:\/\/www.prijedordanas.com\/\",\"logo\":{\"@type\":\"ImageObject\",\"inLanguage\":\"en-US\",\"@id\":\"https:\/\/www.prijedordanas.com\/#\/schema\/logo\/image\/\",\"url\":\"http:\/\/www.prijedordanas.com\/wp-content\/uploads\/2021\/12\/logopng.png\",\"contentUrl\":\"http:\/\/www.prijedordanas.com\/wp-content\/uploads\/2021\/12\/logopng.png\",\"width\":1019,\"height\":776,\"caption\":\"PrijedorDanas.com\"},\"image\":{\"@id\":\"https:\/\/www.prijedordanas.com\/#\/schema\/logo\/image\/\"},\"sameAs\":[\"https:\/\/www.facebook.com\/PrijedorDanasCom\/\"]},{\"@type\":\"Person\",\"@id\":\"https:\/\/www.prijedordanas.com\/#\/schema\/person\/4e08ccf29b506ca916ff86d46bb700e6\",\"name\":\"admin\",\"image\":{\"@type\":\"ImageObject\",\"inLanguage\":\"en-US\",\"@id\":\"https:\/\/www.prijedordanas.com\/#\/schema\/person\/image\/\",\"url\":\"https:\/\/secure.gravatar.com\/avatar\/1d3fc949d550f0b53a5f0d51e06dfd79?s=96&d=mm&r=g\",\"contentUrl\":\"https:\/\/secure.gravatar.com\/avatar\/1d3fc949d550f0b53a5f0d51e06dfd79?s=96&d=mm&r=g\",\"caption\":\"admin\"},\"url\":\"https:\/\/www.prijedordanas.com\/?author=1\"}]}<\/script>\n<!-- \/ Yoast SEO plugin. -->","yoast_head_json":{"title":"Konkurs za posao: Izbor i imenovanje direktora Srednjo\u0161kolskog centra Prijedor - PrijedorDanas.com - Prijedorski gradski portal","robots":{"index":"index","follow":"follow","max-snippet":"max-snippet:-1","max-image-preview":"max-image-preview:large","max-video-preview":"max-video-preview:-1"},"canonical":"https:\/\/www.prijedordanas.com\/?p=187715","og_locale":"en_US","og_type":"article","og_title":"Konkurs za posao: Izbor i imenovanje direktora Srednjo\u0161kolskog centra Prijedor - PrijedorDanas.com - Prijedorski gradski portal","og_description":"Broj: 650\/22. Na osnovu \u010dlana 128. stav 1. ta\u010dka 8. i \u010dlana 130. Zakona o srednjem obrazovanju i vaspitanju (\u201eSlu\u017ebeni glasnik Republike Srpske\u201c broj: 41\/18, 35\/20 i 92\/20), \u010dlana 3. [&hellip;]","og_url":"https:\/\/www.prijedordanas.com\/?p=187715","og_site_name":"PrijedorDanas.com - Prijedorski gradski portal","article_publisher":"https:\/\/www.facebook.com\/PrijedorDanasCom\/","article_published_time":"2022-06-23T03:59:18+00:00","og_image":[{"url":"https:\/\/www.prijedordanas.com\/wp-content\/uploads\/2018\/07\/konkurs-za-posao8-300x217.jpg"}],"author":"admin","twitter_card":"summary_large_image","twitter_misc":{"Written by":"admin","Est. reading time":"5 minutes"},"schema":{"@context":"https:\/\/schema.org","@graph":[{"@type":"Article","@id":"https:\/\/www.prijedordanas.com\/?p=187715#article","isPartOf":{"@id":"https:\/\/www.prijedordanas.com\/?p=187715"},"author":{"name":"admin","@id":"https:\/\/www.prijedordanas.com\/#\/schema\/person\/4e08ccf29b506ca916ff86d46bb700e6"},"headline":"Konkurs za posao: Izbor i imenovanje direktora Srednjo\u0161kolskog centra Prijedor","datePublished":"2022-06-23T03:59:18+00:00","dateModified":"2022-06-23T03:59:18+00:00","mainEntityOfPage":{"@id":"https:\/\/www.prijedordanas.com\/?p=187715"},"wordCount":1016,"publisher":{"@id":"https:\/\/www.prijedordanas.com\/#organization"},"keywords":["posao"],"articleSection":["Posao"],"inLanguage":"en-US"},{"@type":"WebPage","@id":"https:\/\/www.prijedordanas.com\/?p=187715","url":"https:\/\/www.prijedordanas.com\/?p=187715","name":"Konkurs za posao: Izbor i imenovanje direktora Srednjo\u0161kolskog centra Prijedor - PrijedorDanas.com - Prijedorski gradski portal","isPartOf":{"@id":"https:\/\/www.prijedordanas.com\/#website"},"datePublished":"2022-06-23T03:59:18+00:00","dateModified":"2022-06-23T03:59:18+00:00","breadcrumb":{"@id":"https:\/\/www.prijedordanas.com\/?p=187715#breadcrumb"},"inLanguage":"en-US","potentialAction":[{"@type":"ReadAction","target":["https:\/\/www.prijedordanas.com\/?p=187715"]}]},{"@type":"BreadcrumbList","@id":"https:\/\/www.prijedordanas.com\/?p=187715#breadcrumb","itemListElement":[{"@type":"ListItem","position":1,"name":"Home","item":"https:\/\/www.prijedordanas.com\/"},{"@type":"ListItem","position":2,"name":"Konkurs za posao: Izbor i imenovanje direktora Srednjo\u0161kolskog centra Prijedor"}]},{"@type":"WebSite","@id":"https:\/\/www.prijedordanas.com\/#website","url":"https:\/\/www.prijedordanas.com\/","name":"PrijedorDanas.com - Prijedorski gradski portal","description":"Portal o doga\u0111anjima u gradu Prijedoru","publisher":{"@id":"https:\/\/www.prijedordanas.com\/#organization"},"potentialAction":[{"@type":"SearchAction","target":{"@type":"EntryPoint","urlTemplate":"https:\/\/www.prijedordanas.com\/?s={search_term_string}"},"query-input":"required name=search_term_string"}],"inLanguage":"en-US"},{"@type":"Organization","@id":"https:\/\/www.prijedordanas.com\/#organization","name":"PrijedorDanas.com","url":"https:\/\/www.prijedordanas.com\/","logo":{"@type":"ImageObject","inLanguage":"en-US","@id":"https:\/\/www.prijedordanas.com\/#\/schema\/logo\/image\/","url":"http:\/\/www.prijedordanas.com\/wp-content\/uploads\/2021\/12\/logopng.png","contentUrl":"http:\/\/www.prijedordanas.com\/wp-content\/uploads\/2021\/12\/logopng.png","width":1019,"height":776,"caption":"PrijedorDanas.com"},"image":{"@id":"https:\/\/www.prijedordanas.com\/#\/schema\/logo\/image\/"},"sameAs":["https:\/\/www.facebook.com\/PrijedorDanasCom\/"]},{"@type":"Person","@id":"https:\/\/www.prijedordanas.com\/#\/schema\/person\/4e08ccf29b506ca916ff86d46bb700e6","name":"admin","image":{"@type":"ImageObject","inLanguage":"en-US","@id":"https:\/\/www.prijedordanas.com\/#\/schema\/person\/image\/","url":"https:\/\/secure.gravatar.com\/avatar\/1d3fc949d550f0b53a5f0d51e06dfd79?s=96&d=mm&r=g","contentUrl":"https:\/\/secure.gravatar.com\/avatar\/1d3fc949d550f0b53a5f0d51e06dfd79?s=96&d=mm&r=g","caption":"admin"},"url":"https:\/\/www.prijedordanas.com\/?author=1"}]}},"_links":{"self":[{"href":"https:\/\/www.prijedordanas.com\/index.php?rest_route=\/wp\/v2\/posts\/187715"}],"collection":[{"href":"https:\/\/www.prijedordanas.com\/index.php?rest_route=\/wp\/v2\/posts"}],"about":[{"href":"https:\/\/www.prijedordanas.com\/index.php?rest_route=\/wp\/v2\/types\/post"}],"author":[{"embeddable":true,"href":"https:\/\/www.prijedordanas.com\/index.php?rest_route=\/wp\/v2\/users\/1"}],"replies":[{"embeddable":true,"href":"https:\/\/www.prijedordanas.com\/index.php?rest_route=%2Fwp%2Fv2%2Fcomments&post=187715"}],"version-history":[{"count":1,"href":"https:\/\/www.prijedordanas.com\/index.php?rest_route=\/wp\/v2\/posts\/187715\/revisions"}],"predecessor-version":[{"id":187716,"href":"https:\/\/www.prijedordanas.com\/index.php?rest_route=\/wp\/v2\/posts\/187715\/revisions\/187716"}],"wp:attachment":[{"href":"https:\/\/www.prijedordanas.com\/index.php?rest_route=%2Fwp%2Fv2%2Fmedia&parent=187715"}],"wp:term":[{"taxonomy":"category","embeddable":true,"href":"https:\/\/www.prijedordanas.com\/index.php?rest_route=%2Fwp%2Fv2%2Fcategories&post=187715"},{"taxonomy":"post_tag","embeddable":true,"href":"https:\/\/www.prijedordanas.com\/index.php?rest_route=%2Fwp%2Fv2%2Ftags&post=187715"}],"curies":[{"name":"wp","href":"https:\/\/api.w.org\/{rel}","templated":true}]}}