{"id":187566,"date":"2022-06-19T22:05:56","date_gmt":"2022-06-19T20:05:56","guid":{"rendered":"https:\/\/www.prijedordanas.com\/?p=187566"},"modified":"2022-06-19T22:05:56","modified_gmt":"2022-06-19T20:05:56","slug":"prijedor-autobusu-tokom-voznje-otpao-tocak-koji-je-potom-udario-u-reno-povrijedena-dva-lica-foto","status":"publish","type":"post","link":"https:\/\/www.prijedordanas.com\/?p=187566","title":{"rendered":"Prijedor: Autobusu tokom vo\u017enje otpao to\u010dak koji je potom udario u &#8220;Reno&#8221;, povrije\u0111ena dva lica &#8211; FOTO"},"content":{"rendered":"<p><a href=\"https:\/\/www.prijedordanas.com\/wp-content\/uploads\/2022\/06\/saobracajka-kamicani-autobus-kedi-1.jpg\"><img loading=\"lazy\" decoding=\"async\" class=\"alignleft size-medium wp-image-187290\" src=\"https:\/\/www.prijedordanas.com\/wp-content\/uploads\/2022\/06\/saobracajka-kamicani-autobus-kedi-1-300x225.jpg\" alt=\"\" width=\"300\" height=\"225\" srcset=\"https:\/\/www.prijedordanas.com\/wp-content\/uploads\/2022\/06\/saobracajka-kamicani-autobus-kedi-1-300x225.jpg 300w, https:\/\/www.prijedordanas.com\/wp-content\/uploads\/2022\/06\/saobracajka-kamicani-autobus-kedi-1-640x480.jpg 640w, https:\/\/www.prijedordanas.com\/wp-content\/uploads\/2022\/06\/saobracajka-kamicani-autobus-kedi-1.jpg 667w\" sizes=\"(max-width: 300px) 100vw, 300px\" \/><\/a>Proteklih dana na podru\u010dju koje pokriva Policijska uprava Prijedor dogodilo se nekoliko nezgoda u kojima je bilo materijalne \u0161tete ali i povrije\u0111enih osoba.<\/p>\n<p>-Dana 13. juna 2022. godine oko 16:00 \u010dasova na magistralnom putu Prijedor-Banjaluka u mjestu Kami\u010dani, dogodila se saobrac\u0301ajna nezgoda. U njoj su u\u010destvovali autobus kojim je upravljalo lice D.J.G. iz Novog Grada i &#8220;Reno&#8221; kojim je upravljalo lice A.G. iz Banjaluke. Tom prilikom lake tjelesne povrede zadobili su voza\u010d &#8220;Renoa&#8221; A.G. kao i suvoza\u010d u istom vozilu, lice Z.G. iz Banjaluke &#8211; potvrdila je Zvezdana Alendarevi\u0107, portparolka PU Prijedor.<\/p>\n<p>Kako saznajemo, do saobra\u0107ajke je do\u0161lo nakon \u0161to je autobusu u vo\u017enji otpao to\u010dak, koji je potom udario u kedija koji se kretao iz suprotnog pravca.<\/p>\n<p>Od siline udara, &#8220;Reno&#8221; je sletio sa kolovoza i zavr\u0161io pored puta dok se autobus zaustavio stotinjak metara dalje.<\/p>\n<p>Uvi\u0111aj su obavili policijski slu\u017ebenici PS za bezbjednost saobra\u0107aja Prijedor.<\/p>\n<p>Voza\u010di oprez, prilagodite svoju vo\u017enju uslovima na putu i po\u0161tujte saobra\u0107ajne propise.<\/p>\n<p>Tekst i foto &#8211; Aleksandar Drakuli\u0107\/Nijaz Huremovi\u0107 &#8211; <a href=\"https:\/\/www.prijedordanas.com\" target=\"_blank\" rel=\"noopener noreferrer\">www.prijedordanas.com<\/a><\/p>\n<p><a href=\"https:\/\/www.prijedordanas.com\/wp-content\/uploads\/2022\/06\/saobracajka-kamicani-autobus-kedi-2.jpg\"><img loading=\"lazy\" decoding=\"async\" class=\"alignleft size-medium wp-image-187289\" src=\"https:\/\/www.prijedordanas.com\/wp-content\/uploads\/2022\/06\/saobracajka-kamicani-autobus-kedi-2-300x225.jpg\" alt=\"\" width=\"300\" height=\"225\" srcset=\"https:\/\/www.prijedordanas.com\/wp-content\/uploads\/2022\/06\/saobracajka-kamicani-autobus-kedi-2-300x225.jpg 300w, https:\/\/www.prijedordanas.com\/wp-content\/uploads\/2022\/06\/saobracajka-kamicani-autobus-kedi-2-640x480.jpg 640w, https:\/\/www.prijedordanas.com\/wp-content\/uploads\/2022\/06\/saobracajka-kamicani-autobus-kedi-2.jpg 667w\" sizes=\"(max-width: 300px) 100vw, 300px\" \/><\/a> <a href=\"https:\/\/www.prijedordanas.com\/wp-content\/uploads\/2022\/06\/saobracajka-kamicani-autobus-kedi-4.jpg\"><img loading=\"lazy\" decoding=\"async\" class=\"alignleft size-medium wp-image-187291\" src=\"https:\/\/www.prijedordanas.com\/wp-content\/uploads\/2022\/06\/saobracajka-kamicani-autobus-kedi-4-300x225.jpg\" alt=\"\" width=\"300\" height=\"225\" srcset=\"https:\/\/www.prijedordanas.com\/wp-content\/uploads\/2022\/06\/saobracajka-kamicani-autobus-kedi-4-300x225.jpg 300w, https:\/\/www.prijedordanas.com\/wp-content\/uploads\/2022\/06\/saobracajka-kamicani-autobus-kedi-4.jpg 600w\" sizes=\"(max-width: 300px) 100vw, 300px\" \/><\/a> <a href=\"https:\/\/www.prijedordanas.com\/wp-content\/uploads\/2022\/06\/saobracajka-kamicani-autobus-kedi-3.jpg\"><img loading=\"lazy\" decoding=\"async\" class=\"alignleft size-medium wp-image-187288\" src=\"https:\/\/www.prijedordanas.com\/wp-content\/uploads\/2022\/06\/saobracajka-kamicani-autobus-kedi-3-300x225.jpg\" alt=\"\" width=\"300\" height=\"225\" srcset=\"https:\/\/www.prijedordanas.com\/wp-content\/uploads\/2022\/06\/saobracajka-kamicani-autobus-kedi-3-300x225.jpg 300w, https:\/\/www.prijedordanas.com\/wp-content\/uploads\/2022\/06\/saobracajka-kamicani-autobus-kedi-3-640x480.jpg 640w, https:\/\/www.prijedordanas.com\/wp-content\/uploads\/2022\/06\/saobracajka-kamicani-autobus-kedi-3.jpg 667w\" sizes=\"(max-width: 300px) 100vw, 300px\" \/><\/a> <a href=\"https:\/\/www.prijedordanas.com\/wp-content\/uploads\/2022\/06\/saobracajka-kamicani-autobus-kedi-5.jpg\"><img loading=\"lazy\" decoding=\"async\" class=\"alignleft size-medium wp-image-187292\" src=\"https:\/\/www.prijedordanas.com\/wp-content\/uploads\/2022\/06\/saobracajka-kamicani-autobus-kedi-5-300x225.jpg\" alt=\"\" width=\"300\" height=\"225\" srcset=\"https:\/\/www.prijedordanas.com\/wp-content\/uploads\/2022\/06\/saobracajka-kamicani-autobus-kedi-5-300x225.jpg 300w, https:\/\/www.prijedordanas.com\/wp-content\/uploads\/2022\/06\/saobracajka-kamicani-autobus-kedi-5.jpg 600w\" sizes=\"(max-width: 300px) 100vw, 300px\" \/><\/a><\/p>\n","protected":false},"excerpt":{"rendered":"<p>Proteklih dana na podru\u010dju koje pokriva Policijska uprava Prijedor dogodilo se nekoliko nezgoda u kojima je bilo materijalne \u0161tete ali i povrije\u0111enih osoba. -Dana 13. juna 2022. godine oko 16:00 [&hellip;]<\/p>\n","protected":false},"author":1,"featured_media":0,"comment_status":"closed","ping_status":"open","sticky":false,"template":"","format":"standard","meta":{"_monsterinsights_skip_tracking":false,"_monsterinsights_sitenote_active":false,"_monsterinsights_sitenote_note":"","_monsterinsights_sitenote_category":0,"footnotes":""},"categories":[5],"tags":[],"yoast_head":"<!-- This site is optimized with the Yoast SEO plugin v21.6 - https:\/\/yoast.com\/wordpress\/plugins\/seo\/ -->\n<title>Prijedor: Autobusu tokom vo\u017enje otpao to\u010dak koji je potom udario u &quot;Reno&quot;, povrije\u0111ena dva lica - FOTO - PrijedorDanas.com - Prijedorski gradski portal<\/title>\n<meta name=\"robots\" content=\"index, follow, max-snippet:-1, max-image-preview:large, max-video-preview:-1\" \/>\n<link rel=\"canonical\" href=\"https:\/\/www.prijedordanas.com\/?p=187566\" \/>\n<meta property=\"og:locale\" content=\"en_US\" \/>\n<meta property=\"og:type\" content=\"article\" \/>\n<meta property=\"og:title\" content=\"Prijedor: Autobusu tokom vo\u017enje otpao to\u010dak koji je potom udario u &quot;Reno&quot;, povrije\u0111ena dva lica - FOTO - PrijedorDanas.com - Prijedorski gradski portal\" \/>\n<meta property=\"og:description\" content=\"Proteklih dana na podru\u010dju koje pokriva Policijska uprava Prijedor dogodilo se nekoliko nezgoda u kojima je bilo materijalne \u0161tete ali i povrije\u0111enih osoba. -Dana 13. juna 2022. godine oko 16:00 [&hellip;]\" \/>\n<meta property=\"og:url\" content=\"https:\/\/www.prijedordanas.com\/?p=187566\" \/>\n<meta property=\"og:site_name\" content=\"PrijedorDanas.com - Prijedorski gradski portal\" \/>\n<meta property=\"article:publisher\" content=\"https:\/\/www.facebook.com\/PrijedorDanasCom\/\" \/>\n<meta property=\"article:published_time\" content=\"2022-06-19T20:05:56+00:00\" \/>\n<meta property=\"og:image\" content=\"https:\/\/www.prijedordanas.com\/wp-content\/uploads\/2022\/06\/saobracajka-kamicani-autobus-kedi-1-300x225.jpg\" \/>\n<meta name=\"author\" content=\"admin\" \/>\n<meta name=\"twitter:card\" content=\"summary_large_image\" \/>\n<meta name=\"twitter:label1\" content=\"Written by\" \/>\n\t<meta name=\"twitter:data1\" content=\"admin\" \/>\n\t<meta name=\"twitter:label2\" content=\"Est. reading time\" \/>\n\t<meta name=\"twitter:data2\" content=\"1 minute\" \/>\n<script type=\"application\/ld+json\" class=\"yoast-schema-graph\">{\"@context\":\"https:\/\/schema.org\",\"@graph\":[{\"@type\":\"Article\",\"@id\":\"https:\/\/www.prijedordanas.com\/?p=187566#article\",\"isPartOf\":{\"@id\":\"https:\/\/www.prijedordanas.com\/?p=187566\"},\"author\":{\"name\":\"admin\",\"@id\":\"https:\/\/www.prijedordanas.com\/#\/schema\/person\/4e08ccf29b506ca916ff86d46bb700e6\"},\"headline\":\"Prijedor: Autobusu tokom vo\u017enje otpao to\u010dak koji je potom udario u &#8220;Reno&#8221;, povrije\u0111ena dva lica &#8211; FOTO\",\"datePublished\":\"2022-06-19T20:05:56+00:00\",\"dateModified\":\"2022-06-19T20:05:56+00:00\",\"mainEntityOfPage\":{\"@id\":\"https:\/\/www.prijedordanas.com\/?p=187566\"},\"wordCount\":210,\"publisher\":{\"@id\":\"https:\/\/www.prijedordanas.com\/#organization\"},\"articleSection\":[\"Hronika\"],\"inLanguage\":\"en-US\"},{\"@type\":\"WebPage\",\"@id\":\"https:\/\/www.prijedordanas.com\/?p=187566\",\"url\":\"https:\/\/www.prijedordanas.com\/?p=187566\",\"name\":\"Prijedor: Autobusu tokom vo\u017enje otpao to\u010dak koji je potom udario u \\\"Reno\\\", povrije\u0111ena dva lica - FOTO - PrijedorDanas.com - Prijedorski gradski portal\",\"isPartOf\":{\"@id\":\"https:\/\/www.prijedordanas.com\/#website\"},\"datePublished\":\"2022-06-19T20:05:56+00:00\",\"dateModified\":\"2022-06-19T20:05:56+00:00\",\"breadcrumb\":{\"@id\":\"https:\/\/www.prijedordanas.com\/?p=187566#breadcrumb\"},\"inLanguage\":\"en-US\",\"potentialAction\":[{\"@type\":\"ReadAction\",\"target\":[\"https:\/\/www.prijedordanas.com\/?p=187566\"]}]},{\"@type\":\"BreadcrumbList\",\"@id\":\"https:\/\/www.prijedordanas.com\/?p=187566#breadcrumb\",\"itemListElement\":[{\"@type\":\"ListItem\",\"position\":1,\"name\":\"Home\",\"item\":\"https:\/\/www.prijedordanas.com\/\"},{\"@type\":\"ListItem\",\"position\":2,\"name\":\"Prijedor: Autobusu tokom vo\u017enje otpao to\u010dak koji je potom udario u &#8220;Reno&#8221;, povrije\u0111ena dva lica &#8211; FOTO\"}]},{\"@type\":\"WebSite\",\"@id\":\"https:\/\/www.prijedordanas.com\/#website\",\"url\":\"https:\/\/www.prijedordanas.com\/\",\"name\":\"PrijedorDanas.com - Prijedorski gradski portal\",\"description\":\"Portal o doga\u0111anjima u gradu Prijedoru\",\"publisher\":{\"@id\":\"https:\/\/www.prijedordanas.com\/#organization\"},\"potentialAction\":[{\"@type\":\"SearchAction\",\"target\":{\"@type\":\"EntryPoint\",\"urlTemplate\":\"https:\/\/www.prijedordanas.com\/?s={search_term_string}\"},\"query-input\":\"required name=search_term_string\"}],\"inLanguage\":\"en-US\"},{\"@type\":\"Organization\",\"@id\":\"https:\/\/www.prijedordanas.com\/#organization\",\"name\":\"PrijedorDanas.com\",\"url\":\"https:\/\/www.prijedordanas.com\/\",\"logo\":{\"@type\":\"ImageObject\",\"inLanguage\":\"en-US\",\"@id\":\"https:\/\/www.prijedordanas.com\/#\/schema\/logo\/image\/\",\"url\":\"http:\/\/www.prijedordanas.com\/wp-content\/uploads\/2021\/12\/logopng.png\",\"contentUrl\":\"http:\/\/www.prijedordanas.com\/wp-content\/uploads\/2021\/12\/logopng.png\",\"width\":1019,\"height\":776,\"caption\":\"PrijedorDanas.com\"},\"image\":{\"@id\":\"https:\/\/www.prijedordanas.com\/#\/schema\/logo\/image\/\"},\"sameAs\":[\"https:\/\/www.facebook.com\/PrijedorDanasCom\/\"]},{\"@type\":\"Person\",\"@id\":\"https:\/\/www.prijedordanas.com\/#\/schema\/person\/4e08ccf29b506ca916ff86d46bb700e6\",\"name\":\"admin\",\"image\":{\"@type\":\"ImageObject\",\"inLanguage\":\"en-US\",\"@id\":\"https:\/\/www.prijedordanas.com\/#\/schema\/person\/image\/\",\"url\":\"https:\/\/secure.gravatar.com\/avatar\/1d3fc949d550f0b53a5f0d51e06dfd79?s=96&d=mm&r=g\",\"contentUrl\":\"https:\/\/secure.gravatar.com\/avatar\/1d3fc949d550f0b53a5f0d51e06dfd79?s=96&d=mm&r=g\",\"caption\":\"admin\"},\"url\":\"https:\/\/www.prijedordanas.com\/?author=1\"}]}<\/script>\n<!-- \/ Yoast SEO plugin. -->","yoast_head_json":{"title":"Prijedor: Autobusu tokom vo\u017enje otpao to\u010dak koji je potom udario u \"Reno\", povrije\u0111ena dva lica - FOTO - PrijedorDanas.com - Prijedorski gradski portal","robots":{"index":"index","follow":"follow","max-snippet":"max-snippet:-1","max-image-preview":"max-image-preview:large","max-video-preview":"max-video-preview:-1"},"canonical":"https:\/\/www.prijedordanas.com\/?p=187566","og_locale":"en_US","og_type":"article","og_title":"Prijedor: Autobusu tokom vo\u017enje otpao to\u010dak koji je potom udario u \"Reno\", povrije\u0111ena dva lica - FOTO - PrijedorDanas.com - Prijedorski gradski portal","og_description":"Proteklih dana na podru\u010dju koje pokriva Policijska uprava Prijedor dogodilo se nekoliko nezgoda u kojima je bilo materijalne \u0161tete ali i povrije\u0111enih osoba. -Dana 13. juna 2022. godine oko 16:00 [&hellip;]","og_url":"https:\/\/www.prijedordanas.com\/?p=187566","og_site_name":"PrijedorDanas.com - Prijedorski gradski portal","article_publisher":"https:\/\/www.facebook.com\/PrijedorDanasCom\/","article_published_time":"2022-06-19T20:05:56+00:00","og_image":[{"url":"https:\/\/www.prijedordanas.com\/wp-content\/uploads\/2022\/06\/saobracajka-kamicani-autobus-kedi-1-300x225.jpg"}],"author":"admin","twitter_card":"summary_large_image","twitter_misc":{"Written by":"admin","Est. reading time":"1 minute"},"schema":{"@context":"https:\/\/schema.org","@graph":[{"@type":"Article","@id":"https:\/\/www.prijedordanas.com\/?p=187566#article","isPartOf":{"@id":"https:\/\/www.prijedordanas.com\/?p=187566"},"author":{"name":"admin","@id":"https:\/\/www.prijedordanas.com\/#\/schema\/person\/4e08ccf29b506ca916ff86d46bb700e6"},"headline":"Prijedor: Autobusu tokom vo\u017enje otpao to\u010dak koji je potom udario u &#8220;Reno&#8221;, povrije\u0111ena dva lica &#8211; FOTO","datePublished":"2022-06-19T20:05:56+00:00","dateModified":"2022-06-19T20:05:56+00:00","mainEntityOfPage":{"@id":"https:\/\/www.prijedordanas.com\/?p=187566"},"wordCount":210,"publisher":{"@id":"https:\/\/www.prijedordanas.com\/#organization"},"articleSection":["Hronika"],"inLanguage":"en-US"},{"@type":"WebPage","@id":"https:\/\/www.prijedordanas.com\/?p=187566","url":"https:\/\/www.prijedordanas.com\/?p=187566","name":"Prijedor: Autobusu tokom vo\u017enje otpao to\u010dak koji je potom udario u \"Reno\", povrije\u0111ena dva lica - FOTO - PrijedorDanas.com - Prijedorski gradski portal","isPartOf":{"@id":"https:\/\/www.prijedordanas.com\/#website"},"datePublished":"2022-06-19T20:05:56+00:00","dateModified":"2022-06-19T20:05:56+00:00","breadcrumb":{"@id":"https:\/\/www.prijedordanas.com\/?p=187566#breadcrumb"},"inLanguage":"en-US","potentialAction":[{"@type":"ReadAction","target":["https:\/\/www.prijedordanas.com\/?p=187566"]}]},{"@type":"BreadcrumbList","@id":"https:\/\/www.prijedordanas.com\/?p=187566#breadcrumb","itemListElement":[{"@type":"ListItem","position":1,"name":"Home","item":"https:\/\/www.prijedordanas.com\/"},{"@type":"ListItem","position":2,"name":"Prijedor: Autobusu tokom vo\u017enje otpao to\u010dak koji je potom udario u &#8220;Reno&#8221;, povrije\u0111ena dva lica &#8211; FOTO"}]},{"@type":"WebSite","@id":"https:\/\/www.prijedordanas.com\/#website","url":"https:\/\/www.prijedordanas.com\/","name":"PrijedorDanas.com - Prijedorski gradski portal","description":"Portal o doga\u0111anjima u gradu Prijedoru","publisher":{"@id":"https:\/\/www.prijedordanas.com\/#organization"},"potentialAction":[{"@type":"SearchAction","target":{"@type":"EntryPoint","urlTemplate":"https:\/\/www.prijedordanas.com\/?s={search_term_string}"},"query-input":"required name=search_term_string"}],"inLanguage":"en-US"},{"@type":"Organization","@id":"https:\/\/www.prijedordanas.com\/#organization","name":"PrijedorDanas.com","url":"https:\/\/www.prijedordanas.com\/","logo":{"@type":"ImageObject","inLanguage":"en-US","@id":"https:\/\/www.prijedordanas.com\/#\/schema\/logo\/image\/","url":"http:\/\/www.prijedordanas.com\/wp-content\/uploads\/2021\/12\/logopng.png","contentUrl":"http:\/\/www.prijedordanas.com\/wp-content\/uploads\/2021\/12\/logopng.png","width":1019,"height":776,"caption":"PrijedorDanas.com"},"image":{"@id":"https:\/\/www.prijedordanas.com\/#\/schema\/logo\/image\/"},"sameAs":["https:\/\/www.facebook.com\/PrijedorDanasCom\/"]},{"@type":"Person","@id":"https:\/\/www.prijedordanas.com\/#\/schema\/person\/4e08ccf29b506ca916ff86d46bb700e6","name":"admin","image":{"@type":"ImageObject","inLanguage":"en-US","@id":"https:\/\/www.prijedordanas.com\/#\/schema\/person\/image\/","url":"https:\/\/secure.gravatar.com\/avatar\/1d3fc949d550f0b53a5f0d51e06dfd79?s=96&d=mm&r=g","contentUrl":"https:\/\/secure.gravatar.com\/avatar\/1d3fc949d550f0b53a5f0d51e06dfd79?s=96&d=mm&r=g","caption":"admin"},"url":"https:\/\/www.prijedordanas.com\/?author=1"}]}},"_links":{"self":[{"href":"https:\/\/www.prijedordanas.com\/index.php?rest_route=\/wp\/v2\/posts\/187566"}],"collection":[{"href":"https:\/\/www.prijedordanas.com\/index.php?rest_route=\/wp\/v2\/posts"}],"about":[{"href":"https:\/\/www.prijedordanas.com\/index.php?rest_route=\/wp\/v2\/types\/post"}],"author":[{"embeddable":true,"href":"https:\/\/www.prijedordanas.com\/index.php?rest_route=\/wp\/v2\/users\/1"}],"replies":[{"embeddable":true,"href":"https:\/\/www.prijedordanas.com\/index.php?rest_route=%2Fwp%2Fv2%2Fcomments&post=187566"}],"version-history":[{"count":1,"href":"https:\/\/www.prijedordanas.com\/index.php?rest_route=\/wp\/v2\/posts\/187566\/revisions"}],"predecessor-version":[{"id":187567,"href":"https:\/\/www.prijedordanas.com\/index.php?rest_route=\/wp\/v2\/posts\/187566\/revisions\/187567"}],"wp:attachment":[{"href":"https:\/\/www.prijedordanas.com\/index.php?rest_route=%2Fwp%2Fv2%2Fmedia&parent=187566"}],"wp:term":[{"taxonomy":"category","embeddable":true,"href":"https:\/\/www.prijedordanas.com\/index.php?rest_route=%2Fwp%2Fv2%2Fcategories&post=187566"},{"taxonomy":"post_tag","embeddable":true,"href":"https:\/\/www.prijedordanas.com\/index.php?rest_route=%2Fwp%2Fv2%2Ftags&post=187566"}],"curies":[{"name":"wp","href":"https:\/\/api.w.org\/{rel}","templated":true}]}}