{"id":187423,"date":"2022-06-16T09:58:50","date_gmt":"2022-06-16T07:58:50","guid":{"rendered":"https:\/\/www.prijedordanas.com\/?p=187423"},"modified":"2022-06-16T09:58:50","modified_gmt":"2022-06-16T07:58:50","slug":"konkurs-za-posao-gimnazija-sveti-sava-prijedor-prima-pripravnika-2","status":"publish","type":"post","link":"https:\/\/www.prijedordanas.com\/?p=187423","title":{"rendered":"Konkurs za posao: Gimnazija &#8220;Sveti Sava&#8221; Prijedor prima pripravnika"},"content":{"rendered":"<p><a href=\"https:\/\/www.prijedordanas.com\/wp-content\/uploads\/2021\/07\/gimnazija-sveti-sava-juni-2021.jpg\"><img loading=\"lazy\" decoding=\"async\" src=\"https:\/\/www.prijedordanas.com\/wp-content\/uploads\/2021\/07\/gimnazija-sveti-sava-juni-2021-300x225.jpg\" alt=\"\" width=\"300\" height=\"225\" class=\"alignleft size-medium wp-image-169776\" srcset=\"https:\/\/www.prijedordanas.com\/wp-content\/uploads\/2021\/07\/gimnazija-sveti-sava-juni-2021-300x225.jpg 300w, https:\/\/www.prijedordanas.com\/wp-content\/uploads\/2021\/07\/gimnazija-sveti-sava-juni-2021-640x480.jpg 640w, https:\/\/www.prijedordanas.com\/wp-content\/uploads\/2021\/07\/gimnazija-sveti-sava-juni-2021.jpg 667w\" sizes=\"(max-width: 300px) 100vw, 300px\" \/><\/a>JU GIMNAZIJA \u201eSVETI SAVA\u201c PRIJEDOR<br \/>\nBroj: 429\/2022 <\/p>\n<p>Na osnovu \u010dlana 106. Zakona o srednjem obrazovanju i vaspitanju (Sl. glasnik RS 41\/18 i 35,92\/2020) a u vezi sa \u010dlanom 1,2, i 3 Pravilnika o vrsti stru\u010dne spreme nastavnika i stru\u010dnih saradnika u Gimnaziji (\u201eSlu\u017ebeni glasnik Republike Srpske\u201c, broj:120\/2020), Odluke, broj: 02.6.6\/0601-236-2\/22 od 13.5.2022. godine, direktor \u0160kole raspisuje: <\/p>\n<p>K O N K U R S<br \/>\nza prijem pripravnika sa visokom stru\u010dnom spremom u radni odnos na odre\u0111eno vrijeme <\/p>\n<p>1. Profesor srpskog jezika, pripravnik &#8211; 1 izvr\u0161ilac. <\/p>\n<p>Posebni uslovi radnog mjesta Pripravnikom se smatra lice koje je zavr\u0161ilo fakultet i ima visoku stru\u010dnu spremu, koje nema 12 mjeseci radnog sta\u017ea u tom zanimanju i koje treba prema zakonu polo\u017eiti stru\u010dni ispit, a potrebno mu je prethodno radno iskustvo u tom zanimanju ili profesiji. <\/p>\n<p>Pripravnik se prima u radni odnos na odre\u0111eno vrijeme u tajanju do 12 mjeseci, radi obavljanja pripravni\u010dkog sta\u017ea, odnosno radi osposobljavanja za samostalan rad i radi polaganja stru\u010dnog ispita. <\/p>\n<p>Kandidati, pored op\u0161tih uslova potrebnih za zasnivanje radnog odnosa propisanih Zakonom i \u010dlanom 5. Pravilnika o postupku za prijem u radni odnos u srednjoj \u0161koli i na\u010dinu bodovanja kriterijuma za prijem (\u201eSlu\u017ebeni glasnik Republike Srpske\u201c, broj: 24\/2019 ,treba da ispunjavaju i posebne uslove propisane \u010dlanom 104. stav 1. Zakona o srednjem obrazovanju i vaspitanju i Pravilnikom o vrsti stru\u010dne spreme nastavnika i stru\u010dnih saradnika u Gimnaziji. <\/p>\n<p>Prijem u radni odnos izvr\u0161ic\u0301e se u skladu sa Pravilnikom o postupku za prijem u radni odnos u srednjoj \u0161koli i na\u010dinu bodovanja kriterijuma za prijem. <\/p>\n<p>Uz prijavu na konkurs, u kojoj se obavezno mora navesti kontakt telefon i koja mora biti potpisana od strane kandidata potrebno je dostaviti i sljedec\u0301u dokumentaciju, ovjerene kopije:<br \/>\n1. Diploma o odgovarajuc\u0301oj stru\u010dnoj spremi- zavr\u0161en prvi ciklus studijskog programa u \u010detvorogodi\u0161njem trajanju, sa najmanje ostvarenih 240 ECTS bodova ili ekvivalent i stru\u010dno zvanje u odre\u0111enoj oblasti,<br \/>\n2. Uvjerenje o polo\u017eenoj pedago\u0161ko-psiholo\u0161koj i didakti\u010dko-metodi\u010dkoj grupi predmeta, koje je du\u017ean dostaviti kandidat za nastavnika koji u toku studija nije polo\u017eio pedago\u0161ko-psiholo\u0161ku i didakti\u010dko-metodi\u010dku grupu predmeta,<br \/>\n3. Dodatak diplomi koji sadr\u017ei podatke o prosjeku ocjena tokom studiranja ili uvjerenje visoko\u0161kolske ustanove o prosjeku ocjena tokom studiranja, ukoliko u diplomi ne postoje podaci o prosjeku ocjena,<br \/>\n4. Uvjerenje izdato od Zavoda za zapo\u0161ljavanje o vremenu provedenom na evidenciji nezaposlenih lica,<br \/>\n5. Uvjerenje op\u0161tinskog\/gradskog organa uprave nadle\u017enog za bora\u010dko- invalidsku za\u0161titu o utvr\u0111enom statusu \u010dlana porodice poginulog borca Odbrambeno-otad\u017ebinskog rata Republike Srpske.<br \/>\n6. Uvjerenje op\u0161tinskog\/gradskog organa uprave nadle\u017enog za bora\u010dko- invalidsku za\u0161titu o utvr\u0111enom statusu ratnog vojnog invalida Odbrambeno-otad\u017ebinskog rata Republike Srpske, ukoliko se radi o kandidatu iz kategorije ratnog vojnog invalida.<br \/>\n7. Uvjerenje op\u0161tinskog\/gradskog organa uprave nadle\u017enog za bora\u010dko- invalidsku za\u0161titu o utvr\u0111enom statusu borca Odbrambeno-otad\u017ebinskog rata Republike Srpske, ukoliko se radi o kandidatu iz kategorije borca. <\/p>\n<p>Kandidat koji bude izabran du\u017ean je prije zasnivanja radnog odnosa dostaviti ljekarsko uvjerenje nadle\u017eene zdravstvene ustanove o op\u0161toj sposobnosti za rad i o psihi\u010dkoj i fizi\u010dkoj sposobnosti za rad sa u\u010denicima koje nije starije od \u0161est mjeseci. <\/p>\n<p>Uvjerenje o neosu\u0111ivanosti \u0161kola c\u0301e zatra\u017eiti za kandidata koji bude izabran, a prije zasnivanja radnog odnosa. <\/p>\n<p>Testiranje i intervju sa kandidatima koji su dostavili potpune i blagovremene prijave, te ispunjavaju uslove konkursa c\u0301e se obaviti dana 20.6.2022.godine u prostorijama \u0160kole. <\/p>\n<p>&#8211; Testiranje kandidata c\u0301e se obaviti u 10:00 \u010dasova<br \/>\n&#8211; Intervju sa kandidatima u 11:00 \u010dasova. Kandidati se nec\u0301e posebno pozivati na testiranje i intervju, a njihov nedolazak smatrac\u0301e se odustankom od prijave na konkurs. <\/p>\n<p>Prijave sa potrebnom dokumentacijom slati na adresu \u0161kole, sa naznakom \u201ePrijava na konkurs za prijem pripravnika sa visokom stru\u010dnom spremom\u201c.<\/p>\n<p>Kandidati su du\u017eni dostaviti ovjerene kopije svih dokumenata i te kopije nec\u0301e biti vrac\u0301ene kandidatima. <\/p>\n<p>Konkurs ostaje otvoren 8 dana od dana objavljivanja u dnevnim novinama koje se objavljuju u Republici Srpskoj, a putem Zavoda za zapo\u0161ljavanje. <\/p>\n<p>Neblagovremene i nepotpune prijave nec\u0301e se razmatrati.<\/p>\n<p>Kategorija \u2013 Obrazovanje<br \/>\nStru\u010dna sprema \u2013 VSS<br \/>\nTip ugovora \u2013 Ugovor o radu na neodre\u0111eno vrijeme<br \/>\nBroj otvorenih pozicija \u2013 1<br \/>\nRok za prijavu \u2013 16.06.2022..<\/p>\n<p>Zavod za zapo\u0161ljavanje RS<br \/>\nFoto \u2013 ilustracija<\/p>\n","protected":false},"excerpt":{"rendered":"<p>JU GIMNAZIJA \u201eSVETI SAVA\u201c PRIJEDOR Broj: 429\/2022 Na osnovu \u010dlana 106. Zakona o srednjem obrazovanju i vaspitanju (Sl. glasnik RS 41\/18 i 35,92\/2020) a u vezi sa \u010dlanom 1,2, i [&hellip;]<\/p>\n","protected":false},"author":1,"featured_media":0,"comment_status":"closed","ping_status":"open","sticky":false,"template":"","format":"standard","meta":{"_monsterinsights_skip_tracking":false,"_monsterinsights_sitenote_active":false,"_monsterinsights_sitenote_note":"","_monsterinsights_sitenote_category":0,"footnotes":""},"categories":[7519],"tags":[597],"yoast_head":"<!-- This site is optimized with the Yoast SEO plugin v21.6 - https:\/\/yoast.com\/wordpress\/plugins\/seo\/ -->\n<title>Konkurs za posao: Gimnazija &quot;Sveti Sava&quot; Prijedor prima pripravnika - PrijedorDanas.com - Prijedorski gradski portal<\/title>\n<meta name=\"robots\" content=\"index, follow, max-snippet:-1, max-image-preview:large, max-video-preview:-1\" \/>\n<link rel=\"canonical\" href=\"https:\/\/www.prijedordanas.com\/?p=187423\" \/>\n<meta property=\"og:locale\" content=\"en_US\" \/>\n<meta property=\"og:type\" content=\"article\" \/>\n<meta property=\"og:title\" content=\"Konkurs za posao: Gimnazija &quot;Sveti Sava&quot; Prijedor prima pripravnika - PrijedorDanas.com - Prijedorski gradski portal\" \/>\n<meta property=\"og:description\" content=\"JU GIMNAZIJA \u201eSVETI SAVA\u201c PRIJEDOR Broj: 429\/2022 Na osnovu \u010dlana 106. Zakona o srednjem obrazovanju i vaspitanju (Sl. glasnik RS 41\/18 i 35,92\/2020) a u vezi sa \u010dlanom 1,2, i [&hellip;]\" \/>\n<meta property=\"og:url\" content=\"https:\/\/www.prijedordanas.com\/?p=187423\" \/>\n<meta property=\"og:site_name\" content=\"PrijedorDanas.com - Prijedorski gradski portal\" \/>\n<meta property=\"article:publisher\" content=\"https:\/\/www.facebook.com\/PrijedorDanasCom\/\" \/>\n<meta property=\"article:published_time\" content=\"2022-06-16T07:58:50+00:00\" \/>\n<meta property=\"og:image\" content=\"https:\/\/www.prijedordanas.com\/wp-content\/uploads\/2021\/07\/gimnazija-sveti-sava-juni-2021-300x225.jpg\" \/>\n<meta name=\"author\" content=\"admin\" \/>\n<meta name=\"twitter:card\" content=\"summary_large_image\" \/>\n<meta name=\"twitter:label1\" content=\"Written by\" \/>\n\t<meta name=\"twitter:data1\" content=\"admin\" \/>\n\t<meta name=\"twitter:label2\" content=\"Est. reading time\" \/>\n\t<meta name=\"twitter:data2\" content=\"4 minutes\" \/>\n<script type=\"application\/ld+json\" class=\"yoast-schema-graph\">{\"@context\":\"https:\/\/schema.org\",\"@graph\":[{\"@type\":\"Article\",\"@id\":\"https:\/\/www.prijedordanas.com\/?p=187423#article\",\"isPartOf\":{\"@id\":\"https:\/\/www.prijedordanas.com\/?p=187423\"},\"author\":{\"name\":\"admin\",\"@id\":\"https:\/\/www.prijedordanas.com\/#\/schema\/person\/4e08ccf29b506ca916ff86d46bb700e6\"},\"headline\":\"Konkurs za posao: Gimnazija &#8220;Sveti Sava&#8221; Prijedor prima pripravnika\",\"datePublished\":\"2022-06-16T07:58:50+00:00\",\"dateModified\":\"2022-06-16T07:58:50+00:00\",\"mainEntityOfPage\":{\"@id\":\"https:\/\/www.prijedordanas.com\/?p=187423\"},\"wordCount\":726,\"publisher\":{\"@id\":\"https:\/\/www.prijedordanas.com\/#organization\"},\"keywords\":[\"posao\"],\"articleSection\":[\"Posao\"],\"inLanguage\":\"en-US\"},{\"@type\":\"WebPage\",\"@id\":\"https:\/\/www.prijedordanas.com\/?p=187423\",\"url\":\"https:\/\/www.prijedordanas.com\/?p=187423\",\"name\":\"Konkurs za posao: Gimnazija \\\"Sveti Sava\\\" Prijedor prima pripravnika - PrijedorDanas.com - Prijedorski gradski portal\",\"isPartOf\":{\"@id\":\"https:\/\/www.prijedordanas.com\/#website\"},\"datePublished\":\"2022-06-16T07:58:50+00:00\",\"dateModified\":\"2022-06-16T07:58:50+00:00\",\"breadcrumb\":{\"@id\":\"https:\/\/www.prijedordanas.com\/?p=187423#breadcrumb\"},\"inLanguage\":\"en-US\",\"potentialAction\":[{\"@type\":\"ReadAction\",\"target\":[\"https:\/\/www.prijedordanas.com\/?p=187423\"]}]},{\"@type\":\"BreadcrumbList\",\"@id\":\"https:\/\/www.prijedordanas.com\/?p=187423#breadcrumb\",\"itemListElement\":[{\"@type\":\"ListItem\",\"position\":1,\"name\":\"Home\",\"item\":\"https:\/\/www.prijedordanas.com\/\"},{\"@type\":\"ListItem\",\"position\":2,\"name\":\"Konkurs za posao: Gimnazija &#8220;Sveti Sava&#8221; Prijedor prima pripravnika\"}]},{\"@type\":\"WebSite\",\"@id\":\"https:\/\/www.prijedordanas.com\/#website\",\"url\":\"https:\/\/www.prijedordanas.com\/\",\"name\":\"PrijedorDanas.com - Prijedorski gradski portal\",\"description\":\"Portal o doga\u0111anjima u gradu Prijedoru\",\"publisher\":{\"@id\":\"https:\/\/www.prijedordanas.com\/#organization\"},\"potentialAction\":[{\"@type\":\"SearchAction\",\"target\":{\"@type\":\"EntryPoint\",\"urlTemplate\":\"https:\/\/www.prijedordanas.com\/?s={search_term_string}\"},\"query-input\":\"required name=search_term_string\"}],\"inLanguage\":\"en-US\"},{\"@type\":\"Organization\",\"@id\":\"https:\/\/www.prijedordanas.com\/#organization\",\"name\":\"PrijedorDanas.com\",\"url\":\"https:\/\/www.prijedordanas.com\/\",\"logo\":{\"@type\":\"ImageObject\",\"inLanguage\":\"en-US\",\"@id\":\"https:\/\/www.prijedordanas.com\/#\/schema\/logo\/image\/\",\"url\":\"http:\/\/www.prijedordanas.com\/wp-content\/uploads\/2021\/12\/logopng.png\",\"contentUrl\":\"http:\/\/www.prijedordanas.com\/wp-content\/uploads\/2021\/12\/logopng.png\",\"width\":1019,\"height\":776,\"caption\":\"PrijedorDanas.com\"},\"image\":{\"@id\":\"https:\/\/www.prijedordanas.com\/#\/schema\/logo\/image\/\"},\"sameAs\":[\"https:\/\/www.facebook.com\/PrijedorDanasCom\/\"]},{\"@type\":\"Person\",\"@id\":\"https:\/\/www.prijedordanas.com\/#\/schema\/person\/4e08ccf29b506ca916ff86d46bb700e6\",\"name\":\"admin\",\"image\":{\"@type\":\"ImageObject\",\"inLanguage\":\"en-US\",\"@id\":\"https:\/\/www.prijedordanas.com\/#\/schema\/person\/image\/\",\"url\":\"https:\/\/secure.gravatar.com\/avatar\/1d3fc949d550f0b53a5f0d51e06dfd79?s=96&d=mm&r=g\",\"contentUrl\":\"https:\/\/secure.gravatar.com\/avatar\/1d3fc949d550f0b53a5f0d51e06dfd79?s=96&d=mm&r=g\",\"caption\":\"admin\"},\"url\":\"https:\/\/www.prijedordanas.com\/?author=1\"}]}<\/script>\n<!-- \/ Yoast SEO plugin. -->","yoast_head_json":{"title":"Konkurs za posao: Gimnazija \"Sveti Sava\" Prijedor prima pripravnika - PrijedorDanas.com - Prijedorski gradski portal","robots":{"index":"index","follow":"follow","max-snippet":"max-snippet:-1","max-image-preview":"max-image-preview:large","max-video-preview":"max-video-preview:-1"},"canonical":"https:\/\/www.prijedordanas.com\/?p=187423","og_locale":"en_US","og_type":"article","og_title":"Konkurs za posao: Gimnazija \"Sveti Sava\" Prijedor prima pripravnika - PrijedorDanas.com - Prijedorski gradski portal","og_description":"JU GIMNAZIJA \u201eSVETI SAVA\u201c PRIJEDOR Broj: 429\/2022 Na osnovu \u010dlana 106. Zakona o srednjem obrazovanju i vaspitanju (Sl. glasnik RS 41\/18 i 35,92\/2020) a u vezi sa \u010dlanom 1,2, i [&hellip;]","og_url":"https:\/\/www.prijedordanas.com\/?p=187423","og_site_name":"PrijedorDanas.com - Prijedorski gradski portal","article_publisher":"https:\/\/www.facebook.com\/PrijedorDanasCom\/","article_published_time":"2022-06-16T07:58:50+00:00","og_image":[{"url":"https:\/\/www.prijedordanas.com\/wp-content\/uploads\/2021\/07\/gimnazija-sveti-sava-juni-2021-300x225.jpg"}],"author":"admin","twitter_card":"summary_large_image","twitter_misc":{"Written by":"admin","Est. reading time":"4 minutes"},"schema":{"@context":"https:\/\/schema.org","@graph":[{"@type":"Article","@id":"https:\/\/www.prijedordanas.com\/?p=187423#article","isPartOf":{"@id":"https:\/\/www.prijedordanas.com\/?p=187423"},"author":{"name":"admin","@id":"https:\/\/www.prijedordanas.com\/#\/schema\/person\/4e08ccf29b506ca916ff86d46bb700e6"},"headline":"Konkurs za posao: Gimnazija &#8220;Sveti Sava&#8221; Prijedor prima pripravnika","datePublished":"2022-06-16T07:58:50+00:00","dateModified":"2022-06-16T07:58:50+00:00","mainEntityOfPage":{"@id":"https:\/\/www.prijedordanas.com\/?p=187423"},"wordCount":726,"publisher":{"@id":"https:\/\/www.prijedordanas.com\/#organization"},"keywords":["posao"],"articleSection":["Posao"],"inLanguage":"en-US"},{"@type":"WebPage","@id":"https:\/\/www.prijedordanas.com\/?p=187423","url":"https:\/\/www.prijedordanas.com\/?p=187423","name":"Konkurs za posao: Gimnazija \"Sveti Sava\" Prijedor prima pripravnika - PrijedorDanas.com - Prijedorski gradski portal","isPartOf":{"@id":"https:\/\/www.prijedordanas.com\/#website"},"datePublished":"2022-06-16T07:58:50+00:00","dateModified":"2022-06-16T07:58:50+00:00","breadcrumb":{"@id":"https:\/\/www.prijedordanas.com\/?p=187423#breadcrumb"},"inLanguage":"en-US","potentialAction":[{"@type":"ReadAction","target":["https:\/\/www.prijedordanas.com\/?p=187423"]}]},{"@type":"BreadcrumbList","@id":"https:\/\/www.prijedordanas.com\/?p=187423#breadcrumb","itemListElement":[{"@type":"ListItem","position":1,"name":"Home","item":"https:\/\/www.prijedordanas.com\/"},{"@type":"ListItem","position":2,"name":"Konkurs za posao: Gimnazija &#8220;Sveti Sava&#8221; Prijedor prima pripravnika"}]},{"@type":"WebSite","@id":"https:\/\/www.prijedordanas.com\/#website","url":"https:\/\/www.prijedordanas.com\/","name":"PrijedorDanas.com - Prijedorski gradski portal","description":"Portal o doga\u0111anjima u gradu Prijedoru","publisher":{"@id":"https:\/\/www.prijedordanas.com\/#organization"},"potentialAction":[{"@type":"SearchAction","target":{"@type":"EntryPoint","urlTemplate":"https:\/\/www.prijedordanas.com\/?s={search_term_string}"},"query-input":"required name=search_term_string"}],"inLanguage":"en-US"},{"@type":"Organization","@id":"https:\/\/www.prijedordanas.com\/#organization","name":"PrijedorDanas.com","url":"https:\/\/www.prijedordanas.com\/","logo":{"@type":"ImageObject","inLanguage":"en-US","@id":"https:\/\/www.prijedordanas.com\/#\/schema\/logo\/image\/","url":"http:\/\/www.prijedordanas.com\/wp-content\/uploads\/2021\/12\/logopng.png","contentUrl":"http:\/\/www.prijedordanas.com\/wp-content\/uploads\/2021\/12\/logopng.png","width":1019,"height":776,"caption":"PrijedorDanas.com"},"image":{"@id":"https:\/\/www.prijedordanas.com\/#\/schema\/logo\/image\/"},"sameAs":["https:\/\/www.facebook.com\/PrijedorDanasCom\/"]},{"@type":"Person","@id":"https:\/\/www.prijedordanas.com\/#\/schema\/person\/4e08ccf29b506ca916ff86d46bb700e6","name":"admin","image":{"@type":"ImageObject","inLanguage":"en-US","@id":"https:\/\/www.prijedordanas.com\/#\/schema\/person\/image\/","url":"https:\/\/secure.gravatar.com\/avatar\/1d3fc949d550f0b53a5f0d51e06dfd79?s=96&d=mm&r=g","contentUrl":"https:\/\/secure.gravatar.com\/avatar\/1d3fc949d550f0b53a5f0d51e06dfd79?s=96&d=mm&r=g","caption":"admin"},"url":"https:\/\/www.prijedordanas.com\/?author=1"}]}},"_links":{"self":[{"href":"https:\/\/www.prijedordanas.com\/index.php?rest_route=\/wp\/v2\/posts\/187423"}],"collection":[{"href":"https:\/\/www.prijedordanas.com\/index.php?rest_route=\/wp\/v2\/posts"}],"about":[{"href":"https:\/\/www.prijedordanas.com\/index.php?rest_route=\/wp\/v2\/types\/post"}],"author":[{"embeddable":true,"href":"https:\/\/www.prijedordanas.com\/index.php?rest_route=\/wp\/v2\/users\/1"}],"replies":[{"embeddable":true,"href":"https:\/\/www.prijedordanas.com\/index.php?rest_route=%2Fwp%2Fv2%2Fcomments&post=187423"}],"version-history":[{"count":1,"href":"https:\/\/www.prijedordanas.com\/index.php?rest_route=\/wp\/v2\/posts\/187423\/revisions"}],"predecessor-version":[{"id":187424,"href":"https:\/\/www.prijedordanas.com\/index.php?rest_route=\/wp\/v2\/posts\/187423\/revisions\/187424"}],"wp:attachment":[{"href":"https:\/\/www.prijedordanas.com\/index.php?rest_route=%2Fwp%2Fv2%2Fmedia&parent=187423"}],"wp:term":[{"taxonomy":"category","embeddable":true,"href":"https:\/\/www.prijedordanas.com\/index.php?rest_route=%2Fwp%2Fv2%2Fcategories&post=187423"},{"taxonomy":"post_tag","embeddable":true,"href":"https:\/\/www.prijedordanas.com\/index.php?rest_route=%2Fwp%2Fv2%2Ftags&post=187423"}],"curies":[{"name":"wp","href":"https:\/\/api.w.org\/{rel}","templated":true}]}}