{"id":187310,"date":"2022-06-14T08:33:40","date_gmt":"2022-06-14T06:33:40","guid":{"rendered":"https:\/\/www.prijedordanas.com\/?p=187310"},"modified":"2022-06-14T08:33:40","modified_gmt":"2022-06-14T06:33:40","slug":"sudenje-taranjac-i-ostali-kao-12-godisnjak-gledao-ubijanja-na-stadionu-u-ljubiji","status":"publish","type":"post","link":"https:\/\/www.prijedordanas.com\/?p=187310","title":{"rendered":"Su\u0111enje Taranjac i ostali: Kao 12-godi\u0161njak gledao ubijanja na stadionu u Ljubiji"},"content":{"rendered":"<p><a href=\"https:\/\/www.prijedordanas.com\/wp-content\/uploads\/2019\/02\/sud-bih-taranjac-i-ostali.jpg\"><img loading=\"lazy\" decoding=\"async\" src=\"https:\/\/www.prijedordanas.com\/wp-content\/uploads\/2019\/02\/sud-bih-taranjac-i-ostali-300x217.jpg\" alt=\"\" width=\"300\" height=\"217\" class=\"alignleft size-medium wp-image-122077\" srcset=\"https:\/\/www.prijedordanas.com\/wp-content\/uploads\/2019\/02\/sud-bih-taranjac-i-ostali-300x217.jpg 300w, https:\/\/www.prijedordanas.com\/wp-content\/uploads\/2019\/02\/sud-bih-taranjac-i-ostali-100x72.jpg 100w, https:\/\/www.prijedordanas.com\/wp-content\/uploads\/2019\/02\/sud-bih-taranjac-i-ostali.jpg 690w\" sizes=\"(max-width: 300px) 100vw, 300px\" \/><\/a>Na su\u0111enju za zlo\u010dine po\u010dinjene na podru\u010dju Prijedora, svjedok Tu\u017eila\u0161tva Bosne i Hercegovine ispri\u010dao je kako je kao 12-godi\u0161njak u ljeto 1992. gledao ubijanje ljudi na stadionu u Ljubiji.<\/p>\n<p>Za\u0161ti\u0107eni svjedok S-9 kazao je da je \u017eivio s porodicom u selu \u010carakovu i da su se skrivali u \u0161umi kada su po\u010dela ubistva bo\u0161nja\u010dkog stanovni\u0161tva. Rekao je da su mu oba djeda ubijena dok su obavljali poljoprivredne radove, kao i neki drugi mje\u0161tani, uklju\u010duju\u0107i djecu.<\/p>\n<p>Prema njegovim rije\u010dima, u \u0161umi se skrivalo vi\u0161e od 100 ljudi i zbog de\u0161avanja su odlu\u010dili da krenu za Biha\u0107. Izjavio je da niko nije bio naoru\u017ean, te da su u putu uhap\u0161eni i da je jedan mladi\u0107, koji je poku\u0161ao pobje\u0107i, pogo\u0111en hicima u le\u0111a. Svjedok je naveo da su odvedeni i zatvoreni u \u0161kolu u selu Miska Glava, gdje su bili i njegov otac, brat i dva strica.<\/p>\n<p>\u201cNeke ljude su izvodili, tukli i vra\u0107ali\u201d, kazao je S-9.<\/p>\n<p>Nakon nekoliko dana prevezeni su na stadion u Ljubiji, gdje je, kako je naveo, pred njegovim o\u010dima ubijeno 15 do 20 ljudi. Me\u0111u njima je bio i njegov stric, kojem je pucano u glavu.<\/p>\n<p>\u201cVidim, puca direktno po njima. Meso i kosti frcaju po meni\u201d, prisjetio se svjedok.<\/p>\n<p>On je dodao da je, kada se po\u010delo smrkavati, s grupom od 15-ak maloljetnika, zatvoren u jednu prostoriju.<\/p>\n<p>\u201cLjudi su plakali, pu\u0161tali neke glasove da je to bilo stra\u0161no\u2026 Ja sam zaspao ili sam se onesvijestio\u201d, rekao je S-9.<\/p>\n<p>Ujutru je, kako je naveo, \u010duo da su svi pobijeni. Dodao je da su morali \u010distiti krv. Svjedok je ispri\u010dao kako je s grupom maloljetnika preba\u010den u logor \u201cTrnopolje\u201d, odakle su konvojem napustili Prijedor.<\/p>\n<p>Gubitak \u010dlanova porodice i ono \u0161to je do\u017eivo, kako je kazao, ostavilo je duboke posljedice po njegovo zdravlje i sposobnosti.<\/p>\n<p>Za u\u010de\u0161\u0107e u nezakonitom zarobljavanju i zatvaranju 120 mu\u0161karaca \u2013 koji su bili u Domu u Miskoj Glavi, a potom na stadionu u Ljubiji \u2013 te njihovom mu\u010denju i ubistvima po\u010dinjenim krajem jula 1992. godine, optu\u017eeni su Slobodan Taranjac, Miodrag Glu\u0161ac, Ranko Babi\u0107, Ranko Do\u0161enovi\u0107, Zdravko Pani\u0107, Trivo i Milan Vuki\u0107, Slobodan Kne\u017eevi\u0107 i Milorad Obradovi\u0107.<\/p>\n<p>Prema optu\u017enici, Taranjac je bio predsjednik Kriznog \u0161taba u Ljubiji, Glu\u0161ac zamjenik komandanta 6. ljubijskog bataljona Vojske Republike Srpske (VRS), Do\u0161enovi\u0107 pomo\u0107nik komandanta bataljona za bezbjednost, a ostali pripadnici \u010dete iz Miske Glave, odnosno vojne i civilne policije.<\/p>\n<p>Svjedokinja Tu\u017eila\u0161tva S-19 rekla je da je vidjela kada je grupa svezanih civila dovedena na stadion u Ljubiji. Ona je navela da ih je jedan vojnik \u010dizmom udarao.<\/p>\n<p>Sutradan ujutro, prolaze\u0107i pored stadiona, kako je kazala, vidjela je jednog mu\u0161karca koji je bio krvav.<\/p>\n<p>Na pitanja optu\u017eenog Taranjca da li je, nevezano za stadion, \u010dula da je neko od Bo\u0161njaka ili Hrvata ubijen, protjeran ili silovan u Ljubiji, ona je rekla da nije.<\/p>\n<p>Tu\u017eilac Izet Odoba\u0161i\u0107 pro\u010ditao je iskaz preminulog svjedoka Dragana Janjo\u0161a, koji je bio pripadnik rezervnog sastava policije u Ljubiji. Janjo\u0161 je u iskazu naveo da je bio u svom selu Miska Glava kada je u ljeto 1992. \u010duo da je u zaseoku Pra\u0161talo zarobljena ve\u0107a grupa Bo\u0161njaka.<\/p>\n<p>Prema njegovim rije\u010dima, u selu je zavladala panika i oti\u0161ao je da vidi \u0161ta se de\u0161ava. Kazao je da je oko grupe zarobljenih bilo nekoliko lica, \u010dija je imena naveo, te da su postrojeni u kolonu po dvojica.<\/p>\n<p>\u201cJedan je poku\u0161ao bje\u017eati i Milorad Tomi\u0107 je ispalio rafal iz automata\u201d, rekao je Janjo\u0161.<\/p>\n<p>On je dodao da je oti\u0161ao ku\u0107i i da nema saznanja ko je odveo zarobljene iz \u0161kole u Ljubiju, a da je kasnije \u010duo da su ubijeni i ukopani.<\/p>\n<p>Su\u0111enje se nastavlja 11. jula.<\/p>\n<p>detektor.ba<\/p>\n","protected":false},"excerpt":{"rendered":"<p>Na su\u0111enju za zlo\u010dine po\u010dinjene na podru\u010dju Prijedora, svjedok Tu\u017eila\u0161tva Bosne i Hercegovine ispri\u010dao je kako je kao 12-godi\u0161njak u ljeto 1992. gledao ubijanje ljudi na stadionu u Ljubiji. Za\u0161ti\u0107eni [&hellip;]<\/p>\n","protected":false},"author":1,"featured_media":0,"comment_status":"closed","ping_status":"open","sticky":false,"template":"","format":"standard","meta":{"_monsterinsights_skip_tracking":false,"_monsterinsights_sitenote_active":false,"_monsterinsights_sitenote_note":"","_monsterinsights_sitenote_category":0,"footnotes":""},"categories":[5],"tags":[],"yoast_head":"<!-- This site is optimized with the Yoast SEO plugin v21.6 - https:\/\/yoast.com\/wordpress\/plugins\/seo\/ -->\n<title>Su\u0111enje Taranjac i ostali: Kao 12-godi\u0161njak gledao ubijanja na stadionu u Ljubiji - PrijedorDanas.com - Prijedorski gradski portal<\/title>\n<meta name=\"robots\" content=\"index, follow, max-snippet:-1, max-image-preview:large, max-video-preview:-1\" \/>\n<link rel=\"canonical\" href=\"https:\/\/www.prijedordanas.com\/?p=187310\" \/>\n<meta property=\"og:locale\" content=\"en_US\" \/>\n<meta property=\"og:type\" content=\"article\" \/>\n<meta property=\"og:title\" content=\"Su\u0111enje Taranjac i ostali: Kao 12-godi\u0161njak gledao ubijanja na stadionu u Ljubiji - PrijedorDanas.com - Prijedorski gradski portal\" \/>\n<meta property=\"og:description\" content=\"Na su\u0111enju za zlo\u010dine po\u010dinjene na podru\u010dju Prijedora, svjedok Tu\u017eila\u0161tva Bosne i Hercegovine ispri\u010dao je kako je kao 12-godi\u0161njak u ljeto 1992. gledao ubijanje ljudi na stadionu u Ljubiji. Za\u0161ti\u0107eni [&hellip;]\" \/>\n<meta property=\"og:url\" content=\"https:\/\/www.prijedordanas.com\/?p=187310\" \/>\n<meta property=\"og:site_name\" content=\"PrijedorDanas.com - Prijedorski gradski portal\" \/>\n<meta property=\"article:publisher\" content=\"https:\/\/www.facebook.com\/PrijedorDanasCom\/\" \/>\n<meta property=\"article:published_time\" content=\"2022-06-14T06:33:40+00:00\" \/>\n<meta property=\"og:image\" content=\"https:\/\/www.prijedordanas.com\/wp-content\/uploads\/2019\/02\/sud-bih-taranjac-i-ostali-300x217.jpg\" \/>\n<meta name=\"author\" content=\"admin\" \/>\n<meta name=\"twitter:card\" content=\"summary_large_image\" \/>\n<meta name=\"twitter:label1\" content=\"Written by\" \/>\n\t<meta name=\"twitter:data1\" content=\"admin\" \/>\n\t<meta name=\"twitter:label2\" content=\"Est. reading time\" \/>\n\t<meta name=\"twitter:data2\" content=\"3 minutes\" \/>\n<script type=\"application\/ld+json\" class=\"yoast-schema-graph\">{\"@context\":\"https:\/\/schema.org\",\"@graph\":[{\"@type\":\"Article\",\"@id\":\"https:\/\/www.prijedordanas.com\/?p=187310#article\",\"isPartOf\":{\"@id\":\"https:\/\/www.prijedordanas.com\/?p=187310\"},\"author\":{\"name\":\"admin\",\"@id\":\"https:\/\/www.prijedordanas.com\/#\/schema\/person\/4e08ccf29b506ca916ff86d46bb700e6\"},\"headline\":\"Su\u0111enje Taranjac i ostali: Kao 12-godi\u0161njak gledao ubijanja na stadionu u Ljubiji\",\"datePublished\":\"2022-06-14T06:33:40+00:00\",\"dateModified\":\"2022-06-14T06:33:40+00:00\",\"mainEntityOfPage\":{\"@id\":\"https:\/\/www.prijedordanas.com\/?p=187310\"},\"wordCount\":672,\"publisher\":{\"@id\":\"https:\/\/www.prijedordanas.com\/#organization\"},\"articleSection\":[\"Hronika\"],\"inLanguage\":\"en-US\"},{\"@type\":\"WebPage\",\"@id\":\"https:\/\/www.prijedordanas.com\/?p=187310\",\"url\":\"https:\/\/www.prijedordanas.com\/?p=187310\",\"name\":\"Su\u0111enje Taranjac i ostali: Kao 12-godi\u0161njak gledao ubijanja na stadionu u Ljubiji - PrijedorDanas.com - Prijedorski gradski portal\",\"isPartOf\":{\"@id\":\"https:\/\/www.prijedordanas.com\/#website\"},\"datePublished\":\"2022-06-14T06:33:40+00:00\",\"dateModified\":\"2022-06-14T06:33:40+00:00\",\"breadcrumb\":{\"@id\":\"https:\/\/www.prijedordanas.com\/?p=187310#breadcrumb\"},\"inLanguage\":\"en-US\",\"potentialAction\":[{\"@type\":\"ReadAction\",\"target\":[\"https:\/\/www.prijedordanas.com\/?p=187310\"]}]},{\"@type\":\"BreadcrumbList\",\"@id\":\"https:\/\/www.prijedordanas.com\/?p=187310#breadcrumb\",\"itemListElement\":[{\"@type\":\"ListItem\",\"position\":1,\"name\":\"Home\",\"item\":\"https:\/\/www.prijedordanas.com\/\"},{\"@type\":\"ListItem\",\"position\":2,\"name\":\"Su\u0111enje Taranjac i ostali: Kao 12-godi\u0161njak gledao ubijanja na stadionu u Ljubiji\"}]},{\"@type\":\"WebSite\",\"@id\":\"https:\/\/www.prijedordanas.com\/#website\",\"url\":\"https:\/\/www.prijedordanas.com\/\",\"name\":\"PrijedorDanas.com - Prijedorski gradski portal\",\"description\":\"Portal o doga\u0111anjima u gradu Prijedoru\",\"publisher\":{\"@id\":\"https:\/\/www.prijedordanas.com\/#organization\"},\"potentialAction\":[{\"@type\":\"SearchAction\",\"target\":{\"@type\":\"EntryPoint\",\"urlTemplate\":\"https:\/\/www.prijedordanas.com\/?s={search_term_string}\"},\"query-input\":\"required name=search_term_string\"}],\"inLanguage\":\"en-US\"},{\"@type\":\"Organization\",\"@id\":\"https:\/\/www.prijedordanas.com\/#organization\",\"name\":\"PrijedorDanas.com\",\"url\":\"https:\/\/www.prijedordanas.com\/\",\"logo\":{\"@type\":\"ImageObject\",\"inLanguage\":\"en-US\",\"@id\":\"https:\/\/www.prijedordanas.com\/#\/schema\/logo\/image\/\",\"url\":\"http:\/\/www.prijedordanas.com\/wp-content\/uploads\/2021\/12\/logopng.png\",\"contentUrl\":\"http:\/\/www.prijedordanas.com\/wp-content\/uploads\/2021\/12\/logopng.png\",\"width\":1019,\"height\":776,\"caption\":\"PrijedorDanas.com\"},\"image\":{\"@id\":\"https:\/\/www.prijedordanas.com\/#\/schema\/logo\/image\/\"},\"sameAs\":[\"https:\/\/www.facebook.com\/PrijedorDanasCom\/\"]},{\"@type\":\"Person\",\"@id\":\"https:\/\/www.prijedordanas.com\/#\/schema\/person\/4e08ccf29b506ca916ff86d46bb700e6\",\"name\":\"admin\",\"image\":{\"@type\":\"ImageObject\",\"inLanguage\":\"en-US\",\"@id\":\"https:\/\/www.prijedordanas.com\/#\/schema\/person\/image\/\",\"url\":\"https:\/\/secure.gravatar.com\/avatar\/1d3fc949d550f0b53a5f0d51e06dfd79?s=96&d=mm&r=g\",\"contentUrl\":\"https:\/\/secure.gravatar.com\/avatar\/1d3fc949d550f0b53a5f0d51e06dfd79?s=96&d=mm&r=g\",\"caption\":\"admin\"},\"url\":\"https:\/\/www.prijedordanas.com\/?author=1\"}]}<\/script>\n<!-- \/ Yoast SEO plugin. -->","yoast_head_json":{"title":"Su\u0111enje Taranjac i ostali: Kao 12-godi\u0161njak gledao ubijanja na stadionu u Ljubiji - PrijedorDanas.com - Prijedorski gradski portal","robots":{"index":"index","follow":"follow","max-snippet":"max-snippet:-1","max-image-preview":"max-image-preview:large","max-video-preview":"max-video-preview:-1"},"canonical":"https:\/\/www.prijedordanas.com\/?p=187310","og_locale":"en_US","og_type":"article","og_title":"Su\u0111enje Taranjac i ostali: Kao 12-godi\u0161njak gledao ubijanja na stadionu u Ljubiji - PrijedorDanas.com - Prijedorski gradski portal","og_description":"Na su\u0111enju za zlo\u010dine po\u010dinjene na podru\u010dju Prijedora, svjedok Tu\u017eila\u0161tva Bosne i Hercegovine ispri\u010dao je kako je kao 12-godi\u0161njak u ljeto 1992. gledao ubijanje ljudi na stadionu u Ljubiji. Za\u0161ti\u0107eni [&hellip;]","og_url":"https:\/\/www.prijedordanas.com\/?p=187310","og_site_name":"PrijedorDanas.com - Prijedorski gradski portal","article_publisher":"https:\/\/www.facebook.com\/PrijedorDanasCom\/","article_published_time":"2022-06-14T06:33:40+00:00","og_image":[{"url":"https:\/\/www.prijedordanas.com\/wp-content\/uploads\/2019\/02\/sud-bih-taranjac-i-ostali-300x217.jpg"}],"author":"admin","twitter_card":"summary_large_image","twitter_misc":{"Written by":"admin","Est. reading time":"3 minutes"},"schema":{"@context":"https:\/\/schema.org","@graph":[{"@type":"Article","@id":"https:\/\/www.prijedordanas.com\/?p=187310#article","isPartOf":{"@id":"https:\/\/www.prijedordanas.com\/?p=187310"},"author":{"name":"admin","@id":"https:\/\/www.prijedordanas.com\/#\/schema\/person\/4e08ccf29b506ca916ff86d46bb700e6"},"headline":"Su\u0111enje Taranjac i ostali: Kao 12-godi\u0161njak gledao ubijanja na stadionu u Ljubiji","datePublished":"2022-06-14T06:33:40+00:00","dateModified":"2022-06-14T06:33:40+00:00","mainEntityOfPage":{"@id":"https:\/\/www.prijedordanas.com\/?p=187310"},"wordCount":672,"publisher":{"@id":"https:\/\/www.prijedordanas.com\/#organization"},"articleSection":["Hronika"],"inLanguage":"en-US"},{"@type":"WebPage","@id":"https:\/\/www.prijedordanas.com\/?p=187310","url":"https:\/\/www.prijedordanas.com\/?p=187310","name":"Su\u0111enje Taranjac i ostali: Kao 12-godi\u0161njak gledao ubijanja na stadionu u Ljubiji - PrijedorDanas.com - Prijedorski gradski portal","isPartOf":{"@id":"https:\/\/www.prijedordanas.com\/#website"},"datePublished":"2022-06-14T06:33:40+00:00","dateModified":"2022-06-14T06:33:40+00:00","breadcrumb":{"@id":"https:\/\/www.prijedordanas.com\/?p=187310#breadcrumb"},"inLanguage":"en-US","potentialAction":[{"@type":"ReadAction","target":["https:\/\/www.prijedordanas.com\/?p=187310"]}]},{"@type":"BreadcrumbList","@id":"https:\/\/www.prijedordanas.com\/?p=187310#breadcrumb","itemListElement":[{"@type":"ListItem","position":1,"name":"Home","item":"https:\/\/www.prijedordanas.com\/"},{"@type":"ListItem","position":2,"name":"Su\u0111enje Taranjac i ostali: Kao 12-godi\u0161njak gledao ubijanja na stadionu u Ljubiji"}]},{"@type":"WebSite","@id":"https:\/\/www.prijedordanas.com\/#website","url":"https:\/\/www.prijedordanas.com\/","name":"PrijedorDanas.com - Prijedorski gradski portal","description":"Portal o doga\u0111anjima u gradu Prijedoru","publisher":{"@id":"https:\/\/www.prijedordanas.com\/#organization"},"potentialAction":[{"@type":"SearchAction","target":{"@type":"EntryPoint","urlTemplate":"https:\/\/www.prijedordanas.com\/?s={search_term_string}"},"query-input":"required name=search_term_string"}],"inLanguage":"en-US"},{"@type":"Organization","@id":"https:\/\/www.prijedordanas.com\/#organization","name":"PrijedorDanas.com","url":"https:\/\/www.prijedordanas.com\/","logo":{"@type":"ImageObject","inLanguage":"en-US","@id":"https:\/\/www.prijedordanas.com\/#\/schema\/logo\/image\/","url":"http:\/\/www.prijedordanas.com\/wp-content\/uploads\/2021\/12\/logopng.png","contentUrl":"http:\/\/www.prijedordanas.com\/wp-content\/uploads\/2021\/12\/logopng.png","width":1019,"height":776,"caption":"PrijedorDanas.com"},"image":{"@id":"https:\/\/www.prijedordanas.com\/#\/schema\/logo\/image\/"},"sameAs":["https:\/\/www.facebook.com\/PrijedorDanasCom\/"]},{"@type":"Person","@id":"https:\/\/www.prijedordanas.com\/#\/schema\/person\/4e08ccf29b506ca916ff86d46bb700e6","name":"admin","image":{"@type":"ImageObject","inLanguage":"en-US","@id":"https:\/\/www.prijedordanas.com\/#\/schema\/person\/image\/","url":"https:\/\/secure.gravatar.com\/avatar\/1d3fc949d550f0b53a5f0d51e06dfd79?s=96&d=mm&r=g","contentUrl":"https:\/\/secure.gravatar.com\/avatar\/1d3fc949d550f0b53a5f0d51e06dfd79?s=96&d=mm&r=g","caption":"admin"},"url":"https:\/\/www.prijedordanas.com\/?author=1"}]}},"_links":{"self":[{"href":"https:\/\/www.prijedordanas.com\/index.php?rest_route=\/wp\/v2\/posts\/187310"}],"collection":[{"href":"https:\/\/www.prijedordanas.com\/index.php?rest_route=\/wp\/v2\/posts"}],"about":[{"href":"https:\/\/www.prijedordanas.com\/index.php?rest_route=\/wp\/v2\/types\/post"}],"author":[{"embeddable":true,"href":"https:\/\/www.prijedordanas.com\/index.php?rest_route=\/wp\/v2\/users\/1"}],"replies":[{"embeddable":true,"href":"https:\/\/www.prijedordanas.com\/index.php?rest_route=%2Fwp%2Fv2%2Fcomments&post=187310"}],"version-history":[{"count":1,"href":"https:\/\/www.prijedordanas.com\/index.php?rest_route=\/wp\/v2\/posts\/187310\/revisions"}],"predecessor-version":[{"id":187311,"href":"https:\/\/www.prijedordanas.com\/index.php?rest_route=\/wp\/v2\/posts\/187310\/revisions\/187311"}],"wp:attachment":[{"href":"https:\/\/www.prijedordanas.com\/index.php?rest_route=%2Fwp%2Fv2%2Fmedia&parent=187310"}],"wp:term":[{"taxonomy":"category","embeddable":true,"href":"https:\/\/www.prijedordanas.com\/index.php?rest_route=%2Fwp%2Fv2%2Fcategories&post=187310"},{"taxonomy":"post_tag","embeddable":true,"href":"https:\/\/www.prijedordanas.com\/index.php?rest_route=%2Fwp%2Fv2%2Ftags&post=187310"}],"curies":[{"name":"wp","href":"https:\/\/api.w.org\/{rel}","templated":true}]}}